{"id":380,"date":"2022-05-20T15:07:33","date_gmt":"2022-05-20T18:07:33","guid":{"rendered":"https:\/\/brasilnoticias.org\/site\/?p=380"},"modified":"2022-05-20T15:07:33","modified_gmt":"2022-05-20T18:07:33","slug":"medico-suspeito-de-abusar-de-adolescente-sera-transferido-para-presidio","status":"publish","type":"post","link":"https:\/\/brasilnoticias.org\/site\/medico-suspeito-de-abusar-de-adolescente-sera-transferido-para-presidio\/","title":{"rendered":"M\u00c9DICO SUSPEITO DE ABUSAR DE ADOLESCENTE SER\u00c1 TRANSFERIDO PARA PRES\u00cdDIO"},"content":{"rendered":"<p>O m\u00e9dico suspeito de abusar de uma adolescente de 13 anos ser\u00e1 transferido para pres\u00eddio, ap\u00f3s audi\u00eancia de cust\u00f3dia realizada nesta sexta-feira (20). J\u00e1 a jovem de 18 anos foi liberada, mas usar\u00e1 tornozeleira eletr\u00f4nica.<\/p>\n<div><a href=\"https:\/\/www.bnews.com.br\/noticias\/policia\/medico-e-flagrado-abusando-de-adolescente-na-avenida-lucaia.html\" target=\"_blank\" rel=\"noopener\">Everton de Jesus Rodrigues, de 38 anos, foi preso em flagrante<\/a>, na noite de quarta-feira (19), ap\u00f3s ser pego por policiais abusando da adolescente em um carro, na Avenida Lucaia, em Salvador.De acordo com a Pol\u00edcia Civil, agentes da Delegacia de Repress\u00e3o a Furtos e Roubos de Ve\u00edculos (DRFRV) estavam fazendo rondas quando escutaram o alarme de uma loja disparar. Ao entrarem no estacionamento do estabelecimento comercial, eles encontraram o m\u00e9dico, a adolescente e uma mulher de 18 anos.<\/p>\n<\/div>\n<div><\/div>\n<div>De acordo com o delegado Thiago Almeida, o\u00a0<a href=\"https:\/\/www.bnews.com.br\/noticias\/policia\/medico-nega-que-abusou-de-menor-e-diz-que-foi-constrangido-por-policiais.html\" target=\"_blank\" rel=\"noopener\">m\u00e9dico negou que tivesse abusado da garota<\/a>\u00a0e que, na verdade, estava tendo um encontro com a jovem de 18, com quem mantinha um relacionamento. Ele disse tamb\u00e9m que n\u00e3o sabia que a adolescente era menor de idade.<\/div>\n<div><\/div>\n<div>A vers\u00e3o do relacionamento foi confirmada pela jovem que relatou a policiais que recebia R$ 600 para ter encontros com o homem. Ela e a adolescente n\u00e3o t\u00eam parentesco, mas moram no mesmo bairro.<\/div>\n<div><\/div>\n<div><\/div>\n<div>Bnews<\/div>\n","protected":false},"excerpt":{"rendered":"<p>O m\u00e9dico suspeito de abusar de uma adolescente de 13 anos ser\u00e1 transferido para pres\u00eddio, ap\u00f3s audi\u00eancia de cust\u00f3dia realizada<\/p>\n","protected":false},"author":2,"featured_media":382,"comment_status":"open","ping_status":"open","sticky":false,"template":"","format":"standard","meta":{"colormag_page_container_layout":"default_layout","colormag_page_sidebar_layout":"default_layout","_FSMCFIC_featured_image_caption":"","_FSMCFIC_featured_image_nocaption":"","_FSMCFIC_featured_image_hide":"","footnotes":""},"categories":[3,1],"tags":[],"class_list":["post-380","post","type-post","status-publish","format-standard","has-post-thumbnail","hentry","category-policia","category-ultimas"],"yoast_head":"<!-- This site is optimized with the Yoast SEO plugin v27.1.1 - https:\/\/yoast.com\/product\/yoast-seo-wordpress\/ -->\n<title>M\u00c9DICO SUSPEITO DE ABUSAR DE ADOLESCENTE SER\u00c1 TRANSFERIDO PARA PRES\u00cdDIO - Brasil not\u00edcias<\/title>\n<meta name=\"robots\" content=\"index, follow, max-snippet:-1, max-image-preview:large, max-video-preview:-1\" \/>\n<link rel=\"canonical\" href=\"https:\/\/brasilnoticias.org\/site\/medico-suspeito-de-abusar-de-adolescente-sera-transferido-para-presidio\/\" \/>\n<meta property=\"og:locale\" content=\"pt_PT\" \/>\n<meta property=\"og:type\" content=\"article\" \/>\n<meta property=\"og:title\" content=\"M\u00c9DICO SUSPEITO DE ABUSAR DE ADOLESCENTE SER\u00c1 TRANSFERIDO PARA PRES\u00cdDIO - Brasil not\u00edcias\" \/>\n<meta property=\"og:description\" content=\"O m\u00e9dico suspeito de abusar de uma adolescente de 13 anos ser\u00e1 transferido para pres\u00eddio, ap\u00f3s audi\u00eancia de cust\u00f3dia realizada\" \/>\n<meta property=\"og:url\" content=\"https:\/\/brasilnoticias.org\/site\/medico-suspeito-de-abusar-de-adolescente-sera-transferido-para-presidio\/\" \/>\n<meta property=\"og:site_name\" content=\"Brasil not\u00edcias\" \/>\n<meta property=\"article:published_time\" content=\"2022-05-20T18:07:33+00:00\" \/>\n<meta property=\"og:image\" content=\"https:\/\/brasilnoticias.org\/site\/wp-content\/uploads\/2022\/05\/medico_widelg.jpg\" \/>\n\t<meta property=\"og:image:width\" content=\"800\" \/>\n\t<meta property=\"og:image:height\" content=\"450\" \/>\n\t<meta property=\"og:image:type\" content=\"image\/jpeg\" \/>\n<meta name=\"author\" content=\"Reda\u00e7\u00e3o\" \/>\n<meta name=\"twitter:card\" content=\"summary_large_image\" \/>\n<meta name=\"twitter:label1\" content=\"Escrito por\" \/>\n\t<meta name=\"twitter:data1\" content=\"Reda\u00e7\u00e3o\" \/>\n\t<meta name=\"twitter:label2\" content=\"Tempo estimado de leitura\" \/>\n\t<meta name=\"twitter:data2\" content=\"1 minuto\" \/>\n<script type=\"application\/ld+json\" class=\"yoast-schema-graph\">{\"@context\":\"https:\/\/schema.org\",\"@graph\":[{\"@type\":\"Article\",\"@id\":\"https:\/\/brasilnoticias.org\/site\/medico-suspeito-de-abusar-de-adolescente-sera-transferido-para-presidio\/#article\",\"isPartOf\":{\"@id\":\"https:\/\/brasilnoticias.org\/site\/medico-suspeito-de-abusar-de-adolescente-sera-transferido-para-presidio\/\"},\"author\":{\"name\":\"Reda\u00e7\u00e3o\",\"@id\":\"https:\/\/brasilnoticias.org\/site\/#\/schema\/person\/f609fa847b5314f1c8b983342f34c798\"},\"headline\":\"M\u00c9DICO SUSPEITO DE ABUSAR DE ADOLESCENTE SER\u00c1 TRANSFERIDO PARA PRES\u00cdDIO\",\"datePublished\":\"2022-05-20T18:07:33+00:00\",\"mainEntityOfPage\":{\"@id\":\"https:\/\/brasilnoticias.org\/site\/medico-suspeito-de-abusar-de-adolescente-sera-transferido-para-presidio\/\"},\"wordCount\":217,\"commentCount\":0,\"publisher\":{\"@id\":\"https:\/\/brasilnoticias.org\/site\/#organization\"},\"image\":{\"@id\":\"https:\/\/brasilnoticias.org\/site\/medico-suspeito-de-abusar-de-adolescente-sera-transferido-para-presidio\/#primaryimage\"},\"thumbnailUrl\":\"https:\/\/brasilnoticias.org\/site\/wp-content\/uploads\/2022\/05\/medico_widelg.jpg\",\"articleSection\":[\"Pol\u00edcia\",\"\u00daltimas\"],\"inLanguage\":\"pt-PT\",\"potentialAction\":[{\"@type\":\"CommentAction\",\"name\":\"Comment\",\"target\":[\"https:\/\/brasilnoticias.org\/site\/medico-suspeito-de-abusar-de-adolescente-sera-transferido-para-presidio\/#respond\"]}]},{\"@type\":\"WebPage\",\"@id\":\"https:\/\/brasilnoticias.org\/site\/medico-suspeito-de-abusar-de-adolescente-sera-transferido-para-presidio\/\",\"url\":\"https:\/\/brasilnoticias.org\/site\/medico-suspeito-de-abusar-de-adolescente-sera-transferido-para-presidio\/\",\"name\":\"M\u00c9DICO SUSPEITO DE ABUSAR DE ADOLESCENTE SER\u00c1 TRANSFERIDO PARA PRES\u00cdDIO - Brasil not\u00edcias\",\"isPartOf\":{\"@id\":\"https:\/\/brasilnoticias.org\/site\/#website\"},\"primaryImageOfPage\":{\"@id\":\"https:\/\/brasilnoticias.org\/site\/medico-suspeito-de-abusar-de-adolescente-sera-transferido-para-presidio\/#primaryimage\"},\"image\":{\"@id\":\"https:\/\/brasilnoticias.org\/site\/medico-suspeito-de-abusar-de-adolescente-sera-transferido-para-presidio\/#primaryimage\"},\"thumbnailUrl\":\"https:\/\/brasilnoticias.org\/site\/wp-content\/uploads\/2022\/05\/medico_widelg.jpg\",\"datePublished\":\"2022-05-20T18:07:33+00:00\",\"breadcrumb\":{\"@id\":\"https:\/\/brasilnoticias.org\/site\/medico-suspeito-de-abusar-de-adolescente-sera-transferido-para-presidio\/#breadcrumb\"},\"inLanguage\":\"pt-PT\",\"potentialAction\":[{\"@type\":\"ReadAction\",\"target\":[\"https:\/\/brasilnoticias.org\/site\/medico-suspeito-de-abusar-de-adolescente-sera-transferido-para-presidio\/\"]}]},{\"@type\":\"ImageObject\",\"inLanguage\":\"pt-PT\",\"@id\":\"https:\/\/brasilnoticias.org\/site\/medico-suspeito-de-abusar-de-adolescente-sera-transferido-para-presidio\/#primaryimage\",\"url\":\"https:\/\/brasilnoticias.org\/site\/wp-content\/uploads\/2022\/05\/medico_widelg.jpg\",\"contentUrl\":\"https:\/\/brasilnoticias.org\/site\/wp-content\/uploads\/2022\/05\/medico_widelg.jpg\",\"width\":800,\"height\":450},{\"@type\":\"BreadcrumbList\",\"@id\":\"https:\/\/brasilnoticias.org\/site\/medico-suspeito-de-abusar-de-adolescente-sera-transferido-para-presidio\/#breadcrumb\",\"itemListElement\":[{\"@type\":\"ListItem\",\"position\":1,\"name\":\"In\u00edcio\",\"item\":\"https:\/\/brasilnoticias.org\/site\/\"},{\"@type\":\"ListItem\",\"position\":2,\"name\":\"M\u00c9DICO SUSPEITO DE ABUSAR DE ADOLESCENTE SER\u00c1 TRANSFERIDO PARA PRES\u00cdDIO\"}]},{\"@type\":\"WebSite\",\"@id\":\"https:\/\/brasilnoticias.org\/site\/#website\",\"url\":\"https:\/\/brasilnoticias.org\/site\/\",\"name\":\"Brasil not\u00edcias\",\"description\":\"Brasil not\u00edcias\",\"publisher\":{\"@id\":\"https:\/\/brasilnoticias.org\/site\/#organization\"},\"potentialAction\":[{\"@type\":\"SearchAction\",\"target\":{\"@type\":\"EntryPoint\",\"urlTemplate\":\"https:\/\/brasilnoticias.org\/site\/?s={search_term_string}\"},\"query-input\":{\"@type\":\"PropertyValueSpecification\",\"valueRequired\":true,\"valueName\":\"search_term_string\"}}],\"inLanguage\":\"pt-PT\"},{\"@type\":\"Organization\",\"@id\":\"https:\/\/brasilnoticias.org\/site\/#organization\",\"name\":\"Brasil not\u00edcias\",\"url\":\"https:\/\/brasilnoticias.org\/site\/\",\"logo\":{\"@type\":\"ImageObject\",\"inLanguage\":\"pt-PT\",\"@id\":\"https:\/\/brasilnoticias.org\/site\/#\/schema\/logo\/image\/\",\"url\":\"https:\/\/brasilnoticias.org\/site\/wp-content\/uploads\/2022\/05\/cropped-brasilnoticias-mini.jpg\",\"contentUrl\":\"https:\/\/brasilnoticias.org\/site\/wp-content\/uploads\/2022\/05\/cropped-brasilnoticias-mini.jpg\",\"width\":314,\"height\":86,\"caption\":\"Brasil not\u00edcias\"},\"image\":{\"@id\":\"https:\/\/brasilnoticias.org\/site\/#\/schema\/logo\/image\/\"}},{\"@type\":\"Person\",\"@id\":\"https:\/\/brasilnoticias.org\/site\/#\/schema\/person\/f609fa847b5314f1c8b983342f34c798\",\"name\":\"Reda\u00e7\u00e3o\",\"image\":{\"@type\":\"ImageObject\",\"inLanguage\":\"pt-PT\",\"@id\":\"https:\/\/brasilnoticias.org\/site\/#\/schema\/person\/image\/\",\"url\":\"https:\/\/secure.gravatar.com\/avatar\/447284c06c1ad8b46465a36de9cd0d8326b73387a22799b8b1ffb1fbcff2ed0c?s=96&d=mm&r=g\",\"contentUrl\":\"https:\/\/secure.gravatar.com\/avatar\/447284c06c1ad8b46465a36de9cd0d8326b73387a22799b8b1ffb1fbcff2ed0c?s=96&d=mm&r=g\",\"caption\":\"Reda\u00e7\u00e3o\"},\"url\":\"https:\/\/brasilnoticias.org\/site\/author\/redacao\/\"}]}<\/script>\n<!-- \/ Yoast SEO plugin. -->","yoast_head_json":{"title":"M\u00c9DICO SUSPEITO DE ABUSAR DE ADOLESCENTE SER\u00c1 TRANSFERIDO PARA PRES\u00cdDIO - Brasil not\u00edcias","robots":{"index":"index","follow":"follow","max-snippet":"max-snippet:-1","max-image-preview":"max-image-preview:large","max-video-preview":"max-video-preview:-1"},"canonical":"https:\/\/brasilnoticias.org\/site\/medico-suspeito-de-abusar-de-adolescente-sera-transferido-para-presidio\/","og_locale":"pt_PT","og_type":"article","og_title":"M\u00c9DICO SUSPEITO DE ABUSAR DE ADOLESCENTE SER\u00c1 TRANSFERIDO PARA PRES\u00cdDIO - Brasil not\u00edcias","og_description":"O m\u00e9dico suspeito de abusar de uma adolescente de 13 anos ser\u00e1 transferido para pres\u00eddio, ap\u00f3s audi\u00eancia de cust\u00f3dia realizada","og_url":"https:\/\/brasilnoticias.org\/site\/medico-suspeito-de-abusar-de-adolescente-sera-transferido-para-presidio\/","og_site_name":"Brasil not\u00edcias","article_published_time":"2022-05-20T18:07:33+00:00","og_image":[{"width":800,"height":450,"url":"https:\/\/brasilnoticias.org\/site\/wp-content\/uploads\/2022\/05\/medico_widelg.jpg","type":"image\/jpeg"}],"author":"Reda\u00e7\u00e3o","twitter_card":"summary_large_image","twitter_misc":{"Escrito por":"Reda\u00e7\u00e3o","Tempo estimado de leitura":"1 minuto"},"schema":{"@context":"https:\/\/schema.org","@graph":[{"@type":"Article","@id":"https:\/\/brasilnoticias.org\/site\/medico-suspeito-de-abusar-de-adolescente-sera-transferido-para-presidio\/#article","isPartOf":{"@id":"https:\/\/brasilnoticias.org\/site\/medico-suspeito-de-abusar-de-adolescente-sera-transferido-para-presidio\/"},"author":{"name":"Reda\u00e7\u00e3o","@id":"https:\/\/brasilnoticias.org\/site\/#\/schema\/person\/f609fa847b5314f1c8b983342f34c798"},"headline":"M\u00c9DICO SUSPEITO DE ABUSAR DE ADOLESCENTE SER\u00c1 TRANSFERIDO PARA PRES\u00cdDIO","datePublished":"2022-05-20T18:07:33+00:00","mainEntityOfPage":{"@id":"https:\/\/brasilnoticias.org\/site\/medico-suspeito-de-abusar-de-adolescente-sera-transferido-para-presidio\/"},"wordCount":217,"commentCount":0,"publisher":{"@id":"https:\/\/brasilnoticias.org\/site\/#organization"},"image":{"@id":"https:\/\/brasilnoticias.org\/site\/medico-suspeito-de-abusar-de-adolescente-sera-transferido-para-presidio\/#primaryimage"},"thumbnailUrl":"https:\/\/brasilnoticias.org\/site\/wp-content\/uploads\/2022\/05\/medico_widelg.jpg","articleSection":["Pol\u00edcia","\u00daltimas"],"inLanguage":"pt-PT","potentialAction":[{"@type":"CommentAction","name":"Comment","target":["https:\/\/brasilnoticias.org\/site\/medico-suspeito-de-abusar-de-adolescente-sera-transferido-para-presidio\/#respond"]}]},{"@type":"WebPage","@id":"https:\/\/brasilnoticias.org\/site\/medico-suspeito-de-abusar-de-adolescente-sera-transferido-para-presidio\/","url":"https:\/\/brasilnoticias.org\/site\/medico-suspeito-de-abusar-de-adolescente-sera-transferido-para-presidio\/","name":"M\u00c9DICO SUSPEITO DE ABUSAR DE ADOLESCENTE SER\u00c1 TRANSFERIDO PARA PRES\u00cdDIO - Brasil not\u00edcias","isPartOf":{"@id":"https:\/\/brasilnoticias.org\/site\/#website"},"primaryImageOfPage":{"@id":"https:\/\/brasilnoticias.org\/site\/medico-suspeito-de-abusar-de-adolescente-sera-transferido-para-presidio\/#primaryimage"},"image":{"@id":"https:\/\/brasilnoticias.org\/site\/medico-suspeito-de-abusar-de-adolescente-sera-transferido-para-presidio\/#primaryimage"},"thumbnailUrl":"https:\/\/brasilnoticias.org\/site\/wp-content\/uploads\/2022\/05\/medico_widelg.jpg","datePublished":"2022-05-20T18:07:33+00:00","breadcrumb":{"@id":"https:\/\/brasilnoticias.org\/site\/medico-suspeito-de-abusar-de-adolescente-sera-transferido-para-presidio\/#breadcrumb"},"inLanguage":"pt-PT","potentialAction":[{"@type":"ReadAction","target":["https:\/\/brasilnoticias.org\/site\/medico-suspeito-de-abusar-de-adolescente-sera-transferido-para-presidio\/"]}]},{"@type":"ImageObject","inLanguage":"pt-PT","@id":"https:\/\/brasilnoticias.org\/site\/medico-suspeito-de-abusar-de-adolescente-sera-transferido-para-presidio\/#primaryimage","url":"https:\/\/brasilnoticias.org\/site\/wp-content\/uploads\/2022\/05\/medico_widelg.jpg","contentUrl":"https:\/\/brasilnoticias.org\/site\/wp-content\/uploads\/2022\/05\/medico_widelg.jpg","width":800,"height":450},{"@type":"BreadcrumbList","@id":"https:\/\/brasilnoticias.org\/site\/medico-suspeito-de-abusar-de-adolescente-sera-transferido-para-presidio\/#breadcrumb","itemListElement":[{"@type":"ListItem","position":1,"name":"In\u00edcio","item":"https:\/\/brasilnoticias.org\/site\/"},{"@type":"ListItem","position":2,"name":"M\u00c9DICO SUSPEITO DE ABUSAR DE ADOLESCENTE SER\u00c1 TRANSFERIDO PARA PRES\u00cdDIO"}]},{"@type":"WebSite","@id":"https:\/\/brasilnoticias.org\/site\/#website","url":"https:\/\/brasilnoticias.org\/site\/","name":"Brasil not\u00edcias","description":"Brasil not\u00edcias","publisher":{"@id":"https:\/\/brasilnoticias.org\/site\/#organization"},"potentialAction":[{"@type":"SearchAction","target":{"@type":"EntryPoint","urlTemplate":"https:\/\/brasilnoticias.org\/site\/?s={search_term_string}"},"query-input":{"@type":"PropertyValueSpecification","valueRequired":true,"valueName":"search_term_string"}}],"inLanguage":"pt-PT"},{"@type":"Organization","@id":"https:\/\/brasilnoticias.org\/site\/#organization","name":"Brasil not\u00edcias","url":"https:\/\/brasilnoticias.org\/site\/","logo":{"@type":"ImageObject","inLanguage":"pt-PT","@id":"https:\/\/brasilnoticias.org\/site\/#\/schema\/logo\/image\/","url":"https:\/\/brasilnoticias.org\/site\/wp-content\/uploads\/2022\/05\/cropped-brasilnoticias-mini.jpg","contentUrl":"https:\/\/brasilnoticias.org\/site\/wp-content\/uploads\/2022\/05\/cropped-brasilnoticias-mini.jpg","width":314,"height":86,"caption":"Brasil not\u00edcias"},"image":{"@id":"https:\/\/brasilnoticias.org\/site\/#\/schema\/logo\/image\/"}},{"@type":"Person","@id":"https:\/\/brasilnoticias.org\/site\/#\/schema\/person\/f609fa847b5314f1c8b983342f34c798","name":"Reda\u00e7\u00e3o","image":{"@type":"ImageObject","inLanguage":"pt-PT","@id":"https:\/\/brasilnoticias.org\/site\/#\/schema\/person\/image\/","url":"https:\/\/secure.gravatar.com\/avatar\/447284c06c1ad8b46465a36de9cd0d8326b73387a22799b8b1ffb1fbcff2ed0c?s=96&d=mm&r=g","contentUrl":"https:\/\/secure.gravatar.com\/avatar\/447284c06c1ad8b46465a36de9cd0d8326b73387a22799b8b1ffb1fbcff2ed0c?s=96&d=mm&r=g","caption":"Reda\u00e7\u00e3o"},"url":"https:\/\/brasilnoticias.org\/site\/author\/redacao\/"}]}},"_links":{"self":[{"href":"https:\/\/brasilnoticias.org\/site\/wp-json\/wp\/v2\/posts\/380","targetHints":{"allow":["GET"]}}],"collection":[{"href":"https:\/\/brasilnoticias.org\/site\/wp-json\/wp\/v2\/posts"}],"about":[{"href":"https:\/\/brasilnoticias.org\/site\/wp-json\/wp\/v2\/types\/post"}],"author":[{"embeddable":true,"href":"https:\/\/brasilnoticias.org\/site\/wp-json\/wp\/v2\/users\/2"}],"replies":[{"embeddable":true,"href":"https:\/\/brasilnoticias.org\/site\/wp-json\/wp\/v2\/comments?post=380"}],"version-history":[{"count":1,"href":"https:\/\/brasilnoticias.org\/site\/wp-json\/wp\/v2\/posts\/380\/revisions"}],"predecessor-version":[{"id":383,"href":"https:\/\/brasilnoticias.org\/site\/wp-json\/wp\/v2\/posts\/380\/revisions\/383"}],"wp:featuredmedia":[{"embeddable":true,"href":"https:\/\/brasilnoticias.org\/site\/wp-json\/wp\/v2\/media\/382"}],"wp:attachment":[{"href":"https:\/\/brasilnoticias.org\/site\/wp-json\/wp\/v2\/media?parent=380"}],"wp:term":[{"taxonomy":"category","embeddable":true,"href":"https:\/\/brasilnoticias.org\/site\/wp-json\/wp\/v2\/categories?post=380"},{"taxonomy":"post_tag","embeddable":true,"href":"https:\/\/brasilnoticias.org\/site\/wp-json\/wp\/v2\/tags?post=380"}],"curies":[{"name":"wp","href":"https:\/\/api.w.org\/{rel}","templated":true}]}}