{"id":3814,"date":"2023-02-09T08:05:09","date_gmt":"2023-02-09T11:05:09","guid":{"rendered":"https:\/\/brasilnoticias.org\/site\/?p=3814"},"modified":"2023-02-09T08:05:09","modified_gmt":"2023-02-09T11:05:09","slug":"tite-recusa-proposta-da-coreia-do-sul-e-interesse-do-equador-nao-avanca","status":"publish","type":"post","link":"https:\/\/brasilnoticias.org\/site\/tite-recusa-proposta-da-coreia-do-sul-e-interesse-do-equador-nao-avanca\/","title":{"rendered":"Tite recusa proposta da Coreia do Sul, e interesse do Equador n\u00e3o avan\u00e7a"},"content":{"rendered":"<p>Fora da sele\u00e7\u00e3o brasileira oficialmente h\u00e1 menos de um m\u00eas, Tite tem sido alvo de sele\u00e7\u00f5es que disputaram a Copa do Mundo do Qatar. O t\u00e9cnico recusou uma proposta para treinar a Coreia do Sul e despertou interesse do Equador nas \u00faltimas semanas, mas as duas conversas n\u00e3o avan\u00e7aram.<\/p>\n<p>Tite n\u00e3o deseja trabalhar no primeiro semestre de 2023. Ele tem como metas um per\u00edodo de descanso com a fam\u00edlia depois de seis anos na sele\u00e7\u00e3o brasileira e o tratamento de um problema cr\u00f4nico no joelho. Depois disso, o foco \u00e9 tentar uma oportunidade no futebol europeu.<\/p>\n<p>COREIA E EQUADOR SEM T\u00c9CNICO<\/p>\n<p>Eliminada pelo pr\u00f3prio Brasil nas oitavas de final da Copa, a sele\u00e7\u00e3o da Coreia do Sul est\u00e1 sem t\u00e9cnico desde dezembro. O portugu\u00eas Paulo Bento pediu demiss\u00e3o no dia da elimina\u00e7\u00e3o ap\u00f3s quatro anos.<\/p>\n<p>Tite foi procurado para comandar a Coreia do Sul nas Eliminat\u00f3rias Asi\u00e1ticas para a Copa do Mundo de 2026 e na Copa Asi\u00e1tica entre junho e julho deste ano. A sele\u00e7\u00e3o n\u00e3o vence o torneio local h\u00e1 mais de 60 anos. O empres\u00e1rio de Tite, Gilmar Veloz, recebeu a oferta para um contrato de quatro anos de dura\u00e7\u00e3o. O t\u00e9cnico agradeceu, mas decidiu n\u00e3o aceitar.<\/p>\n<p>J\u00e1 a sele\u00e7\u00e3o do Equador caiu ainda na primeira fase da Copa do Mundo, no grupo em que se classificaram Holanda e Senegal. \u00c0 frente da equipe desde 2020, com o quarto lugar conquistado nas Eliminat\u00f3rias, o t\u00e9cnico argentino Gustavo Alfaro foi demitido do cargo ap\u00f3s a Copa. Curiosamente, Alfaro \u00e9 amigo e admirador de Tite.<\/p>\n<p>O Equador buscou informa\u00e7\u00f5es no mercado sobre Tite, como sal\u00e1rio e forma\u00e7\u00e3o de comiss\u00e3o t\u00e9cnica. A ideia tamb\u00e9m era de quatro anos de contrato com foco na Copa do Mundo de 2026, mas a urg\u00eancia da resposta para come\u00e7ar o trabalho j\u00e1 em mar\u00e7o e os n\u00fameros envolvidos na opera\u00e7\u00e3o esfriaram a possibilidade.<\/p>\n<p>TITE TEM VONTADE DE TRABALHAR NA EUROPA<\/p>\n<p>Para pessoas pr\u00f3ximas, Tite diz h\u00e1 tempos que depois da sele\u00e7\u00e3o brasileira queria trabalhar no futebol europeu. O desejo era independente do que acontecesse na Copa do Mundo, pois a decis\u00e3o de que ele n\u00e3o seguiria como funcion\u00e1rio da CBF estava tomada desde a virada de 2021 para 2022.<\/p>\n<p>A prefer\u00eancia do treinador \u00e9 Espanha, It\u00e1lia e Portugal, pa\u00edses em que ele domina o idioma e n\u00e3o teria problema de comunica\u00e7\u00e3o. O prazo de n\u00e3o trabalhar at\u00e9 o meio do ano tamb\u00e9m tem a ver com isso, j\u00e1 que \u00e9 quando acaba a temporada europeia de futebol e os clubes v\u00e3o ao mercado buscar treinadores e novos atletas. Trabalhar no futebol brasileiro no segundo semestre n\u00e3o \u00e9 algo descartado, mas tamb\u00e9m n\u00e3o \u00e9 o plano A.<\/p>\n<p>Apesar do racioc\u00ednio sobre a abertura de mercado na Europa, a prioridade de Tite \u00e9 o per\u00edodo sab\u00e1tico. O t\u00e9cnico est\u00e1 descansando e tirando um tempo longe do futebol com a fam\u00edlia. Nos \u00faltimos anos, ele chefiou uma comiss\u00e3o t\u00e9cnica que dava expediente de segunda a sexta-feira na CBF, estabeleceu uma rotina de avalia\u00e7\u00f5es \u00e0 dist\u00e2ncia e observa\u00e7\u00f5es presenciais.<\/p>\n<p>Outro foco de Tite \u00e9 se recuperar de uma artrose no joelho. Ele se aposentou dos gramados como jogador aos 28 anos depois de seguidas opera\u00e7\u00f5es no joelho, que apresentam um problema cr\u00f4nico. Quando h\u00e1 sobrecarga, especialmente se o treinador ganha peso, h\u00e1 dor e movimentos debilitados. O m\u00e9dico da fam\u00edlia deseja aproveitar a pausa na carreira para indicar uma cirurgia de coloca\u00e7\u00e3o de pr\u00f3tese no joelho. Tite tem 61 anos.<\/p>\n<p>Not\u00edcias ao minuto<br \/>\nFoto Getty Images<\/p>\n","protected":false},"excerpt":{"rendered":"<p>Fora da sele\u00e7\u00e3o brasileira oficialmente h\u00e1 menos de um m\u00eas, Tite tem sido alvo de sele\u00e7\u00f5es que disputaram a Copa<\/p>\n","protected":false},"author":1,"featured_media":3815,"comment_status":"open","ping_status":"open","sticky":false,"template":"","format":"standard","meta":{"colormag_page_container_layout":"default_layout","colormag_page_sidebar_layout":"default_layout","_FSMCFIC_featured_image_caption":"","_FSMCFIC_featured_image_nocaption":"","_FSMCFIC_featured_image_hide":"","footnotes":""},"categories":[4,1],"tags":[],"class_list":["post-3814","post","type-post","status-publish","format-standard","has-post-thumbnail","hentry","category-esporte","category-ultimas"],"yoast_head":"<!-- This site is optimized with the Yoast SEO plugin v27.1.1 - https:\/\/yoast.com\/product\/yoast-seo-wordpress\/ -->\n<title>Tite recusa proposta da Coreia do Sul, e interesse do Equador n\u00e3o avan\u00e7a - Brasil not\u00edcias<\/title>\n<meta name=\"robots\" content=\"index, follow, max-snippet:-1, max-image-preview:large, max-video-preview:-1\" \/>\n<link rel=\"canonical\" href=\"https:\/\/brasilnoticias.org\/site\/tite-recusa-proposta-da-coreia-do-sul-e-interesse-do-equador-nao-avanca\/\" \/>\n<meta property=\"og:locale\" content=\"pt_PT\" \/>\n<meta property=\"og:type\" content=\"article\" \/>\n<meta property=\"og:title\" content=\"Tite recusa proposta da Coreia do Sul, e interesse do Equador n\u00e3o avan\u00e7a - Brasil not\u00edcias\" \/>\n<meta property=\"og:description\" content=\"Fora da sele\u00e7\u00e3o brasileira oficialmente h\u00e1 menos de um m\u00eas, Tite tem sido alvo de sele\u00e7\u00f5es que disputaram a Copa\" \/>\n<meta property=\"og:url\" content=\"https:\/\/brasilnoticias.org\/site\/tite-recusa-proposta-da-coreia-do-sul-e-interesse-do-equador-nao-avanca\/\" \/>\n<meta property=\"og:site_name\" content=\"Brasil not\u00edcias\" \/>\n<meta property=\"article:published_time\" content=\"2023-02-09T11:05:09+00:00\" \/>\n<meta property=\"og:image\" content=\"https:\/\/brasilnoticias.org\/site\/wp-content\/uploads\/2023\/02\/naom_639095e4e6b7c.jpg\" \/>\n\t<meta property=\"og:image:width\" content=\"960\" \/>\n\t<meta property=\"og:image:height\" content=\"540\" \/>\n\t<meta property=\"og:image:type\" content=\"image\/jpeg\" \/>\n<meta name=\"author\" content=\"Reda\u00e7\u00e3o\" \/>\n<meta name=\"twitter:card\" content=\"summary_large_image\" \/>\n<meta name=\"twitter:label1\" content=\"Escrito por\" \/>\n\t<meta name=\"twitter:data1\" content=\"Reda\u00e7\u00e3o\" \/>\n\t<meta name=\"twitter:label2\" content=\"Tempo estimado de leitura\" \/>\n\t<meta name=\"twitter:data2\" content=\"3 minutos\" \/>\n<script type=\"application\/ld+json\" class=\"yoast-schema-graph\">{\"@context\":\"https:\/\/schema.org\",\"@graph\":[{\"@type\":\"Article\",\"@id\":\"https:\/\/brasilnoticias.org\/site\/tite-recusa-proposta-da-coreia-do-sul-e-interesse-do-equador-nao-avanca\/#article\",\"isPartOf\":{\"@id\":\"https:\/\/brasilnoticias.org\/site\/tite-recusa-proposta-da-coreia-do-sul-e-interesse-do-equador-nao-avanca\/\"},\"author\":{\"name\":\"Reda\u00e7\u00e3o\",\"@id\":\"https:\/\/brasilnoticias.org\/site\/#\/schema\/person\/a0e05b973ec4d15c658d51911e53507b\"},\"headline\":\"Tite recusa proposta da Coreia do Sul, e interesse do Equador n\u00e3o avan\u00e7a\",\"datePublished\":\"2023-02-09T11:05:09+00:00\",\"mainEntityOfPage\":{\"@id\":\"https:\/\/brasilnoticias.org\/site\/tite-recusa-proposta-da-coreia-do-sul-e-interesse-do-equador-nao-avanca\/\"},\"wordCount\":650,\"commentCount\":0,\"publisher\":{\"@id\":\"https:\/\/brasilnoticias.org\/site\/#organization\"},\"image\":{\"@id\":\"https:\/\/brasilnoticias.org\/site\/tite-recusa-proposta-da-coreia-do-sul-e-interesse-do-equador-nao-avanca\/#primaryimage\"},\"thumbnailUrl\":\"https:\/\/brasilnoticias.org\/site\/wp-content\/uploads\/2023\/02\/naom_639095e4e6b7c.jpg\",\"articleSection\":[\"Esporte\",\"\u00daltimas\"],\"inLanguage\":\"pt-PT\",\"potentialAction\":[{\"@type\":\"CommentAction\",\"name\":\"Comment\",\"target\":[\"https:\/\/brasilnoticias.org\/site\/tite-recusa-proposta-da-coreia-do-sul-e-interesse-do-equador-nao-avanca\/#respond\"]}]},{\"@type\":\"WebPage\",\"@id\":\"https:\/\/brasilnoticias.org\/site\/tite-recusa-proposta-da-coreia-do-sul-e-interesse-do-equador-nao-avanca\/\",\"url\":\"https:\/\/brasilnoticias.org\/site\/tite-recusa-proposta-da-coreia-do-sul-e-interesse-do-equador-nao-avanca\/\",\"name\":\"Tite recusa proposta da Coreia do Sul, e interesse do Equador n\u00e3o avan\u00e7a - Brasil not\u00edcias\",\"isPartOf\":{\"@id\":\"https:\/\/brasilnoticias.org\/site\/#website\"},\"primaryImageOfPage\":{\"@id\":\"https:\/\/brasilnoticias.org\/site\/tite-recusa-proposta-da-coreia-do-sul-e-interesse-do-equador-nao-avanca\/#primaryimage\"},\"image\":{\"@id\":\"https:\/\/brasilnoticias.org\/site\/tite-recusa-proposta-da-coreia-do-sul-e-interesse-do-equador-nao-avanca\/#primaryimage\"},\"thumbnailUrl\":\"https:\/\/brasilnoticias.org\/site\/wp-content\/uploads\/2023\/02\/naom_639095e4e6b7c.jpg\",\"datePublished\":\"2023-02-09T11:05:09+00:00\",\"breadcrumb\":{\"@id\":\"https:\/\/brasilnoticias.org\/site\/tite-recusa-proposta-da-coreia-do-sul-e-interesse-do-equador-nao-avanca\/#breadcrumb\"},\"inLanguage\":\"pt-PT\",\"potentialAction\":[{\"@type\":\"ReadAction\",\"target\":[\"https:\/\/brasilnoticias.org\/site\/tite-recusa-proposta-da-coreia-do-sul-e-interesse-do-equador-nao-avanca\/\"]}]},{\"@type\":\"ImageObject\",\"inLanguage\":\"pt-PT\",\"@id\":\"https:\/\/brasilnoticias.org\/site\/tite-recusa-proposta-da-coreia-do-sul-e-interesse-do-equador-nao-avanca\/#primaryimage\",\"url\":\"https:\/\/brasilnoticias.org\/site\/wp-content\/uploads\/2023\/02\/naom_639095e4e6b7c.jpg\",\"contentUrl\":\"https:\/\/brasilnoticias.org\/site\/wp-content\/uploads\/2023\/02\/naom_639095e4e6b7c.jpg\",\"width\":960,\"height\":540},{\"@type\":\"BreadcrumbList\",\"@id\":\"https:\/\/brasilnoticias.org\/site\/tite-recusa-proposta-da-coreia-do-sul-e-interesse-do-equador-nao-avanca\/#breadcrumb\",\"itemListElement\":[{\"@type\":\"ListItem\",\"position\":1,\"name\":\"In\u00edcio\",\"item\":\"https:\/\/brasilnoticias.org\/site\/\"},{\"@type\":\"ListItem\",\"position\":2,\"name\":\"Tite recusa proposta da Coreia do Sul, e interesse do Equador n\u00e3o avan\u00e7a\"}]},{\"@type\":\"WebSite\",\"@id\":\"https:\/\/brasilnoticias.org\/site\/#website\",\"url\":\"https:\/\/brasilnoticias.org\/site\/\",\"name\":\"Brasil not\u00edcias\",\"description\":\"Brasil not\u00edcias\",\"publisher\":{\"@id\":\"https:\/\/brasilnoticias.org\/site\/#organization\"},\"potentialAction\":[{\"@type\":\"SearchAction\",\"target\":{\"@type\":\"EntryPoint\",\"urlTemplate\":\"https:\/\/brasilnoticias.org\/site\/?s={search_term_string}\"},\"query-input\":{\"@type\":\"PropertyValueSpecification\",\"valueRequired\":true,\"valueName\":\"search_term_string\"}}],\"inLanguage\":\"pt-PT\"},{\"@type\":\"Organization\",\"@id\":\"https:\/\/brasilnoticias.org\/site\/#organization\",\"name\":\"Brasil not\u00edcias\",\"url\":\"https:\/\/brasilnoticias.org\/site\/\",\"logo\":{\"@type\":\"ImageObject\",\"inLanguage\":\"pt-PT\",\"@id\":\"https:\/\/brasilnoticias.org\/site\/#\/schema\/logo\/image\/\",\"url\":\"https:\/\/brasilnoticias.org\/site\/wp-content\/uploads\/2022\/05\/cropped-brasilnoticias-mini.jpg\",\"contentUrl\":\"https:\/\/brasilnoticias.org\/site\/wp-content\/uploads\/2022\/05\/cropped-brasilnoticias-mini.jpg\",\"width\":314,\"height\":86,\"caption\":\"Brasil not\u00edcias\"},\"image\":{\"@id\":\"https:\/\/brasilnoticias.org\/site\/#\/schema\/logo\/image\/\"}},{\"@type\":\"Person\",\"@id\":\"https:\/\/brasilnoticias.org\/site\/#\/schema\/person\/a0e05b973ec4d15c658d51911e53507b\",\"name\":\"Reda\u00e7\u00e3o\",\"image\":{\"@type\":\"ImageObject\",\"inLanguage\":\"pt-PT\",\"@id\":\"https:\/\/brasilnoticias.org\/site\/#\/schema\/person\/image\/\",\"url\":\"https:\/\/secure.gravatar.com\/avatar\/75d8b050df2de108b08ae78dfb8e374892df24a383c67db9c46a9c604f6aee9c?s=96&d=mm&r=g\",\"contentUrl\":\"https:\/\/secure.gravatar.com\/avatar\/75d8b050df2de108b08ae78dfb8e374892df24a383c67db9c46a9c604f6aee9c?s=96&d=mm&r=g\",\"caption\":\"Reda\u00e7\u00e3o\"},\"sameAs\":[\"https:\/\/brasilnoticias.org\/site\"],\"url\":\"https:\/\/brasilnoticias.org\/site\/author\/fernandozsngmail-com\/\"}]}<\/script>\n<!-- \/ Yoast SEO plugin. -->","yoast_head_json":{"title":"Tite recusa proposta da Coreia do Sul, e interesse do Equador n\u00e3o avan\u00e7a - Brasil not\u00edcias","robots":{"index":"index","follow":"follow","max-snippet":"max-snippet:-1","max-image-preview":"max-image-preview:large","max-video-preview":"max-video-preview:-1"},"canonical":"https:\/\/brasilnoticias.org\/site\/tite-recusa-proposta-da-coreia-do-sul-e-interesse-do-equador-nao-avanca\/","og_locale":"pt_PT","og_type":"article","og_title":"Tite recusa proposta da Coreia do Sul, e interesse do Equador n\u00e3o avan\u00e7a - Brasil not\u00edcias","og_description":"Fora da sele\u00e7\u00e3o brasileira oficialmente h\u00e1 menos de um m\u00eas, Tite tem sido alvo de sele\u00e7\u00f5es que disputaram a Copa","og_url":"https:\/\/brasilnoticias.org\/site\/tite-recusa-proposta-da-coreia-do-sul-e-interesse-do-equador-nao-avanca\/","og_site_name":"Brasil not\u00edcias","article_published_time":"2023-02-09T11:05:09+00:00","og_image":[{"width":960,"height":540,"url":"https:\/\/brasilnoticias.org\/site\/wp-content\/uploads\/2023\/02\/naom_639095e4e6b7c.jpg","type":"image\/jpeg"}],"author":"Reda\u00e7\u00e3o","twitter_card":"summary_large_image","twitter_misc":{"Escrito por":"Reda\u00e7\u00e3o","Tempo estimado de leitura":"3 minutos"},"schema":{"@context":"https:\/\/schema.org","@graph":[{"@type":"Article","@id":"https:\/\/brasilnoticias.org\/site\/tite-recusa-proposta-da-coreia-do-sul-e-interesse-do-equador-nao-avanca\/#article","isPartOf":{"@id":"https:\/\/brasilnoticias.org\/site\/tite-recusa-proposta-da-coreia-do-sul-e-interesse-do-equador-nao-avanca\/"},"author":{"name":"Reda\u00e7\u00e3o","@id":"https:\/\/brasilnoticias.org\/site\/#\/schema\/person\/a0e05b973ec4d15c658d51911e53507b"},"headline":"Tite recusa proposta da Coreia do Sul, e interesse do Equador n\u00e3o avan\u00e7a","datePublished":"2023-02-09T11:05:09+00:00","mainEntityOfPage":{"@id":"https:\/\/brasilnoticias.org\/site\/tite-recusa-proposta-da-coreia-do-sul-e-interesse-do-equador-nao-avanca\/"},"wordCount":650,"commentCount":0,"publisher":{"@id":"https:\/\/brasilnoticias.org\/site\/#organization"},"image":{"@id":"https:\/\/brasilnoticias.org\/site\/tite-recusa-proposta-da-coreia-do-sul-e-interesse-do-equador-nao-avanca\/#primaryimage"},"thumbnailUrl":"https:\/\/brasilnoticias.org\/site\/wp-content\/uploads\/2023\/02\/naom_639095e4e6b7c.jpg","articleSection":["Esporte","\u00daltimas"],"inLanguage":"pt-PT","potentialAction":[{"@type":"CommentAction","name":"Comment","target":["https:\/\/brasilnoticias.org\/site\/tite-recusa-proposta-da-coreia-do-sul-e-interesse-do-equador-nao-avanca\/#respond"]}]},{"@type":"WebPage","@id":"https:\/\/brasilnoticias.org\/site\/tite-recusa-proposta-da-coreia-do-sul-e-interesse-do-equador-nao-avanca\/","url":"https:\/\/brasilnoticias.org\/site\/tite-recusa-proposta-da-coreia-do-sul-e-interesse-do-equador-nao-avanca\/","name":"Tite recusa proposta da Coreia do Sul, e interesse do Equador n\u00e3o avan\u00e7a - Brasil not\u00edcias","isPartOf":{"@id":"https:\/\/brasilnoticias.org\/site\/#website"},"primaryImageOfPage":{"@id":"https:\/\/brasilnoticias.org\/site\/tite-recusa-proposta-da-coreia-do-sul-e-interesse-do-equador-nao-avanca\/#primaryimage"},"image":{"@id":"https:\/\/brasilnoticias.org\/site\/tite-recusa-proposta-da-coreia-do-sul-e-interesse-do-equador-nao-avanca\/#primaryimage"},"thumbnailUrl":"https:\/\/brasilnoticias.org\/site\/wp-content\/uploads\/2023\/02\/naom_639095e4e6b7c.jpg","datePublished":"2023-02-09T11:05:09+00:00","breadcrumb":{"@id":"https:\/\/brasilnoticias.org\/site\/tite-recusa-proposta-da-coreia-do-sul-e-interesse-do-equador-nao-avanca\/#breadcrumb"},"inLanguage":"pt-PT","potentialAction":[{"@type":"ReadAction","target":["https:\/\/brasilnoticias.org\/site\/tite-recusa-proposta-da-coreia-do-sul-e-interesse-do-equador-nao-avanca\/"]}]},{"@type":"ImageObject","inLanguage":"pt-PT","@id":"https:\/\/brasilnoticias.org\/site\/tite-recusa-proposta-da-coreia-do-sul-e-interesse-do-equador-nao-avanca\/#primaryimage","url":"https:\/\/brasilnoticias.org\/site\/wp-content\/uploads\/2023\/02\/naom_639095e4e6b7c.jpg","contentUrl":"https:\/\/brasilnoticias.org\/site\/wp-content\/uploads\/2023\/02\/naom_639095e4e6b7c.jpg","width":960,"height":540},{"@type":"BreadcrumbList","@id":"https:\/\/brasilnoticias.org\/site\/tite-recusa-proposta-da-coreia-do-sul-e-interesse-do-equador-nao-avanca\/#breadcrumb","itemListElement":[{"@type":"ListItem","position":1,"name":"In\u00edcio","item":"https:\/\/brasilnoticias.org\/site\/"},{"@type":"ListItem","position":2,"name":"Tite recusa proposta da Coreia do Sul, e interesse do Equador n\u00e3o avan\u00e7a"}]},{"@type":"WebSite","@id":"https:\/\/brasilnoticias.org\/site\/#website","url":"https:\/\/brasilnoticias.org\/site\/","name":"Brasil not\u00edcias","description":"Brasil not\u00edcias","publisher":{"@id":"https:\/\/brasilnoticias.org\/site\/#organization"},"potentialAction":[{"@type":"SearchAction","target":{"@type":"EntryPoint","urlTemplate":"https:\/\/brasilnoticias.org\/site\/?s={search_term_string}"},"query-input":{"@type":"PropertyValueSpecification","valueRequired":true,"valueName":"search_term_string"}}],"inLanguage":"pt-PT"},{"@type":"Organization","@id":"https:\/\/brasilnoticias.org\/site\/#organization","name":"Brasil not\u00edcias","url":"https:\/\/brasilnoticias.org\/site\/","logo":{"@type":"ImageObject","inLanguage":"pt-PT","@id":"https:\/\/brasilnoticias.org\/site\/#\/schema\/logo\/image\/","url":"https:\/\/brasilnoticias.org\/site\/wp-content\/uploads\/2022\/05\/cropped-brasilnoticias-mini.jpg","contentUrl":"https:\/\/brasilnoticias.org\/site\/wp-content\/uploads\/2022\/05\/cropped-brasilnoticias-mini.jpg","width":314,"height":86,"caption":"Brasil not\u00edcias"},"image":{"@id":"https:\/\/brasilnoticias.org\/site\/#\/schema\/logo\/image\/"}},{"@type":"Person","@id":"https:\/\/brasilnoticias.org\/site\/#\/schema\/person\/a0e05b973ec4d15c658d51911e53507b","name":"Reda\u00e7\u00e3o","image":{"@type":"ImageObject","inLanguage":"pt-PT","@id":"https:\/\/brasilnoticias.org\/site\/#\/schema\/person\/image\/","url":"https:\/\/secure.gravatar.com\/avatar\/75d8b050df2de108b08ae78dfb8e374892df24a383c67db9c46a9c604f6aee9c?s=96&d=mm&r=g","contentUrl":"https:\/\/secure.gravatar.com\/avatar\/75d8b050df2de108b08ae78dfb8e374892df24a383c67db9c46a9c604f6aee9c?s=96&d=mm&r=g","caption":"Reda\u00e7\u00e3o"},"sameAs":["https:\/\/brasilnoticias.org\/site"],"url":"https:\/\/brasilnoticias.org\/site\/author\/fernandozsngmail-com\/"}]}},"_links":{"self":[{"href":"https:\/\/brasilnoticias.org\/site\/wp-json\/wp\/v2\/posts\/3814","targetHints":{"allow":["GET"]}}],"collection":[{"href":"https:\/\/brasilnoticias.org\/site\/wp-json\/wp\/v2\/posts"}],"about":[{"href":"https:\/\/brasilnoticias.org\/site\/wp-json\/wp\/v2\/types\/post"}],"author":[{"embeddable":true,"href":"https:\/\/brasilnoticias.org\/site\/wp-json\/wp\/v2\/users\/1"}],"replies":[{"embeddable":true,"href":"https:\/\/brasilnoticias.org\/site\/wp-json\/wp\/v2\/comments?post=3814"}],"version-history":[{"count":1,"href":"https:\/\/brasilnoticias.org\/site\/wp-json\/wp\/v2\/posts\/3814\/revisions"}],"predecessor-version":[{"id":3816,"href":"https:\/\/brasilnoticias.org\/site\/wp-json\/wp\/v2\/posts\/3814\/revisions\/3816"}],"wp:featuredmedia":[{"embeddable":true,"href":"https:\/\/brasilnoticias.org\/site\/wp-json\/wp\/v2\/media\/3815"}],"wp:attachment":[{"href":"https:\/\/brasilnoticias.org\/site\/wp-json\/wp\/v2\/media?parent=3814"}],"wp:term":[{"taxonomy":"category","embeddable":true,"href":"https:\/\/brasilnoticias.org\/site\/wp-json\/wp\/v2\/categories?post=3814"},{"taxonomy":"post_tag","embeddable":true,"href":"https:\/\/brasilnoticias.org\/site\/wp-json\/wp\/v2\/tags?post=3814"}],"curies":[{"name":"wp","href":"https:\/\/api.w.org\/{rel}","templated":true}]}}