{"id":3826,"date":"2023-02-09T18:30:28","date_gmt":"2023-02-09T21:30:28","guid":{"rendered":"https:\/\/brasilnoticias.org\/site\/?p=3826"},"modified":"2023-02-09T12:29:34","modified_gmt":"2023-02-09T15:29:34","slug":"oi-entra-com-pedido-de-recuperacao-judicial-nos-eua","status":"publish","type":"post","link":"https:\/\/brasilnoticias.org\/site\/oi-entra-com-pedido-de-recuperacao-judicial-nos-eua\/","title":{"rendered":"Oi entra com pedido de recupera\u00e7\u00e3o judicial nos EUA"},"content":{"rendered":"<p>A Oi entrou com um pedido de recupera\u00e7\u00e3o judicial nos Estados Unidos nesta quarta-feira, 8, por meio do chamado Chapter 15, a Lei de Fal\u00eancias norte-americana. A regra possibilita \u00e0s empresas estrangeiras terem seu processo estendido nos EUA, protegendo ativos que det\u00eam no Pa\u00eds.<br \/>\nO movimento j\u00e1 era esperado na esteira da decis\u00e3o cautelar que a companhia obteve na semana passada na Justi\u00e7a do Rio de Janeiro e que suspendeu por 30 dias a execu\u00e7\u00e3o de cobran\u00e7as de suas d\u00edvidas. Ao mesmo tempo em que se movimentou nos EUA, a Oi avalia entrar em um novo processo de recupera\u00e7\u00e3o judicial no Brasil.<\/p>\n<p>O pedido pelo Chapter 15 foi feito na Corte de Fal\u00eancias de Nova York, em Manhattan. O caminho seguido pela Oi \u00e9 similar ao da Americanas, que tamb\u00e9m recorreu \u00e0 Lei de Fal\u00eancias dos EUA no \u00faltimo m\u00eas ao mergulhar em uma crise sem precedentes desde a identifica\u00e7\u00e3o de R$ 20 bilh\u00f5es em inconsist\u00eancias cont\u00e1beis.<\/p>\n<p>A medida formalizada nos Estados Unidos teve o objetivo de validar l\u00e1 fora a tutela de urg\u00eancia concedida pela Justi\u00e7a do Brasil protegendo a empresa contra execu\u00e7\u00f5es de d\u00edvidas por credores. A vincula\u00e7\u00e3o dos processos faz que todos os credores da Oi se submetam \u00e0s decis\u00f5es da Justi\u00e7a brasileira, onde est\u00e1 centralizado o caso da companhia, conforme apurou o Estad\u00e3o\/Broadcast com um dos advogados que participam ativamente do caso.<\/p>\n<p>Na semana passada, a 7\u00aa Vara Empresarial do Rio de Janeiro concedeu \u00e0 Oi e \u00e0s suas subsidi\u00e1rias Portugal Telecom e Oi Brasil Holdings, o direto de suspens\u00e3o de certas obriga\u00e7\u00f5es assumidas pelo prazo de 30 dias.<\/p>\n<p>Isso veio ap\u00f3s a tele admitir que n\u00e3o tinha condi\u00e7\u00f5es de arcar com o pagamento de R$ 600 milh\u00f5es em d\u00edvidas cujo vencimento ocorreria no \u00faltimo dia 5. O montante inclu\u00eda t\u00edtulos de d\u00edvidas emitidos no mercado internacional, os chamados bonds.<\/p>\n<p>A tutela de urg\u00eancia antecipou medidas de prote\u00e7\u00e3o \u00e0s empresas previstas no \u00e2mbito da recupera\u00e7\u00e3o judicial. Oficialmente, a Oi continua fora da recupera\u00e7\u00e3o judicial. A senten\u00e7a que determinou o fim do processo foi proferida em dezembro &#8211; ainda que n\u00e3o tenha sido transitada em julgado.<\/p>\n<p>Diante da sua situa\u00e7\u00e3o financeira delicada, a tele est\u00e1 na imin\u00eancia de protocolar um novo pedido de recupera\u00e7\u00e3o judicial no Brasil, o que n\u00e3o aconteceu at\u00e9 o fim desta quarta-feira.<\/p>\n<p>Segundo apurou o Estad\u00e3o\/Broadcast, a Oi tem procurado manter vivas as negocia\u00e7\u00f5es com os bancos e o detentores de bonds para chegar a um acordo de refinanciamento das d\u00edvidas &#8211; o que passa pela inje\u00e7\u00e3o de capital, des\u00e1gio no valor a pagar e posterga\u00e7\u00e3o dos vencimentos.<\/p>\n<p>&#8220;Um acordo \u00e9 improv\u00e1vel, mas essa chance existe&#8221;, disse uma fonte que faz parte das conversas. Com isso, a decis\u00e3o de a companhia seguir pela recupera\u00e7\u00e3o judicial por aqui s\u00f3 dever\u00e1 ser tomada perto do fim do prazo de 30 dias de validade da tutela de urg\u00eancia.<\/p>\n<p>A Oi entrou com pedido de recupera\u00e7\u00e3o pela primeira vez em 2016, ap\u00f3s acumular d\u00edvidas de R$ 65 bilh\u00f5es. Atualmente, esse montante est\u00e1 em R$ 35 bilh\u00f5es, dos quais R$ 29 bilh\u00f5es s\u00e3o devidos a institui\u00e7\u00f5es financeiras (bancos, bondholders e ag\u00eancias de cr\u00e9dito).<\/p>\n<p>Foto Nacho Doce\/Reuters<br \/>\nNot\u00edcias ao minuto<\/p>\n","protected":false},"excerpt":{"rendered":"<p>A Oi entrou com um pedido de recupera\u00e7\u00e3o judicial nos Estados Unidos nesta quarta-feira, 8, por meio do chamado Chapter<\/p>\n","protected":false},"author":1,"featured_media":3827,"comment_status":"open","ping_status":"open","sticky":false,"template":"","format":"standard","meta":{"colormag_page_container_layout":"default_layout","colormag_page_sidebar_layout":"default_layout","_FSMCFIC_featured_image_caption":"","_FSMCFIC_featured_image_nocaption":"","_FSMCFIC_featured_image_hide":"","footnotes":""},"categories":[2,1],"tags":[],"class_list":["post-3826","post","type-post","status-publish","format-standard","has-post-thumbnail","hentry","category-noticias","category-ultimas"],"yoast_head":"<!-- This site is optimized with the Yoast SEO plugin v27.1.1 - https:\/\/yoast.com\/product\/yoast-seo-wordpress\/ -->\n<title>Oi entra com pedido de recupera\u00e7\u00e3o judicial nos EUA - Brasil not\u00edcias<\/title>\n<meta name=\"robots\" content=\"index, follow, max-snippet:-1, max-image-preview:large, max-video-preview:-1\" \/>\n<link rel=\"canonical\" href=\"https:\/\/brasilnoticias.org\/site\/oi-entra-com-pedido-de-recuperacao-judicial-nos-eua\/\" \/>\n<meta property=\"og:locale\" content=\"pt_PT\" \/>\n<meta property=\"og:type\" content=\"article\" \/>\n<meta property=\"og:title\" content=\"Oi entra com pedido de recupera\u00e7\u00e3o judicial nos EUA - Brasil not\u00edcias\" \/>\n<meta property=\"og:description\" content=\"A Oi entrou com um pedido de recupera\u00e7\u00e3o judicial nos Estados Unidos nesta quarta-feira, 8, por meio do chamado Chapter\" \/>\n<meta property=\"og:url\" content=\"https:\/\/brasilnoticias.org\/site\/oi-entra-com-pedido-de-recuperacao-judicial-nos-eua\/\" \/>\n<meta property=\"og:site_name\" content=\"Brasil not\u00edcias\" \/>\n<meta property=\"article:published_time\" content=\"2023-02-09T21:30:28+00:00\" \/>\n<meta property=\"og:image\" content=\"https:\/\/brasilnoticias.org\/site\/wp-content\/uploads\/2023\/02\/naom_5a1d17a7d4e3b.jpg\" \/>\n\t<meta property=\"og:image:width\" content=\"960\" \/>\n\t<meta property=\"og:image:height\" content=\"540\" \/>\n\t<meta property=\"og:image:type\" content=\"image\/jpeg\" \/>\n<meta name=\"author\" content=\"Reda\u00e7\u00e3o\" \/>\n<meta name=\"twitter:card\" content=\"summary_large_image\" \/>\n<meta name=\"twitter:label1\" content=\"Escrito por\" \/>\n\t<meta name=\"twitter:data1\" content=\"Reda\u00e7\u00e3o\" \/>\n\t<meta name=\"twitter:label2\" content=\"Tempo estimado de leitura\" \/>\n\t<meta name=\"twitter:data2\" content=\"3 minutos\" \/>\n<script type=\"application\/ld+json\" class=\"yoast-schema-graph\">{\"@context\":\"https:\/\/schema.org\",\"@graph\":[{\"@type\":\"Article\",\"@id\":\"https:\/\/brasilnoticias.org\/site\/oi-entra-com-pedido-de-recuperacao-judicial-nos-eua\/#article\",\"isPartOf\":{\"@id\":\"https:\/\/brasilnoticias.org\/site\/oi-entra-com-pedido-de-recuperacao-judicial-nos-eua\/\"},\"author\":{\"name\":\"Reda\u00e7\u00e3o\",\"@id\":\"https:\/\/brasilnoticias.org\/site\/#\/schema\/person\/a0e05b973ec4d15c658d51911e53507b\"},\"headline\":\"Oi entra com pedido de recupera\u00e7\u00e3o judicial nos EUA\",\"datePublished\":\"2023-02-09T21:30:28+00:00\",\"mainEntityOfPage\":{\"@id\":\"https:\/\/brasilnoticias.org\/site\/oi-entra-com-pedido-de-recuperacao-judicial-nos-eua\/\"},\"wordCount\":584,\"commentCount\":0,\"publisher\":{\"@id\":\"https:\/\/brasilnoticias.org\/site\/#organization\"},\"image\":{\"@id\":\"https:\/\/brasilnoticias.org\/site\/oi-entra-com-pedido-de-recuperacao-judicial-nos-eua\/#primaryimage\"},\"thumbnailUrl\":\"https:\/\/brasilnoticias.org\/site\/wp-content\/uploads\/2023\/02\/naom_5a1d17a7d4e3b.jpg\",\"articleSection\":[\"Not\u00edcias\",\"\u00daltimas\"],\"inLanguage\":\"pt-PT\",\"potentialAction\":[{\"@type\":\"CommentAction\",\"name\":\"Comment\",\"target\":[\"https:\/\/brasilnoticias.org\/site\/oi-entra-com-pedido-de-recuperacao-judicial-nos-eua\/#respond\"]}]},{\"@type\":\"WebPage\",\"@id\":\"https:\/\/brasilnoticias.org\/site\/oi-entra-com-pedido-de-recuperacao-judicial-nos-eua\/\",\"url\":\"https:\/\/brasilnoticias.org\/site\/oi-entra-com-pedido-de-recuperacao-judicial-nos-eua\/\",\"name\":\"Oi entra com pedido de recupera\u00e7\u00e3o judicial nos EUA - Brasil not\u00edcias\",\"isPartOf\":{\"@id\":\"https:\/\/brasilnoticias.org\/site\/#website\"},\"primaryImageOfPage\":{\"@id\":\"https:\/\/brasilnoticias.org\/site\/oi-entra-com-pedido-de-recuperacao-judicial-nos-eua\/#primaryimage\"},\"image\":{\"@id\":\"https:\/\/brasilnoticias.org\/site\/oi-entra-com-pedido-de-recuperacao-judicial-nos-eua\/#primaryimage\"},\"thumbnailUrl\":\"https:\/\/brasilnoticias.org\/site\/wp-content\/uploads\/2023\/02\/naom_5a1d17a7d4e3b.jpg\",\"datePublished\":\"2023-02-09T21:30:28+00:00\",\"breadcrumb\":{\"@id\":\"https:\/\/brasilnoticias.org\/site\/oi-entra-com-pedido-de-recuperacao-judicial-nos-eua\/#breadcrumb\"},\"inLanguage\":\"pt-PT\",\"potentialAction\":[{\"@type\":\"ReadAction\",\"target\":[\"https:\/\/brasilnoticias.org\/site\/oi-entra-com-pedido-de-recuperacao-judicial-nos-eua\/\"]}]},{\"@type\":\"ImageObject\",\"inLanguage\":\"pt-PT\",\"@id\":\"https:\/\/brasilnoticias.org\/site\/oi-entra-com-pedido-de-recuperacao-judicial-nos-eua\/#primaryimage\",\"url\":\"https:\/\/brasilnoticias.org\/site\/wp-content\/uploads\/2023\/02\/naom_5a1d17a7d4e3b.jpg\",\"contentUrl\":\"https:\/\/brasilnoticias.org\/site\/wp-content\/uploads\/2023\/02\/naom_5a1d17a7d4e3b.jpg\",\"width\":960,\"height\":540},{\"@type\":\"BreadcrumbList\",\"@id\":\"https:\/\/brasilnoticias.org\/site\/oi-entra-com-pedido-de-recuperacao-judicial-nos-eua\/#breadcrumb\",\"itemListElement\":[{\"@type\":\"ListItem\",\"position\":1,\"name\":\"In\u00edcio\",\"item\":\"https:\/\/brasilnoticias.org\/site\/\"},{\"@type\":\"ListItem\",\"position\":2,\"name\":\"Oi entra com pedido de recupera\u00e7\u00e3o judicial nos EUA\"}]},{\"@type\":\"WebSite\",\"@id\":\"https:\/\/brasilnoticias.org\/site\/#website\",\"url\":\"https:\/\/brasilnoticias.org\/site\/\",\"name\":\"Brasil not\u00edcias\",\"description\":\"Brasil not\u00edcias\",\"publisher\":{\"@id\":\"https:\/\/brasilnoticias.org\/site\/#organization\"},\"potentialAction\":[{\"@type\":\"SearchAction\",\"target\":{\"@type\":\"EntryPoint\",\"urlTemplate\":\"https:\/\/brasilnoticias.org\/site\/?s={search_term_string}\"},\"query-input\":{\"@type\":\"PropertyValueSpecification\",\"valueRequired\":true,\"valueName\":\"search_term_string\"}}],\"inLanguage\":\"pt-PT\"},{\"@type\":\"Organization\",\"@id\":\"https:\/\/brasilnoticias.org\/site\/#organization\",\"name\":\"Brasil not\u00edcias\",\"url\":\"https:\/\/brasilnoticias.org\/site\/\",\"logo\":{\"@type\":\"ImageObject\",\"inLanguage\":\"pt-PT\",\"@id\":\"https:\/\/brasilnoticias.org\/site\/#\/schema\/logo\/image\/\",\"url\":\"https:\/\/brasilnoticias.org\/site\/wp-content\/uploads\/2022\/05\/cropped-brasilnoticias-mini.jpg\",\"contentUrl\":\"https:\/\/brasilnoticias.org\/site\/wp-content\/uploads\/2022\/05\/cropped-brasilnoticias-mini.jpg\",\"width\":314,\"height\":86,\"caption\":\"Brasil not\u00edcias\"},\"image\":{\"@id\":\"https:\/\/brasilnoticias.org\/site\/#\/schema\/logo\/image\/\"}},{\"@type\":\"Person\",\"@id\":\"https:\/\/brasilnoticias.org\/site\/#\/schema\/person\/a0e05b973ec4d15c658d51911e53507b\",\"name\":\"Reda\u00e7\u00e3o\",\"image\":{\"@type\":\"ImageObject\",\"inLanguage\":\"pt-PT\",\"@id\":\"https:\/\/brasilnoticias.org\/site\/#\/schema\/person\/image\/\",\"url\":\"https:\/\/secure.gravatar.com\/avatar\/75d8b050df2de108b08ae78dfb8e374892df24a383c67db9c46a9c604f6aee9c?s=96&d=mm&r=g\",\"contentUrl\":\"https:\/\/secure.gravatar.com\/avatar\/75d8b050df2de108b08ae78dfb8e374892df24a383c67db9c46a9c604f6aee9c?s=96&d=mm&r=g\",\"caption\":\"Reda\u00e7\u00e3o\"},\"sameAs\":[\"https:\/\/brasilnoticias.org\/site\"],\"url\":\"https:\/\/brasilnoticias.org\/site\/author\/fernandozsngmail-com\/\"}]}<\/script>\n<!-- \/ Yoast SEO plugin. -->","yoast_head_json":{"title":"Oi entra com pedido de recupera\u00e7\u00e3o judicial nos EUA - Brasil not\u00edcias","robots":{"index":"index","follow":"follow","max-snippet":"max-snippet:-1","max-image-preview":"max-image-preview:large","max-video-preview":"max-video-preview:-1"},"canonical":"https:\/\/brasilnoticias.org\/site\/oi-entra-com-pedido-de-recuperacao-judicial-nos-eua\/","og_locale":"pt_PT","og_type":"article","og_title":"Oi entra com pedido de recupera\u00e7\u00e3o judicial nos EUA - Brasil not\u00edcias","og_description":"A Oi entrou com um pedido de recupera\u00e7\u00e3o judicial nos Estados Unidos nesta quarta-feira, 8, por meio do chamado Chapter","og_url":"https:\/\/brasilnoticias.org\/site\/oi-entra-com-pedido-de-recuperacao-judicial-nos-eua\/","og_site_name":"Brasil not\u00edcias","article_published_time":"2023-02-09T21:30:28+00:00","og_image":[{"width":960,"height":540,"url":"https:\/\/brasilnoticias.org\/site\/wp-content\/uploads\/2023\/02\/naom_5a1d17a7d4e3b.jpg","type":"image\/jpeg"}],"author":"Reda\u00e7\u00e3o","twitter_card":"summary_large_image","twitter_misc":{"Escrito por":"Reda\u00e7\u00e3o","Tempo estimado de leitura":"3 minutos"},"schema":{"@context":"https:\/\/schema.org","@graph":[{"@type":"Article","@id":"https:\/\/brasilnoticias.org\/site\/oi-entra-com-pedido-de-recuperacao-judicial-nos-eua\/#article","isPartOf":{"@id":"https:\/\/brasilnoticias.org\/site\/oi-entra-com-pedido-de-recuperacao-judicial-nos-eua\/"},"author":{"name":"Reda\u00e7\u00e3o","@id":"https:\/\/brasilnoticias.org\/site\/#\/schema\/person\/a0e05b973ec4d15c658d51911e53507b"},"headline":"Oi entra com pedido de recupera\u00e7\u00e3o judicial nos EUA","datePublished":"2023-02-09T21:30:28+00:00","mainEntityOfPage":{"@id":"https:\/\/brasilnoticias.org\/site\/oi-entra-com-pedido-de-recuperacao-judicial-nos-eua\/"},"wordCount":584,"commentCount":0,"publisher":{"@id":"https:\/\/brasilnoticias.org\/site\/#organization"},"image":{"@id":"https:\/\/brasilnoticias.org\/site\/oi-entra-com-pedido-de-recuperacao-judicial-nos-eua\/#primaryimage"},"thumbnailUrl":"https:\/\/brasilnoticias.org\/site\/wp-content\/uploads\/2023\/02\/naom_5a1d17a7d4e3b.jpg","articleSection":["Not\u00edcias","\u00daltimas"],"inLanguage":"pt-PT","potentialAction":[{"@type":"CommentAction","name":"Comment","target":["https:\/\/brasilnoticias.org\/site\/oi-entra-com-pedido-de-recuperacao-judicial-nos-eua\/#respond"]}]},{"@type":"WebPage","@id":"https:\/\/brasilnoticias.org\/site\/oi-entra-com-pedido-de-recuperacao-judicial-nos-eua\/","url":"https:\/\/brasilnoticias.org\/site\/oi-entra-com-pedido-de-recuperacao-judicial-nos-eua\/","name":"Oi entra com pedido de recupera\u00e7\u00e3o judicial nos EUA - Brasil not\u00edcias","isPartOf":{"@id":"https:\/\/brasilnoticias.org\/site\/#website"},"primaryImageOfPage":{"@id":"https:\/\/brasilnoticias.org\/site\/oi-entra-com-pedido-de-recuperacao-judicial-nos-eua\/#primaryimage"},"image":{"@id":"https:\/\/brasilnoticias.org\/site\/oi-entra-com-pedido-de-recuperacao-judicial-nos-eua\/#primaryimage"},"thumbnailUrl":"https:\/\/brasilnoticias.org\/site\/wp-content\/uploads\/2023\/02\/naom_5a1d17a7d4e3b.jpg","datePublished":"2023-02-09T21:30:28+00:00","breadcrumb":{"@id":"https:\/\/brasilnoticias.org\/site\/oi-entra-com-pedido-de-recuperacao-judicial-nos-eua\/#breadcrumb"},"inLanguage":"pt-PT","potentialAction":[{"@type":"ReadAction","target":["https:\/\/brasilnoticias.org\/site\/oi-entra-com-pedido-de-recuperacao-judicial-nos-eua\/"]}]},{"@type":"ImageObject","inLanguage":"pt-PT","@id":"https:\/\/brasilnoticias.org\/site\/oi-entra-com-pedido-de-recuperacao-judicial-nos-eua\/#primaryimage","url":"https:\/\/brasilnoticias.org\/site\/wp-content\/uploads\/2023\/02\/naom_5a1d17a7d4e3b.jpg","contentUrl":"https:\/\/brasilnoticias.org\/site\/wp-content\/uploads\/2023\/02\/naom_5a1d17a7d4e3b.jpg","width":960,"height":540},{"@type":"BreadcrumbList","@id":"https:\/\/brasilnoticias.org\/site\/oi-entra-com-pedido-de-recuperacao-judicial-nos-eua\/#breadcrumb","itemListElement":[{"@type":"ListItem","position":1,"name":"In\u00edcio","item":"https:\/\/brasilnoticias.org\/site\/"},{"@type":"ListItem","position":2,"name":"Oi entra com pedido de recupera\u00e7\u00e3o judicial nos EUA"}]},{"@type":"WebSite","@id":"https:\/\/brasilnoticias.org\/site\/#website","url":"https:\/\/brasilnoticias.org\/site\/","name":"Brasil not\u00edcias","description":"Brasil not\u00edcias","publisher":{"@id":"https:\/\/brasilnoticias.org\/site\/#organization"},"potentialAction":[{"@type":"SearchAction","target":{"@type":"EntryPoint","urlTemplate":"https:\/\/brasilnoticias.org\/site\/?s={search_term_string}"},"query-input":{"@type":"PropertyValueSpecification","valueRequired":true,"valueName":"search_term_string"}}],"inLanguage":"pt-PT"},{"@type":"Organization","@id":"https:\/\/brasilnoticias.org\/site\/#organization","name":"Brasil not\u00edcias","url":"https:\/\/brasilnoticias.org\/site\/","logo":{"@type":"ImageObject","inLanguage":"pt-PT","@id":"https:\/\/brasilnoticias.org\/site\/#\/schema\/logo\/image\/","url":"https:\/\/brasilnoticias.org\/site\/wp-content\/uploads\/2022\/05\/cropped-brasilnoticias-mini.jpg","contentUrl":"https:\/\/brasilnoticias.org\/site\/wp-content\/uploads\/2022\/05\/cropped-brasilnoticias-mini.jpg","width":314,"height":86,"caption":"Brasil not\u00edcias"},"image":{"@id":"https:\/\/brasilnoticias.org\/site\/#\/schema\/logo\/image\/"}},{"@type":"Person","@id":"https:\/\/brasilnoticias.org\/site\/#\/schema\/person\/a0e05b973ec4d15c658d51911e53507b","name":"Reda\u00e7\u00e3o","image":{"@type":"ImageObject","inLanguage":"pt-PT","@id":"https:\/\/brasilnoticias.org\/site\/#\/schema\/person\/image\/","url":"https:\/\/secure.gravatar.com\/avatar\/75d8b050df2de108b08ae78dfb8e374892df24a383c67db9c46a9c604f6aee9c?s=96&d=mm&r=g","contentUrl":"https:\/\/secure.gravatar.com\/avatar\/75d8b050df2de108b08ae78dfb8e374892df24a383c67db9c46a9c604f6aee9c?s=96&d=mm&r=g","caption":"Reda\u00e7\u00e3o"},"sameAs":["https:\/\/brasilnoticias.org\/site"],"url":"https:\/\/brasilnoticias.org\/site\/author\/fernandozsngmail-com\/"}]}},"_links":{"self":[{"href":"https:\/\/brasilnoticias.org\/site\/wp-json\/wp\/v2\/posts\/3826","targetHints":{"allow":["GET"]}}],"collection":[{"href":"https:\/\/brasilnoticias.org\/site\/wp-json\/wp\/v2\/posts"}],"about":[{"href":"https:\/\/brasilnoticias.org\/site\/wp-json\/wp\/v2\/types\/post"}],"author":[{"embeddable":true,"href":"https:\/\/brasilnoticias.org\/site\/wp-json\/wp\/v2\/users\/1"}],"replies":[{"embeddable":true,"href":"https:\/\/brasilnoticias.org\/site\/wp-json\/wp\/v2\/comments?post=3826"}],"version-history":[{"count":1,"href":"https:\/\/brasilnoticias.org\/site\/wp-json\/wp\/v2\/posts\/3826\/revisions"}],"predecessor-version":[{"id":3828,"href":"https:\/\/brasilnoticias.org\/site\/wp-json\/wp\/v2\/posts\/3826\/revisions\/3828"}],"wp:featuredmedia":[{"embeddable":true,"href":"https:\/\/brasilnoticias.org\/site\/wp-json\/wp\/v2\/media\/3827"}],"wp:attachment":[{"href":"https:\/\/brasilnoticias.org\/site\/wp-json\/wp\/v2\/media?parent=3826"}],"wp:term":[{"taxonomy":"category","embeddable":true,"href":"https:\/\/brasilnoticias.org\/site\/wp-json\/wp\/v2\/categories?post=3826"},{"taxonomy":"post_tag","embeddable":true,"href":"https:\/\/brasilnoticias.org\/site\/wp-json\/wp\/v2\/tags?post=3826"}],"curies":[{"name":"wp","href":"https:\/\/api.w.org\/{rel}","templated":true}]}}