{"id":3835,"date":"2023-02-10T07:20:33","date_gmt":"2023-02-10T10:20:33","guid":{"rendered":"https:\/\/brasilnoticias.org\/site\/?p=3835"},"modified":"2023-02-09T19:14:01","modified_gmt":"2023-02-09T22:14:01","slug":"cambistas-que-atuam-no-ferry-boat-brigam-e-uma-delas-acaba-esfaqueada-entenda","status":"publish","type":"post","link":"https:\/\/brasilnoticias.org\/site\/cambistas-que-atuam-no-ferry-boat-brigam-e-uma-delas-acaba-esfaqueada-entenda\/","title":{"rendered":"Cambistas que atuam no ferry-boat brigam e uma delas acaba esfaqueada; entenda"},"content":{"rendered":"<p>Na manh\u00e3 desta quinta-feira (9), por volta das 11h, uma mulher precisou ser encaminhada para Unidade de Pronto Atendimento (UPA) de Santo Ant\u00f4nio, depois que foi esfaqueada na Rua Engenheiro Oscar Pontes, na regi\u00e3o do Com\u00e9rcio, em Salvador. O crime teria sido cometido por uma outra mulher, com quem a v\u00edtima havia discutido por causa de bilhetes de acesso ao ferry-boat. Ao que sabe, ambas atuam como combistas na regi\u00e3o.<\/p>\n<p>De acordo com o portal Correio, uma guarni\u00e7\u00e3o da 16\u00aa Companhia Independente da Pol\u00edcia Militar foi acionada por populares e, ao chegar no local, encontraram a suposta autora, que foi presa em flagrante e encaminhada para a 3\u00aa Delegacia Territorial\/ Bonfim. <\/p>\n<p>A v\u00edtima chegou a UPA com tr\u00eas ferimentos, sendo dois na regi\u00e3o do t\u00f3rax e um nas costas. De acordo com a Secretaria Municipal de Sa\u00fade, as perfura\u00e7\u00f5es foram superficiais, de modo que logo ap\u00f3s a realiza\u00e7\u00e3o de suturas nos ferimentos, a v\u00edtima recebeu alta m\u00e9dica.<\/p>\n<p>A Internacional Travessias Salvador se pronunciou sobre a situa\u00e7\u00e3o, afirmando que &#8220;relatos d\u00e3o conta que as duas mulheres atuam como cambistas. A empresa refor\u00e7a que recha\u00e7a essa pr\u00e1tica e, com o intuito de coibir a a\u00e7\u00e3o ilegal, limitou para um o n\u00famero de passagens que podem ser adquiridas nas bilheterias. A empresa tamb\u00e9m segue mobilizando o servi\u00e7o de seguran\u00e7a privada, para reprimir a atua\u00e7\u00e3o de cambistas nos terminais&#8221;.<\/p>\n<p>A empresa tamb\u00e9m afirma \u201ca Pol\u00edcia Militar prontamente interveio\u201d na situa\u00e7\u00e3o e que os usu\u00e1rios do sistema ferry-boat n\u00e3o devem comprar as passagens com cambistas: \u201cn\u00e3o adquiram seus bilhetes nas m\u00e3os de terceiros para que essa pr\u00e1tica n\u00e3o seja alimentada e agradece a pronta interven\u00e7\u00e3o da Pol\u00edcia Militar e sua atua\u00e7\u00e3o para coibir delitos de qualquer ordem&#8221;.<\/p>\n<p>Bnews<br \/>\nFoto Joilson C\u00e9sar\/ BNews<\/p>\n","protected":false},"excerpt":{"rendered":"<p>Na manh\u00e3 desta quinta-feira (9), por volta das 11h, uma mulher precisou ser encaminhada para Unidade de Pronto Atendimento (UPA)<\/p>\n","protected":false},"author":1,"featured_media":3836,"comment_status":"open","ping_status":"open","sticky":false,"template":"","format":"standard","meta":{"colormag_page_container_layout":"default_layout","colormag_page_sidebar_layout":"default_layout","_FSMCFIC_featured_image_caption":"","_FSMCFIC_featured_image_nocaption":"","_FSMCFIC_featured_image_hide":"","footnotes":""},"categories":[2,1],"tags":[],"class_list":["post-3835","post","type-post","status-publish","format-standard","has-post-thumbnail","hentry","category-noticias","category-ultimas"],"yoast_head":"<!-- This site is optimized with the Yoast SEO plugin v27.1.1 - https:\/\/yoast.com\/product\/yoast-seo-wordpress\/ -->\n<title>Cambistas que atuam no ferry-boat brigam e uma delas acaba esfaqueada; entenda - Brasil not\u00edcias<\/title>\n<meta name=\"robots\" content=\"index, follow, max-snippet:-1, max-image-preview:large, max-video-preview:-1\" \/>\n<link rel=\"canonical\" href=\"https:\/\/brasilnoticias.org\/site\/cambistas-que-atuam-no-ferry-boat-brigam-e-uma-delas-acaba-esfaqueada-entenda\/\" \/>\n<meta property=\"og:locale\" content=\"pt_PT\" \/>\n<meta property=\"og:type\" content=\"article\" \/>\n<meta property=\"og:title\" content=\"Cambistas que atuam no ferry-boat brigam e uma delas acaba esfaqueada; entenda - Brasil not\u00edcias\" \/>\n<meta property=\"og:description\" content=\"Na manh\u00e3 desta quinta-feira (9), por volta das 11h, uma mulher precisou ser encaminhada para Unidade de Pronto Atendimento (UPA)\" \/>\n<meta property=\"og:url\" content=\"https:\/\/brasilnoticias.org\/site\/cambistas-que-atuam-no-ferry-boat-brigam-e-uma-delas-acaba-esfaqueada-entenda\/\" \/>\n<meta property=\"og:site_name\" content=\"Brasil not\u00edcias\" \/>\n<meta property=\"article:published_time\" content=\"2023-02-10T10:20:33+00:00\" \/>\n<meta property=\"og:image\" content=\"https:\/\/brasilnoticias.org\/site\/wp-content\/uploads\/2023\/02\/ferry_joilsoncesar_35_widelg_widelg.jpeg\" \/>\n\t<meta property=\"og:image:width\" content=\"800\" \/>\n\t<meta property=\"og:image:height\" content=\"450\" \/>\n\t<meta property=\"og:image:type\" content=\"image\/jpeg\" \/>\n<meta name=\"author\" content=\"Reda\u00e7\u00e3o\" \/>\n<meta name=\"twitter:card\" content=\"summary_large_image\" \/>\n<meta name=\"twitter:label1\" content=\"Escrito por\" \/>\n\t<meta name=\"twitter:data1\" content=\"Reda\u00e7\u00e3o\" \/>\n\t<meta name=\"twitter:label2\" content=\"Tempo estimado de leitura\" \/>\n\t<meta name=\"twitter:data2\" content=\"2 minutos\" \/>\n<script type=\"application\/ld+json\" class=\"yoast-schema-graph\">{\"@context\":\"https:\/\/schema.org\",\"@graph\":[{\"@type\":\"Article\",\"@id\":\"https:\/\/brasilnoticias.org\/site\/cambistas-que-atuam-no-ferry-boat-brigam-e-uma-delas-acaba-esfaqueada-entenda\/#article\",\"isPartOf\":{\"@id\":\"https:\/\/brasilnoticias.org\/site\/cambistas-que-atuam-no-ferry-boat-brigam-e-uma-delas-acaba-esfaqueada-entenda\/\"},\"author\":{\"name\":\"Reda\u00e7\u00e3o\",\"@id\":\"https:\/\/brasilnoticias.org\/site\/#\/schema\/person\/a0e05b973ec4d15c658d51911e53507b\"},\"headline\":\"Cambistas que atuam no ferry-boat brigam e uma delas acaba esfaqueada; entenda\",\"datePublished\":\"2023-02-10T10:20:33+00:00\",\"mainEntityOfPage\":{\"@id\":\"https:\/\/brasilnoticias.org\/site\/cambistas-que-atuam-no-ferry-boat-brigam-e-uma-delas-acaba-esfaqueada-entenda\/\"},\"wordCount\":337,\"commentCount\":0,\"publisher\":{\"@id\":\"https:\/\/brasilnoticias.org\/site\/#organization\"},\"image\":{\"@id\":\"https:\/\/brasilnoticias.org\/site\/cambistas-que-atuam-no-ferry-boat-brigam-e-uma-delas-acaba-esfaqueada-entenda\/#primaryimage\"},\"thumbnailUrl\":\"https:\/\/brasilnoticias.org\/site\/wp-content\/uploads\/2023\/02\/ferry_joilsoncesar_35_widelg_widelg.jpeg\",\"articleSection\":[\"Not\u00edcias\",\"\u00daltimas\"],\"inLanguage\":\"pt-PT\",\"potentialAction\":[{\"@type\":\"CommentAction\",\"name\":\"Comment\",\"target\":[\"https:\/\/brasilnoticias.org\/site\/cambistas-que-atuam-no-ferry-boat-brigam-e-uma-delas-acaba-esfaqueada-entenda\/#respond\"]}]},{\"@type\":\"WebPage\",\"@id\":\"https:\/\/brasilnoticias.org\/site\/cambistas-que-atuam-no-ferry-boat-brigam-e-uma-delas-acaba-esfaqueada-entenda\/\",\"url\":\"https:\/\/brasilnoticias.org\/site\/cambistas-que-atuam-no-ferry-boat-brigam-e-uma-delas-acaba-esfaqueada-entenda\/\",\"name\":\"Cambistas que atuam no ferry-boat brigam e uma delas acaba esfaqueada; entenda - Brasil not\u00edcias\",\"isPartOf\":{\"@id\":\"https:\/\/brasilnoticias.org\/site\/#website\"},\"primaryImageOfPage\":{\"@id\":\"https:\/\/brasilnoticias.org\/site\/cambistas-que-atuam-no-ferry-boat-brigam-e-uma-delas-acaba-esfaqueada-entenda\/#primaryimage\"},\"image\":{\"@id\":\"https:\/\/brasilnoticias.org\/site\/cambistas-que-atuam-no-ferry-boat-brigam-e-uma-delas-acaba-esfaqueada-entenda\/#primaryimage\"},\"thumbnailUrl\":\"https:\/\/brasilnoticias.org\/site\/wp-content\/uploads\/2023\/02\/ferry_joilsoncesar_35_widelg_widelg.jpeg\",\"datePublished\":\"2023-02-10T10:20:33+00:00\",\"breadcrumb\":{\"@id\":\"https:\/\/brasilnoticias.org\/site\/cambistas-que-atuam-no-ferry-boat-brigam-e-uma-delas-acaba-esfaqueada-entenda\/#breadcrumb\"},\"inLanguage\":\"pt-PT\",\"potentialAction\":[{\"@type\":\"ReadAction\",\"target\":[\"https:\/\/brasilnoticias.org\/site\/cambistas-que-atuam-no-ferry-boat-brigam-e-uma-delas-acaba-esfaqueada-entenda\/\"]}]},{\"@type\":\"ImageObject\",\"inLanguage\":\"pt-PT\",\"@id\":\"https:\/\/brasilnoticias.org\/site\/cambistas-que-atuam-no-ferry-boat-brigam-e-uma-delas-acaba-esfaqueada-entenda\/#primaryimage\",\"url\":\"https:\/\/brasilnoticias.org\/site\/wp-content\/uploads\/2023\/02\/ferry_joilsoncesar_35_widelg_widelg.jpeg\",\"contentUrl\":\"https:\/\/brasilnoticias.org\/site\/wp-content\/uploads\/2023\/02\/ferry_joilsoncesar_35_widelg_widelg.jpeg\",\"width\":800,\"height\":450},{\"@type\":\"BreadcrumbList\",\"@id\":\"https:\/\/brasilnoticias.org\/site\/cambistas-que-atuam-no-ferry-boat-brigam-e-uma-delas-acaba-esfaqueada-entenda\/#breadcrumb\",\"itemListElement\":[{\"@type\":\"ListItem\",\"position\":1,\"name\":\"In\u00edcio\",\"item\":\"https:\/\/brasilnoticias.org\/site\/\"},{\"@type\":\"ListItem\",\"position\":2,\"name\":\"Cambistas que atuam no ferry-boat brigam e uma delas acaba esfaqueada; entenda\"}]},{\"@type\":\"WebSite\",\"@id\":\"https:\/\/brasilnoticias.org\/site\/#website\",\"url\":\"https:\/\/brasilnoticias.org\/site\/\",\"name\":\"Brasil not\u00edcias\",\"description\":\"Brasil not\u00edcias\",\"publisher\":{\"@id\":\"https:\/\/brasilnoticias.org\/site\/#organization\"},\"potentialAction\":[{\"@type\":\"SearchAction\",\"target\":{\"@type\":\"EntryPoint\",\"urlTemplate\":\"https:\/\/brasilnoticias.org\/site\/?s={search_term_string}\"},\"query-input\":{\"@type\":\"PropertyValueSpecification\",\"valueRequired\":true,\"valueName\":\"search_term_string\"}}],\"inLanguage\":\"pt-PT\"},{\"@type\":\"Organization\",\"@id\":\"https:\/\/brasilnoticias.org\/site\/#organization\",\"name\":\"Brasil not\u00edcias\",\"url\":\"https:\/\/brasilnoticias.org\/site\/\",\"logo\":{\"@type\":\"ImageObject\",\"inLanguage\":\"pt-PT\",\"@id\":\"https:\/\/brasilnoticias.org\/site\/#\/schema\/logo\/image\/\",\"url\":\"https:\/\/brasilnoticias.org\/site\/wp-content\/uploads\/2022\/05\/cropped-brasilnoticias-mini.jpg\",\"contentUrl\":\"https:\/\/brasilnoticias.org\/site\/wp-content\/uploads\/2022\/05\/cropped-brasilnoticias-mini.jpg\",\"width\":314,\"height\":86,\"caption\":\"Brasil not\u00edcias\"},\"image\":{\"@id\":\"https:\/\/brasilnoticias.org\/site\/#\/schema\/logo\/image\/\"}},{\"@type\":\"Person\",\"@id\":\"https:\/\/brasilnoticias.org\/site\/#\/schema\/person\/a0e05b973ec4d15c658d51911e53507b\",\"name\":\"Reda\u00e7\u00e3o\",\"image\":{\"@type\":\"ImageObject\",\"inLanguage\":\"pt-PT\",\"@id\":\"https:\/\/brasilnoticias.org\/site\/#\/schema\/person\/image\/\",\"url\":\"https:\/\/secure.gravatar.com\/avatar\/75d8b050df2de108b08ae78dfb8e374892df24a383c67db9c46a9c604f6aee9c?s=96&d=mm&r=g\",\"contentUrl\":\"https:\/\/secure.gravatar.com\/avatar\/75d8b050df2de108b08ae78dfb8e374892df24a383c67db9c46a9c604f6aee9c?s=96&d=mm&r=g\",\"caption\":\"Reda\u00e7\u00e3o\"},\"sameAs\":[\"https:\/\/brasilnoticias.org\/site\"],\"url\":\"https:\/\/brasilnoticias.org\/site\/author\/fernandozsngmail-com\/\"}]}<\/script>\n<!-- \/ Yoast SEO plugin. -->","yoast_head_json":{"title":"Cambistas que atuam no ferry-boat brigam e uma delas acaba esfaqueada; entenda - Brasil not\u00edcias","robots":{"index":"index","follow":"follow","max-snippet":"max-snippet:-1","max-image-preview":"max-image-preview:large","max-video-preview":"max-video-preview:-1"},"canonical":"https:\/\/brasilnoticias.org\/site\/cambistas-que-atuam-no-ferry-boat-brigam-e-uma-delas-acaba-esfaqueada-entenda\/","og_locale":"pt_PT","og_type":"article","og_title":"Cambistas que atuam no ferry-boat brigam e uma delas acaba esfaqueada; entenda - Brasil not\u00edcias","og_description":"Na manh\u00e3 desta quinta-feira (9), por volta das 11h, uma mulher precisou ser encaminhada para Unidade de Pronto Atendimento (UPA)","og_url":"https:\/\/brasilnoticias.org\/site\/cambistas-que-atuam-no-ferry-boat-brigam-e-uma-delas-acaba-esfaqueada-entenda\/","og_site_name":"Brasil not\u00edcias","article_published_time":"2023-02-10T10:20:33+00:00","og_image":[{"width":800,"height":450,"url":"https:\/\/brasilnoticias.org\/site\/wp-content\/uploads\/2023\/02\/ferry_joilsoncesar_35_widelg_widelg.jpeg","type":"image\/jpeg"}],"author":"Reda\u00e7\u00e3o","twitter_card":"summary_large_image","twitter_misc":{"Escrito por":"Reda\u00e7\u00e3o","Tempo estimado de leitura":"2 minutos"},"schema":{"@context":"https:\/\/schema.org","@graph":[{"@type":"Article","@id":"https:\/\/brasilnoticias.org\/site\/cambistas-que-atuam-no-ferry-boat-brigam-e-uma-delas-acaba-esfaqueada-entenda\/#article","isPartOf":{"@id":"https:\/\/brasilnoticias.org\/site\/cambistas-que-atuam-no-ferry-boat-brigam-e-uma-delas-acaba-esfaqueada-entenda\/"},"author":{"name":"Reda\u00e7\u00e3o","@id":"https:\/\/brasilnoticias.org\/site\/#\/schema\/person\/a0e05b973ec4d15c658d51911e53507b"},"headline":"Cambistas que atuam no ferry-boat brigam e uma delas acaba esfaqueada; entenda","datePublished":"2023-02-10T10:20:33+00:00","mainEntityOfPage":{"@id":"https:\/\/brasilnoticias.org\/site\/cambistas-que-atuam-no-ferry-boat-brigam-e-uma-delas-acaba-esfaqueada-entenda\/"},"wordCount":337,"commentCount":0,"publisher":{"@id":"https:\/\/brasilnoticias.org\/site\/#organization"},"image":{"@id":"https:\/\/brasilnoticias.org\/site\/cambistas-que-atuam-no-ferry-boat-brigam-e-uma-delas-acaba-esfaqueada-entenda\/#primaryimage"},"thumbnailUrl":"https:\/\/brasilnoticias.org\/site\/wp-content\/uploads\/2023\/02\/ferry_joilsoncesar_35_widelg_widelg.jpeg","articleSection":["Not\u00edcias","\u00daltimas"],"inLanguage":"pt-PT","potentialAction":[{"@type":"CommentAction","name":"Comment","target":["https:\/\/brasilnoticias.org\/site\/cambistas-que-atuam-no-ferry-boat-brigam-e-uma-delas-acaba-esfaqueada-entenda\/#respond"]}]},{"@type":"WebPage","@id":"https:\/\/brasilnoticias.org\/site\/cambistas-que-atuam-no-ferry-boat-brigam-e-uma-delas-acaba-esfaqueada-entenda\/","url":"https:\/\/brasilnoticias.org\/site\/cambistas-que-atuam-no-ferry-boat-brigam-e-uma-delas-acaba-esfaqueada-entenda\/","name":"Cambistas que atuam no ferry-boat brigam e uma delas acaba esfaqueada; entenda - Brasil not\u00edcias","isPartOf":{"@id":"https:\/\/brasilnoticias.org\/site\/#website"},"primaryImageOfPage":{"@id":"https:\/\/brasilnoticias.org\/site\/cambistas-que-atuam-no-ferry-boat-brigam-e-uma-delas-acaba-esfaqueada-entenda\/#primaryimage"},"image":{"@id":"https:\/\/brasilnoticias.org\/site\/cambistas-que-atuam-no-ferry-boat-brigam-e-uma-delas-acaba-esfaqueada-entenda\/#primaryimage"},"thumbnailUrl":"https:\/\/brasilnoticias.org\/site\/wp-content\/uploads\/2023\/02\/ferry_joilsoncesar_35_widelg_widelg.jpeg","datePublished":"2023-02-10T10:20:33+00:00","breadcrumb":{"@id":"https:\/\/brasilnoticias.org\/site\/cambistas-que-atuam-no-ferry-boat-brigam-e-uma-delas-acaba-esfaqueada-entenda\/#breadcrumb"},"inLanguage":"pt-PT","potentialAction":[{"@type":"ReadAction","target":["https:\/\/brasilnoticias.org\/site\/cambistas-que-atuam-no-ferry-boat-brigam-e-uma-delas-acaba-esfaqueada-entenda\/"]}]},{"@type":"ImageObject","inLanguage":"pt-PT","@id":"https:\/\/brasilnoticias.org\/site\/cambistas-que-atuam-no-ferry-boat-brigam-e-uma-delas-acaba-esfaqueada-entenda\/#primaryimage","url":"https:\/\/brasilnoticias.org\/site\/wp-content\/uploads\/2023\/02\/ferry_joilsoncesar_35_widelg_widelg.jpeg","contentUrl":"https:\/\/brasilnoticias.org\/site\/wp-content\/uploads\/2023\/02\/ferry_joilsoncesar_35_widelg_widelg.jpeg","width":800,"height":450},{"@type":"BreadcrumbList","@id":"https:\/\/brasilnoticias.org\/site\/cambistas-que-atuam-no-ferry-boat-brigam-e-uma-delas-acaba-esfaqueada-entenda\/#breadcrumb","itemListElement":[{"@type":"ListItem","position":1,"name":"In\u00edcio","item":"https:\/\/brasilnoticias.org\/site\/"},{"@type":"ListItem","position":2,"name":"Cambistas que atuam no ferry-boat brigam e uma delas acaba esfaqueada; entenda"}]},{"@type":"WebSite","@id":"https:\/\/brasilnoticias.org\/site\/#website","url":"https:\/\/brasilnoticias.org\/site\/","name":"Brasil not\u00edcias","description":"Brasil not\u00edcias","publisher":{"@id":"https:\/\/brasilnoticias.org\/site\/#organization"},"potentialAction":[{"@type":"SearchAction","target":{"@type":"EntryPoint","urlTemplate":"https:\/\/brasilnoticias.org\/site\/?s={search_term_string}"},"query-input":{"@type":"PropertyValueSpecification","valueRequired":true,"valueName":"search_term_string"}}],"inLanguage":"pt-PT"},{"@type":"Organization","@id":"https:\/\/brasilnoticias.org\/site\/#organization","name":"Brasil not\u00edcias","url":"https:\/\/brasilnoticias.org\/site\/","logo":{"@type":"ImageObject","inLanguage":"pt-PT","@id":"https:\/\/brasilnoticias.org\/site\/#\/schema\/logo\/image\/","url":"https:\/\/brasilnoticias.org\/site\/wp-content\/uploads\/2022\/05\/cropped-brasilnoticias-mini.jpg","contentUrl":"https:\/\/brasilnoticias.org\/site\/wp-content\/uploads\/2022\/05\/cropped-brasilnoticias-mini.jpg","width":314,"height":86,"caption":"Brasil not\u00edcias"},"image":{"@id":"https:\/\/brasilnoticias.org\/site\/#\/schema\/logo\/image\/"}},{"@type":"Person","@id":"https:\/\/brasilnoticias.org\/site\/#\/schema\/person\/a0e05b973ec4d15c658d51911e53507b","name":"Reda\u00e7\u00e3o","image":{"@type":"ImageObject","inLanguage":"pt-PT","@id":"https:\/\/brasilnoticias.org\/site\/#\/schema\/person\/image\/","url":"https:\/\/secure.gravatar.com\/avatar\/75d8b050df2de108b08ae78dfb8e374892df24a383c67db9c46a9c604f6aee9c?s=96&d=mm&r=g","contentUrl":"https:\/\/secure.gravatar.com\/avatar\/75d8b050df2de108b08ae78dfb8e374892df24a383c67db9c46a9c604f6aee9c?s=96&d=mm&r=g","caption":"Reda\u00e7\u00e3o"},"sameAs":["https:\/\/brasilnoticias.org\/site"],"url":"https:\/\/brasilnoticias.org\/site\/author\/fernandozsngmail-com\/"}]}},"_links":{"self":[{"href":"https:\/\/brasilnoticias.org\/site\/wp-json\/wp\/v2\/posts\/3835","targetHints":{"allow":["GET"]}}],"collection":[{"href":"https:\/\/brasilnoticias.org\/site\/wp-json\/wp\/v2\/posts"}],"about":[{"href":"https:\/\/brasilnoticias.org\/site\/wp-json\/wp\/v2\/types\/post"}],"author":[{"embeddable":true,"href":"https:\/\/brasilnoticias.org\/site\/wp-json\/wp\/v2\/users\/1"}],"replies":[{"embeddable":true,"href":"https:\/\/brasilnoticias.org\/site\/wp-json\/wp\/v2\/comments?post=3835"}],"version-history":[{"count":1,"href":"https:\/\/brasilnoticias.org\/site\/wp-json\/wp\/v2\/posts\/3835\/revisions"}],"predecessor-version":[{"id":3837,"href":"https:\/\/brasilnoticias.org\/site\/wp-json\/wp\/v2\/posts\/3835\/revisions\/3837"}],"wp:featuredmedia":[{"embeddable":true,"href":"https:\/\/brasilnoticias.org\/site\/wp-json\/wp\/v2\/media\/3836"}],"wp:attachment":[{"href":"https:\/\/brasilnoticias.org\/site\/wp-json\/wp\/v2\/media?parent=3835"}],"wp:term":[{"taxonomy":"category","embeddable":true,"href":"https:\/\/brasilnoticias.org\/site\/wp-json\/wp\/v2\/categories?post=3835"},{"taxonomy":"post_tag","embeddable":true,"href":"https:\/\/brasilnoticias.org\/site\/wp-json\/wp\/v2\/tags?post=3835"}],"curies":[{"name":"wp","href":"https:\/\/api.w.org\/{rel}","templated":true}]}}