{"id":384,"date":"2022-05-20T15:09:19","date_gmt":"2022-05-20T18:09:19","guid":{"rendered":"https:\/\/brasilnoticias.org\/site\/?p=384"},"modified":"2022-05-20T15:09:19","modified_gmt":"2022-05-20T18:09:19","slug":"plano-de-carreira-da-guarda-municipal-e-aumento-do-efetivo-da-categoria-e-sancionado-pela-prefeitura","status":"publish","type":"post","link":"https:\/\/brasilnoticias.org\/site\/plano-de-carreira-da-guarda-municipal-e-aumento-do-efetivo-da-categoria-e-sancionado-pela-prefeitura\/","title":{"rendered":"PLANO DE CARREIRA DA GUARDA MUNICIPAL E AUMENTO DO EFETIVO DA CATEGORIA \u00c9 SANCIONADO PELA PREFEITURA"},"content":{"rendered":"<p>Aprovada pela C\u00e2mara Municipal na \u00faltima ter\u00e7a-feira (17), a lei que institui o\u00a0<a href=\"https:\/\/www.bnews.com.br\/noticias\/politica\/camara-aprova-plano-de-carreira-e-vencimentos-da-guarda-municipal.html\" target=\"_blank\" rel=\"noopener\">Plano de Cargos e Vencimentos da Guarda Municipal<\/a>\u00a0de Salvador (GCM) foi sancionada pelo prefeito Bruno Reis nesta sexta-feira (20), durante ato realizado no Pal\u00e1cio Thom\u00e9 de Souza, no Centro.<\/p>\n<p>Para a gest\u00e3o municipal, a iniciativa \u00e9 considerada o maior avan\u00e7o na pol\u00edtica de valoriza\u00e7\u00e3o dos agentes do \u00f3rg\u00e3o.<\/p>\n<p>Na ocasi\u00e3o, o Bruno anunciou ainda a convoca\u00e7\u00e3o de mais 57 profissionais concursados. Tamb\u00e9m foi garantida a inser\u00e7\u00e3o de emenda que garante a participa\u00e7\u00e3o feminina em um m\u00ednimo de 20% dos cargos da corpora\u00e7\u00e3o.<\/p>\n<p>O plano era uma demanda antiga da categoria e \u00e9 um instrumento fundamental para a progress\u00e3o de carreira dos agentes.<\/p>\n<p>\u201c\u00c9 uma conquista hist\u00f3rica da GCM, pois se trata de um desejo que existe desde sua cria\u00e7\u00e3o. O plano reestrutura a carreira com garantia de ascens\u00e3o, reserva de vagas para mulheres, cria\u00e7\u00e3o de classes e um reajuste de 11% para todos em atividade. Al\u00e9m disso, j\u00e1 convocamos 157 novos guardas, dos quais 93 est\u00e3o em atividade, e pretendemos chegar a 150 novos profissionais ativos\u201d, declarou o prefeito.<\/p>\n<p>O plano beneficiar\u00e1, diretamente, 1,3 mil servidores entre ativos e inativos e reconhece as especificidades da carreira do guarda civil municipal, al\u00e9m de estimular o crescimento profissional e assegurar os meios necess\u00e1rios para o conhecimento e desenvolvimento de habilidades dos colaboradores da corpora\u00e7\u00e3o.<\/p>\n<p>\u201cEste \u00e9 um instrumento para ampliar e melhorar ainda mais a presta\u00e7\u00e3o de servi\u00e7o por parte da GCM. Em contrapartida, isso fortalece ainda mais o servi\u00e7o, trazendo tamb\u00e9m mais responsabilidade. Sabemos que eles est\u00e3o aptos para realizar um trabalho ainda melhor para a popula\u00e7\u00e3o. O plano garante que os guardas podem ascender verticalmente na carreira, com metas individuais e institucionais, onde todos ganham\u201d, explicou o titular da Semge, Thiago Dantas.<\/p>\n<p><strong>Vantagens<\/strong><\/p>\n<p>De acordo com a prefeitura, entre as vantagens institu\u00eddas atrav\u00e9s da nova lei est\u00e1 a Gratifica\u00e7\u00e3o por Regime Especial de Trabalho na Guarda Civil Municipal (RETGCM), que vai substituir a Gratifica\u00e7\u00e3o de Risco, conceder\u00e1 um percentual de 50% do valor de vencimento.<\/p>\n<p>Al\u00e9m disso, a proposta mant\u00e9m a Gratifica\u00e7\u00e3o por Avan\u00e7o de Compet\u00eancia, com percentual variando entre 40% e 45% do vencimento b\u00e1sico, levando em considera\u00e7\u00e3o o n\u00edvel em que o servidor se encontra, dentre outras iniciativas.<\/p>\n<p>O diretor da GCM, Maur\u00edcio Lima, celebrou mais esta conquista da categoria. \u201cEssa conquista nos d\u00e1 a seguran\u00e7a de evolu\u00e7\u00e3o e a certeza de que o guarda municipal poder\u00e1 crescer e cumprir seu papel junto \u00e0 sociedade. \u00c9 o maior avan\u00e7o da GCM desde sua cria\u00e7\u00e3o\u201d.<\/p>\n<p>Como destaques, o plano de cargos e sal\u00e1rios da GCM traz o estabelecimento da hierarquia, aperfei\u00e7oando o funcionamento estrutural da corpora\u00e7\u00e3o; torna clara as regras de avalia\u00e7\u00e3o de desempenho; fixa a avalia\u00e7\u00e3o de desempenho relacionada ao cumprimento de metas institucionais e individuais; e cria uma reserva de vagas para mulheres.<\/p>\n<p>Al\u00e9m disso, consolida a jornada de trabalho; assegura um aumento salarial na ordem de 11%; cria seis classes que ser\u00e3o conquistadas com avan\u00e7os verticais no momento da promo\u00e7\u00e3o; institui crit\u00e9rios de desempenho para o avan\u00e7o vertical e objetivos, como prova de esfor\u00e7o f\u00edsico peri\u00f3dico e realiza\u00e7\u00e3o de cursos de extens\u00e3o na \u00e1rea com cargas hor\u00e1rias progressivas; garante cotas femininas para ingresso no concurso (20%) e cotas femininas para promo\u00e7\u00e3o nas classes (15%), al\u00e9m das cotas em cargos em comiss\u00e3o.<\/p>\n<p>&nbsp;<\/p>\n<p>&nbsp;<\/p>\n<p>&nbsp;<\/p>\n<p>Bnews<\/p>\n","protected":false},"excerpt":{"rendered":"<p>Aprovada pela C\u00e2mara Municipal na \u00faltima ter\u00e7a-feira (17), a lei que institui o\u00a0Plano de Cargos e Vencimentos da Guarda Municipal\u00a0de<\/p>\n","protected":false},"author":2,"featured_media":385,"comment_status":"open","ping_status":"open","sticky":false,"template":"","format":"standard","meta":{"colormag_page_container_layout":"default_layout","colormag_page_sidebar_layout":"default_layout","_FSMCFIC_featured_image_caption":"","_FSMCFIC_featured_image_nocaption":"","_FSMCFIC_featured_image_hide":"","footnotes":""},"categories":[5,1],"tags":[],"class_list":["post-384","post","type-post","status-publish","format-standard","has-post-thumbnail","hentry","category-politica","category-ultimas"],"yoast_head":"<!-- This site is optimized with the Yoast SEO plugin v27.1.1 - https:\/\/yoast.com\/product\/yoast-seo-wordpress\/ -->\n<title>PLANO DE CARREIRA DA GUARDA MUNICIPAL E AUMENTO DO EFETIVO DA CATEGORIA \u00c9 SANCIONADO PELA PREFEITURA - Brasil not\u00edcias<\/title>\n<meta name=\"robots\" content=\"index, follow, max-snippet:-1, max-image-preview:large, max-video-preview:-1\" \/>\n<link rel=\"canonical\" href=\"https:\/\/brasilnoticias.org\/site\/plano-de-carreira-da-guarda-municipal-e-aumento-do-efetivo-da-categoria-e-sancionado-pela-prefeitura\/\" \/>\n<meta property=\"og:locale\" content=\"pt_PT\" \/>\n<meta property=\"og:type\" content=\"article\" \/>\n<meta property=\"og:title\" content=\"PLANO DE CARREIRA DA GUARDA MUNICIPAL E AUMENTO DO EFETIVO DA CATEGORIA \u00c9 SANCIONADO PELA PREFEITURA - Brasil not\u00edcias\" \/>\n<meta property=\"og:description\" content=\"Aprovada pela C\u00e2mara Municipal na \u00faltima ter\u00e7a-feira (17), a lei que institui o\u00a0Plano de Cargos e Vencimentos da Guarda Municipal\u00a0de\" \/>\n<meta property=\"og:url\" content=\"https:\/\/brasilnoticias.org\/site\/plano-de-carreira-da-guarda-municipal-e-aumento-do-efetivo-da-categoria-e-sancionado-pela-prefeitura\/\" \/>\n<meta property=\"og:site_name\" content=\"Brasil not\u00edcias\" \/>\n<meta property=\"article:published_time\" content=\"2022-05-20T18:09:19+00:00\" \/>\n<meta property=\"og:image\" content=\"https:\/\/brasilnoticias.org\/site\/wp-content\/uploads\/2022\/05\/plano-de-carreira-da-guarda-municipal-e-aumento-do-efetivo-da-categoria-e-sancionado-pela-prefeitura_widelg.jpeg\" \/>\n\t<meta property=\"og:image:width\" content=\"800\" \/>\n\t<meta property=\"og:image:height\" content=\"450\" \/>\n\t<meta property=\"og:image:type\" content=\"image\/jpeg\" \/>\n<meta name=\"author\" content=\"Reda\u00e7\u00e3o\" \/>\n<meta name=\"twitter:card\" content=\"summary_large_image\" \/>\n<meta name=\"twitter:label1\" content=\"Escrito por\" \/>\n\t<meta name=\"twitter:data1\" content=\"Reda\u00e7\u00e3o\" \/>\n\t<meta name=\"twitter:label2\" content=\"Tempo estimado de leitura\" \/>\n\t<meta name=\"twitter:data2\" content=\"3 minutos\" \/>\n<script type=\"application\/ld+json\" class=\"yoast-schema-graph\">{\"@context\":\"https:\/\/schema.org\",\"@graph\":[{\"@type\":\"Article\",\"@id\":\"https:\/\/brasilnoticias.org\/site\/plano-de-carreira-da-guarda-municipal-e-aumento-do-efetivo-da-categoria-e-sancionado-pela-prefeitura\/#article\",\"isPartOf\":{\"@id\":\"https:\/\/brasilnoticias.org\/site\/plano-de-carreira-da-guarda-municipal-e-aumento-do-efetivo-da-categoria-e-sancionado-pela-prefeitura\/\"},\"author\":{\"name\":\"Reda\u00e7\u00e3o\",\"@id\":\"https:\/\/brasilnoticias.org\/site\/#\/schema\/person\/f609fa847b5314f1c8b983342f34c798\"},\"headline\":\"PLANO DE CARREIRA DA GUARDA MUNICIPAL E AUMENTO DO EFETIVO DA CATEGORIA \u00c9 SANCIONADO PELA PREFEITURA\",\"datePublished\":\"2022-05-20T18:09:19+00:00\",\"mainEntityOfPage\":{\"@id\":\"https:\/\/brasilnoticias.org\/site\/plano-de-carreira-da-guarda-municipal-e-aumento-do-efetivo-da-categoria-e-sancionado-pela-prefeitura\/\"},\"wordCount\":615,\"commentCount\":0,\"publisher\":{\"@id\":\"https:\/\/brasilnoticias.org\/site\/#organization\"},\"image\":{\"@id\":\"https:\/\/brasilnoticias.org\/site\/plano-de-carreira-da-guarda-municipal-e-aumento-do-efetivo-da-categoria-e-sancionado-pela-prefeitura\/#primaryimage\"},\"thumbnailUrl\":\"https:\/\/brasilnoticias.org\/site\/wp-content\/uploads\/2022\/05\/plano-de-carreira-da-guarda-municipal-e-aumento-do-efetivo-da-categoria-e-sancionado-pela-prefeitura_widelg.jpeg\",\"articleSection\":[\"Pol\u00edtica\",\"\u00daltimas\"],\"inLanguage\":\"pt-PT\",\"potentialAction\":[{\"@type\":\"CommentAction\",\"name\":\"Comment\",\"target\":[\"https:\/\/brasilnoticias.org\/site\/plano-de-carreira-da-guarda-municipal-e-aumento-do-efetivo-da-categoria-e-sancionado-pela-prefeitura\/#respond\"]}]},{\"@type\":\"WebPage\",\"@id\":\"https:\/\/brasilnoticias.org\/site\/plano-de-carreira-da-guarda-municipal-e-aumento-do-efetivo-da-categoria-e-sancionado-pela-prefeitura\/\",\"url\":\"https:\/\/brasilnoticias.org\/site\/plano-de-carreira-da-guarda-municipal-e-aumento-do-efetivo-da-categoria-e-sancionado-pela-prefeitura\/\",\"name\":\"PLANO DE CARREIRA DA GUARDA MUNICIPAL E AUMENTO DO EFETIVO DA CATEGORIA \u00c9 SANCIONADO PELA PREFEITURA - Brasil not\u00edcias\",\"isPartOf\":{\"@id\":\"https:\/\/brasilnoticias.org\/site\/#website\"},\"primaryImageOfPage\":{\"@id\":\"https:\/\/brasilnoticias.org\/site\/plano-de-carreira-da-guarda-municipal-e-aumento-do-efetivo-da-categoria-e-sancionado-pela-prefeitura\/#primaryimage\"},\"image\":{\"@id\":\"https:\/\/brasilnoticias.org\/site\/plano-de-carreira-da-guarda-municipal-e-aumento-do-efetivo-da-categoria-e-sancionado-pela-prefeitura\/#primaryimage\"},\"thumbnailUrl\":\"https:\/\/brasilnoticias.org\/site\/wp-content\/uploads\/2022\/05\/plano-de-carreira-da-guarda-municipal-e-aumento-do-efetivo-da-categoria-e-sancionado-pela-prefeitura_widelg.jpeg\",\"datePublished\":\"2022-05-20T18:09:19+00:00\",\"breadcrumb\":{\"@id\":\"https:\/\/brasilnoticias.org\/site\/plano-de-carreira-da-guarda-municipal-e-aumento-do-efetivo-da-categoria-e-sancionado-pela-prefeitura\/#breadcrumb\"},\"inLanguage\":\"pt-PT\",\"potentialAction\":[{\"@type\":\"ReadAction\",\"target\":[\"https:\/\/brasilnoticias.org\/site\/plano-de-carreira-da-guarda-municipal-e-aumento-do-efetivo-da-categoria-e-sancionado-pela-prefeitura\/\"]}]},{\"@type\":\"ImageObject\",\"inLanguage\":\"pt-PT\",\"@id\":\"https:\/\/brasilnoticias.org\/site\/plano-de-carreira-da-guarda-municipal-e-aumento-do-efetivo-da-categoria-e-sancionado-pela-prefeitura\/#primaryimage\",\"url\":\"https:\/\/brasilnoticias.org\/site\/wp-content\/uploads\/2022\/05\/plano-de-carreira-da-guarda-municipal-e-aumento-do-efetivo-da-categoria-e-sancionado-pela-prefeitura_widelg.jpeg\",\"contentUrl\":\"https:\/\/brasilnoticias.org\/site\/wp-content\/uploads\/2022\/05\/plano-de-carreira-da-guarda-municipal-e-aumento-do-efetivo-da-categoria-e-sancionado-pela-prefeitura_widelg.jpeg\",\"width\":800,\"height\":450},{\"@type\":\"BreadcrumbList\",\"@id\":\"https:\/\/brasilnoticias.org\/site\/plano-de-carreira-da-guarda-municipal-e-aumento-do-efetivo-da-categoria-e-sancionado-pela-prefeitura\/#breadcrumb\",\"itemListElement\":[{\"@type\":\"ListItem\",\"position\":1,\"name\":\"In\u00edcio\",\"item\":\"https:\/\/brasilnoticias.org\/site\/\"},{\"@type\":\"ListItem\",\"position\":2,\"name\":\"PLANO DE CARREIRA DA GUARDA MUNICIPAL E AUMENTO DO EFETIVO DA CATEGORIA \u00c9 SANCIONADO PELA PREFEITURA\"}]},{\"@type\":\"WebSite\",\"@id\":\"https:\/\/brasilnoticias.org\/site\/#website\",\"url\":\"https:\/\/brasilnoticias.org\/site\/\",\"name\":\"Brasil not\u00edcias\",\"description\":\"Brasil not\u00edcias\",\"publisher\":{\"@id\":\"https:\/\/brasilnoticias.org\/site\/#organization\"},\"potentialAction\":[{\"@type\":\"SearchAction\",\"target\":{\"@type\":\"EntryPoint\",\"urlTemplate\":\"https:\/\/brasilnoticias.org\/site\/?s={search_term_string}\"},\"query-input\":{\"@type\":\"PropertyValueSpecification\",\"valueRequired\":true,\"valueName\":\"search_term_string\"}}],\"inLanguage\":\"pt-PT\"},{\"@type\":\"Organization\",\"@id\":\"https:\/\/brasilnoticias.org\/site\/#organization\",\"name\":\"Brasil not\u00edcias\",\"url\":\"https:\/\/brasilnoticias.org\/site\/\",\"logo\":{\"@type\":\"ImageObject\",\"inLanguage\":\"pt-PT\",\"@id\":\"https:\/\/brasilnoticias.org\/site\/#\/schema\/logo\/image\/\",\"url\":\"https:\/\/brasilnoticias.org\/site\/wp-content\/uploads\/2022\/05\/cropped-brasilnoticias-mini.jpg\",\"contentUrl\":\"https:\/\/brasilnoticias.org\/site\/wp-content\/uploads\/2022\/05\/cropped-brasilnoticias-mini.jpg\",\"width\":314,\"height\":86,\"caption\":\"Brasil not\u00edcias\"},\"image\":{\"@id\":\"https:\/\/brasilnoticias.org\/site\/#\/schema\/logo\/image\/\"}},{\"@type\":\"Person\",\"@id\":\"https:\/\/brasilnoticias.org\/site\/#\/schema\/person\/f609fa847b5314f1c8b983342f34c798\",\"name\":\"Reda\u00e7\u00e3o\",\"image\":{\"@type\":\"ImageObject\",\"inLanguage\":\"pt-PT\",\"@id\":\"https:\/\/brasilnoticias.org\/site\/#\/schema\/person\/image\/\",\"url\":\"https:\/\/secure.gravatar.com\/avatar\/447284c06c1ad8b46465a36de9cd0d8326b73387a22799b8b1ffb1fbcff2ed0c?s=96&d=mm&r=g\",\"contentUrl\":\"https:\/\/secure.gravatar.com\/avatar\/447284c06c1ad8b46465a36de9cd0d8326b73387a22799b8b1ffb1fbcff2ed0c?s=96&d=mm&r=g\",\"caption\":\"Reda\u00e7\u00e3o\"},\"url\":\"https:\/\/brasilnoticias.org\/site\/author\/redacao\/\"}]}<\/script>\n<!-- \/ Yoast SEO plugin. -->","yoast_head_json":{"title":"PLANO DE CARREIRA DA GUARDA MUNICIPAL E AUMENTO DO EFETIVO DA CATEGORIA \u00c9 SANCIONADO PELA PREFEITURA - Brasil not\u00edcias","robots":{"index":"index","follow":"follow","max-snippet":"max-snippet:-1","max-image-preview":"max-image-preview:large","max-video-preview":"max-video-preview:-1"},"canonical":"https:\/\/brasilnoticias.org\/site\/plano-de-carreira-da-guarda-municipal-e-aumento-do-efetivo-da-categoria-e-sancionado-pela-prefeitura\/","og_locale":"pt_PT","og_type":"article","og_title":"PLANO DE CARREIRA DA GUARDA MUNICIPAL E AUMENTO DO EFETIVO DA CATEGORIA \u00c9 SANCIONADO PELA PREFEITURA - Brasil not\u00edcias","og_description":"Aprovada pela C\u00e2mara Municipal na \u00faltima ter\u00e7a-feira (17), a lei que institui o\u00a0Plano de Cargos e Vencimentos da Guarda Municipal\u00a0de","og_url":"https:\/\/brasilnoticias.org\/site\/plano-de-carreira-da-guarda-municipal-e-aumento-do-efetivo-da-categoria-e-sancionado-pela-prefeitura\/","og_site_name":"Brasil not\u00edcias","article_published_time":"2022-05-20T18:09:19+00:00","og_image":[{"width":800,"height":450,"url":"https:\/\/brasilnoticias.org\/site\/wp-content\/uploads\/2022\/05\/plano-de-carreira-da-guarda-municipal-e-aumento-do-efetivo-da-categoria-e-sancionado-pela-prefeitura_widelg.jpeg","type":"image\/jpeg"}],"author":"Reda\u00e7\u00e3o","twitter_card":"summary_large_image","twitter_misc":{"Escrito por":"Reda\u00e7\u00e3o","Tempo estimado de leitura":"3 minutos"},"schema":{"@context":"https:\/\/schema.org","@graph":[{"@type":"Article","@id":"https:\/\/brasilnoticias.org\/site\/plano-de-carreira-da-guarda-municipal-e-aumento-do-efetivo-da-categoria-e-sancionado-pela-prefeitura\/#article","isPartOf":{"@id":"https:\/\/brasilnoticias.org\/site\/plano-de-carreira-da-guarda-municipal-e-aumento-do-efetivo-da-categoria-e-sancionado-pela-prefeitura\/"},"author":{"name":"Reda\u00e7\u00e3o","@id":"https:\/\/brasilnoticias.org\/site\/#\/schema\/person\/f609fa847b5314f1c8b983342f34c798"},"headline":"PLANO DE CARREIRA DA GUARDA MUNICIPAL E AUMENTO DO EFETIVO DA CATEGORIA \u00c9 SANCIONADO PELA PREFEITURA","datePublished":"2022-05-20T18:09:19+00:00","mainEntityOfPage":{"@id":"https:\/\/brasilnoticias.org\/site\/plano-de-carreira-da-guarda-municipal-e-aumento-do-efetivo-da-categoria-e-sancionado-pela-prefeitura\/"},"wordCount":615,"commentCount":0,"publisher":{"@id":"https:\/\/brasilnoticias.org\/site\/#organization"},"image":{"@id":"https:\/\/brasilnoticias.org\/site\/plano-de-carreira-da-guarda-municipal-e-aumento-do-efetivo-da-categoria-e-sancionado-pela-prefeitura\/#primaryimage"},"thumbnailUrl":"https:\/\/brasilnoticias.org\/site\/wp-content\/uploads\/2022\/05\/plano-de-carreira-da-guarda-municipal-e-aumento-do-efetivo-da-categoria-e-sancionado-pela-prefeitura_widelg.jpeg","articleSection":["Pol\u00edtica","\u00daltimas"],"inLanguage":"pt-PT","potentialAction":[{"@type":"CommentAction","name":"Comment","target":["https:\/\/brasilnoticias.org\/site\/plano-de-carreira-da-guarda-municipal-e-aumento-do-efetivo-da-categoria-e-sancionado-pela-prefeitura\/#respond"]}]},{"@type":"WebPage","@id":"https:\/\/brasilnoticias.org\/site\/plano-de-carreira-da-guarda-municipal-e-aumento-do-efetivo-da-categoria-e-sancionado-pela-prefeitura\/","url":"https:\/\/brasilnoticias.org\/site\/plano-de-carreira-da-guarda-municipal-e-aumento-do-efetivo-da-categoria-e-sancionado-pela-prefeitura\/","name":"PLANO DE CARREIRA DA GUARDA MUNICIPAL E AUMENTO DO EFETIVO DA CATEGORIA \u00c9 SANCIONADO PELA PREFEITURA - Brasil not\u00edcias","isPartOf":{"@id":"https:\/\/brasilnoticias.org\/site\/#website"},"primaryImageOfPage":{"@id":"https:\/\/brasilnoticias.org\/site\/plano-de-carreira-da-guarda-municipal-e-aumento-do-efetivo-da-categoria-e-sancionado-pela-prefeitura\/#primaryimage"},"image":{"@id":"https:\/\/brasilnoticias.org\/site\/plano-de-carreira-da-guarda-municipal-e-aumento-do-efetivo-da-categoria-e-sancionado-pela-prefeitura\/#primaryimage"},"thumbnailUrl":"https:\/\/brasilnoticias.org\/site\/wp-content\/uploads\/2022\/05\/plano-de-carreira-da-guarda-municipal-e-aumento-do-efetivo-da-categoria-e-sancionado-pela-prefeitura_widelg.jpeg","datePublished":"2022-05-20T18:09:19+00:00","breadcrumb":{"@id":"https:\/\/brasilnoticias.org\/site\/plano-de-carreira-da-guarda-municipal-e-aumento-do-efetivo-da-categoria-e-sancionado-pela-prefeitura\/#breadcrumb"},"inLanguage":"pt-PT","potentialAction":[{"@type":"ReadAction","target":["https:\/\/brasilnoticias.org\/site\/plano-de-carreira-da-guarda-municipal-e-aumento-do-efetivo-da-categoria-e-sancionado-pela-prefeitura\/"]}]},{"@type":"ImageObject","inLanguage":"pt-PT","@id":"https:\/\/brasilnoticias.org\/site\/plano-de-carreira-da-guarda-municipal-e-aumento-do-efetivo-da-categoria-e-sancionado-pela-prefeitura\/#primaryimage","url":"https:\/\/brasilnoticias.org\/site\/wp-content\/uploads\/2022\/05\/plano-de-carreira-da-guarda-municipal-e-aumento-do-efetivo-da-categoria-e-sancionado-pela-prefeitura_widelg.jpeg","contentUrl":"https:\/\/brasilnoticias.org\/site\/wp-content\/uploads\/2022\/05\/plano-de-carreira-da-guarda-municipal-e-aumento-do-efetivo-da-categoria-e-sancionado-pela-prefeitura_widelg.jpeg","width":800,"height":450},{"@type":"BreadcrumbList","@id":"https:\/\/brasilnoticias.org\/site\/plano-de-carreira-da-guarda-municipal-e-aumento-do-efetivo-da-categoria-e-sancionado-pela-prefeitura\/#breadcrumb","itemListElement":[{"@type":"ListItem","position":1,"name":"In\u00edcio","item":"https:\/\/brasilnoticias.org\/site\/"},{"@type":"ListItem","position":2,"name":"PLANO DE CARREIRA DA GUARDA MUNICIPAL E AUMENTO DO EFETIVO DA CATEGORIA \u00c9 SANCIONADO PELA PREFEITURA"}]},{"@type":"WebSite","@id":"https:\/\/brasilnoticias.org\/site\/#website","url":"https:\/\/brasilnoticias.org\/site\/","name":"Brasil not\u00edcias","description":"Brasil not\u00edcias","publisher":{"@id":"https:\/\/brasilnoticias.org\/site\/#organization"},"potentialAction":[{"@type":"SearchAction","target":{"@type":"EntryPoint","urlTemplate":"https:\/\/brasilnoticias.org\/site\/?s={search_term_string}"},"query-input":{"@type":"PropertyValueSpecification","valueRequired":true,"valueName":"search_term_string"}}],"inLanguage":"pt-PT"},{"@type":"Organization","@id":"https:\/\/brasilnoticias.org\/site\/#organization","name":"Brasil not\u00edcias","url":"https:\/\/brasilnoticias.org\/site\/","logo":{"@type":"ImageObject","inLanguage":"pt-PT","@id":"https:\/\/brasilnoticias.org\/site\/#\/schema\/logo\/image\/","url":"https:\/\/brasilnoticias.org\/site\/wp-content\/uploads\/2022\/05\/cropped-brasilnoticias-mini.jpg","contentUrl":"https:\/\/brasilnoticias.org\/site\/wp-content\/uploads\/2022\/05\/cropped-brasilnoticias-mini.jpg","width":314,"height":86,"caption":"Brasil not\u00edcias"},"image":{"@id":"https:\/\/brasilnoticias.org\/site\/#\/schema\/logo\/image\/"}},{"@type":"Person","@id":"https:\/\/brasilnoticias.org\/site\/#\/schema\/person\/f609fa847b5314f1c8b983342f34c798","name":"Reda\u00e7\u00e3o","image":{"@type":"ImageObject","inLanguage":"pt-PT","@id":"https:\/\/brasilnoticias.org\/site\/#\/schema\/person\/image\/","url":"https:\/\/secure.gravatar.com\/avatar\/447284c06c1ad8b46465a36de9cd0d8326b73387a22799b8b1ffb1fbcff2ed0c?s=96&d=mm&r=g","contentUrl":"https:\/\/secure.gravatar.com\/avatar\/447284c06c1ad8b46465a36de9cd0d8326b73387a22799b8b1ffb1fbcff2ed0c?s=96&d=mm&r=g","caption":"Reda\u00e7\u00e3o"},"url":"https:\/\/brasilnoticias.org\/site\/author\/redacao\/"}]}},"_links":{"self":[{"href":"https:\/\/brasilnoticias.org\/site\/wp-json\/wp\/v2\/posts\/384","targetHints":{"allow":["GET"]}}],"collection":[{"href":"https:\/\/brasilnoticias.org\/site\/wp-json\/wp\/v2\/posts"}],"about":[{"href":"https:\/\/brasilnoticias.org\/site\/wp-json\/wp\/v2\/types\/post"}],"author":[{"embeddable":true,"href":"https:\/\/brasilnoticias.org\/site\/wp-json\/wp\/v2\/users\/2"}],"replies":[{"embeddable":true,"href":"https:\/\/brasilnoticias.org\/site\/wp-json\/wp\/v2\/comments?post=384"}],"version-history":[{"count":1,"href":"https:\/\/brasilnoticias.org\/site\/wp-json\/wp\/v2\/posts\/384\/revisions"}],"predecessor-version":[{"id":386,"href":"https:\/\/brasilnoticias.org\/site\/wp-json\/wp\/v2\/posts\/384\/revisions\/386"}],"wp:featuredmedia":[{"embeddable":true,"href":"https:\/\/brasilnoticias.org\/site\/wp-json\/wp\/v2\/media\/385"}],"wp:attachment":[{"href":"https:\/\/brasilnoticias.org\/site\/wp-json\/wp\/v2\/media?parent=384"}],"wp:term":[{"taxonomy":"category","embeddable":true,"href":"https:\/\/brasilnoticias.org\/site\/wp-json\/wp\/v2\/categories?post=384"},{"taxonomy":"post_tag","embeddable":true,"href":"https:\/\/brasilnoticias.org\/site\/wp-json\/wp\/v2\/tags?post=384"}],"curies":[{"name":"wp","href":"https:\/\/api.w.org\/{rel}","templated":true}]}}