{"id":3841,"date":"2023-02-10T08:10:32","date_gmt":"2023-02-10T11:10:32","guid":{"rendered":"https:\/\/brasilnoticias.org\/site\/?p=3841"},"modified":"2023-02-10T08:10:32","modified_gmt":"2023-02-10T11:10:32","slug":"leo-megga-vira-febre-em-toda-parte-do-brasil","status":"publish","type":"post","link":"https:\/\/brasilnoticias.org\/site\/leo-megga-vira-febre-em-toda-parte-do-brasil\/","title":{"rendered":"L\u00c9O MEGGA VIRA FEBRE EM TODA PARTE DO BRASIL"},"content":{"rendered":"<p>Artista Carioca e tamb\u00e9m cantor, L\u00e9o Megga viaja pelo pa\u00eds cantando can\u00e7\u00f5es para o p\u00fablico infantil.<br \/>\n&#8220;Voz do Hit&#8221; &#8220;Aquecimento do L\u00e9o Megga&#8221; tem sido as musicas mais baixadas e utilizadas nos \u00faltimos anos pelas plataformas digitais para a garotada, com mais de 4 milh\u00f5es de visualiza\u00e7\u00f5es em seu canal.<br \/>\nO artista j\u00e1 se apresentou em programas de TV e Shows no Rio de Janeiro, S\u00e3o Paulo, Minas Gerais, Belo Horizonte, Rio Grande do Sul, Esp\u00edrito Santo, Bel\u00e9m, Cuiab\u00e1, e tamb\u00e9m com apresenta\u00e7\u00e3o especial no Paran\u00e1 onde lan\u00e7ou a m\u00fasica &#8220;Rodadinho&#8221; com &#8220;Chiquinho&#8221; Ex apresentador do Programa da Eliana<\/p>\n<p style=\"text-align: center;\"><img loading=\"lazy\" decoding=\"async\" class=\"alignnone size-full wp-image-3842\" src=\"https:\/\/brasilnoticias.org\/site\/wp-content\/uploads\/2023\/02\/WhatsApp-Image-2023-02-10-at-08.00.49-1.jpeg\" alt=\"\" width=\"1280\" height=\"853\" srcset=\"https:\/\/brasilnoticias.org\/site\/wp-content\/uploads\/2023\/02\/WhatsApp-Image-2023-02-10-at-08.00.49-1.jpeg 1280w, https:\/\/brasilnoticias.org\/site\/wp-content\/uploads\/2023\/02\/WhatsApp-Image-2023-02-10-at-08.00.49-1-500x333.jpeg 500w, https:\/\/brasilnoticias.org\/site\/wp-content\/uploads\/2023\/02\/WhatsApp-Image-2023-02-10-at-08.00.49-1-768x512.jpeg 768w\" sizes=\"auto, (max-width: 1280px) 100vw, 1280px\" \/><\/p>\n<p>&nbsp;<\/p>\n<p>L\u00e9o soma uma grande trajet\u00f3ria de sucesso com participa\u00e7\u00e3o em novelas (Malha\u00e7\u00e3o), Programa do Faust\u00e3o, Crian\u00e7a Esperan\u00e7a, Programa da Andr\u00e9a Sorvet\u00e3o.<br \/>\nNo teatro participou dos espet\u00e1culos: O Di\u00e1rio de D\u00e9bora, Confus\u00e3o de adolescente e Cinderela O Musical.<br \/>\nNeste m\u00eas de Fevereiro, L\u00e9o, aterriza em solo Baiano (SSA) para somar com o seu legado na Terra do Ax\u00e9.<br \/>\nPara acompanhar o artista ou solicitar or\u00e7amento para shows: Contato Booking Agente 71 99721-6483<br \/>\nInstagram: @leomegga<br \/>\nE-mail: gabiticaproducoes@gmail.com<\/p>\n","protected":false},"excerpt":{"rendered":"<p>Artista Carioca e tamb\u00e9m cantor, L\u00e9o Megga viaja pelo pa\u00eds cantando can\u00e7\u00f5es para o p\u00fablico infantil. &#8220;Voz do Hit&#8221; &#8220;Aquecimento<\/p>\n","protected":false},"author":1,"featured_media":3843,"comment_status":"open","ping_status":"open","sticky":false,"template":"","format":"standard","meta":{"colormag_page_container_layout":"default_layout","colormag_page_sidebar_layout":"default_layout","_FSMCFIC_featured_image_caption":"","_FSMCFIC_featured_image_nocaption":"","_FSMCFIC_featured_image_hide":"","footnotes":""},"categories":[2],"tags":[],"class_list":["post-3841","post","type-post","status-publish","format-standard","has-post-thumbnail","hentry","category-noticias"],"yoast_head":"<!-- This site is optimized with the Yoast SEO plugin v27.1.1 - https:\/\/yoast.com\/product\/yoast-seo-wordpress\/ -->\n<title>L\u00c9O MEGGA VIRA FEBRE EM TODA PARTE DO BRASIL - Brasil not\u00edcias<\/title>\n<meta name=\"robots\" content=\"index, follow, max-snippet:-1, max-image-preview:large, max-video-preview:-1\" \/>\n<link rel=\"canonical\" href=\"https:\/\/brasilnoticias.org\/site\/leo-megga-vira-febre-em-toda-parte-do-brasil\/\" \/>\n<meta property=\"og:locale\" content=\"pt_PT\" \/>\n<meta property=\"og:type\" content=\"article\" \/>\n<meta property=\"og:title\" content=\"L\u00c9O MEGGA VIRA FEBRE EM TODA PARTE DO BRASIL - Brasil not\u00edcias\" \/>\n<meta property=\"og:description\" content=\"Artista Carioca e tamb\u00e9m cantor, L\u00e9o Megga viaja pelo pa\u00eds cantando can\u00e7\u00f5es para o p\u00fablico infantil. &#8220;Voz do Hit&#8221; &#8220;Aquecimento\" \/>\n<meta property=\"og:url\" content=\"https:\/\/brasilnoticias.org\/site\/leo-megga-vira-febre-em-toda-parte-do-brasil\/\" \/>\n<meta property=\"og:site_name\" content=\"Brasil not\u00edcias\" \/>\n<meta property=\"article:published_time\" content=\"2023-02-10T11:10:32+00:00\" \/>\n<meta property=\"og:image\" content=\"https:\/\/brasilnoticias.org\/site\/wp-content\/uploads\/2023\/02\/WhatsApp-Image-2023-02-10-at-08.00.49.jpeg\" \/>\n\t<meta property=\"og:image:width\" content=\"1296\" \/>\n\t<meta property=\"og:image:height\" content=\"864\" \/>\n\t<meta property=\"og:image:type\" content=\"image\/jpeg\" \/>\n<meta name=\"author\" content=\"Reda\u00e7\u00e3o\" \/>\n<meta name=\"twitter:card\" content=\"summary_large_image\" \/>\n<meta name=\"twitter:label1\" content=\"Escrito por\" \/>\n\t<meta name=\"twitter:data1\" content=\"Reda\u00e7\u00e3o\" \/>\n\t<meta name=\"twitter:label2\" content=\"Tempo estimado de leitura\" \/>\n\t<meta name=\"twitter:data2\" content=\"1 minuto\" \/>\n<script type=\"application\/ld+json\" class=\"yoast-schema-graph\">{\"@context\":\"https:\/\/schema.org\",\"@graph\":[{\"@type\":\"Article\",\"@id\":\"https:\/\/brasilnoticias.org\/site\/leo-megga-vira-febre-em-toda-parte-do-brasil\/#article\",\"isPartOf\":{\"@id\":\"https:\/\/brasilnoticias.org\/site\/leo-megga-vira-febre-em-toda-parte-do-brasil\/\"},\"author\":{\"name\":\"Reda\u00e7\u00e3o\",\"@id\":\"https:\/\/brasilnoticias.org\/site\/#\/schema\/person\/a0e05b973ec4d15c658d51911e53507b\"},\"headline\":\"L\u00c9O MEGGA VIRA FEBRE EM TODA PARTE DO BRASIL\",\"datePublished\":\"2023-02-10T11:10:32+00:00\",\"mainEntityOfPage\":{\"@id\":\"https:\/\/brasilnoticias.org\/site\/leo-megga-vira-febre-em-toda-parte-do-brasil\/\"},\"wordCount\":216,\"commentCount\":0,\"publisher\":{\"@id\":\"https:\/\/brasilnoticias.org\/site\/#organization\"},\"image\":{\"@id\":\"https:\/\/brasilnoticias.org\/site\/leo-megga-vira-febre-em-toda-parte-do-brasil\/#primaryimage\"},\"thumbnailUrl\":\"https:\/\/brasilnoticias.org\/site\/wp-content\/uploads\/2023\/02\/WhatsApp-Image-2023-02-10-at-08.00.49.jpeg\",\"articleSection\":[\"Not\u00edcias\"],\"inLanguage\":\"pt-PT\",\"potentialAction\":[{\"@type\":\"CommentAction\",\"name\":\"Comment\",\"target\":[\"https:\/\/brasilnoticias.org\/site\/leo-megga-vira-febre-em-toda-parte-do-brasil\/#respond\"]}]},{\"@type\":\"WebPage\",\"@id\":\"https:\/\/brasilnoticias.org\/site\/leo-megga-vira-febre-em-toda-parte-do-brasil\/\",\"url\":\"https:\/\/brasilnoticias.org\/site\/leo-megga-vira-febre-em-toda-parte-do-brasil\/\",\"name\":\"L\u00c9O MEGGA VIRA FEBRE EM TODA PARTE DO BRASIL - Brasil not\u00edcias\",\"isPartOf\":{\"@id\":\"https:\/\/brasilnoticias.org\/site\/#website\"},\"primaryImageOfPage\":{\"@id\":\"https:\/\/brasilnoticias.org\/site\/leo-megga-vira-febre-em-toda-parte-do-brasil\/#primaryimage\"},\"image\":{\"@id\":\"https:\/\/brasilnoticias.org\/site\/leo-megga-vira-febre-em-toda-parte-do-brasil\/#primaryimage\"},\"thumbnailUrl\":\"https:\/\/brasilnoticias.org\/site\/wp-content\/uploads\/2023\/02\/WhatsApp-Image-2023-02-10-at-08.00.49.jpeg\",\"datePublished\":\"2023-02-10T11:10:32+00:00\",\"breadcrumb\":{\"@id\":\"https:\/\/brasilnoticias.org\/site\/leo-megga-vira-febre-em-toda-parte-do-brasil\/#breadcrumb\"},\"inLanguage\":\"pt-PT\",\"potentialAction\":[{\"@type\":\"ReadAction\",\"target\":[\"https:\/\/brasilnoticias.org\/site\/leo-megga-vira-febre-em-toda-parte-do-brasil\/\"]}]},{\"@type\":\"ImageObject\",\"inLanguage\":\"pt-PT\",\"@id\":\"https:\/\/brasilnoticias.org\/site\/leo-megga-vira-febre-em-toda-parte-do-brasil\/#primaryimage\",\"url\":\"https:\/\/brasilnoticias.org\/site\/wp-content\/uploads\/2023\/02\/WhatsApp-Image-2023-02-10-at-08.00.49.jpeg\",\"contentUrl\":\"https:\/\/brasilnoticias.org\/site\/wp-content\/uploads\/2023\/02\/WhatsApp-Image-2023-02-10-at-08.00.49.jpeg\",\"width\":1296,\"height\":864},{\"@type\":\"BreadcrumbList\",\"@id\":\"https:\/\/brasilnoticias.org\/site\/leo-megga-vira-febre-em-toda-parte-do-brasil\/#breadcrumb\",\"itemListElement\":[{\"@type\":\"ListItem\",\"position\":1,\"name\":\"In\u00edcio\",\"item\":\"https:\/\/brasilnoticias.org\/site\/\"},{\"@type\":\"ListItem\",\"position\":2,\"name\":\"L\u00c9O MEGGA VIRA FEBRE EM TODA PARTE DO BRASIL\"}]},{\"@type\":\"WebSite\",\"@id\":\"https:\/\/brasilnoticias.org\/site\/#website\",\"url\":\"https:\/\/brasilnoticias.org\/site\/\",\"name\":\"Brasil not\u00edcias\",\"description\":\"Brasil not\u00edcias\",\"publisher\":{\"@id\":\"https:\/\/brasilnoticias.org\/site\/#organization\"},\"potentialAction\":[{\"@type\":\"SearchAction\",\"target\":{\"@type\":\"EntryPoint\",\"urlTemplate\":\"https:\/\/brasilnoticias.org\/site\/?s={search_term_string}\"},\"query-input\":{\"@type\":\"PropertyValueSpecification\",\"valueRequired\":true,\"valueName\":\"search_term_string\"}}],\"inLanguage\":\"pt-PT\"},{\"@type\":\"Organization\",\"@id\":\"https:\/\/brasilnoticias.org\/site\/#organization\",\"name\":\"Brasil not\u00edcias\",\"url\":\"https:\/\/brasilnoticias.org\/site\/\",\"logo\":{\"@type\":\"ImageObject\",\"inLanguage\":\"pt-PT\",\"@id\":\"https:\/\/brasilnoticias.org\/site\/#\/schema\/logo\/image\/\",\"url\":\"https:\/\/brasilnoticias.org\/site\/wp-content\/uploads\/2022\/05\/cropped-brasilnoticias-mini.jpg\",\"contentUrl\":\"https:\/\/brasilnoticias.org\/site\/wp-content\/uploads\/2022\/05\/cropped-brasilnoticias-mini.jpg\",\"width\":314,\"height\":86,\"caption\":\"Brasil not\u00edcias\"},\"image\":{\"@id\":\"https:\/\/brasilnoticias.org\/site\/#\/schema\/logo\/image\/\"}},{\"@type\":\"Person\",\"@id\":\"https:\/\/brasilnoticias.org\/site\/#\/schema\/person\/a0e05b973ec4d15c658d51911e53507b\",\"name\":\"Reda\u00e7\u00e3o\",\"image\":{\"@type\":\"ImageObject\",\"inLanguage\":\"pt-PT\",\"@id\":\"https:\/\/brasilnoticias.org\/site\/#\/schema\/person\/image\/\",\"url\":\"https:\/\/secure.gravatar.com\/avatar\/75d8b050df2de108b08ae78dfb8e374892df24a383c67db9c46a9c604f6aee9c?s=96&d=mm&r=g\",\"contentUrl\":\"https:\/\/secure.gravatar.com\/avatar\/75d8b050df2de108b08ae78dfb8e374892df24a383c67db9c46a9c604f6aee9c?s=96&d=mm&r=g\",\"caption\":\"Reda\u00e7\u00e3o\"},\"sameAs\":[\"https:\/\/brasilnoticias.org\/site\"],\"url\":\"https:\/\/brasilnoticias.org\/site\/author\/fernandozsngmail-com\/\"}]}<\/script>\n<!-- \/ Yoast SEO plugin. -->","yoast_head_json":{"title":"L\u00c9O MEGGA VIRA FEBRE EM TODA PARTE DO BRASIL - Brasil not\u00edcias","robots":{"index":"index","follow":"follow","max-snippet":"max-snippet:-1","max-image-preview":"max-image-preview:large","max-video-preview":"max-video-preview:-1"},"canonical":"https:\/\/brasilnoticias.org\/site\/leo-megga-vira-febre-em-toda-parte-do-brasil\/","og_locale":"pt_PT","og_type":"article","og_title":"L\u00c9O MEGGA VIRA FEBRE EM TODA PARTE DO BRASIL - Brasil not\u00edcias","og_description":"Artista Carioca e tamb\u00e9m cantor, L\u00e9o Megga viaja pelo pa\u00eds cantando can\u00e7\u00f5es para o p\u00fablico infantil. &#8220;Voz do Hit&#8221; &#8220;Aquecimento","og_url":"https:\/\/brasilnoticias.org\/site\/leo-megga-vira-febre-em-toda-parte-do-brasil\/","og_site_name":"Brasil not\u00edcias","article_published_time":"2023-02-10T11:10:32+00:00","og_image":[{"width":1296,"height":864,"url":"https:\/\/brasilnoticias.org\/site\/wp-content\/uploads\/2023\/02\/WhatsApp-Image-2023-02-10-at-08.00.49.jpeg","type":"image\/jpeg"}],"author":"Reda\u00e7\u00e3o","twitter_card":"summary_large_image","twitter_misc":{"Escrito por":"Reda\u00e7\u00e3o","Tempo estimado de leitura":"1 minuto"},"schema":{"@context":"https:\/\/schema.org","@graph":[{"@type":"Article","@id":"https:\/\/brasilnoticias.org\/site\/leo-megga-vira-febre-em-toda-parte-do-brasil\/#article","isPartOf":{"@id":"https:\/\/brasilnoticias.org\/site\/leo-megga-vira-febre-em-toda-parte-do-brasil\/"},"author":{"name":"Reda\u00e7\u00e3o","@id":"https:\/\/brasilnoticias.org\/site\/#\/schema\/person\/a0e05b973ec4d15c658d51911e53507b"},"headline":"L\u00c9O MEGGA VIRA FEBRE EM TODA PARTE DO BRASIL","datePublished":"2023-02-10T11:10:32+00:00","mainEntityOfPage":{"@id":"https:\/\/brasilnoticias.org\/site\/leo-megga-vira-febre-em-toda-parte-do-brasil\/"},"wordCount":216,"commentCount":0,"publisher":{"@id":"https:\/\/brasilnoticias.org\/site\/#organization"},"image":{"@id":"https:\/\/brasilnoticias.org\/site\/leo-megga-vira-febre-em-toda-parte-do-brasil\/#primaryimage"},"thumbnailUrl":"https:\/\/brasilnoticias.org\/site\/wp-content\/uploads\/2023\/02\/WhatsApp-Image-2023-02-10-at-08.00.49.jpeg","articleSection":["Not\u00edcias"],"inLanguage":"pt-PT","potentialAction":[{"@type":"CommentAction","name":"Comment","target":["https:\/\/brasilnoticias.org\/site\/leo-megga-vira-febre-em-toda-parte-do-brasil\/#respond"]}]},{"@type":"WebPage","@id":"https:\/\/brasilnoticias.org\/site\/leo-megga-vira-febre-em-toda-parte-do-brasil\/","url":"https:\/\/brasilnoticias.org\/site\/leo-megga-vira-febre-em-toda-parte-do-brasil\/","name":"L\u00c9O MEGGA VIRA FEBRE EM TODA PARTE DO BRASIL - Brasil not\u00edcias","isPartOf":{"@id":"https:\/\/brasilnoticias.org\/site\/#website"},"primaryImageOfPage":{"@id":"https:\/\/brasilnoticias.org\/site\/leo-megga-vira-febre-em-toda-parte-do-brasil\/#primaryimage"},"image":{"@id":"https:\/\/brasilnoticias.org\/site\/leo-megga-vira-febre-em-toda-parte-do-brasil\/#primaryimage"},"thumbnailUrl":"https:\/\/brasilnoticias.org\/site\/wp-content\/uploads\/2023\/02\/WhatsApp-Image-2023-02-10-at-08.00.49.jpeg","datePublished":"2023-02-10T11:10:32+00:00","breadcrumb":{"@id":"https:\/\/brasilnoticias.org\/site\/leo-megga-vira-febre-em-toda-parte-do-brasil\/#breadcrumb"},"inLanguage":"pt-PT","potentialAction":[{"@type":"ReadAction","target":["https:\/\/brasilnoticias.org\/site\/leo-megga-vira-febre-em-toda-parte-do-brasil\/"]}]},{"@type":"ImageObject","inLanguage":"pt-PT","@id":"https:\/\/brasilnoticias.org\/site\/leo-megga-vira-febre-em-toda-parte-do-brasil\/#primaryimage","url":"https:\/\/brasilnoticias.org\/site\/wp-content\/uploads\/2023\/02\/WhatsApp-Image-2023-02-10-at-08.00.49.jpeg","contentUrl":"https:\/\/brasilnoticias.org\/site\/wp-content\/uploads\/2023\/02\/WhatsApp-Image-2023-02-10-at-08.00.49.jpeg","width":1296,"height":864},{"@type":"BreadcrumbList","@id":"https:\/\/brasilnoticias.org\/site\/leo-megga-vira-febre-em-toda-parte-do-brasil\/#breadcrumb","itemListElement":[{"@type":"ListItem","position":1,"name":"In\u00edcio","item":"https:\/\/brasilnoticias.org\/site\/"},{"@type":"ListItem","position":2,"name":"L\u00c9O MEGGA VIRA FEBRE EM TODA PARTE DO BRASIL"}]},{"@type":"WebSite","@id":"https:\/\/brasilnoticias.org\/site\/#website","url":"https:\/\/brasilnoticias.org\/site\/","name":"Brasil not\u00edcias","description":"Brasil not\u00edcias","publisher":{"@id":"https:\/\/brasilnoticias.org\/site\/#organization"},"potentialAction":[{"@type":"SearchAction","target":{"@type":"EntryPoint","urlTemplate":"https:\/\/brasilnoticias.org\/site\/?s={search_term_string}"},"query-input":{"@type":"PropertyValueSpecification","valueRequired":true,"valueName":"search_term_string"}}],"inLanguage":"pt-PT"},{"@type":"Organization","@id":"https:\/\/brasilnoticias.org\/site\/#organization","name":"Brasil not\u00edcias","url":"https:\/\/brasilnoticias.org\/site\/","logo":{"@type":"ImageObject","inLanguage":"pt-PT","@id":"https:\/\/brasilnoticias.org\/site\/#\/schema\/logo\/image\/","url":"https:\/\/brasilnoticias.org\/site\/wp-content\/uploads\/2022\/05\/cropped-brasilnoticias-mini.jpg","contentUrl":"https:\/\/brasilnoticias.org\/site\/wp-content\/uploads\/2022\/05\/cropped-brasilnoticias-mini.jpg","width":314,"height":86,"caption":"Brasil not\u00edcias"},"image":{"@id":"https:\/\/brasilnoticias.org\/site\/#\/schema\/logo\/image\/"}},{"@type":"Person","@id":"https:\/\/brasilnoticias.org\/site\/#\/schema\/person\/a0e05b973ec4d15c658d51911e53507b","name":"Reda\u00e7\u00e3o","image":{"@type":"ImageObject","inLanguage":"pt-PT","@id":"https:\/\/brasilnoticias.org\/site\/#\/schema\/person\/image\/","url":"https:\/\/secure.gravatar.com\/avatar\/75d8b050df2de108b08ae78dfb8e374892df24a383c67db9c46a9c604f6aee9c?s=96&d=mm&r=g","contentUrl":"https:\/\/secure.gravatar.com\/avatar\/75d8b050df2de108b08ae78dfb8e374892df24a383c67db9c46a9c604f6aee9c?s=96&d=mm&r=g","caption":"Reda\u00e7\u00e3o"},"sameAs":["https:\/\/brasilnoticias.org\/site"],"url":"https:\/\/brasilnoticias.org\/site\/author\/fernandozsngmail-com\/"}]}},"_links":{"self":[{"href":"https:\/\/brasilnoticias.org\/site\/wp-json\/wp\/v2\/posts\/3841","targetHints":{"allow":["GET"]}}],"collection":[{"href":"https:\/\/brasilnoticias.org\/site\/wp-json\/wp\/v2\/posts"}],"about":[{"href":"https:\/\/brasilnoticias.org\/site\/wp-json\/wp\/v2\/types\/post"}],"author":[{"embeddable":true,"href":"https:\/\/brasilnoticias.org\/site\/wp-json\/wp\/v2\/users\/1"}],"replies":[{"embeddable":true,"href":"https:\/\/brasilnoticias.org\/site\/wp-json\/wp\/v2\/comments?post=3841"}],"version-history":[{"count":1,"href":"https:\/\/brasilnoticias.org\/site\/wp-json\/wp\/v2\/posts\/3841\/revisions"}],"predecessor-version":[{"id":3844,"href":"https:\/\/brasilnoticias.org\/site\/wp-json\/wp\/v2\/posts\/3841\/revisions\/3844"}],"wp:featuredmedia":[{"embeddable":true,"href":"https:\/\/brasilnoticias.org\/site\/wp-json\/wp\/v2\/media\/3843"}],"wp:attachment":[{"href":"https:\/\/brasilnoticias.org\/site\/wp-json\/wp\/v2\/media?parent=3841"}],"wp:term":[{"taxonomy":"category","embeddable":true,"href":"https:\/\/brasilnoticias.org\/site\/wp-json\/wp\/v2\/categories?post=3841"},{"taxonomy":"post_tag","embeddable":true,"href":"https:\/\/brasilnoticias.org\/site\/wp-json\/wp\/v2\/tags?post=3841"}],"curies":[{"name":"wp","href":"https:\/\/api.w.org\/{rel}","templated":true}]}}