{"id":3850,"date":"2023-02-10T18:10:42","date_gmt":"2023-02-10T21:10:42","guid":{"rendered":"https:\/\/brasilnoticias.org\/site\/?p=3850"},"modified":"2023-02-10T16:34:11","modified_gmt":"2023-02-10T19:34:11","slug":"google-demite-brasileiros-em-meio-a-corte-global-de-12-mil-funcionarios","status":"publish","type":"post","link":"https:\/\/brasilnoticias.org\/site\/google-demite-brasileiros-em-meio-a-corte-global-de-12-mil-funcionarios\/","title":{"rendered":"Google demite brasileiros em meio a corte global de 12 mil funcion\u00e1rios"},"content":{"rendered":"<p>Funcion\u00e1rios brasileiros do Google anunciam em redes sociais que receberam o aviso de demiss\u00e3o da big tech nesta sexta-feira (10). O CEO da empresa, Sundar Pichai, havia informado um corte global de 12 mil trabalhadores no \u00faltimo dia 20.<\/p>\n<p>Entre os demitidos est\u00e3o colaboradores que ocupavam cargos de ger\u00eancia. As \u00e1reas afetadas foram produtos financeiros, YouTube, marketing e publicidade. Procurado, o Google Brasil confirmou que as demiss\u00f5es foram notificadas nesta sexta, mas n\u00e3o respondeu sobre a quantidade de postos cortados.<\/p>\n<p>Segundo a big tech, a opera\u00e7\u00e3o brasileira tem mais de mil funcion\u00e1rios.<\/p>\n<p>O CEO da Alphabet, Sundar Pichai, disse em um comunicado \u00e0 equipe, em janeiro, que a empresa reavaliou seus produtos, pessoas e prioridades, o que levou a cortes de empregos em diferentes regi\u00f5es geogr\u00e1ficas e produtos.<\/p>\n<p>A for\u00e7a de trabalho se expandiu rapidamente visando tempos melhores, mas agora a empresa enfrenta &#8220;uma realidade econ\u00f4mica diferente&#8221;, afirmou Pichai na ocasi\u00e3o.<\/p>\n<p>O Google tem concentrado esfor\u00e7os na \u00e1rea de intelig\u00eancia artificial generativa e, nesta segunda-feira (6) anunciou que ir\u00e1 abrir testes p\u00fablicos da sua pr\u00f3pria tecnologia para competir com o ChatGPT, o rob\u00f4 Bard. Na primeira apresenta\u00e7\u00e3o da IA, o chatbot inteligente do Google cometeu um erro, o que derrubou as a\u00e7\u00f5es da empresa em 8% naquele dia.<\/p>\n<p>A Alphabet, holding propriet\u00e1ria do Google, reduziu seu n\u00famero de empregados no momento em que a empresa enfrenta uma amea\u00e7a \u00e0 sua posi\u00e7\u00e3o de longa data no topo do setor de tecnologia. A Microsoft fechou uma parceria com a startup criadora do ChatGPT para incrementar suas ferramentas com recursos de intelig\u00eancia artificial.<\/p>\n<p>Os cortes em massa dos \u00faltimos meses, contudo, afetam grandes empresas de tecnologia no geral. A Microsoft planeja demitir 10 mil funcion\u00e1rios. A Amazon tamb\u00e9m comunicou, em 4 de janeiro, que o n\u00famero de demiss\u00f5es na empresa vai ultrapassar 18 mil. A Meta, dona do Facebook, desligou 11 mil pessoas no ano passado.<\/p>\n<p>Foto Shutterstock<\/p>\n<p>Not\u00edcias ao minuto<\/p>\n","protected":false},"excerpt":{"rendered":"<p>Funcion\u00e1rios brasileiros do Google anunciam em redes sociais que receberam o aviso de demiss\u00e3o da big tech nesta sexta-feira (10).<\/p>\n","protected":false},"author":1,"featured_media":3851,"comment_status":"open","ping_status":"open","sticky":false,"template":"","format":"standard","meta":{"colormag_page_container_layout":"default_layout","colormag_page_sidebar_layout":"default_layout","_FSMCFIC_featured_image_caption":"","_FSMCFIC_featured_image_nocaption":"","_FSMCFIC_featured_image_hide":"","footnotes":""},"categories":[2,1],"tags":[],"class_list":["post-3850","post","type-post","status-publish","format-standard","has-post-thumbnail","hentry","category-noticias","category-ultimas"],"yoast_head":"<!-- This site is optimized with the Yoast SEO plugin v27.1.1 - https:\/\/yoast.com\/product\/yoast-seo-wordpress\/ -->\n<title>Google demite brasileiros em meio a corte global de 12 mil funcion\u00e1rios - Brasil not\u00edcias<\/title>\n<meta name=\"robots\" content=\"index, follow, max-snippet:-1, max-image-preview:large, max-video-preview:-1\" \/>\n<link rel=\"canonical\" href=\"https:\/\/brasilnoticias.org\/site\/google-demite-brasileiros-em-meio-a-corte-global-de-12-mil-funcionarios\/\" \/>\n<meta property=\"og:locale\" content=\"pt_PT\" \/>\n<meta property=\"og:type\" content=\"article\" \/>\n<meta property=\"og:title\" content=\"Google demite brasileiros em meio a corte global de 12 mil funcion\u00e1rios - Brasil not\u00edcias\" \/>\n<meta property=\"og:description\" content=\"Funcion\u00e1rios brasileiros do Google anunciam em redes sociais que receberam o aviso de demiss\u00e3o da big tech nesta sexta-feira (10).\" \/>\n<meta property=\"og:url\" content=\"https:\/\/brasilnoticias.org\/site\/google-demite-brasileiros-em-meio-a-corte-global-de-12-mil-funcionarios\/\" \/>\n<meta property=\"og:site_name\" content=\"Brasil not\u00edcias\" \/>\n<meta property=\"article:published_time\" content=\"2023-02-10T21:10:42+00:00\" \/>\n<meta property=\"og:image\" content=\"https:\/\/brasilnoticias.org\/site\/wp-content\/uploads\/2023\/02\/naom_60083fac80433.jpg\" \/>\n\t<meta property=\"og:image:width\" content=\"960\" \/>\n\t<meta property=\"og:image:height\" content=\"540\" \/>\n\t<meta property=\"og:image:type\" content=\"image\/jpeg\" \/>\n<meta name=\"author\" content=\"Reda\u00e7\u00e3o\" \/>\n<meta name=\"twitter:card\" content=\"summary_large_image\" \/>\n<meta name=\"twitter:label1\" content=\"Escrito por\" \/>\n\t<meta name=\"twitter:data1\" content=\"Reda\u00e7\u00e3o\" \/>\n\t<meta name=\"twitter:label2\" content=\"Tempo estimado de leitura\" \/>\n\t<meta name=\"twitter:data2\" content=\"2 minutos\" \/>\n<script type=\"application\/ld+json\" class=\"yoast-schema-graph\">{\"@context\":\"https:\/\/schema.org\",\"@graph\":[{\"@type\":\"Article\",\"@id\":\"https:\/\/brasilnoticias.org\/site\/google-demite-brasileiros-em-meio-a-corte-global-de-12-mil-funcionarios\/#article\",\"isPartOf\":{\"@id\":\"https:\/\/brasilnoticias.org\/site\/google-demite-brasileiros-em-meio-a-corte-global-de-12-mil-funcionarios\/\"},\"author\":{\"name\":\"Reda\u00e7\u00e3o\",\"@id\":\"https:\/\/brasilnoticias.org\/site\/#\/schema\/person\/a0e05b973ec4d15c658d51911e53507b\"},\"headline\":\"Google demite brasileiros em meio a corte global de 12 mil funcion\u00e1rios\",\"datePublished\":\"2023-02-10T21:10:42+00:00\",\"mainEntityOfPage\":{\"@id\":\"https:\/\/brasilnoticias.org\/site\/google-demite-brasileiros-em-meio-a-corte-global-de-12-mil-funcionarios\/\"},\"wordCount\":348,\"commentCount\":0,\"publisher\":{\"@id\":\"https:\/\/brasilnoticias.org\/site\/#organization\"},\"image\":{\"@id\":\"https:\/\/brasilnoticias.org\/site\/google-demite-brasileiros-em-meio-a-corte-global-de-12-mil-funcionarios\/#primaryimage\"},\"thumbnailUrl\":\"https:\/\/brasilnoticias.org\/site\/wp-content\/uploads\/2023\/02\/naom_60083fac80433.jpg\",\"articleSection\":[\"Not\u00edcias\",\"\u00daltimas\"],\"inLanguage\":\"pt-PT\",\"potentialAction\":[{\"@type\":\"CommentAction\",\"name\":\"Comment\",\"target\":[\"https:\/\/brasilnoticias.org\/site\/google-demite-brasileiros-em-meio-a-corte-global-de-12-mil-funcionarios\/#respond\"]}]},{\"@type\":\"WebPage\",\"@id\":\"https:\/\/brasilnoticias.org\/site\/google-demite-brasileiros-em-meio-a-corte-global-de-12-mil-funcionarios\/\",\"url\":\"https:\/\/brasilnoticias.org\/site\/google-demite-brasileiros-em-meio-a-corte-global-de-12-mil-funcionarios\/\",\"name\":\"Google demite brasileiros em meio a corte global de 12 mil funcion\u00e1rios - Brasil not\u00edcias\",\"isPartOf\":{\"@id\":\"https:\/\/brasilnoticias.org\/site\/#website\"},\"primaryImageOfPage\":{\"@id\":\"https:\/\/brasilnoticias.org\/site\/google-demite-brasileiros-em-meio-a-corte-global-de-12-mil-funcionarios\/#primaryimage\"},\"image\":{\"@id\":\"https:\/\/brasilnoticias.org\/site\/google-demite-brasileiros-em-meio-a-corte-global-de-12-mil-funcionarios\/#primaryimage\"},\"thumbnailUrl\":\"https:\/\/brasilnoticias.org\/site\/wp-content\/uploads\/2023\/02\/naom_60083fac80433.jpg\",\"datePublished\":\"2023-02-10T21:10:42+00:00\",\"breadcrumb\":{\"@id\":\"https:\/\/brasilnoticias.org\/site\/google-demite-brasileiros-em-meio-a-corte-global-de-12-mil-funcionarios\/#breadcrumb\"},\"inLanguage\":\"pt-PT\",\"potentialAction\":[{\"@type\":\"ReadAction\",\"target\":[\"https:\/\/brasilnoticias.org\/site\/google-demite-brasileiros-em-meio-a-corte-global-de-12-mil-funcionarios\/\"]}]},{\"@type\":\"ImageObject\",\"inLanguage\":\"pt-PT\",\"@id\":\"https:\/\/brasilnoticias.org\/site\/google-demite-brasileiros-em-meio-a-corte-global-de-12-mil-funcionarios\/#primaryimage\",\"url\":\"https:\/\/brasilnoticias.org\/site\/wp-content\/uploads\/2023\/02\/naom_60083fac80433.jpg\",\"contentUrl\":\"https:\/\/brasilnoticias.org\/site\/wp-content\/uploads\/2023\/02\/naom_60083fac80433.jpg\",\"width\":960,\"height\":540},{\"@type\":\"BreadcrumbList\",\"@id\":\"https:\/\/brasilnoticias.org\/site\/google-demite-brasileiros-em-meio-a-corte-global-de-12-mil-funcionarios\/#breadcrumb\",\"itemListElement\":[{\"@type\":\"ListItem\",\"position\":1,\"name\":\"In\u00edcio\",\"item\":\"https:\/\/brasilnoticias.org\/site\/\"},{\"@type\":\"ListItem\",\"position\":2,\"name\":\"Google demite brasileiros em meio a corte global de 12 mil funcion\u00e1rios\"}]},{\"@type\":\"WebSite\",\"@id\":\"https:\/\/brasilnoticias.org\/site\/#website\",\"url\":\"https:\/\/brasilnoticias.org\/site\/\",\"name\":\"Brasil not\u00edcias\",\"description\":\"Brasil not\u00edcias\",\"publisher\":{\"@id\":\"https:\/\/brasilnoticias.org\/site\/#organization\"},\"potentialAction\":[{\"@type\":\"SearchAction\",\"target\":{\"@type\":\"EntryPoint\",\"urlTemplate\":\"https:\/\/brasilnoticias.org\/site\/?s={search_term_string}\"},\"query-input\":{\"@type\":\"PropertyValueSpecification\",\"valueRequired\":true,\"valueName\":\"search_term_string\"}}],\"inLanguage\":\"pt-PT\"},{\"@type\":\"Organization\",\"@id\":\"https:\/\/brasilnoticias.org\/site\/#organization\",\"name\":\"Brasil not\u00edcias\",\"url\":\"https:\/\/brasilnoticias.org\/site\/\",\"logo\":{\"@type\":\"ImageObject\",\"inLanguage\":\"pt-PT\",\"@id\":\"https:\/\/brasilnoticias.org\/site\/#\/schema\/logo\/image\/\",\"url\":\"https:\/\/brasilnoticias.org\/site\/wp-content\/uploads\/2022\/05\/cropped-brasilnoticias-mini.jpg\",\"contentUrl\":\"https:\/\/brasilnoticias.org\/site\/wp-content\/uploads\/2022\/05\/cropped-brasilnoticias-mini.jpg\",\"width\":314,\"height\":86,\"caption\":\"Brasil not\u00edcias\"},\"image\":{\"@id\":\"https:\/\/brasilnoticias.org\/site\/#\/schema\/logo\/image\/\"}},{\"@type\":\"Person\",\"@id\":\"https:\/\/brasilnoticias.org\/site\/#\/schema\/person\/a0e05b973ec4d15c658d51911e53507b\",\"name\":\"Reda\u00e7\u00e3o\",\"image\":{\"@type\":\"ImageObject\",\"inLanguage\":\"pt-PT\",\"@id\":\"https:\/\/brasilnoticias.org\/site\/#\/schema\/person\/image\/\",\"url\":\"https:\/\/secure.gravatar.com\/avatar\/75d8b050df2de108b08ae78dfb8e374892df24a383c67db9c46a9c604f6aee9c?s=96&d=mm&r=g\",\"contentUrl\":\"https:\/\/secure.gravatar.com\/avatar\/75d8b050df2de108b08ae78dfb8e374892df24a383c67db9c46a9c604f6aee9c?s=96&d=mm&r=g\",\"caption\":\"Reda\u00e7\u00e3o\"},\"sameAs\":[\"https:\/\/brasilnoticias.org\/site\"],\"url\":\"https:\/\/brasilnoticias.org\/site\/author\/fernandozsngmail-com\/\"}]}<\/script>\n<!-- \/ Yoast SEO plugin. -->","yoast_head_json":{"title":"Google demite brasileiros em meio a corte global de 12 mil funcion\u00e1rios - Brasil not\u00edcias","robots":{"index":"index","follow":"follow","max-snippet":"max-snippet:-1","max-image-preview":"max-image-preview:large","max-video-preview":"max-video-preview:-1"},"canonical":"https:\/\/brasilnoticias.org\/site\/google-demite-brasileiros-em-meio-a-corte-global-de-12-mil-funcionarios\/","og_locale":"pt_PT","og_type":"article","og_title":"Google demite brasileiros em meio a corte global de 12 mil funcion\u00e1rios - Brasil not\u00edcias","og_description":"Funcion\u00e1rios brasileiros do Google anunciam em redes sociais que receberam o aviso de demiss\u00e3o da big tech nesta sexta-feira (10).","og_url":"https:\/\/brasilnoticias.org\/site\/google-demite-brasileiros-em-meio-a-corte-global-de-12-mil-funcionarios\/","og_site_name":"Brasil not\u00edcias","article_published_time":"2023-02-10T21:10:42+00:00","og_image":[{"width":960,"height":540,"url":"https:\/\/brasilnoticias.org\/site\/wp-content\/uploads\/2023\/02\/naom_60083fac80433.jpg","type":"image\/jpeg"}],"author":"Reda\u00e7\u00e3o","twitter_card":"summary_large_image","twitter_misc":{"Escrito por":"Reda\u00e7\u00e3o","Tempo estimado de leitura":"2 minutos"},"schema":{"@context":"https:\/\/schema.org","@graph":[{"@type":"Article","@id":"https:\/\/brasilnoticias.org\/site\/google-demite-brasileiros-em-meio-a-corte-global-de-12-mil-funcionarios\/#article","isPartOf":{"@id":"https:\/\/brasilnoticias.org\/site\/google-demite-brasileiros-em-meio-a-corte-global-de-12-mil-funcionarios\/"},"author":{"name":"Reda\u00e7\u00e3o","@id":"https:\/\/brasilnoticias.org\/site\/#\/schema\/person\/a0e05b973ec4d15c658d51911e53507b"},"headline":"Google demite brasileiros em meio a corte global de 12 mil funcion\u00e1rios","datePublished":"2023-02-10T21:10:42+00:00","mainEntityOfPage":{"@id":"https:\/\/brasilnoticias.org\/site\/google-demite-brasileiros-em-meio-a-corte-global-de-12-mil-funcionarios\/"},"wordCount":348,"commentCount":0,"publisher":{"@id":"https:\/\/brasilnoticias.org\/site\/#organization"},"image":{"@id":"https:\/\/brasilnoticias.org\/site\/google-demite-brasileiros-em-meio-a-corte-global-de-12-mil-funcionarios\/#primaryimage"},"thumbnailUrl":"https:\/\/brasilnoticias.org\/site\/wp-content\/uploads\/2023\/02\/naom_60083fac80433.jpg","articleSection":["Not\u00edcias","\u00daltimas"],"inLanguage":"pt-PT","potentialAction":[{"@type":"CommentAction","name":"Comment","target":["https:\/\/brasilnoticias.org\/site\/google-demite-brasileiros-em-meio-a-corte-global-de-12-mil-funcionarios\/#respond"]}]},{"@type":"WebPage","@id":"https:\/\/brasilnoticias.org\/site\/google-demite-brasileiros-em-meio-a-corte-global-de-12-mil-funcionarios\/","url":"https:\/\/brasilnoticias.org\/site\/google-demite-brasileiros-em-meio-a-corte-global-de-12-mil-funcionarios\/","name":"Google demite brasileiros em meio a corte global de 12 mil funcion\u00e1rios - Brasil not\u00edcias","isPartOf":{"@id":"https:\/\/brasilnoticias.org\/site\/#website"},"primaryImageOfPage":{"@id":"https:\/\/brasilnoticias.org\/site\/google-demite-brasileiros-em-meio-a-corte-global-de-12-mil-funcionarios\/#primaryimage"},"image":{"@id":"https:\/\/brasilnoticias.org\/site\/google-demite-brasileiros-em-meio-a-corte-global-de-12-mil-funcionarios\/#primaryimage"},"thumbnailUrl":"https:\/\/brasilnoticias.org\/site\/wp-content\/uploads\/2023\/02\/naom_60083fac80433.jpg","datePublished":"2023-02-10T21:10:42+00:00","breadcrumb":{"@id":"https:\/\/brasilnoticias.org\/site\/google-demite-brasileiros-em-meio-a-corte-global-de-12-mil-funcionarios\/#breadcrumb"},"inLanguage":"pt-PT","potentialAction":[{"@type":"ReadAction","target":["https:\/\/brasilnoticias.org\/site\/google-demite-brasileiros-em-meio-a-corte-global-de-12-mil-funcionarios\/"]}]},{"@type":"ImageObject","inLanguage":"pt-PT","@id":"https:\/\/brasilnoticias.org\/site\/google-demite-brasileiros-em-meio-a-corte-global-de-12-mil-funcionarios\/#primaryimage","url":"https:\/\/brasilnoticias.org\/site\/wp-content\/uploads\/2023\/02\/naom_60083fac80433.jpg","contentUrl":"https:\/\/brasilnoticias.org\/site\/wp-content\/uploads\/2023\/02\/naom_60083fac80433.jpg","width":960,"height":540},{"@type":"BreadcrumbList","@id":"https:\/\/brasilnoticias.org\/site\/google-demite-brasileiros-em-meio-a-corte-global-de-12-mil-funcionarios\/#breadcrumb","itemListElement":[{"@type":"ListItem","position":1,"name":"In\u00edcio","item":"https:\/\/brasilnoticias.org\/site\/"},{"@type":"ListItem","position":2,"name":"Google demite brasileiros em meio a corte global de 12 mil funcion\u00e1rios"}]},{"@type":"WebSite","@id":"https:\/\/brasilnoticias.org\/site\/#website","url":"https:\/\/brasilnoticias.org\/site\/","name":"Brasil not\u00edcias","description":"Brasil not\u00edcias","publisher":{"@id":"https:\/\/brasilnoticias.org\/site\/#organization"},"potentialAction":[{"@type":"SearchAction","target":{"@type":"EntryPoint","urlTemplate":"https:\/\/brasilnoticias.org\/site\/?s={search_term_string}"},"query-input":{"@type":"PropertyValueSpecification","valueRequired":true,"valueName":"search_term_string"}}],"inLanguage":"pt-PT"},{"@type":"Organization","@id":"https:\/\/brasilnoticias.org\/site\/#organization","name":"Brasil not\u00edcias","url":"https:\/\/brasilnoticias.org\/site\/","logo":{"@type":"ImageObject","inLanguage":"pt-PT","@id":"https:\/\/brasilnoticias.org\/site\/#\/schema\/logo\/image\/","url":"https:\/\/brasilnoticias.org\/site\/wp-content\/uploads\/2022\/05\/cropped-brasilnoticias-mini.jpg","contentUrl":"https:\/\/brasilnoticias.org\/site\/wp-content\/uploads\/2022\/05\/cropped-brasilnoticias-mini.jpg","width":314,"height":86,"caption":"Brasil not\u00edcias"},"image":{"@id":"https:\/\/brasilnoticias.org\/site\/#\/schema\/logo\/image\/"}},{"@type":"Person","@id":"https:\/\/brasilnoticias.org\/site\/#\/schema\/person\/a0e05b973ec4d15c658d51911e53507b","name":"Reda\u00e7\u00e3o","image":{"@type":"ImageObject","inLanguage":"pt-PT","@id":"https:\/\/brasilnoticias.org\/site\/#\/schema\/person\/image\/","url":"https:\/\/secure.gravatar.com\/avatar\/75d8b050df2de108b08ae78dfb8e374892df24a383c67db9c46a9c604f6aee9c?s=96&d=mm&r=g","contentUrl":"https:\/\/secure.gravatar.com\/avatar\/75d8b050df2de108b08ae78dfb8e374892df24a383c67db9c46a9c604f6aee9c?s=96&d=mm&r=g","caption":"Reda\u00e7\u00e3o"},"sameAs":["https:\/\/brasilnoticias.org\/site"],"url":"https:\/\/brasilnoticias.org\/site\/author\/fernandozsngmail-com\/"}]}},"_links":{"self":[{"href":"https:\/\/brasilnoticias.org\/site\/wp-json\/wp\/v2\/posts\/3850","targetHints":{"allow":["GET"]}}],"collection":[{"href":"https:\/\/brasilnoticias.org\/site\/wp-json\/wp\/v2\/posts"}],"about":[{"href":"https:\/\/brasilnoticias.org\/site\/wp-json\/wp\/v2\/types\/post"}],"author":[{"embeddable":true,"href":"https:\/\/brasilnoticias.org\/site\/wp-json\/wp\/v2\/users\/1"}],"replies":[{"embeddable":true,"href":"https:\/\/brasilnoticias.org\/site\/wp-json\/wp\/v2\/comments?post=3850"}],"version-history":[{"count":1,"href":"https:\/\/brasilnoticias.org\/site\/wp-json\/wp\/v2\/posts\/3850\/revisions"}],"predecessor-version":[{"id":3852,"href":"https:\/\/brasilnoticias.org\/site\/wp-json\/wp\/v2\/posts\/3850\/revisions\/3852"}],"wp:featuredmedia":[{"embeddable":true,"href":"https:\/\/brasilnoticias.org\/site\/wp-json\/wp\/v2\/media\/3851"}],"wp:attachment":[{"href":"https:\/\/brasilnoticias.org\/site\/wp-json\/wp\/v2\/media?parent=3850"}],"wp:term":[{"taxonomy":"category","embeddable":true,"href":"https:\/\/brasilnoticias.org\/site\/wp-json\/wp\/v2\/categories?post=3850"},{"taxonomy":"post_tag","embeddable":true,"href":"https:\/\/brasilnoticias.org\/site\/wp-json\/wp\/v2\/tags?post=3850"}],"curies":[{"name":"wp","href":"https:\/\/api.w.org\/{rel}","templated":true}]}}