{"id":3856,"date":"2023-02-10T18:30:18","date_gmt":"2023-02-10T21:30:18","guid":{"rendered":"https:\/\/brasilnoticias.org\/site\/?p=3856"},"modified":"2023-02-10T16:41:06","modified_gmt":"2023-02-10T19:41:06","slug":"veja-quais-as-pomadas-para-trancar-cabelo-foram-proibidas-pela-anvisa","status":"publish","type":"post","link":"https:\/\/brasilnoticias.org\/site\/veja-quais-as-pomadas-para-trancar-cabelo-foram-proibidas-pela-anvisa\/","title":{"rendered":"Veja quais as pomadas para tran\u00e7ar cabelo foram proibidas pela Anvisa"},"content":{"rendered":"<p>A Ag\u00eancia Nacional de Vigil\u00e2ncia Sanit\u00e1ria (Anvisa) proibiu nesta quinta-feira, 9, a comercializa\u00e7\u00e3o de todas as pomadas para modelar, tran\u00e7ar e fixar cabelos. A Anvisa tamb\u00e9m orienta que consumidores e profissionais de beleza n\u00e3o utilizem exemplares adquiridos anteriormente.<br \/>\nNesta semana, mais de 230 pessoas procuraram atendimento em unidades de sa\u00fade do Recife e da regi\u00e3o metropolitana ap\u00f3s casos de irrita\u00e7\u00e3o, dor e inflama\u00e7\u00e3o nos olhos. O uso de pomadas modeladoras para tran\u00e7as capilares pode estar por tr\u00e1s do problema, que ocorreu no fim de semana de pr\u00e9vias do carnaval.<\/p>\n<p>A medida, segundo a ag\u00eancia, \u00e9 &#8220;preventiva e tempor\u00e1ria para proteger a sa\u00fade da popula\u00e7\u00e3o&#8221;, enquanto segue investiga\u00e7\u00e3o sobre o aumento no n\u00famero de casos de efeitos indesej\u00e1veis graves associados ao uso desse tipo de produto.<\/p>\n<p>&#8220;A avalia\u00e7\u00e3o de risco feita pela Anvisa em conjunto com o Minist\u00e9rio da Sa\u00fade e vigil\u00e2ncias sanit\u00e1rias locais indica que, diante do n\u00famero de ocorr\u00eancias, distribui\u00e7\u00e3o geogr\u00e1fica e diversidade de marcas envolvidas, a medida mais segura \u00e9 interditar estes produtos at\u00e9 que todas as provid\u00eancias poss\u00edveis sejam adotadas para evitar novos eventos&#8221;, diz nota da ag\u00eancia.<\/p>\n<p>Os usu\u00e1rios relatam &#8220;cegueira tempor\u00e1ria (perda tempor\u00e1ria da vis\u00e3o), forte ard\u00eancia nos olhos, lacrimejamento intenso, coceira, vermelhid\u00e3o, incha\u00e7o ocular e dor de cabe\u00e7a&#8221;, segundo a Anvisa.<\/p>\n<p>A ag\u00eancia j\u00e1 havia publicado dois alertas e interdi\u00e7\u00f5es desses produtos. Junto a \u00f3rg\u00e3os de vigil\u00e2ncia sanit\u00e1ria estaduais e municipais, a Anvisa investiga os casos de evento adverso, os produtos associados e as empresas fabricantes.<\/p>\n<p>Quais s\u00e3o as orienta\u00e7\u00f5es da Anvisa?<\/p>\n<p>Consumidor:<\/p>\n<p>1. N\u00e3o use ou adquira esses produtos.<\/p>\n<p>2. Se fez uso recente, lave os cabelos com cuidado, sempre lembrando de inclinar a cabe\u00e7a para tr\u00e1s, para que o produto n\u00e3o entre em contato com os olhos.<\/p>\n<p>3. Em caso de contato acidental com os olhos, lave imediatamente com \u00e1gua em abund\u00e2ncia.<\/p>\n<p>4. Em caso de qualquer efeito indesejado procure imediatamente o servi\u00e7o de sa\u00fade mais pr\u00f3ximo de voc\u00ea.<\/p>\n<p>5. Em caso de efeito indesejado, notifique o caso \u00e0 Anvisa.<\/p>\n<p>Profissionais, sal\u00f5es e com\u00e9rcio em geral:<\/p>\n<p>1. N\u00e3o utilizem esses produtos em nenhum cliente.<\/p>\n<p>2. O manuseio do produto tamb\u00e9m pode trazer risco aos aplicadores.<\/p>\n<p>3. N\u00e3o comercialize esses produtos enquanto a medida estiver em vigor.<\/p>\n<p>4. N\u00e3o existe determina\u00e7\u00e3o de recolhimento no momento, mas o produto deve ficar separado e n\u00e3o deve ser exposto ao consumo ou uso.<\/p>\n<p>Em janeiro, a Anvisa j\u00e1 havia proibido oito produtos do tipo:<\/p>\n<p>Pomada modeladora para tran\u00e7as anti-frizz &#8211; Be Black<\/p>\n<p>25351.455863\/2022-85<\/p>\n<p>Cosmetic Group Ind\u00fastria e Com\u00e9rcio de Cosm\u00e9ticos Eireli<\/p>\n<p>Pomada Black &#8211; Essenza Hair<\/p>\n<p>25351.251846\/2022-71<\/p>\n<p>Evolu\u00e7\u00e3o Ind\u00fastria de Cosm\u00e9ticos Ltda &#8211; Me<\/p>\n<p>Pomada Modeladora para Tran\u00e7as Boxbraids (Fixa Liss)<\/p>\n<p>25351.174121\/2022-51<\/p>\n<p>Evolu\u00e7\u00e3o Ind\u00fastria de Cosm\u00e9ticos Ltda &#8211; Me<\/p>\n<p>Pomada Braids Hair<\/p>\n<p>25351.021887\/2022-34<\/p>\n<p>Galore Ind\u00fastria e Com\u00e9rcio de Cosm\u00e9ticos Eireli\/ 4.02747-8<\/p>\n<p>Pomada Cassu Braids Cassulinha Cabelos<\/p>\n<p>25351.039338\/2022-16<\/p>\n<p>Microfarma Ind\u00fastria e Com\u00e9rcio Ltda<\/p>\n<p>Pomada Braids Tran\u00e7as Poderosas Esponja Magic<\/p>\n<p>25351.248601\/2022-66<\/p>\n<p>Microfarma Ind\u00fastria e Com\u00e9rcio Ltda<\/p>\n<p>Rosa Hair &#8211; Pomada Modeladora &#8211; Mega Fixa\u00e7\u00e3o 150g<\/p>\n<p>25351.586943\/2021-09<\/p>\n<p>Morandini Ind\u00fastria e Com\u00e9rcio de Cosm\u00e9ticos Ltda &#8211; Me<\/p>\n<p>Pomada Modeladora Master Fix Black Ser Mulher<\/p>\n<p>25351.216343\/2021-78<\/p>\n<p>Supernova Ind\u00fastria Com\u00e9rcio e Servi\u00e7os Ltda<\/p>\n<p>A reportagem n\u00e3o conseguiu contato com as fabricantes. O espa\u00e7o est\u00e1 aberto para manifesta\u00e7\u00f5es.<\/p>\n<p>&nbsp;<\/p>\n<p>Foto Divulga\u00e7\u00e3o<br \/>\nNot\u00edcias ao minuto<\/p>\n","protected":false},"excerpt":{"rendered":"<p>A Ag\u00eancia Nacional de Vigil\u00e2ncia Sanit\u00e1ria (Anvisa) proibiu nesta quinta-feira, 9, a comercializa\u00e7\u00e3o de todas as pomadas para modelar, tran\u00e7ar<\/p>\n","protected":false},"author":1,"featured_media":3857,"comment_status":"open","ping_status":"open","sticky":false,"template":"","format":"standard","meta":{"colormag_page_container_layout":"default_layout","colormag_page_sidebar_layout":"default_layout","_FSMCFIC_featured_image_caption":"","_FSMCFIC_featured_image_nocaption":"","_FSMCFIC_featured_image_hide":"","footnotes":""},"categories":[2,1],"tags":[],"class_list":["post-3856","post","type-post","status-publish","format-standard","has-post-thumbnail","hentry","category-noticias","category-ultimas"],"yoast_head":"<!-- This site is optimized with the Yoast SEO plugin v27.1.1 - https:\/\/yoast.com\/product\/yoast-seo-wordpress\/ -->\n<title>Veja quais as pomadas para tran\u00e7ar cabelo foram proibidas pela Anvisa - Brasil not\u00edcias<\/title>\n<meta name=\"robots\" content=\"index, follow, max-snippet:-1, max-image-preview:large, max-video-preview:-1\" \/>\n<link rel=\"canonical\" href=\"https:\/\/brasilnoticias.org\/site\/veja-quais-as-pomadas-para-trancar-cabelo-foram-proibidas-pela-anvisa\/\" \/>\n<meta property=\"og:locale\" content=\"pt_PT\" \/>\n<meta property=\"og:type\" content=\"article\" \/>\n<meta property=\"og:title\" content=\"Veja quais as pomadas para tran\u00e7ar cabelo foram proibidas pela Anvisa - Brasil not\u00edcias\" \/>\n<meta property=\"og:description\" content=\"A Ag\u00eancia Nacional de Vigil\u00e2ncia Sanit\u00e1ria (Anvisa) proibiu nesta quinta-feira, 9, a comercializa\u00e7\u00e3o de todas as pomadas para modelar, tran\u00e7ar\" \/>\n<meta property=\"og:url\" content=\"https:\/\/brasilnoticias.org\/site\/veja-quais-as-pomadas-para-trancar-cabelo-foram-proibidas-pela-anvisa\/\" \/>\n<meta property=\"og:site_name\" content=\"Brasil not\u00edcias\" \/>\n<meta property=\"article:published_time\" content=\"2023-02-10T21:30:18+00:00\" \/>\n<meta property=\"og:image\" content=\"https:\/\/brasilnoticias.org\/site\/wp-content\/uploads\/2023\/02\/naom_63bd555a5f8d1.jpg\" \/>\n\t<meta property=\"og:image:width\" content=\"960\" \/>\n\t<meta property=\"og:image:height\" content=\"540\" \/>\n\t<meta property=\"og:image:type\" content=\"image\/jpeg\" \/>\n<meta name=\"author\" content=\"Reda\u00e7\u00e3o\" \/>\n<meta name=\"twitter:card\" content=\"summary_large_image\" \/>\n<meta name=\"twitter:label1\" content=\"Escrito por\" \/>\n\t<meta name=\"twitter:data1\" content=\"Reda\u00e7\u00e3o\" \/>\n\t<meta name=\"twitter:label2\" content=\"Tempo estimado de leitura\" \/>\n\t<meta name=\"twitter:data2\" content=\"3 minutos\" \/>\n<script type=\"application\/ld+json\" class=\"yoast-schema-graph\">{\"@context\":\"https:\/\/schema.org\",\"@graph\":[{\"@type\":\"Article\",\"@id\":\"https:\/\/brasilnoticias.org\/site\/veja-quais-as-pomadas-para-trancar-cabelo-foram-proibidas-pela-anvisa\/#article\",\"isPartOf\":{\"@id\":\"https:\/\/brasilnoticias.org\/site\/veja-quais-as-pomadas-para-trancar-cabelo-foram-proibidas-pela-anvisa\/\"},\"author\":{\"name\":\"Reda\u00e7\u00e3o\",\"@id\":\"https:\/\/brasilnoticias.org\/site\/#\/schema\/person\/a0e05b973ec4d15c658d51911e53507b\"},\"headline\":\"Veja quais as pomadas para tran\u00e7ar cabelo foram proibidas pela Anvisa\",\"datePublished\":\"2023-02-10T21:30:18+00:00\",\"mainEntityOfPage\":{\"@id\":\"https:\/\/brasilnoticias.org\/site\/veja-quais-as-pomadas-para-trancar-cabelo-foram-proibidas-pela-anvisa\/\"},\"wordCount\":625,\"commentCount\":0,\"publisher\":{\"@id\":\"https:\/\/brasilnoticias.org\/site\/#organization\"},\"image\":{\"@id\":\"https:\/\/brasilnoticias.org\/site\/veja-quais-as-pomadas-para-trancar-cabelo-foram-proibidas-pela-anvisa\/#primaryimage\"},\"thumbnailUrl\":\"https:\/\/brasilnoticias.org\/site\/wp-content\/uploads\/2023\/02\/naom_63bd555a5f8d1.jpg\",\"articleSection\":[\"Not\u00edcias\",\"\u00daltimas\"],\"inLanguage\":\"pt-PT\",\"potentialAction\":[{\"@type\":\"CommentAction\",\"name\":\"Comment\",\"target\":[\"https:\/\/brasilnoticias.org\/site\/veja-quais-as-pomadas-para-trancar-cabelo-foram-proibidas-pela-anvisa\/#respond\"]}]},{\"@type\":\"WebPage\",\"@id\":\"https:\/\/brasilnoticias.org\/site\/veja-quais-as-pomadas-para-trancar-cabelo-foram-proibidas-pela-anvisa\/\",\"url\":\"https:\/\/brasilnoticias.org\/site\/veja-quais-as-pomadas-para-trancar-cabelo-foram-proibidas-pela-anvisa\/\",\"name\":\"Veja quais as pomadas para tran\u00e7ar cabelo foram proibidas pela Anvisa - Brasil not\u00edcias\",\"isPartOf\":{\"@id\":\"https:\/\/brasilnoticias.org\/site\/#website\"},\"primaryImageOfPage\":{\"@id\":\"https:\/\/brasilnoticias.org\/site\/veja-quais-as-pomadas-para-trancar-cabelo-foram-proibidas-pela-anvisa\/#primaryimage\"},\"image\":{\"@id\":\"https:\/\/brasilnoticias.org\/site\/veja-quais-as-pomadas-para-trancar-cabelo-foram-proibidas-pela-anvisa\/#primaryimage\"},\"thumbnailUrl\":\"https:\/\/brasilnoticias.org\/site\/wp-content\/uploads\/2023\/02\/naom_63bd555a5f8d1.jpg\",\"datePublished\":\"2023-02-10T21:30:18+00:00\",\"breadcrumb\":{\"@id\":\"https:\/\/brasilnoticias.org\/site\/veja-quais-as-pomadas-para-trancar-cabelo-foram-proibidas-pela-anvisa\/#breadcrumb\"},\"inLanguage\":\"pt-PT\",\"potentialAction\":[{\"@type\":\"ReadAction\",\"target\":[\"https:\/\/brasilnoticias.org\/site\/veja-quais-as-pomadas-para-trancar-cabelo-foram-proibidas-pela-anvisa\/\"]}]},{\"@type\":\"ImageObject\",\"inLanguage\":\"pt-PT\",\"@id\":\"https:\/\/brasilnoticias.org\/site\/veja-quais-as-pomadas-para-trancar-cabelo-foram-proibidas-pela-anvisa\/#primaryimage\",\"url\":\"https:\/\/brasilnoticias.org\/site\/wp-content\/uploads\/2023\/02\/naom_63bd555a5f8d1.jpg\",\"contentUrl\":\"https:\/\/brasilnoticias.org\/site\/wp-content\/uploads\/2023\/02\/naom_63bd555a5f8d1.jpg\",\"width\":960,\"height\":540},{\"@type\":\"BreadcrumbList\",\"@id\":\"https:\/\/brasilnoticias.org\/site\/veja-quais-as-pomadas-para-trancar-cabelo-foram-proibidas-pela-anvisa\/#breadcrumb\",\"itemListElement\":[{\"@type\":\"ListItem\",\"position\":1,\"name\":\"In\u00edcio\",\"item\":\"https:\/\/brasilnoticias.org\/site\/\"},{\"@type\":\"ListItem\",\"position\":2,\"name\":\"Veja quais as pomadas para tran\u00e7ar cabelo foram proibidas pela Anvisa\"}]},{\"@type\":\"WebSite\",\"@id\":\"https:\/\/brasilnoticias.org\/site\/#website\",\"url\":\"https:\/\/brasilnoticias.org\/site\/\",\"name\":\"Brasil not\u00edcias\",\"description\":\"Brasil not\u00edcias\",\"publisher\":{\"@id\":\"https:\/\/brasilnoticias.org\/site\/#organization\"},\"potentialAction\":[{\"@type\":\"SearchAction\",\"target\":{\"@type\":\"EntryPoint\",\"urlTemplate\":\"https:\/\/brasilnoticias.org\/site\/?s={search_term_string}\"},\"query-input\":{\"@type\":\"PropertyValueSpecification\",\"valueRequired\":true,\"valueName\":\"search_term_string\"}}],\"inLanguage\":\"pt-PT\"},{\"@type\":\"Organization\",\"@id\":\"https:\/\/brasilnoticias.org\/site\/#organization\",\"name\":\"Brasil not\u00edcias\",\"url\":\"https:\/\/brasilnoticias.org\/site\/\",\"logo\":{\"@type\":\"ImageObject\",\"inLanguage\":\"pt-PT\",\"@id\":\"https:\/\/brasilnoticias.org\/site\/#\/schema\/logo\/image\/\",\"url\":\"https:\/\/brasilnoticias.org\/site\/wp-content\/uploads\/2022\/05\/cropped-brasilnoticias-mini.jpg\",\"contentUrl\":\"https:\/\/brasilnoticias.org\/site\/wp-content\/uploads\/2022\/05\/cropped-brasilnoticias-mini.jpg\",\"width\":314,\"height\":86,\"caption\":\"Brasil not\u00edcias\"},\"image\":{\"@id\":\"https:\/\/brasilnoticias.org\/site\/#\/schema\/logo\/image\/\"}},{\"@type\":\"Person\",\"@id\":\"https:\/\/brasilnoticias.org\/site\/#\/schema\/person\/a0e05b973ec4d15c658d51911e53507b\",\"name\":\"Reda\u00e7\u00e3o\",\"image\":{\"@type\":\"ImageObject\",\"inLanguage\":\"pt-PT\",\"@id\":\"https:\/\/brasilnoticias.org\/site\/#\/schema\/person\/image\/\",\"url\":\"https:\/\/secure.gravatar.com\/avatar\/75d8b050df2de108b08ae78dfb8e374892df24a383c67db9c46a9c604f6aee9c?s=96&d=mm&r=g\",\"contentUrl\":\"https:\/\/secure.gravatar.com\/avatar\/75d8b050df2de108b08ae78dfb8e374892df24a383c67db9c46a9c604f6aee9c?s=96&d=mm&r=g\",\"caption\":\"Reda\u00e7\u00e3o\"},\"sameAs\":[\"https:\/\/brasilnoticias.org\/site\"],\"url\":\"https:\/\/brasilnoticias.org\/site\/author\/fernandozsngmail-com\/\"}]}<\/script>\n<!-- \/ Yoast SEO plugin. -->","yoast_head_json":{"title":"Veja quais as pomadas para tran\u00e7ar cabelo foram proibidas pela Anvisa - Brasil not\u00edcias","robots":{"index":"index","follow":"follow","max-snippet":"max-snippet:-1","max-image-preview":"max-image-preview:large","max-video-preview":"max-video-preview:-1"},"canonical":"https:\/\/brasilnoticias.org\/site\/veja-quais-as-pomadas-para-trancar-cabelo-foram-proibidas-pela-anvisa\/","og_locale":"pt_PT","og_type":"article","og_title":"Veja quais as pomadas para tran\u00e7ar cabelo foram proibidas pela Anvisa - Brasil not\u00edcias","og_description":"A Ag\u00eancia Nacional de Vigil\u00e2ncia Sanit\u00e1ria (Anvisa) proibiu nesta quinta-feira, 9, a comercializa\u00e7\u00e3o de todas as pomadas para modelar, tran\u00e7ar","og_url":"https:\/\/brasilnoticias.org\/site\/veja-quais-as-pomadas-para-trancar-cabelo-foram-proibidas-pela-anvisa\/","og_site_name":"Brasil not\u00edcias","article_published_time":"2023-02-10T21:30:18+00:00","og_image":[{"width":960,"height":540,"url":"https:\/\/brasilnoticias.org\/site\/wp-content\/uploads\/2023\/02\/naom_63bd555a5f8d1.jpg","type":"image\/jpeg"}],"author":"Reda\u00e7\u00e3o","twitter_card":"summary_large_image","twitter_misc":{"Escrito por":"Reda\u00e7\u00e3o","Tempo estimado de leitura":"3 minutos"},"schema":{"@context":"https:\/\/schema.org","@graph":[{"@type":"Article","@id":"https:\/\/brasilnoticias.org\/site\/veja-quais-as-pomadas-para-trancar-cabelo-foram-proibidas-pela-anvisa\/#article","isPartOf":{"@id":"https:\/\/brasilnoticias.org\/site\/veja-quais-as-pomadas-para-trancar-cabelo-foram-proibidas-pela-anvisa\/"},"author":{"name":"Reda\u00e7\u00e3o","@id":"https:\/\/brasilnoticias.org\/site\/#\/schema\/person\/a0e05b973ec4d15c658d51911e53507b"},"headline":"Veja quais as pomadas para tran\u00e7ar cabelo foram proibidas pela Anvisa","datePublished":"2023-02-10T21:30:18+00:00","mainEntityOfPage":{"@id":"https:\/\/brasilnoticias.org\/site\/veja-quais-as-pomadas-para-trancar-cabelo-foram-proibidas-pela-anvisa\/"},"wordCount":625,"commentCount":0,"publisher":{"@id":"https:\/\/brasilnoticias.org\/site\/#organization"},"image":{"@id":"https:\/\/brasilnoticias.org\/site\/veja-quais-as-pomadas-para-trancar-cabelo-foram-proibidas-pela-anvisa\/#primaryimage"},"thumbnailUrl":"https:\/\/brasilnoticias.org\/site\/wp-content\/uploads\/2023\/02\/naom_63bd555a5f8d1.jpg","articleSection":["Not\u00edcias","\u00daltimas"],"inLanguage":"pt-PT","potentialAction":[{"@type":"CommentAction","name":"Comment","target":["https:\/\/brasilnoticias.org\/site\/veja-quais-as-pomadas-para-trancar-cabelo-foram-proibidas-pela-anvisa\/#respond"]}]},{"@type":"WebPage","@id":"https:\/\/brasilnoticias.org\/site\/veja-quais-as-pomadas-para-trancar-cabelo-foram-proibidas-pela-anvisa\/","url":"https:\/\/brasilnoticias.org\/site\/veja-quais-as-pomadas-para-trancar-cabelo-foram-proibidas-pela-anvisa\/","name":"Veja quais as pomadas para tran\u00e7ar cabelo foram proibidas pela Anvisa - Brasil not\u00edcias","isPartOf":{"@id":"https:\/\/brasilnoticias.org\/site\/#website"},"primaryImageOfPage":{"@id":"https:\/\/brasilnoticias.org\/site\/veja-quais-as-pomadas-para-trancar-cabelo-foram-proibidas-pela-anvisa\/#primaryimage"},"image":{"@id":"https:\/\/brasilnoticias.org\/site\/veja-quais-as-pomadas-para-trancar-cabelo-foram-proibidas-pela-anvisa\/#primaryimage"},"thumbnailUrl":"https:\/\/brasilnoticias.org\/site\/wp-content\/uploads\/2023\/02\/naom_63bd555a5f8d1.jpg","datePublished":"2023-02-10T21:30:18+00:00","breadcrumb":{"@id":"https:\/\/brasilnoticias.org\/site\/veja-quais-as-pomadas-para-trancar-cabelo-foram-proibidas-pela-anvisa\/#breadcrumb"},"inLanguage":"pt-PT","potentialAction":[{"@type":"ReadAction","target":["https:\/\/brasilnoticias.org\/site\/veja-quais-as-pomadas-para-trancar-cabelo-foram-proibidas-pela-anvisa\/"]}]},{"@type":"ImageObject","inLanguage":"pt-PT","@id":"https:\/\/brasilnoticias.org\/site\/veja-quais-as-pomadas-para-trancar-cabelo-foram-proibidas-pela-anvisa\/#primaryimage","url":"https:\/\/brasilnoticias.org\/site\/wp-content\/uploads\/2023\/02\/naom_63bd555a5f8d1.jpg","contentUrl":"https:\/\/brasilnoticias.org\/site\/wp-content\/uploads\/2023\/02\/naom_63bd555a5f8d1.jpg","width":960,"height":540},{"@type":"BreadcrumbList","@id":"https:\/\/brasilnoticias.org\/site\/veja-quais-as-pomadas-para-trancar-cabelo-foram-proibidas-pela-anvisa\/#breadcrumb","itemListElement":[{"@type":"ListItem","position":1,"name":"In\u00edcio","item":"https:\/\/brasilnoticias.org\/site\/"},{"@type":"ListItem","position":2,"name":"Veja quais as pomadas para tran\u00e7ar cabelo foram proibidas pela Anvisa"}]},{"@type":"WebSite","@id":"https:\/\/brasilnoticias.org\/site\/#website","url":"https:\/\/brasilnoticias.org\/site\/","name":"Brasil not\u00edcias","description":"Brasil not\u00edcias","publisher":{"@id":"https:\/\/brasilnoticias.org\/site\/#organization"},"potentialAction":[{"@type":"SearchAction","target":{"@type":"EntryPoint","urlTemplate":"https:\/\/brasilnoticias.org\/site\/?s={search_term_string}"},"query-input":{"@type":"PropertyValueSpecification","valueRequired":true,"valueName":"search_term_string"}}],"inLanguage":"pt-PT"},{"@type":"Organization","@id":"https:\/\/brasilnoticias.org\/site\/#organization","name":"Brasil not\u00edcias","url":"https:\/\/brasilnoticias.org\/site\/","logo":{"@type":"ImageObject","inLanguage":"pt-PT","@id":"https:\/\/brasilnoticias.org\/site\/#\/schema\/logo\/image\/","url":"https:\/\/brasilnoticias.org\/site\/wp-content\/uploads\/2022\/05\/cropped-brasilnoticias-mini.jpg","contentUrl":"https:\/\/brasilnoticias.org\/site\/wp-content\/uploads\/2022\/05\/cropped-brasilnoticias-mini.jpg","width":314,"height":86,"caption":"Brasil not\u00edcias"},"image":{"@id":"https:\/\/brasilnoticias.org\/site\/#\/schema\/logo\/image\/"}},{"@type":"Person","@id":"https:\/\/brasilnoticias.org\/site\/#\/schema\/person\/a0e05b973ec4d15c658d51911e53507b","name":"Reda\u00e7\u00e3o","image":{"@type":"ImageObject","inLanguage":"pt-PT","@id":"https:\/\/brasilnoticias.org\/site\/#\/schema\/person\/image\/","url":"https:\/\/secure.gravatar.com\/avatar\/75d8b050df2de108b08ae78dfb8e374892df24a383c67db9c46a9c604f6aee9c?s=96&d=mm&r=g","contentUrl":"https:\/\/secure.gravatar.com\/avatar\/75d8b050df2de108b08ae78dfb8e374892df24a383c67db9c46a9c604f6aee9c?s=96&d=mm&r=g","caption":"Reda\u00e7\u00e3o"},"sameAs":["https:\/\/brasilnoticias.org\/site"],"url":"https:\/\/brasilnoticias.org\/site\/author\/fernandozsngmail-com\/"}]}},"_links":{"self":[{"href":"https:\/\/brasilnoticias.org\/site\/wp-json\/wp\/v2\/posts\/3856","targetHints":{"allow":["GET"]}}],"collection":[{"href":"https:\/\/brasilnoticias.org\/site\/wp-json\/wp\/v2\/posts"}],"about":[{"href":"https:\/\/brasilnoticias.org\/site\/wp-json\/wp\/v2\/types\/post"}],"author":[{"embeddable":true,"href":"https:\/\/brasilnoticias.org\/site\/wp-json\/wp\/v2\/users\/1"}],"replies":[{"embeddable":true,"href":"https:\/\/brasilnoticias.org\/site\/wp-json\/wp\/v2\/comments?post=3856"}],"version-history":[{"count":1,"href":"https:\/\/brasilnoticias.org\/site\/wp-json\/wp\/v2\/posts\/3856\/revisions"}],"predecessor-version":[{"id":3858,"href":"https:\/\/brasilnoticias.org\/site\/wp-json\/wp\/v2\/posts\/3856\/revisions\/3858"}],"wp:featuredmedia":[{"embeddable":true,"href":"https:\/\/brasilnoticias.org\/site\/wp-json\/wp\/v2\/media\/3857"}],"wp:attachment":[{"href":"https:\/\/brasilnoticias.org\/site\/wp-json\/wp\/v2\/media?parent=3856"}],"wp:term":[{"taxonomy":"category","embeddable":true,"href":"https:\/\/brasilnoticias.org\/site\/wp-json\/wp\/v2\/categories?post=3856"},{"taxonomy":"post_tag","embeddable":true,"href":"https:\/\/brasilnoticias.org\/site\/wp-json\/wp\/v2\/tags?post=3856"}],"curies":[{"name":"wp","href":"https:\/\/api.w.org\/{rel}","templated":true}]}}