{"id":3862,"date":"2023-02-11T06:36:26","date_gmt":"2023-02-11T09:36:26","guid":{"rendered":"https:\/\/brasilnoticias.org\/site\/?p=3862"},"modified":"2023-02-11T06:36:26","modified_gmt":"2023-02-11T09:36:26","slug":"defensoria-da-bahia-atuara-em-regime-de-plantao-durante-carnaval","status":"publish","type":"post","link":"https:\/\/brasilnoticias.org\/site\/defensoria-da-bahia-atuara-em-regime-de-plantao-durante-carnaval\/","title":{"rendered":"Defensoria da Bahia atuar\u00e1 em regime de plant\u00e3o durante Carnaval"},"content":{"rendered":"<div class=\"styles__Body-sc-1ffquwr-7 ePhtZb\">\n<p>A Defensoria P\u00fablica da Bahia (DPE-BA) informou que vai\u00a0atuar em regime de plant\u00e3o durante o Carnaval no estado. Em Salvador, o \u00f3rg\u00e3o contar\u00e1\u00a0com seis locais fixos de atendimento, al\u00e9m da Unidade M\u00f3vel e das itiner\u00e2ncias realizadas no circuito.<\/p>\n<p>A a\u00e7\u00e3o acontecer\u00e1, segundo a defensoria, &#8220;para\u00a0garantir que todas as pessoas tenham seus direitos respeitados durante o Carnaval 2023&#8221;.<\/p>\n<p>Entre os dias 16 e 22 de fevereiro, a sede da institui\u00e7\u00e3o passar\u00e1 a ser a Escola Superior da Defensoria \u2013 Esdep, no Canela, onde acontecer\u00e3o atendimentos da \u00e1rea penal e n\u00e3o penal, al\u00e9m da organiza\u00e7\u00e3o das itiner\u00e2ncias realizadas no circuito.<\/p>\n<p>Tamb\u00e9m ser\u00e1 poss\u00edvel contar com os servi\u00e7os da DPE no N\u00facleo de Pris\u00e3o em Flagrantes, Delegacia Especial de Atendimento a Mulher, em Brotas; Observat\u00f3rio da Discrimina\u00e7\u00e3o Racial e LGBT, Viol\u00eancia contra a Mulher; Comit\u00ea de Prote\u00e7\u00e3o Integral da Crian\u00e7a e do Adolescentes para Grandes Eventos; e Plant\u00e3o no Minist\u00e9rio P\u00fablico da Bahia.<\/p>\n<p>J\u00e1 a Unidade M\u00f3vel de Atendimento (UMA) vai prestar orienta\u00e7\u00e3o jur\u00eddica e realizar atendimento geral \u00e0 popula\u00e7\u00e3o nas \u00e1reas de atua\u00e7\u00e3o da Defensoria no Terreiro de Jesus, nos dias 18 e 19, \u00a0e na Av Milton Santos (antiga Adhemar de Barros) nos dias 20 e 21. Com cerca de 120 defensores e servidores, al\u00e9m das equipes de apoio, v\u00e3o atuar no per\u00edodo da festa.<\/p>\n<p><strong>Campanha<\/strong><\/p>\n<p>Anualmente, a Defensoria elege um tema para colocar em destaque. Este ano, a a\u00e7\u00e3o publicit\u00e1ria ser\u00e1 sobre a import\u00e2ncia dos trabalhadores invisibilizados na festa. O tema \u00e9 \u201cAmbulantes, catadores(as) e cordeiros(as): valorize quem d\u00e1 show no carnaval\u201d.<\/p>\n<p>Durante o plant\u00e3o, a institui\u00e7\u00e3o far\u00e1 a defesa dos direitos das categorias\u00a0e os encaminhamentos devidos para assegurar os seus direitos. Entre as a\u00e7\u00f5es, est\u00e3o acompanhar a instala\u00e7\u00e3o e a manuten\u00e7\u00e3o dos Espa\u00e7os de Apoio para catadores, ambulantes e popula\u00e7\u00e3o de rua, junto ao poder p\u00fablico e patrocinadores do carnaval.<\/p>\n<\/div>\n<div class=\"styles__RelatedWrapper-sc-1ffquwr-8 byMLWm\"><\/div>\n<p class=\"image-credit\">Foto:\u00a0<b>Divulga\u00e7\u00e3o\/DPE-BA<\/b><\/p>\n<p class=\"author\">Por:\u00a0<b>Metro1<\/b><\/p>\n","protected":false},"excerpt":{"rendered":"<p>A Defensoria P\u00fablica da Bahia (DPE-BA) informou que vai\u00a0atuar em regime de plant\u00e3o durante o Carnaval no estado. Em Salvador,<\/p>\n","protected":false},"author":1,"featured_media":3863,"comment_status":"open","ping_status":"open","sticky":false,"template":"","format":"standard","meta":{"colormag_page_container_layout":"default_layout","colormag_page_sidebar_layout":"default_layout","_FSMCFIC_featured_image_caption":"","_FSMCFIC_featured_image_nocaption":"","_FSMCFIC_featured_image_hide":"","footnotes":""},"categories":[2,1],"tags":[],"class_list":["post-3862","post","type-post","status-publish","format-standard","has-post-thumbnail","hentry","category-noticias","category-ultimas"],"yoast_head":"<!-- This site is optimized with the Yoast SEO plugin v27.1.1 - https:\/\/yoast.com\/product\/yoast-seo-wordpress\/ -->\n<title>Defensoria da Bahia atuar\u00e1 em regime de plant\u00e3o durante Carnaval - Brasil not\u00edcias<\/title>\n<meta name=\"robots\" content=\"index, follow, max-snippet:-1, max-image-preview:large, max-video-preview:-1\" \/>\n<link rel=\"canonical\" href=\"https:\/\/brasilnoticias.org\/site\/defensoria-da-bahia-atuara-em-regime-de-plantao-durante-carnaval\/\" \/>\n<meta property=\"og:locale\" content=\"pt_PT\" \/>\n<meta property=\"og:type\" content=\"article\" \/>\n<meta property=\"og:title\" content=\"Defensoria da Bahia atuar\u00e1 em regime de plant\u00e3o durante Carnaval - Brasil not\u00edcias\" \/>\n<meta property=\"og:description\" content=\"A Defensoria P\u00fablica da Bahia (DPE-BA) informou que vai\u00a0atuar em regime de plant\u00e3o durante o Carnaval no estado. Em Salvador,\" \/>\n<meta property=\"og:url\" content=\"https:\/\/brasilnoticias.org\/site\/defensoria-da-bahia-atuara-em-regime-de-plantao-durante-carnaval\/\" \/>\n<meta property=\"og:site_name\" content=\"Brasil not\u00edcias\" \/>\n<meta property=\"article:published_time\" content=\"2023-02-11T09:36:26+00:00\" \/>\n<meta property=\"og:image\" content=\"https:\/\/brasilnoticias.org\/site\/wp-content\/uploads\/2023\/02\/133137defensoria-da-bahia-atuara-em-regime-de-plantao-durante-carnaval-3.jpg\" \/>\n\t<meta property=\"og:image:width\" content=\"1600\" \/>\n\t<meta property=\"og:image:height\" content=\"752\" \/>\n\t<meta property=\"og:image:type\" content=\"image\/jpeg\" \/>\n<meta name=\"author\" content=\"Reda\u00e7\u00e3o\" \/>\n<meta name=\"twitter:card\" content=\"summary_large_image\" \/>\n<meta name=\"twitter:label1\" content=\"Escrito por\" \/>\n\t<meta name=\"twitter:data1\" content=\"Reda\u00e7\u00e3o\" \/>\n\t<meta name=\"twitter:label2\" content=\"Tempo estimado de leitura\" \/>\n\t<meta name=\"twitter:data2\" content=\"2 minutos\" \/>\n<script type=\"application\/ld+json\" class=\"yoast-schema-graph\">{\"@context\":\"https:\/\/schema.org\",\"@graph\":[{\"@type\":\"Article\",\"@id\":\"https:\/\/brasilnoticias.org\/site\/defensoria-da-bahia-atuara-em-regime-de-plantao-durante-carnaval\/#article\",\"isPartOf\":{\"@id\":\"https:\/\/brasilnoticias.org\/site\/defensoria-da-bahia-atuara-em-regime-de-plantao-durante-carnaval\/\"},\"author\":{\"name\":\"Reda\u00e7\u00e3o\",\"@id\":\"https:\/\/brasilnoticias.org\/site\/#\/schema\/person\/a0e05b973ec4d15c658d51911e53507b\"},\"headline\":\"Defensoria da Bahia atuar\u00e1 em regime de plant\u00e3o durante Carnaval\",\"datePublished\":\"2023-02-11T09:36:26+00:00\",\"mainEntityOfPage\":{\"@id\":\"https:\/\/brasilnoticias.org\/site\/defensoria-da-bahia-atuara-em-regime-de-plantao-durante-carnaval\/\"},\"wordCount\":359,\"commentCount\":0,\"publisher\":{\"@id\":\"https:\/\/brasilnoticias.org\/site\/#organization\"},\"image\":{\"@id\":\"https:\/\/brasilnoticias.org\/site\/defensoria-da-bahia-atuara-em-regime-de-plantao-durante-carnaval\/#primaryimage\"},\"thumbnailUrl\":\"https:\/\/brasilnoticias.org\/site\/wp-content\/uploads\/2023\/02\/133137defensoria-da-bahia-atuara-em-regime-de-plantao-durante-carnaval-3.jpg\",\"articleSection\":[\"Not\u00edcias\",\"\u00daltimas\"],\"inLanguage\":\"pt-PT\",\"potentialAction\":[{\"@type\":\"CommentAction\",\"name\":\"Comment\",\"target\":[\"https:\/\/brasilnoticias.org\/site\/defensoria-da-bahia-atuara-em-regime-de-plantao-durante-carnaval\/#respond\"]}]},{\"@type\":\"WebPage\",\"@id\":\"https:\/\/brasilnoticias.org\/site\/defensoria-da-bahia-atuara-em-regime-de-plantao-durante-carnaval\/\",\"url\":\"https:\/\/brasilnoticias.org\/site\/defensoria-da-bahia-atuara-em-regime-de-plantao-durante-carnaval\/\",\"name\":\"Defensoria da Bahia atuar\u00e1 em regime de plant\u00e3o durante Carnaval - Brasil not\u00edcias\",\"isPartOf\":{\"@id\":\"https:\/\/brasilnoticias.org\/site\/#website\"},\"primaryImageOfPage\":{\"@id\":\"https:\/\/brasilnoticias.org\/site\/defensoria-da-bahia-atuara-em-regime-de-plantao-durante-carnaval\/#primaryimage\"},\"image\":{\"@id\":\"https:\/\/brasilnoticias.org\/site\/defensoria-da-bahia-atuara-em-regime-de-plantao-durante-carnaval\/#primaryimage\"},\"thumbnailUrl\":\"https:\/\/brasilnoticias.org\/site\/wp-content\/uploads\/2023\/02\/133137defensoria-da-bahia-atuara-em-regime-de-plantao-durante-carnaval-3.jpg\",\"datePublished\":\"2023-02-11T09:36:26+00:00\",\"breadcrumb\":{\"@id\":\"https:\/\/brasilnoticias.org\/site\/defensoria-da-bahia-atuara-em-regime-de-plantao-durante-carnaval\/#breadcrumb\"},\"inLanguage\":\"pt-PT\",\"potentialAction\":[{\"@type\":\"ReadAction\",\"target\":[\"https:\/\/brasilnoticias.org\/site\/defensoria-da-bahia-atuara-em-regime-de-plantao-durante-carnaval\/\"]}]},{\"@type\":\"ImageObject\",\"inLanguage\":\"pt-PT\",\"@id\":\"https:\/\/brasilnoticias.org\/site\/defensoria-da-bahia-atuara-em-regime-de-plantao-durante-carnaval\/#primaryimage\",\"url\":\"https:\/\/brasilnoticias.org\/site\/wp-content\/uploads\/2023\/02\/133137defensoria-da-bahia-atuara-em-regime-de-plantao-durante-carnaval-3.jpg\",\"contentUrl\":\"https:\/\/brasilnoticias.org\/site\/wp-content\/uploads\/2023\/02\/133137defensoria-da-bahia-atuara-em-regime-de-plantao-durante-carnaval-3.jpg\",\"width\":1600,\"height\":752},{\"@type\":\"BreadcrumbList\",\"@id\":\"https:\/\/brasilnoticias.org\/site\/defensoria-da-bahia-atuara-em-regime-de-plantao-durante-carnaval\/#breadcrumb\",\"itemListElement\":[{\"@type\":\"ListItem\",\"position\":1,\"name\":\"In\u00edcio\",\"item\":\"https:\/\/brasilnoticias.org\/site\/\"},{\"@type\":\"ListItem\",\"position\":2,\"name\":\"Defensoria da Bahia atuar\u00e1 em regime de plant\u00e3o durante Carnaval\"}]},{\"@type\":\"WebSite\",\"@id\":\"https:\/\/brasilnoticias.org\/site\/#website\",\"url\":\"https:\/\/brasilnoticias.org\/site\/\",\"name\":\"Brasil not\u00edcias\",\"description\":\"Brasil not\u00edcias\",\"publisher\":{\"@id\":\"https:\/\/brasilnoticias.org\/site\/#organization\"},\"potentialAction\":[{\"@type\":\"SearchAction\",\"target\":{\"@type\":\"EntryPoint\",\"urlTemplate\":\"https:\/\/brasilnoticias.org\/site\/?s={search_term_string}\"},\"query-input\":{\"@type\":\"PropertyValueSpecification\",\"valueRequired\":true,\"valueName\":\"search_term_string\"}}],\"inLanguage\":\"pt-PT\"},{\"@type\":\"Organization\",\"@id\":\"https:\/\/brasilnoticias.org\/site\/#organization\",\"name\":\"Brasil not\u00edcias\",\"url\":\"https:\/\/brasilnoticias.org\/site\/\",\"logo\":{\"@type\":\"ImageObject\",\"inLanguage\":\"pt-PT\",\"@id\":\"https:\/\/brasilnoticias.org\/site\/#\/schema\/logo\/image\/\",\"url\":\"https:\/\/brasilnoticias.org\/site\/wp-content\/uploads\/2022\/05\/cropped-brasilnoticias-mini.jpg\",\"contentUrl\":\"https:\/\/brasilnoticias.org\/site\/wp-content\/uploads\/2022\/05\/cropped-brasilnoticias-mini.jpg\",\"width\":314,\"height\":86,\"caption\":\"Brasil not\u00edcias\"},\"image\":{\"@id\":\"https:\/\/brasilnoticias.org\/site\/#\/schema\/logo\/image\/\"}},{\"@type\":\"Person\",\"@id\":\"https:\/\/brasilnoticias.org\/site\/#\/schema\/person\/a0e05b973ec4d15c658d51911e53507b\",\"name\":\"Reda\u00e7\u00e3o\",\"image\":{\"@type\":\"ImageObject\",\"inLanguage\":\"pt-PT\",\"@id\":\"https:\/\/brasilnoticias.org\/site\/#\/schema\/person\/image\/\",\"url\":\"https:\/\/secure.gravatar.com\/avatar\/75d8b050df2de108b08ae78dfb8e374892df24a383c67db9c46a9c604f6aee9c?s=96&d=mm&r=g\",\"contentUrl\":\"https:\/\/secure.gravatar.com\/avatar\/75d8b050df2de108b08ae78dfb8e374892df24a383c67db9c46a9c604f6aee9c?s=96&d=mm&r=g\",\"caption\":\"Reda\u00e7\u00e3o\"},\"sameAs\":[\"https:\/\/brasilnoticias.org\/site\"],\"url\":\"https:\/\/brasilnoticias.org\/site\/author\/fernandozsngmail-com\/\"}]}<\/script>\n<!-- \/ Yoast SEO plugin. -->","yoast_head_json":{"title":"Defensoria da Bahia atuar\u00e1 em regime de plant\u00e3o durante Carnaval - Brasil not\u00edcias","robots":{"index":"index","follow":"follow","max-snippet":"max-snippet:-1","max-image-preview":"max-image-preview:large","max-video-preview":"max-video-preview:-1"},"canonical":"https:\/\/brasilnoticias.org\/site\/defensoria-da-bahia-atuara-em-regime-de-plantao-durante-carnaval\/","og_locale":"pt_PT","og_type":"article","og_title":"Defensoria da Bahia atuar\u00e1 em regime de plant\u00e3o durante Carnaval - Brasil not\u00edcias","og_description":"A Defensoria P\u00fablica da Bahia (DPE-BA) informou que vai\u00a0atuar em regime de plant\u00e3o durante o Carnaval no estado. Em Salvador,","og_url":"https:\/\/brasilnoticias.org\/site\/defensoria-da-bahia-atuara-em-regime-de-plantao-durante-carnaval\/","og_site_name":"Brasil not\u00edcias","article_published_time":"2023-02-11T09:36:26+00:00","og_image":[{"width":1600,"height":752,"url":"https:\/\/brasilnoticias.org\/site\/wp-content\/uploads\/2023\/02\/133137defensoria-da-bahia-atuara-em-regime-de-plantao-durante-carnaval-3.jpg","type":"image\/jpeg"}],"author":"Reda\u00e7\u00e3o","twitter_card":"summary_large_image","twitter_misc":{"Escrito por":"Reda\u00e7\u00e3o","Tempo estimado de leitura":"2 minutos"},"schema":{"@context":"https:\/\/schema.org","@graph":[{"@type":"Article","@id":"https:\/\/brasilnoticias.org\/site\/defensoria-da-bahia-atuara-em-regime-de-plantao-durante-carnaval\/#article","isPartOf":{"@id":"https:\/\/brasilnoticias.org\/site\/defensoria-da-bahia-atuara-em-regime-de-plantao-durante-carnaval\/"},"author":{"name":"Reda\u00e7\u00e3o","@id":"https:\/\/brasilnoticias.org\/site\/#\/schema\/person\/a0e05b973ec4d15c658d51911e53507b"},"headline":"Defensoria da Bahia atuar\u00e1 em regime de plant\u00e3o durante Carnaval","datePublished":"2023-02-11T09:36:26+00:00","mainEntityOfPage":{"@id":"https:\/\/brasilnoticias.org\/site\/defensoria-da-bahia-atuara-em-regime-de-plantao-durante-carnaval\/"},"wordCount":359,"commentCount":0,"publisher":{"@id":"https:\/\/brasilnoticias.org\/site\/#organization"},"image":{"@id":"https:\/\/brasilnoticias.org\/site\/defensoria-da-bahia-atuara-em-regime-de-plantao-durante-carnaval\/#primaryimage"},"thumbnailUrl":"https:\/\/brasilnoticias.org\/site\/wp-content\/uploads\/2023\/02\/133137defensoria-da-bahia-atuara-em-regime-de-plantao-durante-carnaval-3.jpg","articleSection":["Not\u00edcias","\u00daltimas"],"inLanguage":"pt-PT","potentialAction":[{"@type":"CommentAction","name":"Comment","target":["https:\/\/brasilnoticias.org\/site\/defensoria-da-bahia-atuara-em-regime-de-plantao-durante-carnaval\/#respond"]}]},{"@type":"WebPage","@id":"https:\/\/brasilnoticias.org\/site\/defensoria-da-bahia-atuara-em-regime-de-plantao-durante-carnaval\/","url":"https:\/\/brasilnoticias.org\/site\/defensoria-da-bahia-atuara-em-regime-de-plantao-durante-carnaval\/","name":"Defensoria da Bahia atuar\u00e1 em regime de plant\u00e3o durante Carnaval - Brasil not\u00edcias","isPartOf":{"@id":"https:\/\/brasilnoticias.org\/site\/#website"},"primaryImageOfPage":{"@id":"https:\/\/brasilnoticias.org\/site\/defensoria-da-bahia-atuara-em-regime-de-plantao-durante-carnaval\/#primaryimage"},"image":{"@id":"https:\/\/brasilnoticias.org\/site\/defensoria-da-bahia-atuara-em-regime-de-plantao-durante-carnaval\/#primaryimage"},"thumbnailUrl":"https:\/\/brasilnoticias.org\/site\/wp-content\/uploads\/2023\/02\/133137defensoria-da-bahia-atuara-em-regime-de-plantao-durante-carnaval-3.jpg","datePublished":"2023-02-11T09:36:26+00:00","breadcrumb":{"@id":"https:\/\/brasilnoticias.org\/site\/defensoria-da-bahia-atuara-em-regime-de-plantao-durante-carnaval\/#breadcrumb"},"inLanguage":"pt-PT","potentialAction":[{"@type":"ReadAction","target":["https:\/\/brasilnoticias.org\/site\/defensoria-da-bahia-atuara-em-regime-de-plantao-durante-carnaval\/"]}]},{"@type":"ImageObject","inLanguage":"pt-PT","@id":"https:\/\/brasilnoticias.org\/site\/defensoria-da-bahia-atuara-em-regime-de-plantao-durante-carnaval\/#primaryimage","url":"https:\/\/brasilnoticias.org\/site\/wp-content\/uploads\/2023\/02\/133137defensoria-da-bahia-atuara-em-regime-de-plantao-durante-carnaval-3.jpg","contentUrl":"https:\/\/brasilnoticias.org\/site\/wp-content\/uploads\/2023\/02\/133137defensoria-da-bahia-atuara-em-regime-de-plantao-durante-carnaval-3.jpg","width":1600,"height":752},{"@type":"BreadcrumbList","@id":"https:\/\/brasilnoticias.org\/site\/defensoria-da-bahia-atuara-em-regime-de-plantao-durante-carnaval\/#breadcrumb","itemListElement":[{"@type":"ListItem","position":1,"name":"In\u00edcio","item":"https:\/\/brasilnoticias.org\/site\/"},{"@type":"ListItem","position":2,"name":"Defensoria da Bahia atuar\u00e1 em regime de plant\u00e3o durante Carnaval"}]},{"@type":"WebSite","@id":"https:\/\/brasilnoticias.org\/site\/#website","url":"https:\/\/brasilnoticias.org\/site\/","name":"Brasil not\u00edcias","description":"Brasil not\u00edcias","publisher":{"@id":"https:\/\/brasilnoticias.org\/site\/#organization"},"potentialAction":[{"@type":"SearchAction","target":{"@type":"EntryPoint","urlTemplate":"https:\/\/brasilnoticias.org\/site\/?s={search_term_string}"},"query-input":{"@type":"PropertyValueSpecification","valueRequired":true,"valueName":"search_term_string"}}],"inLanguage":"pt-PT"},{"@type":"Organization","@id":"https:\/\/brasilnoticias.org\/site\/#organization","name":"Brasil not\u00edcias","url":"https:\/\/brasilnoticias.org\/site\/","logo":{"@type":"ImageObject","inLanguage":"pt-PT","@id":"https:\/\/brasilnoticias.org\/site\/#\/schema\/logo\/image\/","url":"https:\/\/brasilnoticias.org\/site\/wp-content\/uploads\/2022\/05\/cropped-brasilnoticias-mini.jpg","contentUrl":"https:\/\/brasilnoticias.org\/site\/wp-content\/uploads\/2022\/05\/cropped-brasilnoticias-mini.jpg","width":314,"height":86,"caption":"Brasil not\u00edcias"},"image":{"@id":"https:\/\/brasilnoticias.org\/site\/#\/schema\/logo\/image\/"}},{"@type":"Person","@id":"https:\/\/brasilnoticias.org\/site\/#\/schema\/person\/a0e05b973ec4d15c658d51911e53507b","name":"Reda\u00e7\u00e3o","image":{"@type":"ImageObject","inLanguage":"pt-PT","@id":"https:\/\/brasilnoticias.org\/site\/#\/schema\/person\/image\/","url":"https:\/\/secure.gravatar.com\/avatar\/75d8b050df2de108b08ae78dfb8e374892df24a383c67db9c46a9c604f6aee9c?s=96&d=mm&r=g","contentUrl":"https:\/\/secure.gravatar.com\/avatar\/75d8b050df2de108b08ae78dfb8e374892df24a383c67db9c46a9c604f6aee9c?s=96&d=mm&r=g","caption":"Reda\u00e7\u00e3o"},"sameAs":["https:\/\/brasilnoticias.org\/site"],"url":"https:\/\/brasilnoticias.org\/site\/author\/fernandozsngmail-com\/"}]}},"_links":{"self":[{"href":"https:\/\/brasilnoticias.org\/site\/wp-json\/wp\/v2\/posts\/3862","targetHints":{"allow":["GET"]}}],"collection":[{"href":"https:\/\/brasilnoticias.org\/site\/wp-json\/wp\/v2\/posts"}],"about":[{"href":"https:\/\/brasilnoticias.org\/site\/wp-json\/wp\/v2\/types\/post"}],"author":[{"embeddable":true,"href":"https:\/\/brasilnoticias.org\/site\/wp-json\/wp\/v2\/users\/1"}],"replies":[{"embeddable":true,"href":"https:\/\/brasilnoticias.org\/site\/wp-json\/wp\/v2\/comments?post=3862"}],"version-history":[{"count":1,"href":"https:\/\/brasilnoticias.org\/site\/wp-json\/wp\/v2\/posts\/3862\/revisions"}],"predecessor-version":[{"id":3864,"href":"https:\/\/brasilnoticias.org\/site\/wp-json\/wp\/v2\/posts\/3862\/revisions\/3864"}],"wp:featuredmedia":[{"embeddable":true,"href":"https:\/\/brasilnoticias.org\/site\/wp-json\/wp\/v2\/media\/3863"}],"wp:attachment":[{"href":"https:\/\/brasilnoticias.org\/site\/wp-json\/wp\/v2\/media?parent=3862"}],"wp:term":[{"taxonomy":"category","embeddable":true,"href":"https:\/\/brasilnoticias.org\/site\/wp-json\/wp\/v2\/categories?post=3862"},{"taxonomy":"post_tag","embeddable":true,"href":"https:\/\/brasilnoticias.org\/site\/wp-json\/wp\/v2\/tags?post=3862"}],"curies":[{"name":"wp","href":"https:\/\/api.w.org\/{rel}","templated":true}]}}