{"id":3874,"date":"2023-02-11T18:10:44","date_gmt":"2023-02-11T21:10:44","guid":{"rendered":"https:\/\/brasilnoticias.org\/site\/?p=3874"},"modified":"2023-02-11T08:15:07","modified_gmt":"2023-02-11T11:15:07","slug":"confira-agenda-de-blocos-de-pre-carnaval-de-sao-paulo-no-fim-de-semana","status":"publish","type":"post","link":"https:\/\/brasilnoticias.org\/site\/confira-agenda-de-blocos-de-pre-carnaval-de-sao-paulo-no-fim-de-semana\/","title":{"rendered":"Confira agenda de blocos de pr\u00e9-carnaval de S\u00e3o Paulo no fim de semana"},"content":{"rendered":"<p>S\u00e3o Paulo come\u00e7a a sexta-feira (10) em ritmo de carnaval. Faltando uma semana para o in\u00edcio oficial da folia, diversos blocos v\u00e3o passar pelas ruas da capital j\u00e1 neste fim de semana, no pr\u00e9-carnaval.<\/p>\n<p>Na tarde desta sexta-feira (10), no bairro do Br\u00e1s tem a passagem do bloco \u201cO Pinto do Visconde\u201d, que foi criado em 2008 por um grupo de amigos dentro de um bar que fica no cruzamento das ruas Caetano Pinto e Visconde de Parna\u00edba. A concentra\u00e7\u00e3o desse bloco come\u00e7a a partir das 16h.<\/p>\n<p>No s\u00e1bado, tocando m\u00fasicas de amor, tem o tradicional bloco Casa Comigo que vai fazer o desfile em Pinheiros, na Zona Oeste da cidade, a partir das 11h.<\/p>\n<p>Outro bloco tradicional que vai desfilar no s\u00e1bado \u00e9 Bloco Sargento Pimenta, que presta homenagem aos Beatles, grupo \u00edcone do Rock. O Sargento Pimenta come\u00e7a a folia \u00e0s 9h, na regi\u00e3o da Vila Ol\u00edmpia.<\/p>\n<p>E tem tamb\u00e9m homenagem \u00e0 cantora Rita Lee, que \u00e9 tema do bloco Ritaleena desde 2015. A concentra\u00e7\u00e3o come\u00e7a ao meio-dia, no bairro de Pinheiros. Uma das idealizadoras do bloco, Alessa Camarinha falou qual o tema desse ano.<\/p>\n<p>E vai ter m\u00fasicos consagrados puxando blocos no pr\u00e9-carnaval de S\u00e3o Paulo. Ainda no s\u00e1bado, o cantor Chico Cesar desfila, \u00e0s 10h, no bloco Estado de Poesia, na regi\u00e3o do Ibirapuera; e, mais tarde, no mesmo local, Alceu Valen\u00e7a desfila no bloco Maluco Beleza, a partir das 14h.<\/p>\n<p>No domingo, dia 12, o bloco da Maria, com a cantora Maria Rita desfila perto do parque do Ibirapuera, a partir das 11h. O Acad\u00eamicos do Baixo Augusta, bloco que desce a rua da Consola\u00e7\u00e3o, no centro da cidade, traz este ano o tema atentos e fortes na luta a favor da democracia. E vai trazer como porta estandarte, o escritor Marcelo Rubens Paiva. O bloco vai homenagear este ano a cantora Gal Costa e vai ter participa\u00e7\u00e3o das cantoras C\u00e9u e Marina Sena, o in\u00edcio do desfile est\u00e1 previsto para as 14h.<\/p>\n<p>A lista completa de blocos de rua do carnaval de S\u00e3o Paulo pode ser conferida no &lt;a href=&#8221;http:\/\/carnavalderua.prefeitura.sp.gov.br\/&#8221; rel=&#8221;noopener&#8221; target=&#8221;_blank&#8221;&gt;carnavalderua.prefeitura.sp.gov.br\/&lt;\/a&gt;<\/p>\n<p>&nbsp;<\/p>\n<p>Foto iStock (Foto ilustrativa)<br \/>\nNot\u00edcias ao minuto<\/p>\n","protected":false},"excerpt":{"rendered":"<p>S\u00e3o Paulo come\u00e7a a sexta-feira (10) em ritmo de carnaval. Faltando uma semana para o in\u00edcio oficial da folia, diversos<\/p>\n","protected":false},"author":1,"featured_media":3875,"comment_status":"open","ping_status":"open","sticky":false,"template":"","format":"standard","meta":{"colormag_page_container_layout":"default_layout","colormag_page_sidebar_layout":"default_layout","_FSMCFIC_featured_image_caption":"","_FSMCFIC_featured_image_nocaption":"","_FSMCFIC_featured_image_hide":"","footnotes":""},"categories":[2,1],"tags":[],"class_list":["post-3874","post","type-post","status-publish","format-standard","has-post-thumbnail","hentry","category-noticias","category-ultimas"],"yoast_head":"<!-- This site is optimized with the Yoast SEO plugin v27.1.1 - https:\/\/yoast.com\/product\/yoast-seo-wordpress\/ -->\n<title>Confira agenda de blocos de pr\u00e9-carnaval de S\u00e3o Paulo no fim de semana - Brasil not\u00edcias<\/title>\n<meta name=\"robots\" content=\"index, follow, max-snippet:-1, max-image-preview:large, max-video-preview:-1\" \/>\n<link rel=\"canonical\" href=\"https:\/\/brasilnoticias.org\/site\/confira-agenda-de-blocos-de-pre-carnaval-de-sao-paulo-no-fim-de-semana\/\" \/>\n<meta property=\"og:locale\" content=\"pt_PT\" \/>\n<meta property=\"og:type\" content=\"article\" \/>\n<meta property=\"og:title\" content=\"Confira agenda de blocos de pr\u00e9-carnaval de S\u00e3o Paulo no fim de semana - Brasil not\u00edcias\" \/>\n<meta property=\"og:description\" content=\"S\u00e3o Paulo come\u00e7a a sexta-feira (10) em ritmo de carnaval. Faltando uma semana para o in\u00edcio oficial da folia, diversos\" \/>\n<meta property=\"og:url\" content=\"https:\/\/brasilnoticias.org\/site\/confira-agenda-de-blocos-de-pre-carnaval-de-sao-paulo-no-fim-de-semana\/\" \/>\n<meta property=\"og:site_name\" content=\"Brasil not\u00edcias\" \/>\n<meta property=\"article:published_time\" content=\"2023-02-11T21:10:44+00:00\" \/>\n<meta property=\"og:image\" content=\"https:\/\/brasilnoticias.org\/site\/wp-content\/uploads\/2023\/02\/naom_5c79b50b766b9.jpg\" \/>\n\t<meta property=\"og:image:width\" content=\"960\" \/>\n\t<meta property=\"og:image:height\" content=\"540\" \/>\n\t<meta property=\"og:image:type\" content=\"image\/jpeg\" \/>\n<meta name=\"author\" content=\"Reda\u00e7\u00e3o\" \/>\n<meta name=\"twitter:card\" content=\"summary_large_image\" \/>\n<meta name=\"twitter:label1\" content=\"Escrito por\" \/>\n\t<meta name=\"twitter:data1\" content=\"Reda\u00e7\u00e3o\" \/>\n\t<meta name=\"twitter:label2\" content=\"Tempo estimado de leitura\" \/>\n\t<meta name=\"twitter:data2\" content=\"2 minutos\" \/>\n<script type=\"application\/ld+json\" class=\"yoast-schema-graph\">{\"@context\":\"https:\/\/schema.org\",\"@graph\":[{\"@type\":\"Article\",\"@id\":\"https:\/\/brasilnoticias.org\/site\/confira-agenda-de-blocos-de-pre-carnaval-de-sao-paulo-no-fim-de-semana\/#article\",\"isPartOf\":{\"@id\":\"https:\/\/brasilnoticias.org\/site\/confira-agenda-de-blocos-de-pre-carnaval-de-sao-paulo-no-fim-de-semana\/\"},\"author\":{\"name\":\"Reda\u00e7\u00e3o\",\"@id\":\"https:\/\/brasilnoticias.org\/site\/#\/schema\/person\/a0e05b973ec4d15c658d51911e53507b\"},\"headline\":\"Confira agenda de blocos de pr\u00e9-carnaval de S\u00e3o Paulo no fim de semana\",\"datePublished\":\"2023-02-11T21:10:44+00:00\",\"mainEntityOfPage\":{\"@id\":\"https:\/\/brasilnoticias.org\/site\/confira-agenda-de-blocos-de-pre-carnaval-de-sao-paulo-no-fim-de-semana\/\"},\"wordCount\":412,\"commentCount\":0,\"publisher\":{\"@id\":\"https:\/\/brasilnoticias.org\/site\/#organization\"},\"image\":{\"@id\":\"https:\/\/brasilnoticias.org\/site\/confira-agenda-de-blocos-de-pre-carnaval-de-sao-paulo-no-fim-de-semana\/#primaryimage\"},\"thumbnailUrl\":\"https:\/\/brasilnoticias.org\/site\/wp-content\/uploads\/2023\/02\/naom_5c79b50b766b9.jpg\",\"articleSection\":[\"Not\u00edcias\",\"\u00daltimas\"],\"inLanguage\":\"pt-PT\",\"potentialAction\":[{\"@type\":\"CommentAction\",\"name\":\"Comment\",\"target\":[\"https:\/\/brasilnoticias.org\/site\/confira-agenda-de-blocos-de-pre-carnaval-de-sao-paulo-no-fim-de-semana\/#respond\"]}]},{\"@type\":\"WebPage\",\"@id\":\"https:\/\/brasilnoticias.org\/site\/confira-agenda-de-blocos-de-pre-carnaval-de-sao-paulo-no-fim-de-semana\/\",\"url\":\"https:\/\/brasilnoticias.org\/site\/confira-agenda-de-blocos-de-pre-carnaval-de-sao-paulo-no-fim-de-semana\/\",\"name\":\"Confira agenda de blocos de pr\u00e9-carnaval de S\u00e3o Paulo no fim de semana - Brasil not\u00edcias\",\"isPartOf\":{\"@id\":\"https:\/\/brasilnoticias.org\/site\/#website\"},\"primaryImageOfPage\":{\"@id\":\"https:\/\/brasilnoticias.org\/site\/confira-agenda-de-blocos-de-pre-carnaval-de-sao-paulo-no-fim-de-semana\/#primaryimage\"},\"image\":{\"@id\":\"https:\/\/brasilnoticias.org\/site\/confira-agenda-de-blocos-de-pre-carnaval-de-sao-paulo-no-fim-de-semana\/#primaryimage\"},\"thumbnailUrl\":\"https:\/\/brasilnoticias.org\/site\/wp-content\/uploads\/2023\/02\/naom_5c79b50b766b9.jpg\",\"datePublished\":\"2023-02-11T21:10:44+00:00\",\"breadcrumb\":{\"@id\":\"https:\/\/brasilnoticias.org\/site\/confira-agenda-de-blocos-de-pre-carnaval-de-sao-paulo-no-fim-de-semana\/#breadcrumb\"},\"inLanguage\":\"pt-PT\",\"potentialAction\":[{\"@type\":\"ReadAction\",\"target\":[\"https:\/\/brasilnoticias.org\/site\/confira-agenda-de-blocos-de-pre-carnaval-de-sao-paulo-no-fim-de-semana\/\"]}]},{\"@type\":\"ImageObject\",\"inLanguage\":\"pt-PT\",\"@id\":\"https:\/\/brasilnoticias.org\/site\/confira-agenda-de-blocos-de-pre-carnaval-de-sao-paulo-no-fim-de-semana\/#primaryimage\",\"url\":\"https:\/\/brasilnoticias.org\/site\/wp-content\/uploads\/2023\/02\/naom_5c79b50b766b9.jpg\",\"contentUrl\":\"https:\/\/brasilnoticias.org\/site\/wp-content\/uploads\/2023\/02\/naom_5c79b50b766b9.jpg\",\"width\":960,\"height\":540},{\"@type\":\"BreadcrumbList\",\"@id\":\"https:\/\/brasilnoticias.org\/site\/confira-agenda-de-blocos-de-pre-carnaval-de-sao-paulo-no-fim-de-semana\/#breadcrumb\",\"itemListElement\":[{\"@type\":\"ListItem\",\"position\":1,\"name\":\"In\u00edcio\",\"item\":\"https:\/\/brasilnoticias.org\/site\/\"},{\"@type\":\"ListItem\",\"position\":2,\"name\":\"Confira agenda de blocos de pr\u00e9-carnaval de S\u00e3o Paulo no fim de semana\"}]},{\"@type\":\"WebSite\",\"@id\":\"https:\/\/brasilnoticias.org\/site\/#website\",\"url\":\"https:\/\/brasilnoticias.org\/site\/\",\"name\":\"Brasil not\u00edcias\",\"description\":\"Brasil not\u00edcias\",\"publisher\":{\"@id\":\"https:\/\/brasilnoticias.org\/site\/#organization\"},\"potentialAction\":[{\"@type\":\"SearchAction\",\"target\":{\"@type\":\"EntryPoint\",\"urlTemplate\":\"https:\/\/brasilnoticias.org\/site\/?s={search_term_string}\"},\"query-input\":{\"@type\":\"PropertyValueSpecification\",\"valueRequired\":true,\"valueName\":\"search_term_string\"}}],\"inLanguage\":\"pt-PT\"},{\"@type\":\"Organization\",\"@id\":\"https:\/\/brasilnoticias.org\/site\/#organization\",\"name\":\"Brasil not\u00edcias\",\"url\":\"https:\/\/brasilnoticias.org\/site\/\",\"logo\":{\"@type\":\"ImageObject\",\"inLanguage\":\"pt-PT\",\"@id\":\"https:\/\/brasilnoticias.org\/site\/#\/schema\/logo\/image\/\",\"url\":\"https:\/\/brasilnoticias.org\/site\/wp-content\/uploads\/2022\/05\/cropped-brasilnoticias-mini.jpg\",\"contentUrl\":\"https:\/\/brasilnoticias.org\/site\/wp-content\/uploads\/2022\/05\/cropped-brasilnoticias-mini.jpg\",\"width\":314,\"height\":86,\"caption\":\"Brasil not\u00edcias\"},\"image\":{\"@id\":\"https:\/\/brasilnoticias.org\/site\/#\/schema\/logo\/image\/\"}},{\"@type\":\"Person\",\"@id\":\"https:\/\/brasilnoticias.org\/site\/#\/schema\/person\/a0e05b973ec4d15c658d51911e53507b\",\"name\":\"Reda\u00e7\u00e3o\",\"image\":{\"@type\":\"ImageObject\",\"inLanguage\":\"pt-PT\",\"@id\":\"https:\/\/brasilnoticias.org\/site\/#\/schema\/person\/image\/\",\"url\":\"https:\/\/secure.gravatar.com\/avatar\/75d8b050df2de108b08ae78dfb8e374892df24a383c67db9c46a9c604f6aee9c?s=96&d=mm&r=g\",\"contentUrl\":\"https:\/\/secure.gravatar.com\/avatar\/75d8b050df2de108b08ae78dfb8e374892df24a383c67db9c46a9c604f6aee9c?s=96&d=mm&r=g\",\"caption\":\"Reda\u00e7\u00e3o\"},\"sameAs\":[\"https:\/\/brasilnoticias.org\/site\"],\"url\":\"https:\/\/brasilnoticias.org\/site\/author\/fernandozsngmail-com\/\"}]}<\/script>\n<!-- \/ Yoast SEO plugin. -->","yoast_head_json":{"title":"Confira agenda de blocos de pr\u00e9-carnaval de S\u00e3o Paulo no fim de semana - Brasil not\u00edcias","robots":{"index":"index","follow":"follow","max-snippet":"max-snippet:-1","max-image-preview":"max-image-preview:large","max-video-preview":"max-video-preview:-1"},"canonical":"https:\/\/brasilnoticias.org\/site\/confira-agenda-de-blocos-de-pre-carnaval-de-sao-paulo-no-fim-de-semana\/","og_locale":"pt_PT","og_type":"article","og_title":"Confira agenda de blocos de pr\u00e9-carnaval de S\u00e3o Paulo no fim de semana - Brasil not\u00edcias","og_description":"S\u00e3o Paulo come\u00e7a a sexta-feira (10) em ritmo de carnaval. Faltando uma semana para o in\u00edcio oficial da folia, diversos","og_url":"https:\/\/brasilnoticias.org\/site\/confira-agenda-de-blocos-de-pre-carnaval-de-sao-paulo-no-fim-de-semana\/","og_site_name":"Brasil not\u00edcias","article_published_time":"2023-02-11T21:10:44+00:00","og_image":[{"width":960,"height":540,"url":"https:\/\/brasilnoticias.org\/site\/wp-content\/uploads\/2023\/02\/naom_5c79b50b766b9.jpg","type":"image\/jpeg"}],"author":"Reda\u00e7\u00e3o","twitter_card":"summary_large_image","twitter_misc":{"Escrito por":"Reda\u00e7\u00e3o","Tempo estimado de leitura":"2 minutos"},"schema":{"@context":"https:\/\/schema.org","@graph":[{"@type":"Article","@id":"https:\/\/brasilnoticias.org\/site\/confira-agenda-de-blocos-de-pre-carnaval-de-sao-paulo-no-fim-de-semana\/#article","isPartOf":{"@id":"https:\/\/brasilnoticias.org\/site\/confira-agenda-de-blocos-de-pre-carnaval-de-sao-paulo-no-fim-de-semana\/"},"author":{"name":"Reda\u00e7\u00e3o","@id":"https:\/\/brasilnoticias.org\/site\/#\/schema\/person\/a0e05b973ec4d15c658d51911e53507b"},"headline":"Confira agenda de blocos de pr\u00e9-carnaval de S\u00e3o Paulo no fim de semana","datePublished":"2023-02-11T21:10:44+00:00","mainEntityOfPage":{"@id":"https:\/\/brasilnoticias.org\/site\/confira-agenda-de-blocos-de-pre-carnaval-de-sao-paulo-no-fim-de-semana\/"},"wordCount":412,"commentCount":0,"publisher":{"@id":"https:\/\/brasilnoticias.org\/site\/#organization"},"image":{"@id":"https:\/\/brasilnoticias.org\/site\/confira-agenda-de-blocos-de-pre-carnaval-de-sao-paulo-no-fim-de-semana\/#primaryimage"},"thumbnailUrl":"https:\/\/brasilnoticias.org\/site\/wp-content\/uploads\/2023\/02\/naom_5c79b50b766b9.jpg","articleSection":["Not\u00edcias","\u00daltimas"],"inLanguage":"pt-PT","potentialAction":[{"@type":"CommentAction","name":"Comment","target":["https:\/\/brasilnoticias.org\/site\/confira-agenda-de-blocos-de-pre-carnaval-de-sao-paulo-no-fim-de-semana\/#respond"]}]},{"@type":"WebPage","@id":"https:\/\/brasilnoticias.org\/site\/confira-agenda-de-blocos-de-pre-carnaval-de-sao-paulo-no-fim-de-semana\/","url":"https:\/\/brasilnoticias.org\/site\/confira-agenda-de-blocos-de-pre-carnaval-de-sao-paulo-no-fim-de-semana\/","name":"Confira agenda de blocos de pr\u00e9-carnaval de S\u00e3o Paulo no fim de semana - Brasil not\u00edcias","isPartOf":{"@id":"https:\/\/brasilnoticias.org\/site\/#website"},"primaryImageOfPage":{"@id":"https:\/\/brasilnoticias.org\/site\/confira-agenda-de-blocos-de-pre-carnaval-de-sao-paulo-no-fim-de-semana\/#primaryimage"},"image":{"@id":"https:\/\/brasilnoticias.org\/site\/confira-agenda-de-blocos-de-pre-carnaval-de-sao-paulo-no-fim-de-semana\/#primaryimage"},"thumbnailUrl":"https:\/\/brasilnoticias.org\/site\/wp-content\/uploads\/2023\/02\/naom_5c79b50b766b9.jpg","datePublished":"2023-02-11T21:10:44+00:00","breadcrumb":{"@id":"https:\/\/brasilnoticias.org\/site\/confira-agenda-de-blocos-de-pre-carnaval-de-sao-paulo-no-fim-de-semana\/#breadcrumb"},"inLanguage":"pt-PT","potentialAction":[{"@type":"ReadAction","target":["https:\/\/brasilnoticias.org\/site\/confira-agenda-de-blocos-de-pre-carnaval-de-sao-paulo-no-fim-de-semana\/"]}]},{"@type":"ImageObject","inLanguage":"pt-PT","@id":"https:\/\/brasilnoticias.org\/site\/confira-agenda-de-blocos-de-pre-carnaval-de-sao-paulo-no-fim-de-semana\/#primaryimage","url":"https:\/\/brasilnoticias.org\/site\/wp-content\/uploads\/2023\/02\/naom_5c79b50b766b9.jpg","contentUrl":"https:\/\/brasilnoticias.org\/site\/wp-content\/uploads\/2023\/02\/naom_5c79b50b766b9.jpg","width":960,"height":540},{"@type":"BreadcrumbList","@id":"https:\/\/brasilnoticias.org\/site\/confira-agenda-de-blocos-de-pre-carnaval-de-sao-paulo-no-fim-de-semana\/#breadcrumb","itemListElement":[{"@type":"ListItem","position":1,"name":"In\u00edcio","item":"https:\/\/brasilnoticias.org\/site\/"},{"@type":"ListItem","position":2,"name":"Confira agenda de blocos de pr\u00e9-carnaval de S\u00e3o Paulo no fim de semana"}]},{"@type":"WebSite","@id":"https:\/\/brasilnoticias.org\/site\/#website","url":"https:\/\/brasilnoticias.org\/site\/","name":"Brasil not\u00edcias","description":"Brasil not\u00edcias","publisher":{"@id":"https:\/\/brasilnoticias.org\/site\/#organization"},"potentialAction":[{"@type":"SearchAction","target":{"@type":"EntryPoint","urlTemplate":"https:\/\/brasilnoticias.org\/site\/?s={search_term_string}"},"query-input":{"@type":"PropertyValueSpecification","valueRequired":true,"valueName":"search_term_string"}}],"inLanguage":"pt-PT"},{"@type":"Organization","@id":"https:\/\/brasilnoticias.org\/site\/#organization","name":"Brasil not\u00edcias","url":"https:\/\/brasilnoticias.org\/site\/","logo":{"@type":"ImageObject","inLanguage":"pt-PT","@id":"https:\/\/brasilnoticias.org\/site\/#\/schema\/logo\/image\/","url":"https:\/\/brasilnoticias.org\/site\/wp-content\/uploads\/2022\/05\/cropped-brasilnoticias-mini.jpg","contentUrl":"https:\/\/brasilnoticias.org\/site\/wp-content\/uploads\/2022\/05\/cropped-brasilnoticias-mini.jpg","width":314,"height":86,"caption":"Brasil not\u00edcias"},"image":{"@id":"https:\/\/brasilnoticias.org\/site\/#\/schema\/logo\/image\/"}},{"@type":"Person","@id":"https:\/\/brasilnoticias.org\/site\/#\/schema\/person\/a0e05b973ec4d15c658d51911e53507b","name":"Reda\u00e7\u00e3o","image":{"@type":"ImageObject","inLanguage":"pt-PT","@id":"https:\/\/brasilnoticias.org\/site\/#\/schema\/person\/image\/","url":"https:\/\/secure.gravatar.com\/avatar\/75d8b050df2de108b08ae78dfb8e374892df24a383c67db9c46a9c604f6aee9c?s=96&d=mm&r=g","contentUrl":"https:\/\/secure.gravatar.com\/avatar\/75d8b050df2de108b08ae78dfb8e374892df24a383c67db9c46a9c604f6aee9c?s=96&d=mm&r=g","caption":"Reda\u00e7\u00e3o"},"sameAs":["https:\/\/brasilnoticias.org\/site"],"url":"https:\/\/brasilnoticias.org\/site\/author\/fernandozsngmail-com\/"}]}},"_links":{"self":[{"href":"https:\/\/brasilnoticias.org\/site\/wp-json\/wp\/v2\/posts\/3874","targetHints":{"allow":["GET"]}}],"collection":[{"href":"https:\/\/brasilnoticias.org\/site\/wp-json\/wp\/v2\/posts"}],"about":[{"href":"https:\/\/brasilnoticias.org\/site\/wp-json\/wp\/v2\/types\/post"}],"author":[{"embeddable":true,"href":"https:\/\/brasilnoticias.org\/site\/wp-json\/wp\/v2\/users\/1"}],"replies":[{"embeddable":true,"href":"https:\/\/brasilnoticias.org\/site\/wp-json\/wp\/v2\/comments?post=3874"}],"version-history":[{"count":1,"href":"https:\/\/brasilnoticias.org\/site\/wp-json\/wp\/v2\/posts\/3874\/revisions"}],"predecessor-version":[{"id":3876,"href":"https:\/\/brasilnoticias.org\/site\/wp-json\/wp\/v2\/posts\/3874\/revisions\/3876"}],"wp:featuredmedia":[{"embeddable":true,"href":"https:\/\/brasilnoticias.org\/site\/wp-json\/wp\/v2\/media\/3875"}],"wp:attachment":[{"href":"https:\/\/brasilnoticias.org\/site\/wp-json\/wp\/v2\/media?parent=3874"}],"wp:term":[{"taxonomy":"category","embeddable":true,"href":"https:\/\/brasilnoticias.org\/site\/wp-json\/wp\/v2\/categories?post=3874"},{"taxonomy":"post_tag","embeddable":true,"href":"https:\/\/brasilnoticias.org\/site\/wp-json\/wp\/v2\/tags?post=3874"}],"curies":[{"name":"wp","href":"https:\/\/api.w.org\/{rel}","templated":true}]}}