{"id":3877,"date":"2023-02-11T18:20:17","date_gmt":"2023-02-11T21:20:17","guid":{"rendered":"https:\/\/brasilnoticias.org\/site\/?p=3877"},"modified":"2023-02-11T08:18:09","modified_gmt":"2023-02-11T11:18:09","slug":"diesel-cai-11-nos-postos-com-primeiros-repasses-do-corte-nas-refinarias","status":"publish","type":"post","link":"https:\/\/brasilnoticias.org\/site\/diesel-cai-11-nos-postos-com-primeiros-repasses-do-corte-nas-refinarias\/","title":{"rendered":"Diesel cai 1,1% nos postos com primeiros repasses do corte nas refinarias"},"content":{"rendered":"<p>O corte do pre\u00e7o do diesel nas refinarias da Petrobras, vigente desde esta quarta-feira (8), ainda n\u00e3o chegou totalmente aos postos, segundo a pesquisa de pre\u00e7os da ANP (Ag\u00eancia Nacional do Petr\u00f3leo, G\u00e1s e Biocombust\u00edveis).<\/p>\n<p>O diesel S-10 foi vendido esta semana ao pre\u00e7o m\u00e9dio de R$ 6,32 por litro, queda de 1,1%, ou R$ 0,07 por litro, em rela\u00e7\u00e3o \u00e0 semana anterior. O corte da Petrobras foi de 7,8% e, considerando a mistura de 10% de biodiesel, representaria uma repasse de R$ 0,35 por litro.<br \/>\nOs dados s\u00e3o coletados pela ANP nos primeiros dias da semana, o que pode distorcer a percep\u00e7\u00e3o do repasse. &#8220;A chegada dos novos valores ao mercado dependem principalmente dos repasses das distribuidoras&#8221;, disse na quarta o Paranapetro, que representa os postos do Paran\u00e1.<br \/>\n&#8220;Em aumentos anteriores, as companhias distribuidoras repassaram eleva\u00e7\u00f5es de pre\u00e7o com grande agilidade aos postos, muitas vezes de imediato, e at\u00e9 com valores superiores ao divulgado pela Petrobras&#8221;, completou.<br \/>\nO pre\u00e7o da gasolina caiu 0,8%, ap\u00f3s uma semana de alta com repasses do aumento de 7,4% anunciado pela estatal no fim de janeiro. Esta semana, o pre\u00e7o m\u00e9dio nacional ficou em R$ 5,08 por litro.<br \/>\nO pre\u00e7o do etanol hidratado tamb\u00e9m virou ap\u00f3s uma semana de alta. Nesta semana, o produto foi vendido, em m\u00e9dia, a R$ 3,80 por litro, R$ 0,02 abaixo do verificado na semana passada.<br \/>\nDe acordo com a ANP, o pre\u00e7o do g\u00e1s de cozinha permaneceu est\u00e1vel na semana, em R$ 108,00 por botij\u00e3o de 13 quilos, contra os R$ 108,20 verificados na semana anterior.<br \/>\nA escalada de pre\u00e7os do produto, que tem grande peso no or\u00e7amento das fam\u00edlias de baixa renda, fez com que as vendas de botij\u00f5es inferiores a 13 quilos em 2022 ficassem no menor patamar dos \u00faltimos dez anos.<br \/>\nAp\u00f3s os ajustes nos pre\u00e7os das \u00faltimas semanas, o mercado n\u00e3o v\u00ea espa\u00e7o para mudan\u00e7as agora. Segundo dados da Abicom (Associa\u00e7\u00e3o Brasileira dos Importadores de Combust\u00edveis) os pre\u00e7os da gasolina e do diesel nas refinarias brasileiras est\u00e3o alinhados \u00e0s cota\u00e7\u00f5es internacionais.<br \/>\nNa abertura do mercado desta sexta (10), o pre\u00e7o m\u00e9dio da gasolina produzida no pa\u00eds estava 1%, ou R$ 0,05 por litro, acima da paridade de importa\u00e7\u00e3o, conceito que simula quanto custaria para importar o produto. O diesel estava 1%, ou R$ 0,03 por litro, mais barato.<\/p>\n<p>Foto Shutterstock<\/p>\n<p>Not\u00edcias ao minuto<\/p>\n","protected":false},"excerpt":{"rendered":"<p>O corte do pre\u00e7o do diesel nas refinarias da Petrobras, vigente desde esta quarta-feira (8), ainda n\u00e3o chegou totalmente aos<\/p>\n","protected":false},"author":1,"featured_media":3878,"comment_status":"open","ping_status":"open","sticky":false,"template":"","format":"standard","meta":{"colormag_page_container_layout":"default_layout","colormag_page_sidebar_layout":"default_layout","_FSMCFIC_featured_image_caption":"","_FSMCFIC_featured_image_nocaption":"","_FSMCFIC_featured_image_hide":"","footnotes":""},"categories":[2,1],"tags":[],"class_list":["post-3877","post","type-post","status-publish","format-standard","has-post-thumbnail","hentry","category-noticias","category-ultimas"],"yoast_head":"<!-- This site is optimized with the Yoast SEO plugin v27.1.1 - https:\/\/yoast.com\/product\/yoast-seo-wordpress\/ -->\n<title>Diesel cai 1,1% nos postos com primeiros repasses do corte nas refinarias - Brasil not\u00edcias<\/title>\n<meta name=\"robots\" content=\"index, follow, max-snippet:-1, max-image-preview:large, max-video-preview:-1\" \/>\n<link rel=\"canonical\" href=\"https:\/\/brasilnoticias.org\/site\/diesel-cai-11-nos-postos-com-primeiros-repasses-do-corte-nas-refinarias\/\" \/>\n<meta property=\"og:locale\" content=\"pt_PT\" \/>\n<meta property=\"og:type\" content=\"article\" \/>\n<meta property=\"og:title\" content=\"Diesel cai 1,1% nos postos com primeiros repasses do corte nas refinarias - Brasil not\u00edcias\" \/>\n<meta property=\"og:description\" content=\"O corte do pre\u00e7o do diesel nas refinarias da Petrobras, vigente desde esta quarta-feira (8), ainda n\u00e3o chegou totalmente aos\" \/>\n<meta property=\"og:url\" content=\"https:\/\/brasilnoticias.org\/site\/diesel-cai-11-nos-postos-com-primeiros-repasses-do-corte-nas-refinarias\/\" \/>\n<meta property=\"og:site_name\" content=\"Brasil not\u00edcias\" \/>\n<meta property=\"article:published_time\" content=\"2023-02-11T21:20:17+00:00\" \/>\n<meta property=\"og:image\" content=\"https:\/\/brasilnoticias.org\/site\/wp-content\/uploads\/2023\/02\/naom_5f7dcaf31e852.jpg\" \/>\n\t<meta property=\"og:image:width\" content=\"960\" \/>\n\t<meta property=\"og:image:height\" content=\"540\" \/>\n\t<meta property=\"og:image:type\" content=\"image\/jpeg\" \/>\n<meta name=\"author\" content=\"Reda\u00e7\u00e3o\" \/>\n<meta name=\"twitter:card\" content=\"summary_large_image\" \/>\n<meta name=\"twitter:label1\" content=\"Escrito por\" \/>\n\t<meta name=\"twitter:data1\" content=\"Reda\u00e7\u00e3o\" \/>\n\t<meta name=\"twitter:label2\" content=\"Tempo estimado de leitura\" \/>\n\t<meta name=\"twitter:data2\" content=\"2 minutos\" \/>\n<script type=\"application\/ld+json\" class=\"yoast-schema-graph\">{\"@context\":\"https:\/\/schema.org\",\"@graph\":[{\"@type\":\"Article\",\"@id\":\"https:\/\/brasilnoticias.org\/site\/diesel-cai-11-nos-postos-com-primeiros-repasses-do-corte-nas-refinarias\/#article\",\"isPartOf\":{\"@id\":\"https:\/\/brasilnoticias.org\/site\/diesel-cai-11-nos-postos-com-primeiros-repasses-do-corte-nas-refinarias\/\"},\"author\":{\"name\":\"Reda\u00e7\u00e3o\",\"@id\":\"https:\/\/brasilnoticias.org\/site\/#\/schema\/person\/a0e05b973ec4d15c658d51911e53507b\"},\"headline\":\"Diesel cai 1,1% nos postos com primeiros repasses do corte nas refinarias\",\"datePublished\":\"2023-02-11T21:20:17+00:00\",\"mainEntityOfPage\":{\"@id\":\"https:\/\/brasilnoticias.org\/site\/diesel-cai-11-nos-postos-com-primeiros-repasses-do-corte-nas-refinarias\/\"},\"wordCount\":422,\"commentCount\":0,\"publisher\":{\"@id\":\"https:\/\/brasilnoticias.org\/site\/#organization\"},\"image\":{\"@id\":\"https:\/\/brasilnoticias.org\/site\/diesel-cai-11-nos-postos-com-primeiros-repasses-do-corte-nas-refinarias\/#primaryimage\"},\"thumbnailUrl\":\"https:\/\/brasilnoticias.org\/site\/wp-content\/uploads\/2023\/02\/naom_5f7dcaf31e852.jpg\",\"articleSection\":[\"Not\u00edcias\",\"\u00daltimas\"],\"inLanguage\":\"pt-PT\",\"potentialAction\":[{\"@type\":\"CommentAction\",\"name\":\"Comment\",\"target\":[\"https:\/\/brasilnoticias.org\/site\/diesel-cai-11-nos-postos-com-primeiros-repasses-do-corte-nas-refinarias\/#respond\"]}]},{\"@type\":\"WebPage\",\"@id\":\"https:\/\/brasilnoticias.org\/site\/diesel-cai-11-nos-postos-com-primeiros-repasses-do-corte-nas-refinarias\/\",\"url\":\"https:\/\/brasilnoticias.org\/site\/diesel-cai-11-nos-postos-com-primeiros-repasses-do-corte-nas-refinarias\/\",\"name\":\"Diesel cai 1,1% nos postos com primeiros repasses do corte nas refinarias - Brasil not\u00edcias\",\"isPartOf\":{\"@id\":\"https:\/\/brasilnoticias.org\/site\/#website\"},\"primaryImageOfPage\":{\"@id\":\"https:\/\/brasilnoticias.org\/site\/diesel-cai-11-nos-postos-com-primeiros-repasses-do-corte-nas-refinarias\/#primaryimage\"},\"image\":{\"@id\":\"https:\/\/brasilnoticias.org\/site\/diesel-cai-11-nos-postos-com-primeiros-repasses-do-corte-nas-refinarias\/#primaryimage\"},\"thumbnailUrl\":\"https:\/\/brasilnoticias.org\/site\/wp-content\/uploads\/2023\/02\/naom_5f7dcaf31e852.jpg\",\"datePublished\":\"2023-02-11T21:20:17+00:00\",\"breadcrumb\":{\"@id\":\"https:\/\/brasilnoticias.org\/site\/diesel-cai-11-nos-postos-com-primeiros-repasses-do-corte-nas-refinarias\/#breadcrumb\"},\"inLanguage\":\"pt-PT\",\"potentialAction\":[{\"@type\":\"ReadAction\",\"target\":[\"https:\/\/brasilnoticias.org\/site\/diesel-cai-11-nos-postos-com-primeiros-repasses-do-corte-nas-refinarias\/\"]}]},{\"@type\":\"ImageObject\",\"inLanguage\":\"pt-PT\",\"@id\":\"https:\/\/brasilnoticias.org\/site\/diesel-cai-11-nos-postos-com-primeiros-repasses-do-corte-nas-refinarias\/#primaryimage\",\"url\":\"https:\/\/brasilnoticias.org\/site\/wp-content\/uploads\/2023\/02\/naom_5f7dcaf31e852.jpg\",\"contentUrl\":\"https:\/\/brasilnoticias.org\/site\/wp-content\/uploads\/2023\/02\/naom_5f7dcaf31e852.jpg\",\"width\":960,\"height\":540},{\"@type\":\"BreadcrumbList\",\"@id\":\"https:\/\/brasilnoticias.org\/site\/diesel-cai-11-nos-postos-com-primeiros-repasses-do-corte-nas-refinarias\/#breadcrumb\",\"itemListElement\":[{\"@type\":\"ListItem\",\"position\":1,\"name\":\"In\u00edcio\",\"item\":\"https:\/\/brasilnoticias.org\/site\/\"},{\"@type\":\"ListItem\",\"position\":2,\"name\":\"Diesel cai 1,1% nos postos com primeiros repasses do corte nas refinarias\"}]},{\"@type\":\"WebSite\",\"@id\":\"https:\/\/brasilnoticias.org\/site\/#website\",\"url\":\"https:\/\/brasilnoticias.org\/site\/\",\"name\":\"Brasil not\u00edcias\",\"description\":\"Brasil not\u00edcias\",\"publisher\":{\"@id\":\"https:\/\/brasilnoticias.org\/site\/#organization\"},\"potentialAction\":[{\"@type\":\"SearchAction\",\"target\":{\"@type\":\"EntryPoint\",\"urlTemplate\":\"https:\/\/brasilnoticias.org\/site\/?s={search_term_string}\"},\"query-input\":{\"@type\":\"PropertyValueSpecification\",\"valueRequired\":true,\"valueName\":\"search_term_string\"}}],\"inLanguage\":\"pt-PT\"},{\"@type\":\"Organization\",\"@id\":\"https:\/\/brasilnoticias.org\/site\/#organization\",\"name\":\"Brasil not\u00edcias\",\"url\":\"https:\/\/brasilnoticias.org\/site\/\",\"logo\":{\"@type\":\"ImageObject\",\"inLanguage\":\"pt-PT\",\"@id\":\"https:\/\/brasilnoticias.org\/site\/#\/schema\/logo\/image\/\",\"url\":\"https:\/\/brasilnoticias.org\/site\/wp-content\/uploads\/2022\/05\/cropped-brasilnoticias-mini.jpg\",\"contentUrl\":\"https:\/\/brasilnoticias.org\/site\/wp-content\/uploads\/2022\/05\/cropped-brasilnoticias-mini.jpg\",\"width\":314,\"height\":86,\"caption\":\"Brasil not\u00edcias\"},\"image\":{\"@id\":\"https:\/\/brasilnoticias.org\/site\/#\/schema\/logo\/image\/\"}},{\"@type\":\"Person\",\"@id\":\"https:\/\/brasilnoticias.org\/site\/#\/schema\/person\/a0e05b973ec4d15c658d51911e53507b\",\"name\":\"Reda\u00e7\u00e3o\",\"image\":{\"@type\":\"ImageObject\",\"inLanguage\":\"pt-PT\",\"@id\":\"https:\/\/brasilnoticias.org\/site\/#\/schema\/person\/image\/\",\"url\":\"https:\/\/secure.gravatar.com\/avatar\/75d8b050df2de108b08ae78dfb8e374892df24a383c67db9c46a9c604f6aee9c?s=96&d=mm&r=g\",\"contentUrl\":\"https:\/\/secure.gravatar.com\/avatar\/75d8b050df2de108b08ae78dfb8e374892df24a383c67db9c46a9c604f6aee9c?s=96&d=mm&r=g\",\"caption\":\"Reda\u00e7\u00e3o\"},\"sameAs\":[\"https:\/\/brasilnoticias.org\/site\"],\"url\":\"https:\/\/brasilnoticias.org\/site\/author\/fernandozsngmail-com\/\"}]}<\/script>\n<!-- \/ Yoast SEO plugin. -->","yoast_head_json":{"title":"Diesel cai 1,1% nos postos com primeiros repasses do corte nas refinarias - Brasil not\u00edcias","robots":{"index":"index","follow":"follow","max-snippet":"max-snippet:-1","max-image-preview":"max-image-preview:large","max-video-preview":"max-video-preview:-1"},"canonical":"https:\/\/brasilnoticias.org\/site\/diesel-cai-11-nos-postos-com-primeiros-repasses-do-corte-nas-refinarias\/","og_locale":"pt_PT","og_type":"article","og_title":"Diesel cai 1,1% nos postos com primeiros repasses do corte nas refinarias - Brasil not\u00edcias","og_description":"O corte do pre\u00e7o do diesel nas refinarias da Petrobras, vigente desde esta quarta-feira (8), ainda n\u00e3o chegou totalmente aos","og_url":"https:\/\/brasilnoticias.org\/site\/diesel-cai-11-nos-postos-com-primeiros-repasses-do-corte-nas-refinarias\/","og_site_name":"Brasil not\u00edcias","article_published_time":"2023-02-11T21:20:17+00:00","og_image":[{"width":960,"height":540,"url":"https:\/\/brasilnoticias.org\/site\/wp-content\/uploads\/2023\/02\/naom_5f7dcaf31e852.jpg","type":"image\/jpeg"}],"author":"Reda\u00e7\u00e3o","twitter_card":"summary_large_image","twitter_misc":{"Escrito por":"Reda\u00e7\u00e3o","Tempo estimado de leitura":"2 minutos"},"schema":{"@context":"https:\/\/schema.org","@graph":[{"@type":"Article","@id":"https:\/\/brasilnoticias.org\/site\/diesel-cai-11-nos-postos-com-primeiros-repasses-do-corte-nas-refinarias\/#article","isPartOf":{"@id":"https:\/\/brasilnoticias.org\/site\/diesel-cai-11-nos-postos-com-primeiros-repasses-do-corte-nas-refinarias\/"},"author":{"name":"Reda\u00e7\u00e3o","@id":"https:\/\/brasilnoticias.org\/site\/#\/schema\/person\/a0e05b973ec4d15c658d51911e53507b"},"headline":"Diesel cai 1,1% nos postos com primeiros repasses do corte nas refinarias","datePublished":"2023-02-11T21:20:17+00:00","mainEntityOfPage":{"@id":"https:\/\/brasilnoticias.org\/site\/diesel-cai-11-nos-postos-com-primeiros-repasses-do-corte-nas-refinarias\/"},"wordCount":422,"commentCount":0,"publisher":{"@id":"https:\/\/brasilnoticias.org\/site\/#organization"},"image":{"@id":"https:\/\/brasilnoticias.org\/site\/diesel-cai-11-nos-postos-com-primeiros-repasses-do-corte-nas-refinarias\/#primaryimage"},"thumbnailUrl":"https:\/\/brasilnoticias.org\/site\/wp-content\/uploads\/2023\/02\/naom_5f7dcaf31e852.jpg","articleSection":["Not\u00edcias","\u00daltimas"],"inLanguage":"pt-PT","potentialAction":[{"@type":"CommentAction","name":"Comment","target":["https:\/\/brasilnoticias.org\/site\/diesel-cai-11-nos-postos-com-primeiros-repasses-do-corte-nas-refinarias\/#respond"]}]},{"@type":"WebPage","@id":"https:\/\/brasilnoticias.org\/site\/diesel-cai-11-nos-postos-com-primeiros-repasses-do-corte-nas-refinarias\/","url":"https:\/\/brasilnoticias.org\/site\/diesel-cai-11-nos-postos-com-primeiros-repasses-do-corte-nas-refinarias\/","name":"Diesel cai 1,1% nos postos com primeiros repasses do corte nas refinarias - Brasil not\u00edcias","isPartOf":{"@id":"https:\/\/brasilnoticias.org\/site\/#website"},"primaryImageOfPage":{"@id":"https:\/\/brasilnoticias.org\/site\/diesel-cai-11-nos-postos-com-primeiros-repasses-do-corte-nas-refinarias\/#primaryimage"},"image":{"@id":"https:\/\/brasilnoticias.org\/site\/diesel-cai-11-nos-postos-com-primeiros-repasses-do-corte-nas-refinarias\/#primaryimage"},"thumbnailUrl":"https:\/\/brasilnoticias.org\/site\/wp-content\/uploads\/2023\/02\/naom_5f7dcaf31e852.jpg","datePublished":"2023-02-11T21:20:17+00:00","breadcrumb":{"@id":"https:\/\/brasilnoticias.org\/site\/diesel-cai-11-nos-postos-com-primeiros-repasses-do-corte-nas-refinarias\/#breadcrumb"},"inLanguage":"pt-PT","potentialAction":[{"@type":"ReadAction","target":["https:\/\/brasilnoticias.org\/site\/diesel-cai-11-nos-postos-com-primeiros-repasses-do-corte-nas-refinarias\/"]}]},{"@type":"ImageObject","inLanguage":"pt-PT","@id":"https:\/\/brasilnoticias.org\/site\/diesel-cai-11-nos-postos-com-primeiros-repasses-do-corte-nas-refinarias\/#primaryimage","url":"https:\/\/brasilnoticias.org\/site\/wp-content\/uploads\/2023\/02\/naom_5f7dcaf31e852.jpg","contentUrl":"https:\/\/brasilnoticias.org\/site\/wp-content\/uploads\/2023\/02\/naom_5f7dcaf31e852.jpg","width":960,"height":540},{"@type":"BreadcrumbList","@id":"https:\/\/brasilnoticias.org\/site\/diesel-cai-11-nos-postos-com-primeiros-repasses-do-corte-nas-refinarias\/#breadcrumb","itemListElement":[{"@type":"ListItem","position":1,"name":"In\u00edcio","item":"https:\/\/brasilnoticias.org\/site\/"},{"@type":"ListItem","position":2,"name":"Diesel cai 1,1% nos postos com primeiros repasses do corte nas refinarias"}]},{"@type":"WebSite","@id":"https:\/\/brasilnoticias.org\/site\/#website","url":"https:\/\/brasilnoticias.org\/site\/","name":"Brasil not\u00edcias","description":"Brasil not\u00edcias","publisher":{"@id":"https:\/\/brasilnoticias.org\/site\/#organization"},"potentialAction":[{"@type":"SearchAction","target":{"@type":"EntryPoint","urlTemplate":"https:\/\/brasilnoticias.org\/site\/?s={search_term_string}"},"query-input":{"@type":"PropertyValueSpecification","valueRequired":true,"valueName":"search_term_string"}}],"inLanguage":"pt-PT"},{"@type":"Organization","@id":"https:\/\/brasilnoticias.org\/site\/#organization","name":"Brasil not\u00edcias","url":"https:\/\/brasilnoticias.org\/site\/","logo":{"@type":"ImageObject","inLanguage":"pt-PT","@id":"https:\/\/brasilnoticias.org\/site\/#\/schema\/logo\/image\/","url":"https:\/\/brasilnoticias.org\/site\/wp-content\/uploads\/2022\/05\/cropped-brasilnoticias-mini.jpg","contentUrl":"https:\/\/brasilnoticias.org\/site\/wp-content\/uploads\/2022\/05\/cropped-brasilnoticias-mini.jpg","width":314,"height":86,"caption":"Brasil not\u00edcias"},"image":{"@id":"https:\/\/brasilnoticias.org\/site\/#\/schema\/logo\/image\/"}},{"@type":"Person","@id":"https:\/\/brasilnoticias.org\/site\/#\/schema\/person\/a0e05b973ec4d15c658d51911e53507b","name":"Reda\u00e7\u00e3o","image":{"@type":"ImageObject","inLanguage":"pt-PT","@id":"https:\/\/brasilnoticias.org\/site\/#\/schema\/person\/image\/","url":"https:\/\/secure.gravatar.com\/avatar\/75d8b050df2de108b08ae78dfb8e374892df24a383c67db9c46a9c604f6aee9c?s=96&d=mm&r=g","contentUrl":"https:\/\/secure.gravatar.com\/avatar\/75d8b050df2de108b08ae78dfb8e374892df24a383c67db9c46a9c604f6aee9c?s=96&d=mm&r=g","caption":"Reda\u00e7\u00e3o"},"sameAs":["https:\/\/brasilnoticias.org\/site"],"url":"https:\/\/brasilnoticias.org\/site\/author\/fernandozsngmail-com\/"}]}},"_links":{"self":[{"href":"https:\/\/brasilnoticias.org\/site\/wp-json\/wp\/v2\/posts\/3877","targetHints":{"allow":["GET"]}}],"collection":[{"href":"https:\/\/brasilnoticias.org\/site\/wp-json\/wp\/v2\/posts"}],"about":[{"href":"https:\/\/brasilnoticias.org\/site\/wp-json\/wp\/v2\/types\/post"}],"author":[{"embeddable":true,"href":"https:\/\/brasilnoticias.org\/site\/wp-json\/wp\/v2\/users\/1"}],"replies":[{"embeddable":true,"href":"https:\/\/brasilnoticias.org\/site\/wp-json\/wp\/v2\/comments?post=3877"}],"version-history":[{"count":1,"href":"https:\/\/brasilnoticias.org\/site\/wp-json\/wp\/v2\/posts\/3877\/revisions"}],"predecessor-version":[{"id":3879,"href":"https:\/\/brasilnoticias.org\/site\/wp-json\/wp\/v2\/posts\/3877\/revisions\/3879"}],"wp:featuredmedia":[{"embeddable":true,"href":"https:\/\/brasilnoticias.org\/site\/wp-json\/wp\/v2\/media\/3878"}],"wp:attachment":[{"href":"https:\/\/brasilnoticias.org\/site\/wp-json\/wp\/v2\/media?parent=3877"}],"wp:term":[{"taxonomy":"category","embeddable":true,"href":"https:\/\/brasilnoticias.org\/site\/wp-json\/wp\/v2\/categories?post=3877"},{"taxonomy":"post_tag","embeddable":true,"href":"https:\/\/brasilnoticias.org\/site\/wp-json\/wp\/v2\/tags?post=3877"}],"curies":[{"name":"wp","href":"https:\/\/api.w.org\/{rel}","templated":true}]}}