{"id":3883,"date":"2023-02-12T07:00:15","date_gmt":"2023-02-12T10:00:15","guid":{"rendered":"https:\/\/brasilnoticias.org\/site\/?p=3883"},"modified":"2023-02-11T11:05:54","modified_gmt":"2023-02-11T14:05:54","slug":"cbf-surpreende-e-faz-revelacao-sobre-possivel-contratacao-de-carlo-ancelotti","status":"publish","type":"post","link":"https:\/\/brasilnoticias.org\/site\/cbf-surpreende-e-faz-revelacao-sobre-possivel-contratacao-de-carlo-ancelotti\/","title":{"rendered":"CBF surpreende e faz revela\u00e7\u00e3o sobre poss\u00edvel contrata\u00e7\u00e3o de Carlo Ancelotti"},"content":{"rendered":"<p>A sele\u00e7\u00e3o brasileira ainda n\u00e3o achou seu novo t\u00e9cnico. Ap\u00f3s ser eliminado nas quartas de finais da Copa do Mundo para a Cro\u00e1cia, Tite anunciou que iria deixar o cargo, independente do resultado da competi\u00e7\u00e3o.<\/p>\n<p>A princ\u00edpio, o prazo para anunciar seria at\u00e9 o fim de janeiro, mas n\u00e3o aconteceu e nomes ainda est\u00e3o sendo estudados. A ideia \u00e9 sair dos nomes nacionais, procurando assim um treinador vindo da Europa.<\/p>\n<p>Um dos nomes que agradou \u00e0 CBF foi o de Carlo Ancelotti, do Real Madrid. De acordo com as informa\u00e7\u00f5es apuradas e reveladas pelas ESPN, o treinador teria aceitado a oferta e est\u00e1 fechado com a sele\u00e7\u00e3o brasileira.<\/p>\n<p>O italiano, que est\u00e1 no comando do clube merengue desde 2021, vem negando e afirmando que seu contrato com o time espanhol vai at\u00e9 o fim de 2024. Do mesmo modo, agora foi a vez da CBF desmentir os rumores.<\/p>\n<p>A entidade publicou uma nota oficial negando qualquer negocia\u00e7\u00e3o. &#8220;A Confedera\u00e7\u00e3o Brasileira de Futebol (CBF) informa que n\u00e3o procede a not\u00edcia divulgada nesta sexta-feira (10\/02) de que o t\u00e9cnico do Real Madrid, o italiano Carlo Ancelotti, \u00e9 o novo treinador da Sele\u00e7\u00e3o Brasileira. O Presidente Ednaldo Rodrigues mant\u00e9m as declara\u00e7\u00f5es dadas na quarta-feira, ap\u00f3s o sorteio dos confrontos da Copa do Brasil. Na ocasi\u00e3o, o dirigente descartou especula\u00e7\u00f5es, disse que o assunto \u00e9 tratado de forma transparente e que o t\u00e9cnico escolhido ser\u00e1 anunciado no momento oportuno.&#8221;<\/p>\n<blockquote class=\"twitter-tweet\">\n<p lang=\"pt\" dir=\"ltr\">CBF acaba de emitir nota afirmando que Ancelotti n\u00e3o \u00e9 o novo treinador da Sele\u00e7\u00e3o Brasileira:<\/p>\n<p>\ud83d\udcf8 Divulga\u00e7\u00e3o\/CBF <a href=\"https:\/\/t.co\/GajJbAbh0k\">pic.twitter.com\/GajJbAbh0k<\/a><\/p>\n<p>&mdash; Planeta do Futebol \ud83c\udf0e (@futebol_info) <a href=\"https:\/\/twitter.com\/futebol_info\/status\/1624075240274796545?ref_src=twsrc%5Etfw\">February 10, 2023<\/a><\/p><\/blockquote>\n<p> <script async src=\"https:\/\/platform.twitter.com\/widgets.js\" charset=\"utf-8\"><\/script><\/p>\n<p>Em suma, os torcedores brasileiros seguem sem a confirma\u00e7\u00e3o de quem ser\u00e1 o sucessor de Adenor no comando. Vale ressaltar que a pr\u00f3xima data FIFA para jogos da sele\u00e7\u00e3o \u00e9 no pr\u00f3ximo m\u00eas<\/p>\n<p>Foto Images, Getty Images South America<br \/>\nSomos Fan\u00e1ticos Brasil<\/p>\n","protected":false},"excerpt":{"rendered":"<p>A sele\u00e7\u00e3o brasileira ainda n\u00e3o achou seu novo t\u00e9cnico. Ap\u00f3s ser eliminado nas quartas de finais da Copa do Mundo<\/p>\n","protected":false},"author":1,"featured_media":3884,"comment_status":"open","ping_status":"open","sticky":false,"template":"","format":"standard","meta":{"colormag_page_container_layout":"default_layout","colormag_page_sidebar_layout":"default_layout","_FSMCFIC_featured_image_caption":"","_FSMCFIC_featured_image_nocaption":"","_FSMCFIC_featured_image_hide":"","footnotes":""},"categories":[4,1],"tags":[],"class_list":["post-3883","post","type-post","status-publish","format-standard","has-post-thumbnail","hentry","category-esporte","category-ultimas"],"yoast_head":"<!-- This site is optimized with the Yoast SEO plugin v27.1.1 - https:\/\/yoast.com\/product\/yoast-seo-wordpress\/ -->\n<title>CBF surpreende e faz revela\u00e7\u00e3o sobre poss\u00edvel contrata\u00e7\u00e3o de Carlo Ancelotti - Brasil not\u00edcias<\/title>\n<meta name=\"robots\" content=\"index, follow, max-snippet:-1, max-image-preview:large, max-video-preview:-1\" \/>\n<link rel=\"canonical\" href=\"https:\/\/brasilnoticias.org\/site\/cbf-surpreende-e-faz-revelacao-sobre-possivel-contratacao-de-carlo-ancelotti\/\" \/>\n<meta property=\"og:locale\" content=\"pt_PT\" \/>\n<meta property=\"og:type\" content=\"article\" \/>\n<meta property=\"og:title\" content=\"CBF surpreende e faz revela\u00e7\u00e3o sobre poss\u00edvel contrata\u00e7\u00e3o de Carlo Ancelotti - Brasil not\u00edcias\" \/>\n<meta property=\"og:description\" content=\"A sele\u00e7\u00e3o brasileira ainda n\u00e3o achou seu novo t\u00e9cnico. Ap\u00f3s ser eliminado nas quartas de finais da Copa do Mundo\" \/>\n<meta property=\"og:url\" content=\"https:\/\/brasilnoticias.org\/site\/cbf-surpreende-e-faz-revelacao-sobre-possivel-contratacao-de-carlo-ancelotti\/\" \/>\n<meta property=\"og:site_name\" content=\"Brasil not\u00edcias\" \/>\n<meta property=\"article:published_time\" content=\"2023-02-12T10:00:15+00:00\" \/>\n<meta property=\"og:image\" content=\"https:\/\/brasilnoticias.org\/site\/wp-content\/uploads\/2023\/02\/cpf.jpg\" \/>\n\t<meta property=\"og:image:width\" content=\"768\" \/>\n\t<meta property=\"og:image:height\" content=\"474\" \/>\n\t<meta property=\"og:image:type\" content=\"image\/jpeg\" \/>\n<meta name=\"author\" content=\"Reda\u00e7\u00e3o\" \/>\n<meta name=\"twitter:card\" content=\"summary_large_image\" \/>\n<meta name=\"twitter:label1\" content=\"Escrito por\" \/>\n\t<meta name=\"twitter:data1\" content=\"Reda\u00e7\u00e3o\" \/>\n\t<meta name=\"twitter:label2\" content=\"Tempo estimado de leitura\" \/>\n\t<meta name=\"twitter:data2\" content=\"2 minutos\" \/>\n<script type=\"application\/ld+json\" class=\"yoast-schema-graph\">{\"@context\":\"https:\/\/schema.org\",\"@graph\":[{\"@type\":\"Article\",\"@id\":\"https:\/\/brasilnoticias.org\/site\/cbf-surpreende-e-faz-revelacao-sobre-possivel-contratacao-de-carlo-ancelotti\/#article\",\"isPartOf\":{\"@id\":\"https:\/\/brasilnoticias.org\/site\/cbf-surpreende-e-faz-revelacao-sobre-possivel-contratacao-de-carlo-ancelotti\/\"},\"author\":{\"name\":\"Reda\u00e7\u00e3o\",\"@id\":\"https:\/\/brasilnoticias.org\/site\/#\/schema\/person\/a0e05b973ec4d15c658d51911e53507b\"},\"headline\":\"CBF surpreende e faz revela\u00e7\u00e3o sobre poss\u00edvel contrata\u00e7\u00e3o de Carlo Ancelotti\",\"datePublished\":\"2023-02-12T10:00:15+00:00\",\"mainEntityOfPage\":{\"@id\":\"https:\/\/brasilnoticias.org\/site\/cbf-surpreende-e-faz-revelacao-sobre-possivel-contratacao-de-carlo-ancelotti\/\"},\"wordCount\":344,\"commentCount\":0,\"publisher\":{\"@id\":\"https:\/\/brasilnoticias.org\/site\/#organization\"},\"image\":{\"@id\":\"https:\/\/brasilnoticias.org\/site\/cbf-surpreende-e-faz-revelacao-sobre-possivel-contratacao-de-carlo-ancelotti\/#primaryimage\"},\"thumbnailUrl\":\"https:\/\/brasilnoticias.org\/site\/wp-content\/uploads\/2023\/02\/cpf.jpg\",\"articleSection\":[\"Esporte\",\"\u00daltimas\"],\"inLanguage\":\"pt-PT\",\"potentialAction\":[{\"@type\":\"CommentAction\",\"name\":\"Comment\",\"target\":[\"https:\/\/brasilnoticias.org\/site\/cbf-surpreende-e-faz-revelacao-sobre-possivel-contratacao-de-carlo-ancelotti\/#respond\"]}]},{\"@type\":\"WebPage\",\"@id\":\"https:\/\/brasilnoticias.org\/site\/cbf-surpreende-e-faz-revelacao-sobre-possivel-contratacao-de-carlo-ancelotti\/\",\"url\":\"https:\/\/brasilnoticias.org\/site\/cbf-surpreende-e-faz-revelacao-sobre-possivel-contratacao-de-carlo-ancelotti\/\",\"name\":\"CBF surpreende e faz revela\u00e7\u00e3o sobre poss\u00edvel contrata\u00e7\u00e3o de Carlo Ancelotti - Brasil not\u00edcias\",\"isPartOf\":{\"@id\":\"https:\/\/brasilnoticias.org\/site\/#website\"},\"primaryImageOfPage\":{\"@id\":\"https:\/\/brasilnoticias.org\/site\/cbf-surpreende-e-faz-revelacao-sobre-possivel-contratacao-de-carlo-ancelotti\/#primaryimage\"},\"image\":{\"@id\":\"https:\/\/brasilnoticias.org\/site\/cbf-surpreende-e-faz-revelacao-sobre-possivel-contratacao-de-carlo-ancelotti\/#primaryimage\"},\"thumbnailUrl\":\"https:\/\/brasilnoticias.org\/site\/wp-content\/uploads\/2023\/02\/cpf.jpg\",\"datePublished\":\"2023-02-12T10:00:15+00:00\",\"breadcrumb\":{\"@id\":\"https:\/\/brasilnoticias.org\/site\/cbf-surpreende-e-faz-revelacao-sobre-possivel-contratacao-de-carlo-ancelotti\/#breadcrumb\"},\"inLanguage\":\"pt-PT\",\"potentialAction\":[{\"@type\":\"ReadAction\",\"target\":[\"https:\/\/brasilnoticias.org\/site\/cbf-surpreende-e-faz-revelacao-sobre-possivel-contratacao-de-carlo-ancelotti\/\"]}]},{\"@type\":\"ImageObject\",\"inLanguage\":\"pt-PT\",\"@id\":\"https:\/\/brasilnoticias.org\/site\/cbf-surpreende-e-faz-revelacao-sobre-possivel-contratacao-de-carlo-ancelotti\/#primaryimage\",\"url\":\"https:\/\/brasilnoticias.org\/site\/wp-content\/uploads\/2023\/02\/cpf.jpg\",\"contentUrl\":\"https:\/\/brasilnoticias.org\/site\/wp-content\/uploads\/2023\/02\/cpf.jpg\",\"width\":768,\"height\":474},{\"@type\":\"BreadcrumbList\",\"@id\":\"https:\/\/brasilnoticias.org\/site\/cbf-surpreende-e-faz-revelacao-sobre-possivel-contratacao-de-carlo-ancelotti\/#breadcrumb\",\"itemListElement\":[{\"@type\":\"ListItem\",\"position\":1,\"name\":\"In\u00edcio\",\"item\":\"https:\/\/brasilnoticias.org\/site\/\"},{\"@type\":\"ListItem\",\"position\":2,\"name\":\"CBF surpreende e faz revela\u00e7\u00e3o sobre poss\u00edvel contrata\u00e7\u00e3o de Carlo Ancelotti\"}]},{\"@type\":\"WebSite\",\"@id\":\"https:\/\/brasilnoticias.org\/site\/#website\",\"url\":\"https:\/\/brasilnoticias.org\/site\/\",\"name\":\"Brasil not\u00edcias\",\"description\":\"Brasil not\u00edcias\",\"publisher\":{\"@id\":\"https:\/\/brasilnoticias.org\/site\/#organization\"},\"potentialAction\":[{\"@type\":\"SearchAction\",\"target\":{\"@type\":\"EntryPoint\",\"urlTemplate\":\"https:\/\/brasilnoticias.org\/site\/?s={search_term_string}\"},\"query-input\":{\"@type\":\"PropertyValueSpecification\",\"valueRequired\":true,\"valueName\":\"search_term_string\"}}],\"inLanguage\":\"pt-PT\"},{\"@type\":\"Organization\",\"@id\":\"https:\/\/brasilnoticias.org\/site\/#organization\",\"name\":\"Brasil not\u00edcias\",\"url\":\"https:\/\/brasilnoticias.org\/site\/\",\"logo\":{\"@type\":\"ImageObject\",\"inLanguage\":\"pt-PT\",\"@id\":\"https:\/\/brasilnoticias.org\/site\/#\/schema\/logo\/image\/\",\"url\":\"https:\/\/brasilnoticias.org\/site\/wp-content\/uploads\/2022\/05\/cropped-brasilnoticias-mini.jpg\",\"contentUrl\":\"https:\/\/brasilnoticias.org\/site\/wp-content\/uploads\/2022\/05\/cropped-brasilnoticias-mini.jpg\",\"width\":314,\"height\":86,\"caption\":\"Brasil not\u00edcias\"},\"image\":{\"@id\":\"https:\/\/brasilnoticias.org\/site\/#\/schema\/logo\/image\/\"}},{\"@type\":\"Person\",\"@id\":\"https:\/\/brasilnoticias.org\/site\/#\/schema\/person\/a0e05b973ec4d15c658d51911e53507b\",\"name\":\"Reda\u00e7\u00e3o\",\"image\":{\"@type\":\"ImageObject\",\"inLanguage\":\"pt-PT\",\"@id\":\"https:\/\/brasilnoticias.org\/site\/#\/schema\/person\/image\/\",\"url\":\"https:\/\/secure.gravatar.com\/avatar\/75d8b050df2de108b08ae78dfb8e374892df24a383c67db9c46a9c604f6aee9c?s=96&d=mm&r=g\",\"contentUrl\":\"https:\/\/secure.gravatar.com\/avatar\/75d8b050df2de108b08ae78dfb8e374892df24a383c67db9c46a9c604f6aee9c?s=96&d=mm&r=g\",\"caption\":\"Reda\u00e7\u00e3o\"},\"sameAs\":[\"https:\/\/brasilnoticias.org\/site\"],\"url\":\"https:\/\/brasilnoticias.org\/site\/author\/fernandozsngmail-com\/\"}]}<\/script>\n<!-- \/ Yoast SEO plugin. -->","yoast_head_json":{"title":"CBF surpreende e faz revela\u00e7\u00e3o sobre poss\u00edvel contrata\u00e7\u00e3o de Carlo Ancelotti - Brasil not\u00edcias","robots":{"index":"index","follow":"follow","max-snippet":"max-snippet:-1","max-image-preview":"max-image-preview:large","max-video-preview":"max-video-preview:-1"},"canonical":"https:\/\/brasilnoticias.org\/site\/cbf-surpreende-e-faz-revelacao-sobre-possivel-contratacao-de-carlo-ancelotti\/","og_locale":"pt_PT","og_type":"article","og_title":"CBF surpreende e faz revela\u00e7\u00e3o sobre poss\u00edvel contrata\u00e7\u00e3o de Carlo Ancelotti - Brasil not\u00edcias","og_description":"A sele\u00e7\u00e3o brasileira ainda n\u00e3o achou seu novo t\u00e9cnico. Ap\u00f3s ser eliminado nas quartas de finais da Copa do Mundo","og_url":"https:\/\/brasilnoticias.org\/site\/cbf-surpreende-e-faz-revelacao-sobre-possivel-contratacao-de-carlo-ancelotti\/","og_site_name":"Brasil not\u00edcias","article_published_time":"2023-02-12T10:00:15+00:00","og_image":[{"width":768,"height":474,"url":"https:\/\/brasilnoticias.org\/site\/wp-content\/uploads\/2023\/02\/cpf.jpg","type":"image\/jpeg"}],"author":"Reda\u00e7\u00e3o","twitter_card":"summary_large_image","twitter_misc":{"Escrito por":"Reda\u00e7\u00e3o","Tempo estimado de leitura":"2 minutos"},"schema":{"@context":"https:\/\/schema.org","@graph":[{"@type":"Article","@id":"https:\/\/brasilnoticias.org\/site\/cbf-surpreende-e-faz-revelacao-sobre-possivel-contratacao-de-carlo-ancelotti\/#article","isPartOf":{"@id":"https:\/\/brasilnoticias.org\/site\/cbf-surpreende-e-faz-revelacao-sobre-possivel-contratacao-de-carlo-ancelotti\/"},"author":{"name":"Reda\u00e7\u00e3o","@id":"https:\/\/brasilnoticias.org\/site\/#\/schema\/person\/a0e05b973ec4d15c658d51911e53507b"},"headline":"CBF surpreende e faz revela\u00e7\u00e3o sobre poss\u00edvel contrata\u00e7\u00e3o de Carlo Ancelotti","datePublished":"2023-02-12T10:00:15+00:00","mainEntityOfPage":{"@id":"https:\/\/brasilnoticias.org\/site\/cbf-surpreende-e-faz-revelacao-sobre-possivel-contratacao-de-carlo-ancelotti\/"},"wordCount":344,"commentCount":0,"publisher":{"@id":"https:\/\/brasilnoticias.org\/site\/#organization"},"image":{"@id":"https:\/\/brasilnoticias.org\/site\/cbf-surpreende-e-faz-revelacao-sobre-possivel-contratacao-de-carlo-ancelotti\/#primaryimage"},"thumbnailUrl":"https:\/\/brasilnoticias.org\/site\/wp-content\/uploads\/2023\/02\/cpf.jpg","articleSection":["Esporte","\u00daltimas"],"inLanguage":"pt-PT","potentialAction":[{"@type":"CommentAction","name":"Comment","target":["https:\/\/brasilnoticias.org\/site\/cbf-surpreende-e-faz-revelacao-sobre-possivel-contratacao-de-carlo-ancelotti\/#respond"]}]},{"@type":"WebPage","@id":"https:\/\/brasilnoticias.org\/site\/cbf-surpreende-e-faz-revelacao-sobre-possivel-contratacao-de-carlo-ancelotti\/","url":"https:\/\/brasilnoticias.org\/site\/cbf-surpreende-e-faz-revelacao-sobre-possivel-contratacao-de-carlo-ancelotti\/","name":"CBF surpreende e faz revela\u00e7\u00e3o sobre poss\u00edvel contrata\u00e7\u00e3o de Carlo Ancelotti - Brasil not\u00edcias","isPartOf":{"@id":"https:\/\/brasilnoticias.org\/site\/#website"},"primaryImageOfPage":{"@id":"https:\/\/brasilnoticias.org\/site\/cbf-surpreende-e-faz-revelacao-sobre-possivel-contratacao-de-carlo-ancelotti\/#primaryimage"},"image":{"@id":"https:\/\/brasilnoticias.org\/site\/cbf-surpreende-e-faz-revelacao-sobre-possivel-contratacao-de-carlo-ancelotti\/#primaryimage"},"thumbnailUrl":"https:\/\/brasilnoticias.org\/site\/wp-content\/uploads\/2023\/02\/cpf.jpg","datePublished":"2023-02-12T10:00:15+00:00","breadcrumb":{"@id":"https:\/\/brasilnoticias.org\/site\/cbf-surpreende-e-faz-revelacao-sobre-possivel-contratacao-de-carlo-ancelotti\/#breadcrumb"},"inLanguage":"pt-PT","potentialAction":[{"@type":"ReadAction","target":["https:\/\/brasilnoticias.org\/site\/cbf-surpreende-e-faz-revelacao-sobre-possivel-contratacao-de-carlo-ancelotti\/"]}]},{"@type":"ImageObject","inLanguage":"pt-PT","@id":"https:\/\/brasilnoticias.org\/site\/cbf-surpreende-e-faz-revelacao-sobre-possivel-contratacao-de-carlo-ancelotti\/#primaryimage","url":"https:\/\/brasilnoticias.org\/site\/wp-content\/uploads\/2023\/02\/cpf.jpg","contentUrl":"https:\/\/brasilnoticias.org\/site\/wp-content\/uploads\/2023\/02\/cpf.jpg","width":768,"height":474},{"@type":"BreadcrumbList","@id":"https:\/\/brasilnoticias.org\/site\/cbf-surpreende-e-faz-revelacao-sobre-possivel-contratacao-de-carlo-ancelotti\/#breadcrumb","itemListElement":[{"@type":"ListItem","position":1,"name":"In\u00edcio","item":"https:\/\/brasilnoticias.org\/site\/"},{"@type":"ListItem","position":2,"name":"CBF surpreende e faz revela\u00e7\u00e3o sobre poss\u00edvel contrata\u00e7\u00e3o de Carlo Ancelotti"}]},{"@type":"WebSite","@id":"https:\/\/brasilnoticias.org\/site\/#website","url":"https:\/\/brasilnoticias.org\/site\/","name":"Brasil not\u00edcias","description":"Brasil not\u00edcias","publisher":{"@id":"https:\/\/brasilnoticias.org\/site\/#organization"},"potentialAction":[{"@type":"SearchAction","target":{"@type":"EntryPoint","urlTemplate":"https:\/\/brasilnoticias.org\/site\/?s={search_term_string}"},"query-input":{"@type":"PropertyValueSpecification","valueRequired":true,"valueName":"search_term_string"}}],"inLanguage":"pt-PT"},{"@type":"Organization","@id":"https:\/\/brasilnoticias.org\/site\/#organization","name":"Brasil not\u00edcias","url":"https:\/\/brasilnoticias.org\/site\/","logo":{"@type":"ImageObject","inLanguage":"pt-PT","@id":"https:\/\/brasilnoticias.org\/site\/#\/schema\/logo\/image\/","url":"https:\/\/brasilnoticias.org\/site\/wp-content\/uploads\/2022\/05\/cropped-brasilnoticias-mini.jpg","contentUrl":"https:\/\/brasilnoticias.org\/site\/wp-content\/uploads\/2022\/05\/cropped-brasilnoticias-mini.jpg","width":314,"height":86,"caption":"Brasil not\u00edcias"},"image":{"@id":"https:\/\/brasilnoticias.org\/site\/#\/schema\/logo\/image\/"}},{"@type":"Person","@id":"https:\/\/brasilnoticias.org\/site\/#\/schema\/person\/a0e05b973ec4d15c658d51911e53507b","name":"Reda\u00e7\u00e3o","image":{"@type":"ImageObject","inLanguage":"pt-PT","@id":"https:\/\/brasilnoticias.org\/site\/#\/schema\/person\/image\/","url":"https:\/\/secure.gravatar.com\/avatar\/75d8b050df2de108b08ae78dfb8e374892df24a383c67db9c46a9c604f6aee9c?s=96&d=mm&r=g","contentUrl":"https:\/\/secure.gravatar.com\/avatar\/75d8b050df2de108b08ae78dfb8e374892df24a383c67db9c46a9c604f6aee9c?s=96&d=mm&r=g","caption":"Reda\u00e7\u00e3o"},"sameAs":["https:\/\/brasilnoticias.org\/site"],"url":"https:\/\/brasilnoticias.org\/site\/author\/fernandozsngmail-com\/"}]}},"_links":{"self":[{"href":"https:\/\/brasilnoticias.org\/site\/wp-json\/wp\/v2\/posts\/3883","targetHints":{"allow":["GET"]}}],"collection":[{"href":"https:\/\/brasilnoticias.org\/site\/wp-json\/wp\/v2\/posts"}],"about":[{"href":"https:\/\/brasilnoticias.org\/site\/wp-json\/wp\/v2\/types\/post"}],"author":[{"embeddable":true,"href":"https:\/\/brasilnoticias.org\/site\/wp-json\/wp\/v2\/users\/1"}],"replies":[{"embeddable":true,"href":"https:\/\/brasilnoticias.org\/site\/wp-json\/wp\/v2\/comments?post=3883"}],"version-history":[{"count":1,"href":"https:\/\/brasilnoticias.org\/site\/wp-json\/wp\/v2\/posts\/3883\/revisions"}],"predecessor-version":[{"id":3885,"href":"https:\/\/brasilnoticias.org\/site\/wp-json\/wp\/v2\/posts\/3883\/revisions\/3885"}],"wp:featuredmedia":[{"embeddable":true,"href":"https:\/\/brasilnoticias.org\/site\/wp-json\/wp\/v2\/media\/3884"}],"wp:attachment":[{"href":"https:\/\/brasilnoticias.org\/site\/wp-json\/wp\/v2\/media?parent=3883"}],"wp:term":[{"taxonomy":"category","embeddable":true,"href":"https:\/\/brasilnoticias.org\/site\/wp-json\/wp\/v2\/categories?post=3883"},{"taxonomy":"post_tag","embeddable":true,"href":"https:\/\/brasilnoticias.org\/site\/wp-json\/wp\/v2\/tags?post=3883"}],"curies":[{"name":"wp","href":"https:\/\/api.w.org\/{rel}","templated":true}]}}