{"id":3899,"date":"2023-02-12T18:10:41","date_gmt":"2023-02-12T21:10:41","guid":{"rendered":"https:\/\/brasilnoticias.org\/site\/?p=3899"},"modified":"2023-02-11T12:41:14","modified_gmt":"2023-02-11T15:41:14","slug":"pessoas-com-hipotiroidismo-podem-manifestar-sintoma-estranho-na-pele","status":"publish","type":"post","link":"https:\/\/brasilnoticias.org\/site\/pessoas-com-hipotiroidismo-podem-manifestar-sintoma-estranho-na-pele\/","title":{"rendered":"Pessoas com hipotiroidismo podem manifestar sintoma estranho na pele"},"content":{"rendered":"<p>Os indiv\u00edduos que sofrem de hipotiroidismo, ou seja, uma fraca produ\u00e7\u00e3o de horm\u00f4nios, podem apresentar carotenemia. O sintoma, apesar de visualmente estranho, n\u00e3o \u00e9 perigoso. A pele torna-se mais alaranjada, sobretudo nas palmas das m\u00e3os, na sola dos p\u00e9s e no nariz.<\/p>\n<p>A rede de sa\u00fade CUF explica que &#8220;quando o consumo de carotenoides [mol\u00e9culas que correspondem a pigmentos com cor entre o vermelho e o amarelo], \u00e9 considerado normal, o organismo elimina estes pigmentos de forma natural&#8221;. Por\u00e9m, &#8220;quando o consumo ultrapassa o valor de refer\u00eancia de 30 miligramas por dia, pode levar a uma altera\u00e7\u00e3o da colora\u00e7\u00e3o da pele que se chama carotenemia&#8221;.<\/p>\n<p>O portal Manual MSD avisa que os sintomas na pele s\u00e3o frequentemente &#8220;sutis e insidiosos&#8221;. J\u00e1 a CUF acrescenta que &#8220;a insufici\u00eancia dos horm\u00f4nios da tiroide provoca decad\u00eancia geral das fun\u00e7\u00f5es org\u00e2nicas&#8221;, originando perda de express\u00e3o facial, voz rouca e dic\u00e7\u00e3o lenta, p\u00e1lpebras ca\u00eddas, edema dos olhos e face, olhos salientes, aumento de peso, obstipa\u00e7\u00e3o, intoler\u00e2ncia ao frio, secura da pele e cabelo, esquecimento e confus\u00e3o mental. A causa mais frequente \u00e9 a Tiroidite de Hashimoto (inflama\u00e7\u00e3o em que se d\u00e1 uma destrui\u00e7\u00e3o gradual das fun\u00e7\u00f5es da tiroide).<\/p>\n<p>Recorde-se que a tire\u00f3ide \u00e9 uma pequena gl\u00e2ndula end\u00f3crina com cerca de cinco cent\u00edmetros de di\u00e2metro, localizada na face anterior do pesco\u00e7o, por baixo da ma\u00e7\u00e3 de Ad\u00e3o que, apesar de discreta, tem uma fun\u00e7\u00e3o essencial para o corpo humano: regula a produ\u00e7\u00e3o de energia, de calor, de batimentos card\u00edacos e at\u00e9 o bom funcionamento do intestino. Por outro lado, as complica\u00e7\u00f5es no seu funcionamento podem estar na origem de muitos sintomas inexplic\u00e1veis, mas com graves consequ\u00eancias para a sa\u00fade.<\/p>\n<p>De um modo geral, as patologias da  tire\u00f3ide s\u00e3o mais comuns nas mulheres, pode ler-se no &#8216;website&#8217; da CUF. &#8220;As principais s\u00e3o: b\u00f3cio, presen\u00e7a de n\u00f3dulos, hipertiroidismo, hipotiroidismo e as doen\u00e7as autoimunes, como a doen\u00e7a de graves e a tiroidite de Hashimoto, que resultam da produ\u00e7\u00e3o de anticorpos que podem estimular ou destruir a gl\u00e2ndula.&#8221;<\/p>\n<p>Foto Shutterstock<\/p>\n","protected":false},"excerpt":{"rendered":"<p>Os indiv\u00edduos que sofrem de hipotiroidismo, ou seja, uma fraca produ\u00e7\u00e3o de horm\u00f4nios, podem apresentar carotenemia. O sintoma, apesar de<\/p>\n","protected":false},"author":1,"featured_media":3900,"comment_status":"open","ping_status":"open","sticky":false,"template":"","format":"standard","meta":{"colormag_page_container_layout":"default_layout","colormag_page_sidebar_layout":"default_layout","_FSMCFIC_featured_image_caption":"","_FSMCFIC_featured_image_nocaption":"","_FSMCFIC_featured_image_hide":"","footnotes":""},"categories":[8,1],"tags":[],"class_list":["post-3899","post","type-post","status-publish","format-standard","has-post-thumbnail","hentry","category-entretenimento","category-ultimas"],"yoast_head":"<!-- This site is optimized with the Yoast SEO plugin v27.1.1 - https:\/\/yoast.com\/product\/yoast-seo-wordpress\/ -->\n<title>Pessoas com hipotiroidismo podem manifestar sintoma estranho na pele - Brasil not\u00edcias<\/title>\n<meta name=\"robots\" content=\"index, follow, max-snippet:-1, max-image-preview:large, max-video-preview:-1\" \/>\n<link rel=\"canonical\" href=\"https:\/\/brasilnoticias.org\/site\/pessoas-com-hipotiroidismo-podem-manifestar-sintoma-estranho-na-pele\/\" \/>\n<meta property=\"og:locale\" content=\"pt_PT\" \/>\n<meta property=\"og:type\" content=\"article\" \/>\n<meta property=\"og:title\" content=\"Pessoas com hipotiroidismo podem manifestar sintoma estranho na pele - Brasil not\u00edcias\" \/>\n<meta property=\"og:description\" content=\"Os indiv\u00edduos que sofrem de hipotiroidismo, ou seja, uma fraca produ\u00e7\u00e3o de horm\u00f4nios, podem apresentar carotenemia. O sintoma, apesar de\" \/>\n<meta property=\"og:url\" content=\"https:\/\/brasilnoticias.org\/site\/pessoas-com-hipotiroidismo-podem-manifestar-sintoma-estranho-na-pele\/\" \/>\n<meta property=\"og:site_name\" content=\"Brasil not\u00edcias\" \/>\n<meta property=\"article:published_time\" content=\"2023-02-12T21:10:41+00:00\" \/>\n<meta property=\"og:image\" content=\"https:\/\/brasilnoticias.org\/site\/wp-content\/uploads\/2023\/02\/naom_63e5fbc74eb54.jpg\" \/>\n\t<meta property=\"og:image:width\" content=\"960\" \/>\n\t<meta property=\"og:image:height\" content=\"540\" \/>\n\t<meta property=\"og:image:type\" content=\"image\/jpeg\" \/>\n<meta name=\"author\" content=\"Reda\u00e7\u00e3o\" \/>\n<meta name=\"twitter:card\" content=\"summary_large_image\" \/>\n<meta name=\"twitter:label1\" content=\"Escrito por\" \/>\n\t<meta name=\"twitter:data1\" content=\"Reda\u00e7\u00e3o\" \/>\n\t<meta name=\"twitter:label2\" content=\"Tempo estimado de leitura\" \/>\n\t<meta name=\"twitter:data2\" content=\"2 minutos\" \/>\n<script type=\"application\/ld+json\" class=\"yoast-schema-graph\">{\"@context\":\"https:\/\/schema.org\",\"@graph\":[{\"@type\":\"Article\",\"@id\":\"https:\/\/brasilnoticias.org\/site\/pessoas-com-hipotiroidismo-podem-manifestar-sintoma-estranho-na-pele\/#article\",\"isPartOf\":{\"@id\":\"https:\/\/brasilnoticias.org\/site\/pessoas-com-hipotiroidismo-podem-manifestar-sintoma-estranho-na-pele\/\"},\"author\":{\"name\":\"Reda\u00e7\u00e3o\",\"@id\":\"https:\/\/brasilnoticias.org\/site\/#\/schema\/person\/a0e05b973ec4d15c658d51911e53507b\"},\"headline\":\"Pessoas com hipotiroidismo podem manifestar sintoma estranho na pele\",\"datePublished\":\"2023-02-12T21:10:41+00:00\",\"mainEntityOfPage\":{\"@id\":\"https:\/\/brasilnoticias.org\/site\/pessoas-com-hipotiroidismo-podem-manifestar-sintoma-estranho-na-pele\/\"},\"wordCount\":386,\"commentCount\":0,\"publisher\":{\"@id\":\"https:\/\/brasilnoticias.org\/site\/#organization\"},\"image\":{\"@id\":\"https:\/\/brasilnoticias.org\/site\/pessoas-com-hipotiroidismo-podem-manifestar-sintoma-estranho-na-pele\/#primaryimage\"},\"thumbnailUrl\":\"https:\/\/brasilnoticias.org\/site\/wp-content\/uploads\/2023\/02\/naom_63e5fbc74eb54.jpg\",\"articleSection\":[\"Entretenimento\",\"\u00daltimas\"],\"inLanguage\":\"pt-PT\",\"potentialAction\":[{\"@type\":\"CommentAction\",\"name\":\"Comment\",\"target\":[\"https:\/\/brasilnoticias.org\/site\/pessoas-com-hipotiroidismo-podem-manifestar-sintoma-estranho-na-pele\/#respond\"]}]},{\"@type\":\"WebPage\",\"@id\":\"https:\/\/brasilnoticias.org\/site\/pessoas-com-hipotiroidismo-podem-manifestar-sintoma-estranho-na-pele\/\",\"url\":\"https:\/\/brasilnoticias.org\/site\/pessoas-com-hipotiroidismo-podem-manifestar-sintoma-estranho-na-pele\/\",\"name\":\"Pessoas com hipotiroidismo podem manifestar sintoma estranho na pele - Brasil not\u00edcias\",\"isPartOf\":{\"@id\":\"https:\/\/brasilnoticias.org\/site\/#website\"},\"primaryImageOfPage\":{\"@id\":\"https:\/\/brasilnoticias.org\/site\/pessoas-com-hipotiroidismo-podem-manifestar-sintoma-estranho-na-pele\/#primaryimage\"},\"image\":{\"@id\":\"https:\/\/brasilnoticias.org\/site\/pessoas-com-hipotiroidismo-podem-manifestar-sintoma-estranho-na-pele\/#primaryimage\"},\"thumbnailUrl\":\"https:\/\/brasilnoticias.org\/site\/wp-content\/uploads\/2023\/02\/naom_63e5fbc74eb54.jpg\",\"datePublished\":\"2023-02-12T21:10:41+00:00\",\"breadcrumb\":{\"@id\":\"https:\/\/brasilnoticias.org\/site\/pessoas-com-hipotiroidismo-podem-manifestar-sintoma-estranho-na-pele\/#breadcrumb\"},\"inLanguage\":\"pt-PT\",\"potentialAction\":[{\"@type\":\"ReadAction\",\"target\":[\"https:\/\/brasilnoticias.org\/site\/pessoas-com-hipotiroidismo-podem-manifestar-sintoma-estranho-na-pele\/\"]}]},{\"@type\":\"ImageObject\",\"inLanguage\":\"pt-PT\",\"@id\":\"https:\/\/brasilnoticias.org\/site\/pessoas-com-hipotiroidismo-podem-manifestar-sintoma-estranho-na-pele\/#primaryimage\",\"url\":\"https:\/\/brasilnoticias.org\/site\/wp-content\/uploads\/2023\/02\/naom_63e5fbc74eb54.jpg\",\"contentUrl\":\"https:\/\/brasilnoticias.org\/site\/wp-content\/uploads\/2023\/02\/naom_63e5fbc74eb54.jpg\",\"width\":960,\"height\":540},{\"@type\":\"BreadcrumbList\",\"@id\":\"https:\/\/brasilnoticias.org\/site\/pessoas-com-hipotiroidismo-podem-manifestar-sintoma-estranho-na-pele\/#breadcrumb\",\"itemListElement\":[{\"@type\":\"ListItem\",\"position\":1,\"name\":\"In\u00edcio\",\"item\":\"https:\/\/brasilnoticias.org\/site\/\"},{\"@type\":\"ListItem\",\"position\":2,\"name\":\"Pessoas com hipotiroidismo podem manifestar sintoma estranho na pele\"}]},{\"@type\":\"WebSite\",\"@id\":\"https:\/\/brasilnoticias.org\/site\/#website\",\"url\":\"https:\/\/brasilnoticias.org\/site\/\",\"name\":\"Brasil not\u00edcias\",\"description\":\"Brasil not\u00edcias\",\"publisher\":{\"@id\":\"https:\/\/brasilnoticias.org\/site\/#organization\"},\"potentialAction\":[{\"@type\":\"SearchAction\",\"target\":{\"@type\":\"EntryPoint\",\"urlTemplate\":\"https:\/\/brasilnoticias.org\/site\/?s={search_term_string}\"},\"query-input\":{\"@type\":\"PropertyValueSpecification\",\"valueRequired\":true,\"valueName\":\"search_term_string\"}}],\"inLanguage\":\"pt-PT\"},{\"@type\":\"Organization\",\"@id\":\"https:\/\/brasilnoticias.org\/site\/#organization\",\"name\":\"Brasil not\u00edcias\",\"url\":\"https:\/\/brasilnoticias.org\/site\/\",\"logo\":{\"@type\":\"ImageObject\",\"inLanguage\":\"pt-PT\",\"@id\":\"https:\/\/brasilnoticias.org\/site\/#\/schema\/logo\/image\/\",\"url\":\"https:\/\/brasilnoticias.org\/site\/wp-content\/uploads\/2022\/05\/cropped-brasilnoticias-mini.jpg\",\"contentUrl\":\"https:\/\/brasilnoticias.org\/site\/wp-content\/uploads\/2022\/05\/cropped-brasilnoticias-mini.jpg\",\"width\":314,\"height\":86,\"caption\":\"Brasil not\u00edcias\"},\"image\":{\"@id\":\"https:\/\/brasilnoticias.org\/site\/#\/schema\/logo\/image\/\"}},{\"@type\":\"Person\",\"@id\":\"https:\/\/brasilnoticias.org\/site\/#\/schema\/person\/a0e05b973ec4d15c658d51911e53507b\",\"name\":\"Reda\u00e7\u00e3o\",\"image\":{\"@type\":\"ImageObject\",\"inLanguage\":\"pt-PT\",\"@id\":\"https:\/\/brasilnoticias.org\/site\/#\/schema\/person\/image\/\",\"url\":\"https:\/\/secure.gravatar.com\/avatar\/75d8b050df2de108b08ae78dfb8e374892df24a383c67db9c46a9c604f6aee9c?s=96&d=mm&r=g\",\"contentUrl\":\"https:\/\/secure.gravatar.com\/avatar\/75d8b050df2de108b08ae78dfb8e374892df24a383c67db9c46a9c604f6aee9c?s=96&d=mm&r=g\",\"caption\":\"Reda\u00e7\u00e3o\"},\"sameAs\":[\"https:\/\/brasilnoticias.org\/site\"],\"url\":\"https:\/\/brasilnoticias.org\/site\/author\/fernandozsngmail-com\/\"}]}<\/script>\n<!-- \/ Yoast SEO plugin. -->","yoast_head_json":{"title":"Pessoas com hipotiroidismo podem manifestar sintoma estranho na pele - Brasil not\u00edcias","robots":{"index":"index","follow":"follow","max-snippet":"max-snippet:-1","max-image-preview":"max-image-preview:large","max-video-preview":"max-video-preview:-1"},"canonical":"https:\/\/brasilnoticias.org\/site\/pessoas-com-hipotiroidismo-podem-manifestar-sintoma-estranho-na-pele\/","og_locale":"pt_PT","og_type":"article","og_title":"Pessoas com hipotiroidismo podem manifestar sintoma estranho na pele - Brasil not\u00edcias","og_description":"Os indiv\u00edduos que sofrem de hipotiroidismo, ou seja, uma fraca produ\u00e7\u00e3o de horm\u00f4nios, podem apresentar carotenemia. O sintoma, apesar de","og_url":"https:\/\/brasilnoticias.org\/site\/pessoas-com-hipotiroidismo-podem-manifestar-sintoma-estranho-na-pele\/","og_site_name":"Brasil not\u00edcias","article_published_time":"2023-02-12T21:10:41+00:00","og_image":[{"width":960,"height":540,"url":"https:\/\/brasilnoticias.org\/site\/wp-content\/uploads\/2023\/02\/naom_63e5fbc74eb54.jpg","type":"image\/jpeg"}],"author":"Reda\u00e7\u00e3o","twitter_card":"summary_large_image","twitter_misc":{"Escrito por":"Reda\u00e7\u00e3o","Tempo estimado de leitura":"2 minutos"},"schema":{"@context":"https:\/\/schema.org","@graph":[{"@type":"Article","@id":"https:\/\/brasilnoticias.org\/site\/pessoas-com-hipotiroidismo-podem-manifestar-sintoma-estranho-na-pele\/#article","isPartOf":{"@id":"https:\/\/brasilnoticias.org\/site\/pessoas-com-hipotiroidismo-podem-manifestar-sintoma-estranho-na-pele\/"},"author":{"name":"Reda\u00e7\u00e3o","@id":"https:\/\/brasilnoticias.org\/site\/#\/schema\/person\/a0e05b973ec4d15c658d51911e53507b"},"headline":"Pessoas com hipotiroidismo podem manifestar sintoma estranho na pele","datePublished":"2023-02-12T21:10:41+00:00","mainEntityOfPage":{"@id":"https:\/\/brasilnoticias.org\/site\/pessoas-com-hipotiroidismo-podem-manifestar-sintoma-estranho-na-pele\/"},"wordCount":386,"commentCount":0,"publisher":{"@id":"https:\/\/brasilnoticias.org\/site\/#organization"},"image":{"@id":"https:\/\/brasilnoticias.org\/site\/pessoas-com-hipotiroidismo-podem-manifestar-sintoma-estranho-na-pele\/#primaryimage"},"thumbnailUrl":"https:\/\/brasilnoticias.org\/site\/wp-content\/uploads\/2023\/02\/naom_63e5fbc74eb54.jpg","articleSection":["Entretenimento","\u00daltimas"],"inLanguage":"pt-PT","potentialAction":[{"@type":"CommentAction","name":"Comment","target":["https:\/\/brasilnoticias.org\/site\/pessoas-com-hipotiroidismo-podem-manifestar-sintoma-estranho-na-pele\/#respond"]}]},{"@type":"WebPage","@id":"https:\/\/brasilnoticias.org\/site\/pessoas-com-hipotiroidismo-podem-manifestar-sintoma-estranho-na-pele\/","url":"https:\/\/brasilnoticias.org\/site\/pessoas-com-hipotiroidismo-podem-manifestar-sintoma-estranho-na-pele\/","name":"Pessoas com hipotiroidismo podem manifestar sintoma estranho na pele - Brasil not\u00edcias","isPartOf":{"@id":"https:\/\/brasilnoticias.org\/site\/#website"},"primaryImageOfPage":{"@id":"https:\/\/brasilnoticias.org\/site\/pessoas-com-hipotiroidismo-podem-manifestar-sintoma-estranho-na-pele\/#primaryimage"},"image":{"@id":"https:\/\/brasilnoticias.org\/site\/pessoas-com-hipotiroidismo-podem-manifestar-sintoma-estranho-na-pele\/#primaryimage"},"thumbnailUrl":"https:\/\/brasilnoticias.org\/site\/wp-content\/uploads\/2023\/02\/naom_63e5fbc74eb54.jpg","datePublished":"2023-02-12T21:10:41+00:00","breadcrumb":{"@id":"https:\/\/brasilnoticias.org\/site\/pessoas-com-hipotiroidismo-podem-manifestar-sintoma-estranho-na-pele\/#breadcrumb"},"inLanguage":"pt-PT","potentialAction":[{"@type":"ReadAction","target":["https:\/\/brasilnoticias.org\/site\/pessoas-com-hipotiroidismo-podem-manifestar-sintoma-estranho-na-pele\/"]}]},{"@type":"ImageObject","inLanguage":"pt-PT","@id":"https:\/\/brasilnoticias.org\/site\/pessoas-com-hipotiroidismo-podem-manifestar-sintoma-estranho-na-pele\/#primaryimage","url":"https:\/\/brasilnoticias.org\/site\/wp-content\/uploads\/2023\/02\/naom_63e5fbc74eb54.jpg","contentUrl":"https:\/\/brasilnoticias.org\/site\/wp-content\/uploads\/2023\/02\/naom_63e5fbc74eb54.jpg","width":960,"height":540},{"@type":"BreadcrumbList","@id":"https:\/\/brasilnoticias.org\/site\/pessoas-com-hipotiroidismo-podem-manifestar-sintoma-estranho-na-pele\/#breadcrumb","itemListElement":[{"@type":"ListItem","position":1,"name":"In\u00edcio","item":"https:\/\/brasilnoticias.org\/site\/"},{"@type":"ListItem","position":2,"name":"Pessoas com hipotiroidismo podem manifestar sintoma estranho na pele"}]},{"@type":"WebSite","@id":"https:\/\/brasilnoticias.org\/site\/#website","url":"https:\/\/brasilnoticias.org\/site\/","name":"Brasil not\u00edcias","description":"Brasil not\u00edcias","publisher":{"@id":"https:\/\/brasilnoticias.org\/site\/#organization"},"potentialAction":[{"@type":"SearchAction","target":{"@type":"EntryPoint","urlTemplate":"https:\/\/brasilnoticias.org\/site\/?s={search_term_string}"},"query-input":{"@type":"PropertyValueSpecification","valueRequired":true,"valueName":"search_term_string"}}],"inLanguage":"pt-PT"},{"@type":"Organization","@id":"https:\/\/brasilnoticias.org\/site\/#organization","name":"Brasil not\u00edcias","url":"https:\/\/brasilnoticias.org\/site\/","logo":{"@type":"ImageObject","inLanguage":"pt-PT","@id":"https:\/\/brasilnoticias.org\/site\/#\/schema\/logo\/image\/","url":"https:\/\/brasilnoticias.org\/site\/wp-content\/uploads\/2022\/05\/cropped-brasilnoticias-mini.jpg","contentUrl":"https:\/\/brasilnoticias.org\/site\/wp-content\/uploads\/2022\/05\/cropped-brasilnoticias-mini.jpg","width":314,"height":86,"caption":"Brasil not\u00edcias"},"image":{"@id":"https:\/\/brasilnoticias.org\/site\/#\/schema\/logo\/image\/"}},{"@type":"Person","@id":"https:\/\/brasilnoticias.org\/site\/#\/schema\/person\/a0e05b973ec4d15c658d51911e53507b","name":"Reda\u00e7\u00e3o","image":{"@type":"ImageObject","inLanguage":"pt-PT","@id":"https:\/\/brasilnoticias.org\/site\/#\/schema\/person\/image\/","url":"https:\/\/secure.gravatar.com\/avatar\/75d8b050df2de108b08ae78dfb8e374892df24a383c67db9c46a9c604f6aee9c?s=96&d=mm&r=g","contentUrl":"https:\/\/secure.gravatar.com\/avatar\/75d8b050df2de108b08ae78dfb8e374892df24a383c67db9c46a9c604f6aee9c?s=96&d=mm&r=g","caption":"Reda\u00e7\u00e3o"},"sameAs":["https:\/\/brasilnoticias.org\/site"],"url":"https:\/\/brasilnoticias.org\/site\/author\/fernandozsngmail-com\/"}]}},"_links":{"self":[{"href":"https:\/\/brasilnoticias.org\/site\/wp-json\/wp\/v2\/posts\/3899","targetHints":{"allow":["GET"]}}],"collection":[{"href":"https:\/\/brasilnoticias.org\/site\/wp-json\/wp\/v2\/posts"}],"about":[{"href":"https:\/\/brasilnoticias.org\/site\/wp-json\/wp\/v2\/types\/post"}],"author":[{"embeddable":true,"href":"https:\/\/brasilnoticias.org\/site\/wp-json\/wp\/v2\/users\/1"}],"replies":[{"embeddable":true,"href":"https:\/\/brasilnoticias.org\/site\/wp-json\/wp\/v2\/comments?post=3899"}],"version-history":[{"count":1,"href":"https:\/\/brasilnoticias.org\/site\/wp-json\/wp\/v2\/posts\/3899\/revisions"}],"predecessor-version":[{"id":3901,"href":"https:\/\/brasilnoticias.org\/site\/wp-json\/wp\/v2\/posts\/3899\/revisions\/3901"}],"wp:featuredmedia":[{"embeddable":true,"href":"https:\/\/brasilnoticias.org\/site\/wp-json\/wp\/v2\/media\/3900"}],"wp:attachment":[{"href":"https:\/\/brasilnoticias.org\/site\/wp-json\/wp\/v2\/media?parent=3899"}],"wp:term":[{"taxonomy":"category","embeddable":true,"href":"https:\/\/brasilnoticias.org\/site\/wp-json\/wp\/v2\/categories?post=3899"},{"taxonomy":"post_tag","embeddable":true,"href":"https:\/\/brasilnoticias.org\/site\/wp-json\/wp\/v2\/tags?post=3899"}],"curies":[{"name":"wp","href":"https:\/\/api.w.org\/{rel}","templated":true}]}}