{"id":3908,"date":"2023-02-13T06:17:26","date_gmt":"2023-02-13T09:17:26","guid":{"rendered":"https:\/\/brasilnoticias.org\/site\/?p=3908"},"modified":"2023-02-13T06:17:26","modified_gmt":"2023-02-13T09:17:26","slug":"11-pessoas-morrem-na-siria-em-ataque-atribuido-ao-estado-islamico-indica-ong","status":"publish","type":"post","link":"https:\/\/brasilnoticias.org\/site\/11-pessoas-morrem-na-siria-em-ataque-atribuido-ao-estado-islamico-indica-ong\/","title":{"rendered":"11 pessoas morrem na S\u00edria em ataque atribu\u00eddo ao Estado Isl\u00e2mico, indica ONG"},"content":{"rendered":"<p>Um um ataque atribu\u00eddo ao grupo terrorista Estado Isl\u00e2mico matou pelo menos 11 pessoas no centro da S\u00edria. As informa\u00e7\u00f5es foram divulgadas, na manh\u00e3 deste domingo (12), pela Organiza\u00e7\u00e3o N\u00e3o Governamental Observat\u00f3rio S\u00edrio para os Direitos Humanos. <\/p>\n<p>A ONG afirma que o grupo atacou cerca de 75 pessoas que coletavam trufas na \u00e1rea de Palmira. A quantidade exata de sobreviventes n\u00e3o foi informada, j\u00e1 que h\u00e1 ainda desaparecidos. Entre os mortos, 10 s\u00e3o civis e uma pessoa fazia parte das for\u00e7as militares do regime s\u00edrio. <\/p>\n<p>O ataque tamb\u00e9m foi noticiado pela imprensa estatal da S\u00edria, mas com n\u00fameros diferentes. Segundo a ag\u00eancia de not\u00edcias SANA, o Estado Isl\u00e2mico disparou com metralhadoras e matou quatro civis. <\/p>\n<p>Foto: Divulga\u00e7\u00e3o \/ Jornal da USP<br \/>\nPor: Metro1<\/p>\n","protected":false},"excerpt":{"rendered":"<p>Um um ataque atribu\u00eddo ao grupo terrorista Estado Isl\u00e2mico matou pelo menos 11 pessoas no centro da S\u00edria. As informa\u00e7\u00f5es<\/p>\n","protected":false},"author":1,"featured_media":3909,"comment_status":"open","ping_status":"open","sticky":false,"template":"","format":"standard","meta":{"colormag_page_container_layout":"default_layout","colormag_page_sidebar_layout":"default_layout","_FSMCFIC_featured_image_caption":"","_FSMCFIC_featured_image_nocaption":"","_FSMCFIC_featured_image_hide":"","footnotes":""},"categories":[6,1],"tags":[],"class_list":["post-3908","post","type-post","status-publish","format-standard","has-post-thumbnail","hentry","category-mundo","category-ultimas"],"yoast_head":"<!-- This site is optimized with the Yoast SEO plugin v27.1.1 - https:\/\/yoast.com\/product\/yoast-seo-wordpress\/ -->\n<title>11 pessoas morrem na S\u00edria em ataque atribu\u00eddo ao Estado Isl\u00e2mico, indica ONG - Brasil not\u00edcias<\/title>\n<meta name=\"robots\" content=\"index, follow, max-snippet:-1, max-image-preview:large, max-video-preview:-1\" \/>\n<link rel=\"canonical\" href=\"https:\/\/brasilnoticias.org\/site\/11-pessoas-morrem-na-siria-em-ataque-atribuido-ao-estado-islamico-indica-ong\/\" \/>\n<meta property=\"og:locale\" content=\"pt_PT\" \/>\n<meta property=\"og:type\" content=\"article\" \/>\n<meta property=\"og:title\" content=\"11 pessoas morrem na S\u00edria em ataque atribu\u00eddo ao Estado Isl\u00e2mico, indica ONG - Brasil not\u00edcias\" \/>\n<meta property=\"og:description\" content=\"Um um ataque atribu\u00eddo ao grupo terrorista Estado Isl\u00e2mico matou pelo menos 11 pessoas no centro da S\u00edria. As informa\u00e7\u00f5es\" \/>\n<meta property=\"og:url\" content=\"https:\/\/brasilnoticias.org\/site\/11-pessoas-morrem-na-siria-em-ataque-atribuido-ao-estado-islamico-indica-ong\/\" \/>\n<meta property=\"og:site_name\" content=\"Brasil not\u00edcias\" \/>\n<meta property=\"article:published_time\" content=\"2023-02-13T09:17:26+00:00\" \/>\n<meta property=\"og:image\" content=\"https:\/\/brasilnoticias.org\/site\/wp-content\/uploads\/2023\/02\/13316011-pessoas-morrem-na-siria-em-ataque-atribuido-ao-estado-islamico-indica-ong-3.jpg\" \/>\n\t<meta property=\"og:image:width\" content=\"1600\" \/>\n\t<meta property=\"og:image:height\" content=\"752\" \/>\n\t<meta property=\"og:image:type\" content=\"image\/jpeg\" \/>\n<meta name=\"author\" content=\"Reda\u00e7\u00e3o\" \/>\n<meta name=\"twitter:card\" content=\"summary_large_image\" \/>\n<meta name=\"twitter:label1\" content=\"Escrito por\" \/>\n\t<meta name=\"twitter:data1\" content=\"Reda\u00e7\u00e3o\" \/>\n\t<meta name=\"twitter:label2\" content=\"Tempo estimado de leitura\" \/>\n\t<meta name=\"twitter:data2\" content=\"1 minuto\" \/>\n<script type=\"application\/ld+json\" class=\"yoast-schema-graph\">{\"@context\":\"https:\/\/schema.org\",\"@graph\":[{\"@type\":\"Article\",\"@id\":\"https:\/\/brasilnoticias.org\/site\/11-pessoas-morrem-na-siria-em-ataque-atribuido-ao-estado-islamico-indica-ong\/#article\",\"isPartOf\":{\"@id\":\"https:\/\/brasilnoticias.org\/site\/11-pessoas-morrem-na-siria-em-ataque-atribuido-ao-estado-islamico-indica-ong\/\"},\"author\":{\"name\":\"Reda\u00e7\u00e3o\",\"@id\":\"https:\/\/brasilnoticias.org\/site\/#\/schema\/person\/a0e05b973ec4d15c658d51911e53507b\"},\"headline\":\"11 pessoas morrem na S\u00edria em ataque atribu\u00eddo ao Estado Isl\u00e2mico, indica ONG\",\"datePublished\":\"2023-02-13T09:17:26+00:00\",\"mainEntityOfPage\":{\"@id\":\"https:\/\/brasilnoticias.org\/site\/11-pessoas-morrem-na-siria-em-ataque-atribuido-ao-estado-islamico-indica-ong\/\"},\"wordCount\":152,\"commentCount\":0,\"publisher\":{\"@id\":\"https:\/\/brasilnoticias.org\/site\/#organization\"},\"image\":{\"@id\":\"https:\/\/brasilnoticias.org\/site\/11-pessoas-morrem-na-siria-em-ataque-atribuido-ao-estado-islamico-indica-ong\/#primaryimage\"},\"thumbnailUrl\":\"https:\/\/brasilnoticias.org\/site\/wp-content\/uploads\/2023\/02\/13316011-pessoas-morrem-na-siria-em-ataque-atribuido-ao-estado-islamico-indica-ong-3.jpg\",\"articleSection\":[\"Mundo\",\"\u00daltimas\"],\"inLanguage\":\"pt-PT\",\"potentialAction\":[{\"@type\":\"CommentAction\",\"name\":\"Comment\",\"target\":[\"https:\/\/brasilnoticias.org\/site\/11-pessoas-morrem-na-siria-em-ataque-atribuido-ao-estado-islamico-indica-ong\/#respond\"]}]},{\"@type\":\"WebPage\",\"@id\":\"https:\/\/brasilnoticias.org\/site\/11-pessoas-morrem-na-siria-em-ataque-atribuido-ao-estado-islamico-indica-ong\/\",\"url\":\"https:\/\/brasilnoticias.org\/site\/11-pessoas-morrem-na-siria-em-ataque-atribuido-ao-estado-islamico-indica-ong\/\",\"name\":\"11 pessoas morrem na S\u00edria em ataque atribu\u00eddo ao Estado Isl\u00e2mico, indica ONG - Brasil not\u00edcias\",\"isPartOf\":{\"@id\":\"https:\/\/brasilnoticias.org\/site\/#website\"},\"primaryImageOfPage\":{\"@id\":\"https:\/\/brasilnoticias.org\/site\/11-pessoas-morrem-na-siria-em-ataque-atribuido-ao-estado-islamico-indica-ong\/#primaryimage\"},\"image\":{\"@id\":\"https:\/\/brasilnoticias.org\/site\/11-pessoas-morrem-na-siria-em-ataque-atribuido-ao-estado-islamico-indica-ong\/#primaryimage\"},\"thumbnailUrl\":\"https:\/\/brasilnoticias.org\/site\/wp-content\/uploads\/2023\/02\/13316011-pessoas-morrem-na-siria-em-ataque-atribuido-ao-estado-islamico-indica-ong-3.jpg\",\"datePublished\":\"2023-02-13T09:17:26+00:00\",\"breadcrumb\":{\"@id\":\"https:\/\/brasilnoticias.org\/site\/11-pessoas-morrem-na-siria-em-ataque-atribuido-ao-estado-islamico-indica-ong\/#breadcrumb\"},\"inLanguage\":\"pt-PT\",\"potentialAction\":[{\"@type\":\"ReadAction\",\"target\":[\"https:\/\/brasilnoticias.org\/site\/11-pessoas-morrem-na-siria-em-ataque-atribuido-ao-estado-islamico-indica-ong\/\"]}]},{\"@type\":\"ImageObject\",\"inLanguage\":\"pt-PT\",\"@id\":\"https:\/\/brasilnoticias.org\/site\/11-pessoas-morrem-na-siria-em-ataque-atribuido-ao-estado-islamico-indica-ong\/#primaryimage\",\"url\":\"https:\/\/brasilnoticias.org\/site\/wp-content\/uploads\/2023\/02\/13316011-pessoas-morrem-na-siria-em-ataque-atribuido-ao-estado-islamico-indica-ong-3.jpg\",\"contentUrl\":\"https:\/\/brasilnoticias.org\/site\/wp-content\/uploads\/2023\/02\/13316011-pessoas-morrem-na-siria-em-ataque-atribuido-ao-estado-islamico-indica-ong-3.jpg\",\"width\":1600,\"height\":752},{\"@type\":\"BreadcrumbList\",\"@id\":\"https:\/\/brasilnoticias.org\/site\/11-pessoas-morrem-na-siria-em-ataque-atribuido-ao-estado-islamico-indica-ong\/#breadcrumb\",\"itemListElement\":[{\"@type\":\"ListItem\",\"position\":1,\"name\":\"In\u00edcio\",\"item\":\"https:\/\/brasilnoticias.org\/site\/\"},{\"@type\":\"ListItem\",\"position\":2,\"name\":\"11 pessoas morrem na S\u00edria em ataque atribu\u00eddo ao Estado Isl\u00e2mico, indica ONG\"}]},{\"@type\":\"WebSite\",\"@id\":\"https:\/\/brasilnoticias.org\/site\/#website\",\"url\":\"https:\/\/brasilnoticias.org\/site\/\",\"name\":\"Brasil not\u00edcias\",\"description\":\"Brasil not\u00edcias\",\"publisher\":{\"@id\":\"https:\/\/brasilnoticias.org\/site\/#organization\"},\"potentialAction\":[{\"@type\":\"SearchAction\",\"target\":{\"@type\":\"EntryPoint\",\"urlTemplate\":\"https:\/\/brasilnoticias.org\/site\/?s={search_term_string}\"},\"query-input\":{\"@type\":\"PropertyValueSpecification\",\"valueRequired\":true,\"valueName\":\"search_term_string\"}}],\"inLanguage\":\"pt-PT\"},{\"@type\":\"Organization\",\"@id\":\"https:\/\/brasilnoticias.org\/site\/#organization\",\"name\":\"Brasil not\u00edcias\",\"url\":\"https:\/\/brasilnoticias.org\/site\/\",\"logo\":{\"@type\":\"ImageObject\",\"inLanguage\":\"pt-PT\",\"@id\":\"https:\/\/brasilnoticias.org\/site\/#\/schema\/logo\/image\/\",\"url\":\"https:\/\/brasilnoticias.org\/site\/wp-content\/uploads\/2022\/05\/cropped-brasilnoticias-mini.jpg\",\"contentUrl\":\"https:\/\/brasilnoticias.org\/site\/wp-content\/uploads\/2022\/05\/cropped-brasilnoticias-mini.jpg\",\"width\":314,\"height\":86,\"caption\":\"Brasil not\u00edcias\"},\"image\":{\"@id\":\"https:\/\/brasilnoticias.org\/site\/#\/schema\/logo\/image\/\"}},{\"@type\":\"Person\",\"@id\":\"https:\/\/brasilnoticias.org\/site\/#\/schema\/person\/a0e05b973ec4d15c658d51911e53507b\",\"name\":\"Reda\u00e7\u00e3o\",\"image\":{\"@type\":\"ImageObject\",\"inLanguage\":\"pt-PT\",\"@id\":\"https:\/\/brasilnoticias.org\/site\/#\/schema\/person\/image\/\",\"url\":\"https:\/\/secure.gravatar.com\/avatar\/75d8b050df2de108b08ae78dfb8e374892df24a383c67db9c46a9c604f6aee9c?s=96&d=mm&r=g\",\"contentUrl\":\"https:\/\/secure.gravatar.com\/avatar\/75d8b050df2de108b08ae78dfb8e374892df24a383c67db9c46a9c604f6aee9c?s=96&d=mm&r=g\",\"caption\":\"Reda\u00e7\u00e3o\"},\"sameAs\":[\"https:\/\/brasilnoticias.org\/site\"],\"url\":\"https:\/\/brasilnoticias.org\/site\/author\/fernandozsngmail-com\/\"}]}<\/script>\n<!-- \/ Yoast SEO plugin. -->","yoast_head_json":{"title":"11 pessoas morrem na S\u00edria em ataque atribu\u00eddo ao Estado Isl\u00e2mico, indica ONG - Brasil not\u00edcias","robots":{"index":"index","follow":"follow","max-snippet":"max-snippet:-1","max-image-preview":"max-image-preview:large","max-video-preview":"max-video-preview:-1"},"canonical":"https:\/\/brasilnoticias.org\/site\/11-pessoas-morrem-na-siria-em-ataque-atribuido-ao-estado-islamico-indica-ong\/","og_locale":"pt_PT","og_type":"article","og_title":"11 pessoas morrem na S\u00edria em ataque atribu\u00eddo ao Estado Isl\u00e2mico, indica ONG - Brasil not\u00edcias","og_description":"Um um ataque atribu\u00eddo ao grupo terrorista Estado Isl\u00e2mico matou pelo menos 11 pessoas no centro da S\u00edria. As informa\u00e7\u00f5es","og_url":"https:\/\/brasilnoticias.org\/site\/11-pessoas-morrem-na-siria-em-ataque-atribuido-ao-estado-islamico-indica-ong\/","og_site_name":"Brasil not\u00edcias","article_published_time":"2023-02-13T09:17:26+00:00","og_image":[{"width":1600,"height":752,"url":"https:\/\/brasilnoticias.org\/site\/wp-content\/uploads\/2023\/02\/13316011-pessoas-morrem-na-siria-em-ataque-atribuido-ao-estado-islamico-indica-ong-3.jpg","type":"image\/jpeg"}],"author":"Reda\u00e7\u00e3o","twitter_card":"summary_large_image","twitter_misc":{"Escrito por":"Reda\u00e7\u00e3o","Tempo estimado de leitura":"1 minuto"},"schema":{"@context":"https:\/\/schema.org","@graph":[{"@type":"Article","@id":"https:\/\/brasilnoticias.org\/site\/11-pessoas-morrem-na-siria-em-ataque-atribuido-ao-estado-islamico-indica-ong\/#article","isPartOf":{"@id":"https:\/\/brasilnoticias.org\/site\/11-pessoas-morrem-na-siria-em-ataque-atribuido-ao-estado-islamico-indica-ong\/"},"author":{"name":"Reda\u00e7\u00e3o","@id":"https:\/\/brasilnoticias.org\/site\/#\/schema\/person\/a0e05b973ec4d15c658d51911e53507b"},"headline":"11 pessoas morrem na S\u00edria em ataque atribu\u00eddo ao Estado Isl\u00e2mico, indica ONG","datePublished":"2023-02-13T09:17:26+00:00","mainEntityOfPage":{"@id":"https:\/\/brasilnoticias.org\/site\/11-pessoas-morrem-na-siria-em-ataque-atribuido-ao-estado-islamico-indica-ong\/"},"wordCount":152,"commentCount":0,"publisher":{"@id":"https:\/\/brasilnoticias.org\/site\/#organization"},"image":{"@id":"https:\/\/brasilnoticias.org\/site\/11-pessoas-morrem-na-siria-em-ataque-atribuido-ao-estado-islamico-indica-ong\/#primaryimage"},"thumbnailUrl":"https:\/\/brasilnoticias.org\/site\/wp-content\/uploads\/2023\/02\/13316011-pessoas-morrem-na-siria-em-ataque-atribuido-ao-estado-islamico-indica-ong-3.jpg","articleSection":["Mundo","\u00daltimas"],"inLanguage":"pt-PT","potentialAction":[{"@type":"CommentAction","name":"Comment","target":["https:\/\/brasilnoticias.org\/site\/11-pessoas-morrem-na-siria-em-ataque-atribuido-ao-estado-islamico-indica-ong\/#respond"]}]},{"@type":"WebPage","@id":"https:\/\/brasilnoticias.org\/site\/11-pessoas-morrem-na-siria-em-ataque-atribuido-ao-estado-islamico-indica-ong\/","url":"https:\/\/brasilnoticias.org\/site\/11-pessoas-morrem-na-siria-em-ataque-atribuido-ao-estado-islamico-indica-ong\/","name":"11 pessoas morrem na S\u00edria em ataque atribu\u00eddo ao Estado Isl\u00e2mico, indica ONG - Brasil not\u00edcias","isPartOf":{"@id":"https:\/\/brasilnoticias.org\/site\/#website"},"primaryImageOfPage":{"@id":"https:\/\/brasilnoticias.org\/site\/11-pessoas-morrem-na-siria-em-ataque-atribuido-ao-estado-islamico-indica-ong\/#primaryimage"},"image":{"@id":"https:\/\/brasilnoticias.org\/site\/11-pessoas-morrem-na-siria-em-ataque-atribuido-ao-estado-islamico-indica-ong\/#primaryimage"},"thumbnailUrl":"https:\/\/brasilnoticias.org\/site\/wp-content\/uploads\/2023\/02\/13316011-pessoas-morrem-na-siria-em-ataque-atribuido-ao-estado-islamico-indica-ong-3.jpg","datePublished":"2023-02-13T09:17:26+00:00","breadcrumb":{"@id":"https:\/\/brasilnoticias.org\/site\/11-pessoas-morrem-na-siria-em-ataque-atribuido-ao-estado-islamico-indica-ong\/#breadcrumb"},"inLanguage":"pt-PT","potentialAction":[{"@type":"ReadAction","target":["https:\/\/brasilnoticias.org\/site\/11-pessoas-morrem-na-siria-em-ataque-atribuido-ao-estado-islamico-indica-ong\/"]}]},{"@type":"ImageObject","inLanguage":"pt-PT","@id":"https:\/\/brasilnoticias.org\/site\/11-pessoas-morrem-na-siria-em-ataque-atribuido-ao-estado-islamico-indica-ong\/#primaryimage","url":"https:\/\/brasilnoticias.org\/site\/wp-content\/uploads\/2023\/02\/13316011-pessoas-morrem-na-siria-em-ataque-atribuido-ao-estado-islamico-indica-ong-3.jpg","contentUrl":"https:\/\/brasilnoticias.org\/site\/wp-content\/uploads\/2023\/02\/13316011-pessoas-morrem-na-siria-em-ataque-atribuido-ao-estado-islamico-indica-ong-3.jpg","width":1600,"height":752},{"@type":"BreadcrumbList","@id":"https:\/\/brasilnoticias.org\/site\/11-pessoas-morrem-na-siria-em-ataque-atribuido-ao-estado-islamico-indica-ong\/#breadcrumb","itemListElement":[{"@type":"ListItem","position":1,"name":"In\u00edcio","item":"https:\/\/brasilnoticias.org\/site\/"},{"@type":"ListItem","position":2,"name":"11 pessoas morrem na S\u00edria em ataque atribu\u00eddo ao Estado Isl\u00e2mico, indica ONG"}]},{"@type":"WebSite","@id":"https:\/\/brasilnoticias.org\/site\/#website","url":"https:\/\/brasilnoticias.org\/site\/","name":"Brasil not\u00edcias","description":"Brasil not\u00edcias","publisher":{"@id":"https:\/\/brasilnoticias.org\/site\/#organization"},"potentialAction":[{"@type":"SearchAction","target":{"@type":"EntryPoint","urlTemplate":"https:\/\/brasilnoticias.org\/site\/?s={search_term_string}"},"query-input":{"@type":"PropertyValueSpecification","valueRequired":true,"valueName":"search_term_string"}}],"inLanguage":"pt-PT"},{"@type":"Organization","@id":"https:\/\/brasilnoticias.org\/site\/#organization","name":"Brasil not\u00edcias","url":"https:\/\/brasilnoticias.org\/site\/","logo":{"@type":"ImageObject","inLanguage":"pt-PT","@id":"https:\/\/brasilnoticias.org\/site\/#\/schema\/logo\/image\/","url":"https:\/\/brasilnoticias.org\/site\/wp-content\/uploads\/2022\/05\/cropped-brasilnoticias-mini.jpg","contentUrl":"https:\/\/brasilnoticias.org\/site\/wp-content\/uploads\/2022\/05\/cropped-brasilnoticias-mini.jpg","width":314,"height":86,"caption":"Brasil not\u00edcias"},"image":{"@id":"https:\/\/brasilnoticias.org\/site\/#\/schema\/logo\/image\/"}},{"@type":"Person","@id":"https:\/\/brasilnoticias.org\/site\/#\/schema\/person\/a0e05b973ec4d15c658d51911e53507b","name":"Reda\u00e7\u00e3o","image":{"@type":"ImageObject","inLanguage":"pt-PT","@id":"https:\/\/brasilnoticias.org\/site\/#\/schema\/person\/image\/","url":"https:\/\/secure.gravatar.com\/avatar\/75d8b050df2de108b08ae78dfb8e374892df24a383c67db9c46a9c604f6aee9c?s=96&d=mm&r=g","contentUrl":"https:\/\/secure.gravatar.com\/avatar\/75d8b050df2de108b08ae78dfb8e374892df24a383c67db9c46a9c604f6aee9c?s=96&d=mm&r=g","caption":"Reda\u00e7\u00e3o"},"sameAs":["https:\/\/brasilnoticias.org\/site"],"url":"https:\/\/brasilnoticias.org\/site\/author\/fernandozsngmail-com\/"}]}},"_links":{"self":[{"href":"https:\/\/brasilnoticias.org\/site\/wp-json\/wp\/v2\/posts\/3908","targetHints":{"allow":["GET"]}}],"collection":[{"href":"https:\/\/brasilnoticias.org\/site\/wp-json\/wp\/v2\/posts"}],"about":[{"href":"https:\/\/brasilnoticias.org\/site\/wp-json\/wp\/v2\/types\/post"}],"author":[{"embeddable":true,"href":"https:\/\/brasilnoticias.org\/site\/wp-json\/wp\/v2\/users\/1"}],"replies":[{"embeddable":true,"href":"https:\/\/brasilnoticias.org\/site\/wp-json\/wp\/v2\/comments?post=3908"}],"version-history":[{"count":1,"href":"https:\/\/brasilnoticias.org\/site\/wp-json\/wp\/v2\/posts\/3908\/revisions"}],"predecessor-version":[{"id":3910,"href":"https:\/\/brasilnoticias.org\/site\/wp-json\/wp\/v2\/posts\/3908\/revisions\/3910"}],"wp:featuredmedia":[{"embeddable":true,"href":"https:\/\/brasilnoticias.org\/site\/wp-json\/wp\/v2\/media\/3909"}],"wp:attachment":[{"href":"https:\/\/brasilnoticias.org\/site\/wp-json\/wp\/v2\/media?parent=3908"}],"wp:term":[{"taxonomy":"category","embeddable":true,"href":"https:\/\/brasilnoticias.org\/site\/wp-json\/wp\/v2\/categories?post=3908"},{"taxonomy":"post_tag","embeddable":true,"href":"https:\/\/brasilnoticias.org\/site\/wp-json\/wp\/v2\/tags?post=3908"}],"curies":[{"name":"wp","href":"https:\/\/api.w.org\/{rel}","templated":true}]}}