{"id":391,"date":"2022-05-20T20:35:10","date_gmt":"2022-05-20T23:35:10","guid":{"rendered":"https:\/\/brasilnoticias.org\/site\/?p=391"},"modified":"2022-05-20T20:35:10","modified_gmt":"2022-05-20T23:35:10","slug":"peritos-medicos-federais-encerram-greve-e-voltam-a-atender-na-proxima-segunda","status":"publish","type":"post","link":"https:\/\/brasilnoticias.org\/site\/peritos-medicos-federais-encerram-greve-e-voltam-a-atender-na-proxima-segunda\/","title":{"rendered":"PERITOS M\u00c9DICOS FEDERAIS ENCERRAM GREVE E VOLTAM A ATENDER NA PR\u00d3XIMA SEGUNDA"},"content":{"rendered":"<p>Os peritos m\u00e9dicos federais assinaram na manh\u00e3 desta sexta-feira (20) um acordo que determina o fim da greve da categoria. O atendimento regular \u00e0 popula\u00e7\u00e3o ser\u00e1 retomado na pr\u00f3xima segunda-feira (23).<\/p>\n<p>No acordo assinado com o ministro do Trabalho e Previd\u00eancia, Jos\u00e9 Carlos Oliveira, os m\u00e9dicos peritos comprometeram-se a repor os dias parados e trabalhar para reduzir o estoque de per\u00edcias n\u00e3o realizadas em decorr\u00eancia da greve.<\/p>\n<p>Segundo os termos do acordo, fica definido que cada perito poder\u00e1 realizar, no m\u00e1ximo, 12 atendimentos di\u00e1rios (ordin\u00e1rios). Ser\u00e1 pago, de acordo com a Lei 13.846\/2019, o valor de R$ 61,72 por per\u00edcia extraordin\u00e1ria, que exceda essa quantidade m\u00e1xima de atendimentos por dia.<\/p>\n<p>Com o objetivo de agilizar a redu\u00e7\u00e3o do estoque, em breve ser\u00e1 publicada portaria estabelecendo as regras para an\u00e1lise de documentos com base na conforma\u00e7\u00e3o de atestado para afastamentos de at\u00e9 90 dias.<\/p>\n","protected":false},"excerpt":{"rendered":"<p>Os peritos m\u00e9dicos federais assinaram na manh\u00e3 desta sexta-feira (20) um acordo que determina o fim da greve da categoria.<\/p>\n","protected":false},"author":2,"featured_media":392,"comment_status":"open","ping_status":"open","sticky":false,"template":"","format":"standard","meta":{"colormag_page_container_layout":"default_layout","colormag_page_sidebar_layout":"default_layout","_FSMCFIC_featured_image_caption":"","_FSMCFIC_featured_image_nocaption":"","_FSMCFIC_featured_image_hide":"","footnotes":""},"categories":[2,1],"tags":[],"class_list":["post-391","post","type-post","status-publish","format-standard","has-post-thumbnail","hentry","category-noticias","category-ultimas"],"yoast_head":"<!-- This site is optimized with the Yoast SEO plugin v27.1.1 - https:\/\/yoast.com\/product\/yoast-seo-wordpress\/ -->\n<title>PERITOS M\u00c9DICOS FEDERAIS ENCERRAM GREVE E VOLTAM A ATENDER NA PR\u00d3XIMA SEGUNDA - Brasil not\u00edcias<\/title>\n<meta name=\"robots\" content=\"index, follow, max-snippet:-1, max-image-preview:large, max-video-preview:-1\" \/>\n<link rel=\"canonical\" href=\"https:\/\/brasilnoticias.org\/site\/peritos-medicos-federais-encerram-greve-e-voltam-a-atender-na-proxima-segunda\/\" \/>\n<meta property=\"og:locale\" content=\"pt_PT\" \/>\n<meta property=\"og:type\" content=\"article\" \/>\n<meta property=\"og:title\" content=\"PERITOS M\u00c9DICOS FEDERAIS ENCERRAM GREVE E VOLTAM A ATENDER NA PR\u00d3XIMA SEGUNDA - Brasil not\u00edcias\" \/>\n<meta property=\"og:description\" content=\"Os peritos m\u00e9dicos federais assinaram na manh\u00e3 desta sexta-feira (20) um acordo que determina o fim da greve da categoria.\" \/>\n<meta property=\"og:url\" content=\"https:\/\/brasilnoticias.org\/site\/peritos-medicos-federais-encerram-greve-e-voltam-a-atender-na-proxima-segunda\/\" \/>\n<meta property=\"og:site_name\" content=\"Brasil not\u00edcias\" \/>\n<meta property=\"article:published_time\" content=\"2022-05-20T23:35:10+00:00\" \/>\n<meta property=\"og:image\" content=\"https:\/\/brasilnoticias.org\/site\/wp-content\/uploads\/2022\/05\/123569peritos-medicos-federais-encerram-greve-e-voltam-a-atender-na-proxima-segunda-3-1.jpg\" \/>\n\t<meta property=\"og:image:width\" content=\"1600\" \/>\n\t<meta property=\"og:image:height\" content=\"752\" \/>\n\t<meta property=\"og:image:type\" content=\"image\/jpeg\" \/>\n<meta name=\"author\" content=\"Reda\u00e7\u00e3o\" \/>\n<meta name=\"twitter:card\" content=\"summary_large_image\" \/>\n<meta name=\"twitter:label1\" content=\"Escrito por\" \/>\n\t<meta name=\"twitter:data1\" content=\"Reda\u00e7\u00e3o\" \/>\n\t<meta name=\"twitter:label2\" content=\"Tempo estimado de leitura\" \/>\n\t<meta name=\"twitter:data2\" content=\"1 minuto\" \/>\n<script type=\"application\/ld+json\" class=\"yoast-schema-graph\">{\"@context\":\"https:\/\/schema.org\",\"@graph\":[{\"@type\":\"Article\",\"@id\":\"https:\/\/brasilnoticias.org\/site\/peritos-medicos-federais-encerram-greve-e-voltam-a-atender-na-proxima-segunda\/#article\",\"isPartOf\":{\"@id\":\"https:\/\/brasilnoticias.org\/site\/peritos-medicos-federais-encerram-greve-e-voltam-a-atender-na-proxima-segunda\/\"},\"author\":{\"name\":\"Reda\u00e7\u00e3o\",\"@id\":\"https:\/\/brasilnoticias.org\/site\/#\/schema\/person\/f609fa847b5314f1c8b983342f34c798\"},\"headline\":\"PERITOS M\u00c9DICOS FEDERAIS ENCERRAM GREVE E VOLTAM A ATENDER NA PR\u00d3XIMA SEGUNDA\",\"datePublished\":\"2022-05-20T23:35:10+00:00\",\"mainEntityOfPage\":{\"@id\":\"https:\/\/brasilnoticias.org\/site\/peritos-medicos-federais-encerram-greve-e-voltam-a-atender-na-proxima-segunda\/\"},\"wordCount\":167,\"commentCount\":0,\"publisher\":{\"@id\":\"https:\/\/brasilnoticias.org\/site\/#organization\"},\"image\":{\"@id\":\"https:\/\/brasilnoticias.org\/site\/peritos-medicos-federais-encerram-greve-e-voltam-a-atender-na-proxima-segunda\/#primaryimage\"},\"thumbnailUrl\":\"https:\/\/brasilnoticias.org\/site\/wp-content\/uploads\/2022\/05\/123569peritos-medicos-federais-encerram-greve-e-voltam-a-atender-na-proxima-segunda-3-1.jpg\",\"articleSection\":[\"Not\u00edcias\",\"\u00daltimas\"],\"inLanguage\":\"pt-PT\",\"potentialAction\":[{\"@type\":\"CommentAction\",\"name\":\"Comment\",\"target\":[\"https:\/\/brasilnoticias.org\/site\/peritos-medicos-federais-encerram-greve-e-voltam-a-atender-na-proxima-segunda\/#respond\"]}]},{\"@type\":\"WebPage\",\"@id\":\"https:\/\/brasilnoticias.org\/site\/peritos-medicos-federais-encerram-greve-e-voltam-a-atender-na-proxima-segunda\/\",\"url\":\"https:\/\/brasilnoticias.org\/site\/peritos-medicos-federais-encerram-greve-e-voltam-a-atender-na-proxima-segunda\/\",\"name\":\"PERITOS M\u00c9DICOS FEDERAIS ENCERRAM GREVE E VOLTAM A ATENDER NA PR\u00d3XIMA SEGUNDA - Brasil not\u00edcias\",\"isPartOf\":{\"@id\":\"https:\/\/brasilnoticias.org\/site\/#website\"},\"primaryImageOfPage\":{\"@id\":\"https:\/\/brasilnoticias.org\/site\/peritos-medicos-federais-encerram-greve-e-voltam-a-atender-na-proxima-segunda\/#primaryimage\"},\"image\":{\"@id\":\"https:\/\/brasilnoticias.org\/site\/peritos-medicos-federais-encerram-greve-e-voltam-a-atender-na-proxima-segunda\/#primaryimage\"},\"thumbnailUrl\":\"https:\/\/brasilnoticias.org\/site\/wp-content\/uploads\/2022\/05\/123569peritos-medicos-federais-encerram-greve-e-voltam-a-atender-na-proxima-segunda-3-1.jpg\",\"datePublished\":\"2022-05-20T23:35:10+00:00\",\"breadcrumb\":{\"@id\":\"https:\/\/brasilnoticias.org\/site\/peritos-medicos-federais-encerram-greve-e-voltam-a-atender-na-proxima-segunda\/#breadcrumb\"},\"inLanguage\":\"pt-PT\",\"potentialAction\":[{\"@type\":\"ReadAction\",\"target\":[\"https:\/\/brasilnoticias.org\/site\/peritos-medicos-federais-encerram-greve-e-voltam-a-atender-na-proxima-segunda\/\"]}]},{\"@type\":\"ImageObject\",\"inLanguage\":\"pt-PT\",\"@id\":\"https:\/\/brasilnoticias.org\/site\/peritos-medicos-federais-encerram-greve-e-voltam-a-atender-na-proxima-segunda\/#primaryimage\",\"url\":\"https:\/\/brasilnoticias.org\/site\/wp-content\/uploads\/2022\/05\/123569peritos-medicos-federais-encerram-greve-e-voltam-a-atender-na-proxima-segunda-3-1.jpg\",\"contentUrl\":\"https:\/\/brasilnoticias.org\/site\/wp-content\/uploads\/2022\/05\/123569peritos-medicos-federais-encerram-greve-e-voltam-a-atender-na-proxima-segunda-3-1.jpg\",\"width\":1600,\"height\":752},{\"@type\":\"BreadcrumbList\",\"@id\":\"https:\/\/brasilnoticias.org\/site\/peritos-medicos-federais-encerram-greve-e-voltam-a-atender-na-proxima-segunda\/#breadcrumb\",\"itemListElement\":[{\"@type\":\"ListItem\",\"position\":1,\"name\":\"In\u00edcio\",\"item\":\"https:\/\/brasilnoticias.org\/site\/\"},{\"@type\":\"ListItem\",\"position\":2,\"name\":\"PERITOS M\u00c9DICOS FEDERAIS ENCERRAM GREVE E VOLTAM A ATENDER NA PR\u00d3XIMA SEGUNDA\"}]},{\"@type\":\"WebSite\",\"@id\":\"https:\/\/brasilnoticias.org\/site\/#website\",\"url\":\"https:\/\/brasilnoticias.org\/site\/\",\"name\":\"Brasil not\u00edcias\",\"description\":\"Brasil not\u00edcias\",\"publisher\":{\"@id\":\"https:\/\/brasilnoticias.org\/site\/#organization\"},\"potentialAction\":[{\"@type\":\"SearchAction\",\"target\":{\"@type\":\"EntryPoint\",\"urlTemplate\":\"https:\/\/brasilnoticias.org\/site\/?s={search_term_string}\"},\"query-input\":{\"@type\":\"PropertyValueSpecification\",\"valueRequired\":true,\"valueName\":\"search_term_string\"}}],\"inLanguage\":\"pt-PT\"},{\"@type\":\"Organization\",\"@id\":\"https:\/\/brasilnoticias.org\/site\/#organization\",\"name\":\"Brasil not\u00edcias\",\"url\":\"https:\/\/brasilnoticias.org\/site\/\",\"logo\":{\"@type\":\"ImageObject\",\"inLanguage\":\"pt-PT\",\"@id\":\"https:\/\/brasilnoticias.org\/site\/#\/schema\/logo\/image\/\",\"url\":\"https:\/\/brasilnoticias.org\/site\/wp-content\/uploads\/2022\/05\/cropped-brasilnoticias-mini.jpg\",\"contentUrl\":\"https:\/\/brasilnoticias.org\/site\/wp-content\/uploads\/2022\/05\/cropped-brasilnoticias-mini.jpg\",\"width\":314,\"height\":86,\"caption\":\"Brasil not\u00edcias\"},\"image\":{\"@id\":\"https:\/\/brasilnoticias.org\/site\/#\/schema\/logo\/image\/\"}},{\"@type\":\"Person\",\"@id\":\"https:\/\/brasilnoticias.org\/site\/#\/schema\/person\/f609fa847b5314f1c8b983342f34c798\",\"name\":\"Reda\u00e7\u00e3o\",\"image\":{\"@type\":\"ImageObject\",\"inLanguage\":\"pt-PT\",\"@id\":\"https:\/\/brasilnoticias.org\/site\/#\/schema\/person\/image\/\",\"url\":\"https:\/\/secure.gravatar.com\/avatar\/447284c06c1ad8b46465a36de9cd0d8326b73387a22799b8b1ffb1fbcff2ed0c?s=96&d=mm&r=g\",\"contentUrl\":\"https:\/\/secure.gravatar.com\/avatar\/447284c06c1ad8b46465a36de9cd0d8326b73387a22799b8b1ffb1fbcff2ed0c?s=96&d=mm&r=g\",\"caption\":\"Reda\u00e7\u00e3o\"},\"url\":\"https:\/\/brasilnoticias.org\/site\/author\/redacao\/\"}]}<\/script>\n<!-- \/ Yoast SEO plugin. -->","yoast_head_json":{"title":"PERITOS M\u00c9DICOS FEDERAIS ENCERRAM GREVE E VOLTAM A ATENDER NA PR\u00d3XIMA SEGUNDA - Brasil not\u00edcias","robots":{"index":"index","follow":"follow","max-snippet":"max-snippet:-1","max-image-preview":"max-image-preview:large","max-video-preview":"max-video-preview:-1"},"canonical":"https:\/\/brasilnoticias.org\/site\/peritos-medicos-federais-encerram-greve-e-voltam-a-atender-na-proxima-segunda\/","og_locale":"pt_PT","og_type":"article","og_title":"PERITOS M\u00c9DICOS FEDERAIS ENCERRAM GREVE E VOLTAM A ATENDER NA PR\u00d3XIMA SEGUNDA - Brasil not\u00edcias","og_description":"Os peritos m\u00e9dicos federais assinaram na manh\u00e3 desta sexta-feira (20) um acordo que determina o fim da greve da categoria.","og_url":"https:\/\/brasilnoticias.org\/site\/peritos-medicos-federais-encerram-greve-e-voltam-a-atender-na-proxima-segunda\/","og_site_name":"Brasil not\u00edcias","article_published_time":"2022-05-20T23:35:10+00:00","og_image":[{"width":1600,"height":752,"url":"https:\/\/brasilnoticias.org\/site\/wp-content\/uploads\/2022\/05\/123569peritos-medicos-federais-encerram-greve-e-voltam-a-atender-na-proxima-segunda-3-1.jpg","type":"image\/jpeg"}],"author":"Reda\u00e7\u00e3o","twitter_card":"summary_large_image","twitter_misc":{"Escrito por":"Reda\u00e7\u00e3o","Tempo estimado de leitura":"1 minuto"},"schema":{"@context":"https:\/\/schema.org","@graph":[{"@type":"Article","@id":"https:\/\/brasilnoticias.org\/site\/peritos-medicos-federais-encerram-greve-e-voltam-a-atender-na-proxima-segunda\/#article","isPartOf":{"@id":"https:\/\/brasilnoticias.org\/site\/peritos-medicos-federais-encerram-greve-e-voltam-a-atender-na-proxima-segunda\/"},"author":{"name":"Reda\u00e7\u00e3o","@id":"https:\/\/brasilnoticias.org\/site\/#\/schema\/person\/f609fa847b5314f1c8b983342f34c798"},"headline":"PERITOS M\u00c9DICOS FEDERAIS ENCERRAM GREVE E VOLTAM A ATENDER NA PR\u00d3XIMA SEGUNDA","datePublished":"2022-05-20T23:35:10+00:00","mainEntityOfPage":{"@id":"https:\/\/brasilnoticias.org\/site\/peritos-medicos-federais-encerram-greve-e-voltam-a-atender-na-proxima-segunda\/"},"wordCount":167,"commentCount":0,"publisher":{"@id":"https:\/\/brasilnoticias.org\/site\/#organization"},"image":{"@id":"https:\/\/brasilnoticias.org\/site\/peritos-medicos-federais-encerram-greve-e-voltam-a-atender-na-proxima-segunda\/#primaryimage"},"thumbnailUrl":"https:\/\/brasilnoticias.org\/site\/wp-content\/uploads\/2022\/05\/123569peritos-medicos-federais-encerram-greve-e-voltam-a-atender-na-proxima-segunda-3-1.jpg","articleSection":["Not\u00edcias","\u00daltimas"],"inLanguage":"pt-PT","potentialAction":[{"@type":"CommentAction","name":"Comment","target":["https:\/\/brasilnoticias.org\/site\/peritos-medicos-federais-encerram-greve-e-voltam-a-atender-na-proxima-segunda\/#respond"]}]},{"@type":"WebPage","@id":"https:\/\/brasilnoticias.org\/site\/peritos-medicos-federais-encerram-greve-e-voltam-a-atender-na-proxima-segunda\/","url":"https:\/\/brasilnoticias.org\/site\/peritos-medicos-federais-encerram-greve-e-voltam-a-atender-na-proxima-segunda\/","name":"PERITOS M\u00c9DICOS FEDERAIS ENCERRAM GREVE E VOLTAM A ATENDER NA PR\u00d3XIMA SEGUNDA - Brasil not\u00edcias","isPartOf":{"@id":"https:\/\/brasilnoticias.org\/site\/#website"},"primaryImageOfPage":{"@id":"https:\/\/brasilnoticias.org\/site\/peritos-medicos-federais-encerram-greve-e-voltam-a-atender-na-proxima-segunda\/#primaryimage"},"image":{"@id":"https:\/\/brasilnoticias.org\/site\/peritos-medicos-federais-encerram-greve-e-voltam-a-atender-na-proxima-segunda\/#primaryimage"},"thumbnailUrl":"https:\/\/brasilnoticias.org\/site\/wp-content\/uploads\/2022\/05\/123569peritos-medicos-federais-encerram-greve-e-voltam-a-atender-na-proxima-segunda-3-1.jpg","datePublished":"2022-05-20T23:35:10+00:00","breadcrumb":{"@id":"https:\/\/brasilnoticias.org\/site\/peritos-medicos-federais-encerram-greve-e-voltam-a-atender-na-proxima-segunda\/#breadcrumb"},"inLanguage":"pt-PT","potentialAction":[{"@type":"ReadAction","target":["https:\/\/brasilnoticias.org\/site\/peritos-medicos-federais-encerram-greve-e-voltam-a-atender-na-proxima-segunda\/"]}]},{"@type":"ImageObject","inLanguage":"pt-PT","@id":"https:\/\/brasilnoticias.org\/site\/peritos-medicos-federais-encerram-greve-e-voltam-a-atender-na-proxima-segunda\/#primaryimage","url":"https:\/\/brasilnoticias.org\/site\/wp-content\/uploads\/2022\/05\/123569peritos-medicos-federais-encerram-greve-e-voltam-a-atender-na-proxima-segunda-3-1.jpg","contentUrl":"https:\/\/brasilnoticias.org\/site\/wp-content\/uploads\/2022\/05\/123569peritos-medicos-federais-encerram-greve-e-voltam-a-atender-na-proxima-segunda-3-1.jpg","width":1600,"height":752},{"@type":"BreadcrumbList","@id":"https:\/\/brasilnoticias.org\/site\/peritos-medicos-federais-encerram-greve-e-voltam-a-atender-na-proxima-segunda\/#breadcrumb","itemListElement":[{"@type":"ListItem","position":1,"name":"In\u00edcio","item":"https:\/\/brasilnoticias.org\/site\/"},{"@type":"ListItem","position":2,"name":"PERITOS M\u00c9DICOS FEDERAIS ENCERRAM GREVE E VOLTAM A ATENDER NA PR\u00d3XIMA SEGUNDA"}]},{"@type":"WebSite","@id":"https:\/\/brasilnoticias.org\/site\/#website","url":"https:\/\/brasilnoticias.org\/site\/","name":"Brasil not\u00edcias","description":"Brasil not\u00edcias","publisher":{"@id":"https:\/\/brasilnoticias.org\/site\/#organization"},"potentialAction":[{"@type":"SearchAction","target":{"@type":"EntryPoint","urlTemplate":"https:\/\/brasilnoticias.org\/site\/?s={search_term_string}"},"query-input":{"@type":"PropertyValueSpecification","valueRequired":true,"valueName":"search_term_string"}}],"inLanguage":"pt-PT"},{"@type":"Organization","@id":"https:\/\/brasilnoticias.org\/site\/#organization","name":"Brasil not\u00edcias","url":"https:\/\/brasilnoticias.org\/site\/","logo":{"@type":"ImageObject","inLanguage":"pt-PT","@id":"https:\/\/brasilnoticias.org\/site\/#\/schema\/logo\/image\/","url":"https:\/\/brasilnoticias.org\/site\/wp-content\/uploads\/2022\/05\/cropped-brasilnoticias-mini.jpg","contentUrl":"https:\/\/brasilnoticias.org\/site\/wp-content\/uploads\/2022\/05\/cropped-brasilnoticias-mini.jpg","width":314,"height":86,"caption":"Brasil not\u00edcias"},"image":{"@id":"https:\/\/brasilnoticias.org\/site\/#\/schema\/logo\/image\/"}},{"@type":"Person","@id":"https:\/\/brasilnoticias.org\/site\/#\/schema\/person\/f609fa847b5314f1c8b983342f34c798","name":"Reda\u00e7\u00e3o","image":{"@type":"ImageObject","inLanguage":"pt-PT","@id":"https:\/\/brasilnoticias.org\/site\/#\/schema\/person\/image\/","url":"https:\/\/secure.gravatar.com\/avatar\/447284c06c1ad8b46465a36de9cd0d8326b73387a22799b8b1ffb1fbcff2ed0c?s=96&d=mm&r=g","contentUrl":"https:\/\/secure.gravatar.com\/avatar\/447284c06c1ad8b46465a36de9cd0d8326b73387a22799b8b1ffb1fbcff2ed0c?s=96&d=mm&r=g","caption":"Reda\u00e7\u00e3o"},"url":"https:\/\/brasilnoticias.org\/site\/author\/redacao\/"}]}},"_links":{"self":[{"href":"https:\/\/brasilnoticias.org\/site\/wp-json\/wp\/v2\/posts\/391","targetHints":{"allow":["GET"]}}],"collection":[{"href":"https:\/\/brasilnoticias.org\/site\/wp-json\/wp\/v2\/posts"}],"about":[{"href":"https:\/\/brasilnoticias.org\/site\/wp-json\/wp\/v2\/types\/post"}],"author":[{"embeddable":true,"href":"https:\/\/brasilnoticias.org\/site\/wp-json\/wp\/v2\/users\/2"}],"replies":[{"embeddable":true,"href":"https:\/\/brasilnoticias.org\/site\/wp-json\/wp\/v2\/comments?post=391"}],"version-history":[{"count":1,"href":"https:\/\/brasilnoticias.org\/site\/wp-json\/wp\/v2\/posts\/391\/revisions"}],"predecessor-version":[{"id":393,"href":"https:\/\/brasilnoticias.org\/site\/wp-json\/wp\/v2\/posts\/391\/revisions\/393"}],"wp:featuredmedia":[{"embeddable":true,"href":"https:\/\/brasilnoticias.org\/site\/wp-json\/wp\/v2\/media\/392"}],"wp:attachment":[{"href":"https:\/\/brasilnoticias.org\/site\/wp-json\/wp\/v2\/media?parent=391"}],"wp:term":[{"taxonomy":"category","embeddable":true,"href":"https:\/\/brasilnoticias.org\/site\/wp-json\/wp\/v2\/categories?post=391"},{"taxonomy":"post_tag","embeddable":true,"href":"https:\/\/brasilnoticias.org\/site\/wp-json\/wp\/v2\/tags?post=391"}],"curies":[{"name":"wp","href":"https:\/\/api.w.org\/{rel}","templated":true}]}}