{"id":3917,"date":"2023-02-13T06:21:30","date_gmt":"2023-02-13T09:21:30","guid":{"rendered":"https:\/\/brasilnoticias.org\/site\/?p=3917"},"modified":"2023-02-13T06:21:30","modified_gmt":"2023-02-13T09:21:30","slug":"exame-de-dna-confirma-que-amostras-de-semen-recolhidas-em-investigacao-contra-daniel-alves-sao-do-jogador","status":"publish","type":"post","link":"https:\/\/brasilnoticias.org\/site\/exame-de-dna-confirma-que-amostras-de-semen-recolhidas-em-investigacao-contra-daniel-alves-sao-do-jogador\/","title":{"rendered":"Exame de DNA confirma que amostras de s\u00eamen recolhidas em investiga\u00e7\u00e3o contra Daniel Alves s\u00e3o do jogador"},"content":{"rendered":"<p>O exame de DNA confirmou que amostras de s\u00eamen recolhidas em investiga\u00e7\u00e3o contra Daniel Alves s\u00e3o do jogador baiano. O resultado foi publicado pela imprensa espanhola nesta sexta-feira (10).<\/p>\n<p>Os vest\u00edgios foram encontrados no piso da boate, na roupa e no corpo da mulher espanhola de 23 anos que acusa Daniel Alves de agress\u00e3o sexual.<\/p>\n<p>De acordo com os &#8220;El Peri\u00f3dico&#8221; e &#8220;El Mundo&#8221;, o exame foi feito no dia 31 de dezembro e confirma que houve rela\u00e7\u00e3o sexual. Daniel est\u00e1 preso desde o dia 20 de janeiro.<\/p>\n<p>Foto: Lucas Figueiredo\/CBF<\/p>\n<p>Por: Metro1 <\/p>\n","protected":false},"excerpt":{"rendered":"<p>O exame de DNA confirmou que amostras de s\u00eamen recolhidas em investiga\u00e7\u00e3o contra Daniel Alves s\u00e3o do jogador baiano. O<\/p>\n","protected":false},"author":1,"featured_media":3918,"comment_status":"open","ping_status":"open","sticky":false,"template":"","format":"standard","meta":{"colormag_page_container_layout":"default_layout","colormag_page_sidebar_layout":"default_layout","_FSMCFIC_featured_image_caption":"","_FSMCFIC_featured_image_nocaption":"","_FSMCFIC_featured_image_hide":"","footnotes":""},"categories":[2,1],"tags":[],"class_list":["post-3917","post","type-post","status-publish","format-standard","has-post-thumbnail","hentry","category-noticias","category-ultimas"],"yoast_head":"<!-- This site is optimized with the Yoast SEO plugin v27.1.1 - https:\/\/yoast.com\/product\/yoast-seo-wordpress\/ -->\n<title>Exame de DNA confirma que amostras de s\u00eamen recolhidas em investiga\u00e7\u00e3o contra Daniel Alves s\u00e3o do jogador - Brasil not\u00edcias<\/title>\n<meta name=\"robots\" content=\"index, follow, max-snippet:-1, max-image-preview:large, max-video-preview:-1\" \/>\n<link rel=\"canonical\" href=\"https:\/\/brasilnoticias.org\/site\/exame-de-dna-confirma-que-amostras-de-semen-recolhidas-em-investigacao-contra-daniel-alves-sao-do-jogador\/\" \/>\n<meta property=\"og:locale\" content=\"pt_PT\" \/>\n<meta property=\"og:type\" content=\"article\" \/>\n<meta property=\"og:title\" content=\"Exame de DNA confirma que amostras de s\u00eamen recolhidas em investiga\u00e7\u00e3o contra Daniel Alves s\u00e3o do jogador - Brasil not\u00edcias\" \/>\n<meta property=\"og:description\" content=\"O exame de DNA confirmou que amostras de s\u00eamen recolhidas em investiga\u00e7\u00e3o contra Daniel Alves s\u00e3o do jogador baiano. O\" \/>\n<meta property=\"og:url\" content=\"https:\/\/brasilnoticias.org\/site\/exame-de-dna-confirma-que-amostras-de-semen-recolhidas-em-investigacao-contra-daniel-alves-sao-do-jogador\/\" \/>\n<meta property=\"og:site_name\" content=\"Brasil not\u00edcias\" \/>\n<meta property=\"article:published_time\" content=\"2023-02-13T09:21:30+00:00\" \/>\n<meta property=\"og:image\" content=\"https:\/\/brasilnoticias.org\/site\/wp-content\/uploads\/2023\/02\/133146exame-de-dna-confirma-que-amostras-de-semen-recolhidas-em-investigacao-contra-daniel-alves-sao-do-jogador-3.jpg\" \/>\n\t<meta property=\"og:image:width\" content=\"1600\" \/>\n\t<meta property=\"og:image:height\" content=\"752\" \/>\n\t<meta property=\"og:image:type\" content=\"image\/jpeg\" \/>\n<meta name=\"author\" content=\"Reda\u00e7\u00e3o\" \/>\n<meta name=\"twitter:card\" content=\"summary_large_image\" \/>\n<meta name=\"twitter:label1\" content=\"Escrito por\" \/>\n\t<meta name=\"twitter:data1\" content=\"Reda\u00e7\u00e3o\" \/>\n<script type=\"application\/ld+json\" class=\"yoast-schema-graph\">{\"@context\":\"https:\/\/schema.org\",\"@graph\":[{\"@type\":\"Article\",\"@id\":\"https:\/\/brasilnoticias.org\/site\/exame-de-dna-confirma-que-amostras-de-semen-recolhidas-em-investigacao-contra-daniel-alves-sao-do-jogador\/#article\",\"isPartOf\":{\"@id\":\"https:\/\/brasilnoticias.org\/site\/exame-de-dna-confirma-que-amostras-de-semen-recolhidas-em-investigacao-contra-daniel-alves-sao-do-jogador\/\"},\"author\":{\"name\":\"Reda\u00e7\u00e3o\",\"@id\":\"https:\/\/brasilnoticias.org\/site\/#\/schema\/person\/a0e05b973ec4d15c658d51911e53507b\"},\"headline\":\"Exame de DNA confirma que amostras de s\u00eamen recolhidas em investiga\u00e7\u00e3o contra Daniel Alves s\u00e3o do jogador\",\"datePublished\":\"2023-02-13T09:21:30+00:00\",\"mainEntityOfPage\":{\"@id\":\"https:\/\/brasilnoticias.org\/site\/exame-de-dna-confirma-que-amostras-de-semen-recolhidas-em-investigacao-contra-daniel-alves-sao-do-jogador\/\"},\"wordCount\":117,\"commentCount\":0,\"publisher\":{\"@id\":\"https:\/\/brasilnoticias.org\/site\/#organization\"},\"image\":{\"@id\":\"https:\/\/brasilnoticias.org\/site\/exame-de-dna-confirma-que-amostras-de-semen-recolhidas-em-investigacao-contra-daniel-alves-sao-do-jogador\/#primaryimage\"},\"thumbnailUrl\":\"https:\/\/brasilnoticias.org\/site\/wp-content\/uploads\/2023\/02\/133146exame-de-dna-confirma-que-amostras-de-semen-recolhidas-em-investigacao-contra-daniel-alves-sao-do-jogador-3.jpg\",\"articleSection\":[\"Not\u00edcias\",\"\u00daltimas\"],\"inLanguage\":\"pt-PT\",\"potentialAction\":[{\"@type\":\"CommentAction\",\"name\":\"Comment\",\"target\":[\"https:\/\/brasilnoticias.org\/site\/exame-de-dna-confirma-que-amostras-de-semen-recolhidas-em-investigacao-contra-daniel-alves-sao-do-jogador\/#respond\"]}]},{\"@type\":\"WebPage\",\"@id\":\"https:\/\/brasilnoticias.org\/site\/exame-de-dna-confirma-que-amostras-de-semen-recolhidas-em-investigacao-contra-daniel-alves-sao-do-jogador\/\",\"url\":\"https:\/\/brasilnoticias.org\/site\/exame-de-dna-confirma-que-amostras-de-semen-recolhidas-em-investigacao-contra-daniel-alves-sao-do-jogador\/\",\"name\":\"Exame de DNA confirma que amostras de s\u00eamen recolhidas em investiga\u00e7\u00e3o contra Daniel Alves s\u00e3o do jogador - Brasil not\u00edcias\",\"isPartOf\":{\"@id\":\"https:\/\/brasilnoticias.org\/site\/#website\"},\"primaryImageOfPage\":{\"@id\":\"https:\/\/brasilnoticias.org\/site\/exame-de-dna-confirma-que-amostras-de-semen-recolhidas-em-investigacao-contra-daniel-alves-sao-do-jogador\/#primaryimage\"},\"image\":{\"@id\":\"https:\/\/brasilnoticias.org\/site\/exame-de-dna-confirma-que-amostras-de-semen-recolhidas-em-investigacao-contra-daniel-alves-sao-do-jogador\/#primaryimage\"},\"thumbnailUrl\":\"https:\/\/brasilnoticias.org\/site\/wp-content\/uploads\/2023\/02\/133146exame-de-dna-confirma-que-amostras-de-semen-recolhidas-em-investigacao-contra-daniel-alves-sao-do-jogador-3.jpg\",\"datePublished\":\"2023-02-13T09:21:30+00:00\",\"breadcrumb\":{\"@id\":\"https:\/\/brasilnoticias.org\/site\/exame-de-dna-confirma-que-amostras-de-semen-recolhidas-em-investigacao-contra-daniel-alves-sao-do-jogador\/#breadcrumb\"},\"inLanguage\":\"pt-PT\",\"potentialAction\":[{\"@type\":\"ReadAction\",\"target\":[\"https:\/\/brasilnoticias.org\/site\/exame-de-dna-confirma-que-amostras-de-semen-recolhidas-em-investigacao-contra-daniel-alves-sao-do-jogador\/\"]}]},{\"@type\":\"ImageObject\",\"inLanguage\":\"pt-PT\",\"@id\":\"https:\/\/brasilnoticias.org\/site\/exame-de-dna-confirma-que-amostras-de-semen-recolhidas-em-investigacao-contra-daniel-alves-sao-do-jogador\/#primaryimage\",\"url\":\"https:\/\/brasilnoticias.org\/site\/wp-content\/uploads\/2023\/02\/133146exame-de-dna-confirma-que-amostras-de-semen-recolhidas-em-investigacao-contra-daniel-alves-sao-do-jogador-3.jpg\",\"contentUrl\":\"https:\/\/brasilnoticias.org\/site\/wp-content\/uploads\/2023\/02\/133146exame-de-dna-confirma-que-amostras-de-semen-recolhidas-em-investigacao-contra-daniel-alves-sao-do-jogador-3.jpg\",\"width\":1600,\"height\":752},{\"@type\":\"BreadcrumbList\",\"@id\":\"https:\/\/brasilnoticias.org\/site\/exame-de-dna-confirma-que-amostras-de-semen-recolhidas-em-investigacao-contra-daniel-alves-sao-do-jogador\/#breadcrumb\",\"itemListElement\":[{\"@type\":\"ListItem\",\"position\":1,\"name\":\"In\u00edcio\",\"item\":\"https:\/\/brasilnoticias.org\/site\/\"},{\"@type\":\"ListItem\",\"position\":2,\"name\":\"Exame de DNA confirma que amostras de s\u00eamen recolhidas em investiga\u00e7\u00e3o contra Daniel Alves s\u00e3o do jogador\"}]},{\"@type\":\"WebSite\",\"@id\":\"https:\/\/brasilnoticias.org\/site\/#website\",\"url\":\"https:\/\/brasilnoticias.org\/site\/\",\"name\":\"Brasil not\u00edcias\",\"description\":\"Brasil not\u00edcias\",\"publisher\":{\"@id\":\"https:\/\/brasilnoticias.org\/site\/#organization\"},\"potentialAction\":[{\"@type\":\"SearchAction\",\"target\":{\"@type\":\"EntryPoint\",\"urlTemplate\":\"https:\/\/brasilnoticias.org\/site\/?s={search_term_string}\"},\"query-input\":{\"@type\":\"PropertyValueSpecification\",\"valueRequired\":true,\"valueName\":\"search_term_string\"}}],\"inLanguage\":\"pt-PT\"},{\"@type\":\"Organization\",\"@id\":\"https:\/\/brasilnoticias.org\/site\/#organization\",\"name\":\"Brasil not\u00edcias\",\"url\":\"https:\/\/brasilnoticias.org\/site\/\",\"logo\":{\"@type\":\"ImageObject\",\"inLanguage\":\"pt-PT\",\"@id\":\"https:\/\/brasilnoticias.org\/site\/#\/schema\/logo\/image\/\",\"url\":\"https:\/\/brasilnoticias.org\/site\/wp-content\/uploads\/2022\/05\/cropped-brasilnoticias-mini.jpg\",\"contentUrl\":\"https:\/\/brasilnoticias.org\/site\/wp-content\/uploads\/2022\/05\/cropped-brasilnoticias-mini.jpg\",\"width\":314,\"height\":86,\"caption\":\"Brasil not\u00edcias\"},\"image\":{\"@id\":\"https:\/\/brasilnoticias.org\/site\/#\/schema\/logo\/image\/\"}},{\"@type\":\"Person\",\"@id\":\"https:\/\/brasilnoticias.org\/site\/#\/schema\/person\/a0e05b973ec4d15c658d51911e53507b\",\"name\":\"Reda\u00e7\u00e3o\",\"image\":{\"@type\":\"ImageObject\",\"inLanguage\":\"pt-PT\",\"@id\":\"https:\/\/brasilnoticias.org\/site\/#\/schema\/person\/image\/\",\"url\":\"https:\/\/secure.gravatar.com\/avatar\/75d8b050df2de108b08ae78dfb8e374892df24a383c67db9c46a9c604f6aee9c?s=96&d=mm&r=g\",\"contentUrl\":\"https:\/\/secure.gravatar.com\/avatar\/75d8b050df2de108b08ae78dfb8e374892df24a383c67db9c46a9c604f6aee9c?s=96&d=mm&r=g\",\"caption\":\"Reda\u00e7\u00e3o\"},\"sameAs\":[\"https:\/\/brasilnoticias.org\/site\"],\"url\":\"https:\/\/brasilnoticias.org\/site\/author\/fernandozsngmail-com\/\"}]}<\/script>\n<!-- \/ Yoast SEO plugin. -->","yoast_head_json":{"title":"Exame de DNA confirma que amostras de s\u00eamen recolhidas em investiga\u00e7\u00e3o contra Daniel Alves s\u00e3o do jogador - Brasil not\u00edcias","robots":{"index":"index","follow":"follow","max-snippet":"max-snippet:-1","max-image-preview":"max-image-preview:large","max-video-preview":"max-video-preview:-1"},"canonical":"https:\/\/brasilnoticias.org\/site\/exame-de-dna-confirma-que-amostras-de-semen-recolhidas-em-investigacao-contra-daniel-alves-sao-do-jogador\/","og_locale":"pt_PT","og_type":"article","og_title":"Exame de DNA confirma que amostras de s\u00eamen recolhidas em investiga\u00e7\u00e3o contra Daniel Alves s\u00e3o do jogador - Brasil not\u00edcias","og_description":"O exame de DNA confirmou que amostras de s\u00eamen recolhidas em investiga\u00e7\u00e3o contra Daniel Alves s\u00e3o do jogador baiano. O","og_url":"https:\/\/brasilnoticias.org\/site\/exame-de-dna-confirma-que-amostras-de-semen-recolhidas-em-investigacao-contra-daniel-alves-sao-do-jogador\/","og_site_name":"Brasil not\u00edcias","article_published_time":"2023-02-13T09:21:30+00:00","og_image":[{"width":1600,"height":752,"url":"https:\/\/brasilnoticias.org\/site\/wp-content\/uploads\/2023\/02\/133146exame-de-dna-confirma-que-amostras-de-semen-recolhidas-em-investigacao-contra-daniel-alves-sao-do-jogador-3.jpg","type":"image\/jpeg"}],"author":"Reda\u00e7\u00e3o","twitter_card":"summary_large_image","twitter_misc":{"Escrito por":"Reda\u00e7\u00e3o"},"schema":{"@context":"https:\/\/schema.org","@graph":[{"@type":"Article","@id":"https:\/\/brasilnoticias.org\/site\/exame-de-dna-confirma-que-amostras-de-semen-recolhidas-em-investigacao-contra-daniel-alves-sao-do-jogador\/#article","isPartOf":{"@id":"https:\/\/brasilnoticias.org\/site\/exame-de-dna-confirma-que-amostras-de-semen-recolhidas-em-investigacao-contra-daniel-alves-sao-do-jogador\/"},"author":{"name":"Reda\u00e7\u00e3o","@id":"https:\/\/brasilnoticias.org\/site\/#\/schema\/person\/a0e05b973ec4d15c658d51911e53507b"},"headline":"Exame de DNA confirma que amostras de s\u00eamen recolhidas em investiga\u00e7\u00e3o contra Daniel Alves s\u00e3o do jogador","datePublished":"2023-02-13T09:21:30+00:00","mainEntityOfPage":{"@id":"https:\/\/brasilnoticias.org\/site\/exame-de-dna-confirma-que-amostras-de-semen-recolhidas-em-investigacao-contra-daniel-alves-sao-do-jogador\/"},"wordCount":117,"commentCount":0,"publisher":{"@id":"https:\/\/brasilnoticias.org\/site\/#organization"},"image":{"@id":"https:\/\/brasilnoticias.org\/site\/exame-de-dna-confirma-que-amostras-de-semen-recolhidas-em-investigacao-contra-daniel-alves-sao-do-jogador\/#primaryimage"},"thumbnailUrl":"https:\/\/brasilnoticias.org\/site\/wp-content\/uploads\/2023\/02\/133146exame-de-dna-confirma-que-amostras-de-semen-recolhidas-em-investigacao-contra-daniel-alves-sao-do-jogador-3.jpg","articleSection":["Not\u00edcias","\u00daltimas"],"inLanguage":"pt-PT","potentialAction":[{"@type":"CommentAction","name":"Comment","target":["https:\/\/brasilnoticias.org\/site\/exame-de-dna-confirma-que-amostras-de-semen-recolhidas-em-investigacao-contra-daniel-alves-sao-do-jogador\/#respond"]}]},{"@type":"WebPage","@id":"https:\/\/brasilnoticias.org\/site\/exame-de-dna-confirma-que-amostras-de-semen-recolhidas-em-investigacao-contra-daniel-alves-sao-do-jogador\/","url":"https:\/\/brasilnoticias.org\/site\/exame-de-dna-confirma-que-amostras-de-semen-recolhidas-em-investigacao-contra-daniel-alves-sao-do-jogador\/","name":"Exame de DNA confirma que amostras de s\u00eamen recolhidas em investiga\u00e7\u00e3o contra Daniel Alves s\u00e3o do jogador - Brasil not\u00edcias","isPartOf":{"@id":"https:\/\/brasilnoticias.org\/site\/#website"},"primaryImageOfPage":{"@id":"https:\/\/brasilnoticias.org\/site\/exame-de-dna-confirma-que-amostras-de-semen-recolhidas-em-investigacao-contra-daniel-alves-sao-do-jogador\/#primaryimage"},"image":{"@id":"https:\/\/brasilnoticias.org\/site\/exame-de-dna-confirma-que-amostras-de-semen-recolhidas-em-investigacao-contra-daniel-alves-sao-do-jogador\/#primaryimage"},"thumbnailUrl":"https:\/\/brasilnoticias.org\/site\/wp-content\/uploads\/2023\/02\/133146exame-de-dna-confirma-que-amostras-de-semen-recolhidas-em-investigacao-contra-daniel-alves-sao-do-jogador-3.jpg","datePublished":"2023-02-13T09:21:30+00:00","breadcrumb":{"@id":"https:\/\/brasilnoticias.org\/site\/exame-de-dna-confirma-que-amostras-de-semen-recolhidas-em-investigacao-contra-daniel-alves-sao-do-jogador\/#breadcrumb"},"inLanguage":"pt-PT","potentialAction":[{"@type":"ReadAction","target":["https:\/\/brasilnoticias.org\/site\/exame-de-dna-confirma-que-amostras-de-semen-recolhidas-em-investigacao-contra-daniel-alves-sao-do-jogador\/"]}]},{"@type":"ImageObject","inLanguage":"pt-PT","@id":"https:\/\/brasilnoticias.org\/site\/exame-de-dna-confirma-que-amostras-de-semen-recolhidas-em-investigacao-contra-daniel-alves-sao-do-jogador\/#primaryimage","url":"https:\/\/brasilnoticias.org\/site\/wp-content\/uploads\/2023\/02\/133146exame-de-dna-confirma-que-amostras-de-semen-recolhidas-em-investigacao-contra-daniel-alves-sao-do-jogador-3.jpg","contentUrl":"https:\/\/brasilnoticias.org\/site\/wp-content\/uploads\/2023\/02\/133146exame-de-dna-confirma-que-amostras-de-semen-recolhidas-em-investigacao-contra-daniel-alves-sao-do-jogador-3.jpg","width":1600,"height":752},{"@type":"BreadcrumbList","@id":"https:\/\/brasilnoticias.org\/site\/exame-de-dna-confirma-que-amostras-de-semen-recolhidas-em-investigacao-contra-daniel-alves-sao-do-jogador\/#breadcrumb","itemListElement":[{"@type":"ListItem","position":1,"name":"In\u00edcio","item":"https:\/\/brasilnoticias.org\/site\/"},{"@type":"ListItem","position":2,"name":"Exame de DNA confirma que amostras de s\u00eamen recolhidas em investiga\u00e7\u00e3o contra Daniel Alves s\u00e3o do jogador"}]},{"@type":"WebSite","@id":"https:\/\/brasilnoticias.org\/site\/#website","url":"https:\/\/brasilnoticias.org\/site\/","name":"Brasil not\u00edcias","description":"Brasil not\u00edcias","publisher":{"@id":"https:\/\/brasilnoticias.org\/site\/#organization"},"potentialAction":[{"@type":"SearchAction","target":{"@type":"EntryPoint","urlTemplate":"https:\/\/brasilnoticias.org\/site\/?s={search_term_string}"},"query-input":{"@type":"PropertyValueSpecification","valueRequired":true,"valueName":"search_term_string"}}],"inLanguage":"pt-PT"},{"@type":"Organization","@id":"https:\/\/brasilnoticias.org\/site\/#organization","name":"Brasil not\u00edcias","url":"https:\/\/brasilnoticias.org\/site\/","logo":{"@type":"ImageObject","inLanguage":"pt-PT","@id":"https:\/\/brasilnoticias.org\/site\/#\/schema\/logo\/image\/","url":"https:\/\/brasilnoticias.org\/site\/wp-content\/uploads\/2022\/05\/cropped-brasilnoticias-mini.jpg","contentUrl":"https:\/\/brasilnoticias.org\/site\/wp-content\/uploads\/2022\/05\/cropped-brasilnoticias-mini.jpg","width":314,"height":86,"caption":"Brasil not\u00edcias"},"image":{"@id":"https:\/\/brasilnoticias.org\/site\/#\/schema\/logo\/image\/"}},{"@type":"Person","@id":"https:\/\/brasilnoticias.org\/site\/#\/schema\/person\/a0e05b973ec4d15c658d51911e53507b","name":"Reda\u00e7\u00e3o","image":{"@type":"ImageObject","inLanguage":"pt-PT","@id":"https:\/\/brasilnoticias.org\/site\/#\/schema\/person\/image\/","url":"https:\/\/secure.gravatar.com\/avatar\/75d8b050df2de108b08ae78dfb8e374892df24a383c67db9c46a9c604f6aee9c?s=96&d=mm&r=g","contentUrl":"https:\/\/secure.gravatar.com\/avatar\/75d8b050df2de108b08ae78dfb8e374892df24a383c67db9c46a9c604f6aee9c?s=96&d=mm&r=g","caption":"Reda\u00e7\u00e3o"},"sameAs":["https:\/\/brasilnoticias.org\/site"],"url":"https:\/\/brasilnoticias.org\/site\/author\/fernandozsngmail-com\/"}]}},"_links":{"self":[{"href":"https:\/\/brasilnoticias.org\/site\/wp-json\/wp\/v2\/posts\/3917","targetHints":{"allow":["GET"]}}],"collection":[{"href":"https:\/\/brasilnoticias.org\/site\/wp-json\/wp\/v2\/posts"}],"about":[{"href":"https:\/\/brasilnoticias.org\/site\/wp-json\/wp\/v2\/types\/post"}],"author":[{"embeddable":true,"href":"https:\/\/brasilnoticias.org\/site\/wp-json\/wp\/v2\/users\/1"}],"replies":[{"embeddable":true,"href":"https:\/\/brasilnoticias.org\/site\/wp-json\/wp\/v2\/comments?post=3917"}],"version-history":[{"count":1,"href":"https:\/\/brasilnoticias.org\/site\/wp-json\/wp\/v2\/posts\/3917\/revisions"}],"predecessor-version":[{"id":3919,"href":"https:\/\/brasilnoticias.org\/site\/wp-json\/wp\/v2\/posts\/3917\/revisions\/3919"}],"wp:featuredmedia":[{"embeddable":true,"href":"https:\/\/brasilnoticias.org\/site\/wp-json\/wp\/v2\/media\/3918"}],"wp:attachment":[{"href":"https:\/\/brasilnoticias.org\/site\/wp-json\/wp\/v2\/media?parent=3917"}],"wp:term":[{"taxonomy":"category","embeddable":true,"href":"https:\/\/brasilnoticias.org\/site\/wp-json\/wp\/v2\/categories?post=3917"},{"taxonomy":"post_tag","embeddable":true,"href":"https:\/\/brasilnoticias.org\/site\/wp-json\/wp\/v2\/tags?post=3917"}],"curies":[{"name":"wp","href":"https:\/\/api.w.org\/{rel}","templated":true}]}}