{"id":3929,"date":"2023-02-13T18:10:11","date_gmt":"2023-02-13T21:10:11","guid":{"rendered":"https:\/\/brasilnoticias.org\/site\/?p=3929"},"modified":"2023-02-13T12:57:45","modified_gmt":"2023-02-13T15:57:45","slug":"prefeitura-diz-ser-inevitavel-transferencia-do-carnaval-para-boca-do-rio-mas-nao-define-prazo","status":"publish","type":"post","link":"https:\/\/brasilnoticias.org\/site\/prefeitura-diz-ser-inevitavel-transferencia-do-carnaval-para-boca-do-rio-mas-nao-define-prazo\/","title":{"rendered":"Prefeitura diz ser &#8220;inevit\u00e1vel&#8221; transfer\u00eancia do Carnaval para Boca do Rio, mas n\u00e3o define prazo"},"content":{"rendered":"<p>Integrantes da prefeitura de Salvador avaliaram, reservadamente, ser &#8220;inevit\u00e1vel&#8221; a transfer\u00eancia do Carnaval da Barra para a Boca do Rio, mas evitaram falar de prazo para ocorrer a mudan\u00e7a.<\/p>\n<p>A avalia\u00e7\u00e3o, segundo disseram ao Metro1, \u00e9 de que a Barra n\u00e3o comporta mais a estrutura atual da festa momesca. A expectativa \u00e9 que o bairro concentre apenas desfiles de fanfarras, pequenos bloquinhos e charangas. Inclusive, espa\u00e7os onde hoje funcionam camarotes devem deixar de existir, como Othon Palace. O hotel foi comprado recentemente pela pol\u00eamica construtora pernambucana Moura Dubeux.<\/p>\n<p>Integrantes da prefeitura relataram que a mudan\u00e7a para a Boca do Rio s\u00f3 n\u00e3o ocorreu neste ano porque o debate aconteceu muito em cima da folia. Al\u00e9m disso, a discuss\u00e3o foi politizada por advers\u00e1rios. <\/p>\n<p>Os respons\u00e1veis pela festa tamb\u00e9m avaliam que a transfer\u00eancia n\u00e3o ir\u00e1 ocorrer no pr\u00f3ximo ano. Em 2024, haver\u00e1 elei\u00e7\u00f5es e o prefeito Bruno Reis (Uni\u00e3o) tentar\u00e1 a reelei\u00e7\u00e3o. Portanto, evitar\u00e1 entrar em pol\u00eamica<\/p>\n<p>Foto: Valter Pontes \/ Secom PMS<br \/>\nPor: Rodrigo Daniel Silva<\/p>\n","protected":false},"excerpt":{"rendered":"<p>Integrantes da prefeitura de Salvador avaliaram, reservadamente, ser &#8220;inevit\u00e1vel&#8221; a transfer\u00eancia do Carnaval da Barra para a Boca do Rio,<\/p>\n","protected":false},"author":1,"featured_media":3930,"comment_status":"open","ping_status":"open","sticky":false,"template":"","format":"standard","meta":{"colormag_page_container_layout":"default_layout","colormag_page_sidebar_layout":"default_layout","_FSMCFIC_featured_image_caption":"","_FSMCFIC_featured_image_nocaption":"","_FSMCFIC_featured_image_hide":"","footnotes":""},"categories":[2,1],"tags":[],"class_list":["post-3929","post","type-post","status-publish","format-standard","has-post-thumbnail","hentry","category-noticias","category-ultimas"],"yoast_head":"<!-- This site is optimized with the Yoast SEO plugin v27.1.1 - https:\/\/yoast.com\/product\/yoast-seo-wordpress\/ -->\n<title>Prefeitura diz ser &quot;inevit\u00e1vel&quot; transfer\u00eancia do Carnaval para Boca do Rio, mas n\u00e3o define prazo - Brasil not\u00edcias<\/title>\n<meta name=\"robots\" content=\"index, follow, max-snippet:-1, max-image-preview:large, max-video-preview:-1\" \/>\n<link rel=\"canonical\" href=\"https:\/\/brasilnoticias.org\/site\/prefeitura-diz-ser-inevitavel-transferencia-do-carnaval-para-boca-do-rio-mas-nao-define-prazo\/\" \/>\n<meta property=\"og:locale\" content=\"pt_PT\" \/>\n<meta property=\"og:type\" content=\"article\" \/>\n<meta property=\"og:title\" content=\"Prefeitura diz ser &quot;inevit\u00e1vel&quot; transfer\u00eancia do Carnaval para Boca do Rio, mas n\u00e3o define prazo - Brasil not\u00edcias\" \/>\n<meta property=\"og:description\" content=\"Integrantes da prefeitura de Salvador avaliaram, reservadamente, ser &#8220;inevit\u00e1vel&#8221; a transfer\u00eancia do Carnaval da Barra para a Boca do Rio,\" \/>\n<meta property=\"og:url\" content=\"https:\/\/brasilnoticias.org\/site\/prefeitura-diz-ser-inevitavel-transferencia-do-carnaval-para-boca-do-rio-mas-nao-define-prazo\/\" \/>\n<meta property=\"og:site_name\" content=\"Brasil not\u00edcias\" \/>\n<meta property=\"article:published_time\" content=\"2023-02-13T21:10:11+00:00\" \/>\n<meta property=\"og:image\" content=\"https:\/\/brasilnoticias.org\/site\/wp-content\/uploads\/2023\/02\/133178prefeitura-diz-ser-inevitavel-transferencia-do-carnaval-para-boca-do-rio-mas-nao-define-prazo-3.jpg\" \/>\n\t<meta property=\"og:image:width\" content=\"1600\" \/>\n\t<meta property=\"og:image:height\" content=\"752\" \/>\n\t<meta property=\"og:image:type\" content=\"image\/jpeg\" \/>\n<meta name=\"author\" content=\"Reda\u00e7\u00e3o\" \/>\n<meta name=\"twitter:card\" content=\"summary_large_image\" \/>\n<meta name=\"twitter:label1\" content=\"Escrito por\" \/>\n\t<meta name=\"twitter:data1\" content=\"Reda\u00e7\u00e3o\" \/>\n\t<meta name=\"twitter:label2\" content=\"Tempo estimado de leitura\" \/>\n\t<meta name=\"twitter:data2\" content=\"1 minuto\" \/>\n<script type=\"application\/ld+json\" class=\"yoast-schema-graph\">{\"@context\":\"https:\/\/schema.org\",\"@graph\":[{\"@type\":\"Article\",\"@id\":\"https:\/\/brasilnoticias.org\/site\/prefeitura-diz-ser-inevitavel-transferencia-do-carnaval-para-boca-do-rio-mas-nao-define-prazo\/#article\",\"isPartOf\":{\"@id\":\"https:\/\/brasilnoticias.org\/site\/prefeitura-diz-ser-inevitavel-transferencia-do-carnaval-para-boca-do-rio-mas-nao-define-prazo\/\"},\"author\":{\"name\":\"Reda\u00e7\u00e3o\",\"@id\":\"https:\/\/brasilnoticias.org\/site\/#\/schema\/person\/a0e05b973ec4d15c658d51911e53507b\"},\"headline\":\"Prefeitura diz ser &#8220;inevit\u00e1vel&#8221; transfer\u00eancia do Carnaval para Boca do Rio, mas n\u00e3o define prazo\",\"datePublished\":\"2023-02-13T21:10:11+00:00\",\"mainEntityOfPage\":{\"@id\":\"https:\/\/brasilnoticias.org\/site\/prefeitura-diz-ser-inevitavel-transferencia-do-carnaval-para-boca-do-rio-mas-nao-define-prazo\/\"},\"wordCount\":200,\"commentCount\":0,\"publisher\":{\"@id\":\"https:\/\/brasilnoticias.org\/site\/#organization\"},\"image\":{\"@id\":\"https:\/\/brasilnoticias.org\/site\/prefeitura-diz-ser-inevitavel-transferencia-do-carnaval-para-boca-do-rio-mas-nao-define-prazo\/#primaryimage\"},\"thumbnailUrl\":\"https:\/\/brasilnoticias.org\/site\/wp-content\/uploads\/2023\/02\/133178prefeitura-diz-ser-inevitavel-transferencia-do-carnaval-para-boca-do-rio-mas-nao-define-prazo-3.jpg\",\"articleSection\":[\"Not\u00edcias\",\"\u00daltimas\"],\"inLanguage\":\"pt-PT\",\"potentialAction\":[{\"@type\":\"CommentAction\",\"name\":\"Comment\",\"target\":[\"https:\/\/brasilnoticias.org\/site\/prefeitura-diz-ser-inevitavel-transferencia-do-carnaval-para-boca-do-rio-mas-nao-define-prazo\/#respond\"]}]},{\"@type\":\"WebPage\",\"@id\":\"https:\/\/brasilnoticias.org\/site\/prefeitura-diz-ser-inevitavel-transferencia-do-carnaval-para-boca-do-rio-mas-nao-define-prazo\/\",\"url\":\"https:\/\/brasilnoticias.org\/site\/prefeitura-diz-ser-inevitavel-transferencia-do-carnaval-para-boca-do-rio-mas-nao-define-prazo\/\",\"name\":\"Prefeitura diz ser \\\"inevit\u00e1vel\\\" transfer\u00eancia do Carnaval para Boca do Rio, mas n\u00e3o define prazo - Brasil not\u00edcias\",\"isPartOf\":{\"@id\":\"https:\/\/brasilnoticias.org\/site\/#website\"},\"primaryImageOfPage\":{\"@id\":\"https:\/\/brasilnoticias.org\/site\/prefeitura-diz-ser-inevitavel-transferencia-do-carnaval-para-boca-do-rio-mas-nao-define-prazo\/#primaryimage\"},\"image\":{\"@id\":\"https:\/\/brasilnoticias.org\/site\/prefeitura-diz-ser-inevitavel-transferencia-do-carnaval-para-boca-do-rio-mas-nao-define-prazo\/#primaryimage\"},\"thumbnailUrl\":\"https:\/\/brasilnoticias.org\/site\/wp-content\/uploads\/2023\/02\/133178prefeitura-diz-ser-inevitavel-transferencia-do-carnaval-para-boca-do-rio-mas-nao-define-prazo-3.jpg\",\"datePublished\":\"2023-02-13T21:10:11+00:00\",\"breadcrumb\":{\"@id\":\"https:\/\/brasilnoticias.org\/site\/prefeitura-diz-ser-inevitavel-transferencia-do-carnaval-para-boca-do-rio-mas-nao-define-prazo\/#breadcrumb\"},\"inLanguage\":\"pt-PT\",\"potentialAction\":[{\"@type\":\"ReadAction\",\"target\":[\"https:\/\/brasilnoticias.org\/site\/prefeitura-diz-ser-inevitavel-transferencia-do-carnaval-para-boca-do-rio-mas-nao-define-prazo\/\"]}]},{\"@type\":\"ImageObject\",\"inLanguage\":\"pt-PT\",\"@id\":\"https:\/\/brasilnoticias.org\/site\/prefeitura-diz-ser-inevitavel-transferencia-do-carnaval-para-boca-do-rio-mas-nao-define-prazo\/#primaryimage\",\"url\":\"https:\/\/brasilnoticias.org\/site\/wp-content\/uploads\/2023\/02\/133178prefeitura-diz-ser-inevitavel-transferencia-do-carnaval-para-boca-do-rio-mas-nao-define-prazo-3.jpg\",\"contentUrl\":\"https:\/\/brasilnoticias.org\/site\/wp-content\/uploads\/2023\/02\/133178prefeitura-diz-ser-inevitavel-transferencia-do-carnaval-para-boca-do-rio-mas-nao-define-prazo-3.jpg\",\"width\":1600,\"height\":752},{\"@type\":\"BreadcrumbList\",\"@id\":\"https:\/\/brasilnoticias.org\/site\/prefeitura-diz-ser-inevitavel-transferencia-do-carnaval-para-boca-do-rio-mas-nao-define-prazo\/#breadcrumb\",\"itemListElement\":[{\"@type\":\"ListItem\",\"position\":1,\"name\":\"In\u00edcio\",\"item\":\"https:\/\/brasilnoticias.org\/site\/\"},{\"@type\":\"ListItem\",\"position\":2,\"name\":\"Prefeitura diz ser &#8220;inevit\u00e1vel&#8221; transfer\u00eancia do Carnaval para Boca do Rio, mas n\u00e3o define prazo\"}]},{\"@type\":\"WebSite\",\"@id\":\"https:\/\/brasilnoticias.org\/site\/#website\",\"url\":\"https:\/\/brasilnoticias.org\/site\/\",\"name\":\"Brasil not\u00edcias\",\"description\":\"Brasil not\u00edcias\",\"publisher\":{\"@id\":\"https:\/\/brasilnoticias.org\/site\/#organization\"},\"potentialAction\":[{\"@type\":\"SearchAction\",\"target\":{\"@type\":\"EntryPoint\",\"urlTemplate\":\"https:\/\/brasilnoticias.org\/site\/?s={search_term_string}\"},\"query-input\":{\"@type\":\"PropertyValueSpecification\",\"valueRequired\":true,\"valueName\":\"search_term_string\"}}],\"inLanguage\":\"pt-PT\"},{\"@type\":\"Organization\",\"@id\":\"https:\/\/brasilnoticias.org\/site\/#organization\",\"name\":\"Brasil not\u00edcias\",\"url\":\"https:\/\/brasilnoticias.org\/site\/\",\"logo\":{\"@type\":\"ImageObject\",\"inLanguage\":\"pt-PT\",\"@id\":\"https:\/\/brasilnoticias.org\/site\/#\/schema\/logo\/image\/\",\"url\":\"https:\/\/brasilnoticias.org\/site\/wp-content\/uploads\/2022\/05\/cropped-brasilnoticias-mini.jpg\",\"contentUrl\":\"https:\/\/brasilnoticias.org\/site\/wp-content\/uploads\/2022\/05\/cropped-brasilnoticias-mini.jpg\",\"width\":314,\"height\":86,\"caption\":\"Brasil not\u00edcias\"},\"image\":{\"@id\":\"https:\/\/brasilnoticias.org\/site\/#\/schema\/logo\/image\/\"}},{\"@type\":\"Person\",\"@id\":\"https:\/\/brasilnoticias.org\/site\/#\/schema\/person\/a0e05b973ec4d15c658d51911e53507b\",\"name\":\"Reda\u00e7\u00e3o\",\"image\":{\"@type\":\"ImageObject\",\"inLanguage\":\"pt-PT\",\"@id\":\"https:\/\/brasilnoticias.org\/site\/#\/schema\/person\/image\/\",\"url\":\"https:\/\/secure.gravatar.com\/avatar\/75d8b050df2de108b08ae78dfb8e374892df24a383c67db9c46a9c604f6aee9c?s=96&d=mm&r=g\",\"contentUrl\":\"https:\/\/secure.gravatar.com\/avatar\/75d8b050df2de108b08ae78dfb8e374892df24a383c67db9c46a9c604f6aee9c?s=96&d=mm&r=g\",\"caption\":\"Reda\u00e7\u00e3o\"},\"sameAs\":[\"https:\/\/brasilnoticias.org\/site\"],\"url\":\"https:\/\/brasilnoticias.org\/site\/author\/fernandozsngmail-com\/\"}]}<\/script>\n<!-- \/ Yoast SEO plugin. -->","yoast_head_json":{"title":"Prefeitura diz ser \"inevit\u00e1vel\" transfer\u00eancia do Carnaval para Boca do Rio, mas n\u00e3o define prazo - Brasil not\u00edcias","robots":{"index":"index","follow":"follow","max-snippet":"max-snippet:-1","max-image-preview":"max-image-preview:large","max-video-preview":"max-video-preview:-1"},"canonical":"https:\/\/brasilnoticias.org\/site\/prefeitura-diz-ser-inevitavel-transferencia-do-carnaval-para-boca-do-rio-mas-nao-define-prazo\/","og_locale":"pt_PT","og_type":"article","og_title":"Prefeitura diz ser \"inevit\u00e1vel\" transfer\u00eancia do Carnaval para Boca do Rio, mas n\u00e3o define prazo - Brasil not\u00edcias","og_description":"Integrantes da prefeitura de Salvador avaliaram, reservadamente, ser &#8220;inevit\u00e1vel&#8221; a transfer\u00eancia do Carnaval da Barra para a Boca do Rio,","og_url":"https:\/\/brasilnoticias.org\/site\/prefeitura-diz-ser-inevitavel-transferencia-do-carnaval-para-boca-do-rio-mas-nao-define-prazo\/","og_site_name":"Brasil not\u00edcias","article_published_time":"2023-02-13T21:10:11+00:00","og_image":[{"width":1600,"height":752,"url":"https:\/\/brasilnoticias.org\/site\/wp-content\/uploads\/2023\/02\/133178prefeitura-diz-ser-inevitavel-transferencia-do-carnaval-para-boca-do-rio-mas-nao-define-prazo-3.jpg","type":"image\/jpeg"}],"author":"Reda\u00e7\u00e3o","twitter_card":"summary_large_image","twitter_misc":{"Escrito por":"Reda\u00e7\u00e3o","Tempo estimado de leitura":"1 minuto"},"schema":{"@context":"https:\/\/schema.org","@graph":[{"@type":"Article","@id":"https:\/\/brasilnoticias.org\/site\/prefeitura-diz-ser-inevitavel-transferencia-do-carnaval-para-boca-do-rio-mas-nao-define-prazo\/#article","isPartOf":{"@id":"https:\/\/brasilnoticias.org\/site\/prefeitura-diz-ser-inevitavel-transferencia-do-carnaval-para-boca-do-rio-mas-nao-define-prazo\/"},"author":{"name":"Reda\u00e7\u00e3o","@id":"https:\/\/brasilnoticias.org\/site\/#\/schema\/person\/a0e05b973ec4d15c658d51911e53507b"},"headline":"Prefeitura diz ser &#8220;inevit\u00e1vel&#8221; transfer\u00eancia do Carnaval para Boca do Rio, mas n\u00e3o define prazo","datePublished":"2023-02-13T21:10:11+00:00","mainEntityOfPage":{"@id":"https:\/\/brasilnoticias.org\/site\/prefeitura-diz-ser-inevitavel-transferencia-do-carnaval-para-boca-do-rio-mas-nao-define-prazo\/"},"wordCount":200,"commentCount":0,"publisher":{"@id":"https:\/\/brasilnoticias.org\/site\/#organization"},"image":{"@id":"https:\/\/brasilnoticias.org\/site\/prefeitura-diz-ser-inevitavel-transferencia-do-carnaval-para-boca-do-rio-mas-nao-define-prazo\/#primaryimage"},"thumbnailUrl":"https:\/\/brasilnoticias.org\/site\/wp-content\/uploads\/2023\/02\/133178prefeitura-diz-ser-inevitavel-transferencia-do-carnaval-para-boca-do-rio-mas-nao-define-prazo-3.jpg","articleSection":["Not\u00edcias","\u00daltimas"],"inLanguage":"pt-PT","potentialAction":[{"@type":"CommentAction","name":"Comment","target":["https:\/\/brasilnoticias.org\/site\/prefeitura-diz-ser-inevitavel-transferencia-do-carnaval-para-boca-do-rio-mas-nao-define-prazo\/#respond"]}]},{"@type":"WebPage","@id":"https:\/\/brasilnoticias.org\/site\/prefeitura-diz-ser-inevitavel-transferencia-do-carnaval-para-boca-do-rio-mas-nao-define-prazo\/","url":"https:\/\/brasilnoticias.org\/site\/prefeitura-diz-ser-inevitavel-transferencia-do-carnaval-para-boca-do-rio-mas-nao-define-prazo\/","name":"Prefeitura diz ser \"inevit\u00e1vel\" transfer\u00eancia do Carnaval para Boca do Rio, mas n\u00e3o define prazo - Brasil not\u00edcias","isPartOf":{"@id":"https:\/\/brasilnoticias.org\/site\/#website"},"primaryImageOfPage":{"@id":"https:\/\/brasilnoticias.org\/site\/prefeitura-diz-ser-inevitavel-transferencia-do-carnaval-para-boca-do-rio-mas-nao-define-prazo\/#primaryimage"},"image":{"@id":"https:\/\/brasilnoticias.org\/site\/prefeitura-diz-ser-inevitavel-transferencia-do-carnaval-para-boca-do-rio-mas-nao-define-prazo\/#primaryimage"},"thumbnailUrl":"https:\/\/brasilnoticias.org\/site\/wp-content\/uploads\/2023\/02\/133178prefeitura-diz-ser-inevitavel-transferencia-do-carnaval-para-boca-do-rio-mas-nao-define-prazo-3.jpg","datePublished":"2023-02-13T21:10:11+00:00","breadcrumb":{"@id":"https:\/\/brasilnoticias.org\/site\/prefeitura-diz-ser-inevitavel-transferencia-do-carnaval-para-boca-do-rio-mas-nao-define-prazo\/#breadcrumb"},"inLanguage":"pt-PT","potentialAction":[{"@type":"ReadAction","target":["https:\/\/brasilnoticias.org\/site\/prefeitura-diz-ser-inevitavel-transferencia-do-carnaval-para-boca-do-rio-mas-nao-define-prazo\/"]}]},{"@type":"ImageObject","inLanguage":"pt-PT","@id":"https:\/\/brasilnoticias.org\/site\/prefeitura-diz-ser-inevitavel-transferencia-do-carnaval-para-boca-do-rio-mas-nao-define-prazo\/#primaryimage","url":"https:\/\/brasilnoticias.org\/site\/wp-content\/uploads\/2023\/02\/133178prefeitura-diz-ser-inevitavel-transferencia-do-carnaval-para-boca-do-rio-mas-nao-define-prazo-3.jpg","contentUrl":"https:\/\/brasilnoticias.org\/site\/wp-content\/uploads\/2023\/02\/133178prefeitura-diz-ser-inevitavel-transferencia-do-carnaval-para-boca-do-rio-mas-nao-define-prazo-3.jpg","width":1600,"height":752},{"@type":"BreadcrumbList","@id":"https:\/\/brasilnoticias.org\/site\/prefeitura-diz-ser-inevitavel-transferencia-do-carnaval-para-boca-do-rio-mas-nao-define-prazo\/#breadcrumb","itemListElement":[{"@type":"ListItem","position":1,"name":"In\u00edcio","item":"https:\/\/brasilnoticias.org\/site\/"},{"@type":"ListItem","position":2,"name":"Prefeitura diz ser &#8220;inevit\u00e1vel&#8221; transfer\u00eancia do Carnaval para Boca do Rio, mas n\u00e3o define prazo"}]},{"@type":"WebSite","@id":"https:\/\/brasilnoticias.org\/site\/#website","url":"https:\/\/brasilnoticias.org\/site\/","name":"Brasil not\u00edcias","description":"Brasil not\u00edcias","publisher":{"@id":"https:\/\/brasilnoticias.org\/site\/#organization"},"potentialAction":[{"@type":"SearchAction","target":{"@type":"EntryPoint","urlTemplate":"https:\/\/brasilnoticias.org\/site\/?s={search_term_string}"},"query-input":{"@type":"PropertyValueSpecification","valueRequired":true,"valueName":"search_term_string"}}],"inLanguage":"pt-PT"},{"@type":"Organization","@id":"https:\/\/brasilnoticias.org\/site\/#organization","name":"Brasil not\u00edcias","url":"https:\/\/brasilnoticias.org\/site\/","logo":{"@type":"ImageObject","inLanguage":"pt-PT","@id":"https:\/\/brasilnoticias.org\/site\/#\/schema\/logo\/image\/","url":"https:\/\/brasilnoticias.org\/site\/wp-content\/uploads\/2022\/05\/cropped-brasilnoticias-mini.jpg","contentUrl":"https:\/\/brasilnoticias.org\/site\/wp-content\/uploads\/2022\/05\/cropped-brasilnoticias-mini.jpg","width":314,"height":86,"caption":"Brasil not\u00edcias"},"image":{"@id":"https:\/\/brasilnoticias.org\/site\/#\/schema\/logo\/image\/"}},{"@type":"Person","@id":"https:\/\/brasilnoticias.org\/site\/#\/schema\/person\/a0e05b973ec4d15c658d51911e53507b","name":"Reda\u00e7\u00e3o","image":{"@type":"ImageObject","inLanguage":"pt-PT","@id":"https:\/\/brasilnoticias.org\/site\/#\/schema\/person\/image\/","url":"https:\/\/secure.gravatar.com\/avatar\/75d8b050df2de108b08ae78dfb8e374892df24a383c67db9c46a9c604f6aee9c?s=96&d=mm&r=g","contentUrl":"https:\/\/secure.gravatar.com\/avatar\/75d8b050df2de108b08ae78dfb8e374892df24a383c67db9c46a9c604f6aee9c?s=96&d=mm&r=g","caption":"Reda\u00e7\u00e3o"},"sameAs":["https:\/\/brasilnoticias.org\/site"],"url":"https:\/\/brasilnoticias.org\/site\/author\/fernandozsngmail-com\/"}]}},"_links":{"self":[{"href":"https:\/\/brasilnoticias.org\/site\/wp-json\/wp\/v2\/posts\/3929","targetHints":{"allow":["GET"]}}],"collection":[{"href":"https:\/\/brasilnoticias.org\/site\/wp-json\/wp\/v2\/posts"}],"about":[{"href":"https:\/\/brasilnoticias.org\/site\/wp-json\/wp\/v2\/types\/post"}],"author":[{"embeddable":true,"href":"https:\/\/brasilnoticias.org\/site\/wp-json\/wp\/v2\/users\/1"}],"replies":[{"embeddable":true,"href":"https:\/\/brasilnoticias.org\/site\/wp-json\/wp\/v2\/comments?post=3929"}],"version-history":[{"count":1,"href":"https:\/\/brasilnoticias.org\/site\/wp-json\/wp\/v2\/posts\/3929\/revisions"}],"predecessor-version":[{"id":3931,"href":"https:\/\/brasilnoticias.org\/site\/wp-json\/wp\/v2\/posts\/3929\/revisions\/3931"}],"wp:featuredmedia":[{"embeddable":true,"href":"https:\/\/brasilnoticias.org\/site\/wp-json\/wp\/v2\/media\/3930"}],"wp:attachment":[{"href":"https:\/\/brasilnoticias.org\/site\/wp-json\/wp\/v2\/media?parent=3929"}],"wp:term":[{"taxonomy":"category","embeddable":true,"href":"https:\/\/brasilnoticias.org\/site\/wp-json\/wp\/v2\/categories?post=3929"},{"taxonomy":"post_tag","embeddable":true,"href":"https:\/\/brasilnoticias.org\/site\/wp-json\/wp\/v2\/tags?post=3929"}],"curies":[{"name":"wp","href":"https:\/\/api.w.org\/{rel}","templated":true}]}}