{"id":3932,"date":"2023-02-13T18:20:55","date_gmt":"2023-02-13T21:20:55","guid":{"rendered":"https:\/\/brasilnoticias.org\/site\/?p=3932"},"modified":"2023-02-13T12:59:26","modified_gmt":"2023-02-13T15:59:26","slug":"apos-polemica-com-ambulantes-bruno-reis-promete-novos-criterios-para-cadastro-do-carnaval-de-2024","status":"publish","type":"post","link":"https:\/\/brasilnoticias.org\/site\/apos-polemica-com-ambulantes-bruno-reis-promete-novos-criterios-para-cadastro-do-carnaval-de-2024\/","title":{"rendered":"Ap\u00f3s pol\u00eamica com ambulantes, Bruno Reis promete novos crit\u00e9rios para cadastro do Carnaval de 2024"},"content":{"rendered":"<p>Ap\u00f3s a pol\u00eamica envolvendo o cadastramento dos ambulantes para as festas de ver\u00e3o, o prefeito de Salvador, Bruno Reis (Uni\u00e3o), prometeu adotar novos crit\u00e9rios para o processo de credenciamento do Carnaval de 2024. De acordo com o gestor, a inten\u00e7\u00e3o \u00e9 que as novas medidas sejam validadas pelo Minist\u00e9rio P\u00fablico e possam dar tratamento adequado aos ambulantes no momento do credenciamento. <\/p>\n<p>O prefeito reiterou ainda que o n\u00famero de vagas para ambulantes foi o mesmo do \u00faltimo Carnaval, em 2020, e que n\u00e3o tinha mais como ampliar. \u201cA gente est\u00e1 vivendo uma grave crise social, mas n\u00f3s n\u00e3o temos espa\u00e7o. Meu trabalho como prefeito \u00e9 saber conciliar o foli\u00e3o que precisa de espa\u00e7o com todos os atores que trabalham na festa, seguran\u00e7a e tamb\u00e9m os ambulantes, que querem e precisam dessa renda\u201d, disse ao Metro1.<\/p>\n<p>Em janeiro, ambulantes come\u00e7aram a acampar na frente da Secretaria Municipal de Ordem P\u00fablica (Semop), no bairro de Jardim Santo In\u00e1cio, na tentativa de conseguir fazer o credenciamento para as festas de ver\u00e3o de Salvador. Desde 2017, esse processo \u00e9 feito de forma online, mas os ambulantes alegam dificuldades para acessar o sistema.<\/p>\n<p>Na \u00faltima semana, ambulantes chegaram a denunciar que foram atacados com explosivos enquanto acampavam em frente \u00e0 secretaria. <\/p>\n<p>Foto: Secom\/PMS<br \/>\nPor: Mariana Bamberg<\/p>\n","protected":false},"excerpt":{"rendered":"<p>Ap\u00f3s a pol\u00eamica envolvendo o cadastramento dos ambulantes para as festas de ver\u00e3o, o prefeito de Salvador, Bruno Reis (Uni\u00e3o),<\/p>\n","protected":false},"author":1,"featured_media":3933,"comment_status":"open","ping_status":"open","sticky":false,"template":"","format":"standard","meta":{"colormag_page_container_layout":"default_layout","colormag_page_sidebar_layout":"default_layout","_FSMCFIC_featured_image_caption":"","_FSMCFIC_featured_image_nocaption":"","_FSMCFIC_featured_image_hide":"","footnotes":""},"categories":[5,1],"tags":[],"class_list":["post-3932","post","type-post","status-publish","format-standard","has-post-thumbnail","hentry","category-politica","category-ultimas"],"yoast_head":"<!-- This site is optimized with the Yoast SEO plugin v27.1.1 - https:\/\/yoast.com\/product\/yoast-seo-wordpress\/ -->\n<title>Ap\u00f3s pol\u00eamica com ambulantes, Bruno Reis promete novos crit\u00e9rios para cadastro do Carnaval de 2024 - Brasil not\u00edcias<\/title>\n<meta name=\"robots\" content=\"index, follow, max-snippet:-1, max-image-preview:large, max-video-preview:-1\" \/>\n<link rel=\"canonical\" href=\"https:\/\/brasilnoticias.org\/site\/apos-polemica-com-ambulantes-bruno-reis-promete-novos-criterios-para-cadastro-do-carnaval-de-2024\/\" \/>\n<meta property=\"og:locale\" content=\"pt_PT\" \/>\n<meta property=\"og:type\" content=\"article\" \/>\n<meta property=\"og:title\" content=\"Ap\u00f3s pol\u00eamica com ambulantes, Bruno Reis promete novos crit\u00e9rios para cadastro do Carnaval de 2024 - Brasil not\u00edcias\" \/>\n<meta property=\"og:description\" content=\"Ap\u00f3s a pol\u00eamica envolvendo o cadastramento dos ambulantes para as festas de ver\u00e3o, o prefeito de Salvador, Bruno Reis (Uni\u00e3o),\" \/>\n<meta property=\"og:url\" content=\"https:\/\/brasilnoticias.org\/site\/apos-polemica-com-ambulantes-bruno-reis-promete-novos-criterios-para-cadastro-do-carnaval-de-2024\/\" \/>\n<meta property=\"og:site_name\" content=\"Brasil not\u00edcias\" \/>\n<meta property=\"article:published_time\" content=\"2023-02-13T21:20:55+00:00\" \/>\n<meta property=\"og:image\" content=\"https:\/\/brasilnoticias.org\/site\/wp-content\/uploads\/2023\/02\/133184apos-polemica-com-ambulantes-bruno-reis-promete-novos-criterios-para-cadastro-do-carnaval-de-2024-3.jpg\" \/>\n\t<meta property=\"og:image:width\" content=\"1600\" \/>\n\t<meta property=\"og:image:height\" content=\"752\" \/>\n\t<meta property=\"og:image:type\" content=\"image\/jpeg\" \/>\n<meta name=\"author\" content=\"Reda\u00e7\u00e3o\" \/>\n<meta name=\"twitter:card\" content=\"summary_large_image\" \/>\n<meta name=\"twitter:label1\" content=\"Escrito por\" \/>\n\t<meta name=\"twitter:data1\" content=\"Reda\u00e7\u00e3o\" \/>\n\t<meta name=\"twitter:label2\" content=\"Tempo estimado de leitura\" \/>\n\t<meta name=\"twitter:data2\" content=\"1 minuto\" \/>\n<script type=\"application\/ld+json\" class=\"yoast-schema-graph\">{\"@context\":\"https:\/\/schema.org\",\"@graph\":[{\"@type\":\"Article\",\"@id\":\"https:\/\/brasilnoticias.org\/site\/apos-polemica-com-ambulantes-bruno-reis-promete-novos-criterios-para-cadastro-do-carnaval-de-2024\/#article\",\"isPartOf\":{\"@id\":\"https:\/\/brasilnoticias.org\/site\/apos-polemica-com-ambulantes-bruno-reis-promete-novos-criterios-para-cadastro-do-carnaval-de-2024\/\"},\"author\":{\"name\":\"Reda\u00e7\u00e3o\",\"@id\":\"https:\/\/brasilnoticias.org\/site\/#\/schema\/person\/a0e05b973ec4d15c658d51911e53507b\"},\"headline\":\"Ap\u00f3s pol\u00eamica com ambulantes, Bruno Reis promete novos crit\u00e9rios para cadastro do Carnaval de 2024\",\"datePublished\":\"2023-02-13T21:20:55+00:00\",\"mainEntityOfPage\":{\"@id\":\"https:\/\/brasilnoticias.org\/site\/apos-polemica-com-ambulantes-bruno-reis-promete-novos-criterios-para-cadastro-do-carnaval-de-2024\/\"},\"wordCount\":243,\"commentCount\":0,\"publisher\":{\"@id\":\"https:\/\/brasilnoticias.org\/site\/#organization\"},\"image\":{\"@id\":\"https:\/\/brasilnoticias.org\/site\/apos-polemica-com-ambulantes-bruno-reis-promete-novos-criterios-para-cadastro-do-carnaval-de-2024\/#primaryimage\"},\"thumbnailUrl\":\"https:\/\/brasilnoticias.org\/site\/wp-content\/uploads\/2023\/02\/133184apos-polemica-com-ambulantes-bruno-reis-promete-novos-criterios-para-cadastro-do-carnaval-de-2024-3.jpg\",\"articleSection\":[\"Pol\u00edtica\",\"\u00daltimas\"],\"inLanguage\":\"pt-PT\",\"potentialAction\":[{\"@type\":\"CommentAction\",\"name\":\"Comment\",\"target\":[\"https:\/\/brasilnoticias.org\/site\/apos-polemica-com-ambulantes-bruno-reis-promete-novos-criterios-para-cadastro-do-carnaval-de-2024\/#respond\"]}]},{\"@type\":\"WebPage\",\"@id\":\"https:\/\/brasilnoticias.org\/site\/apos-polemica-com-ambulantes-bruno-reis-promete-novos-criterios-para-cadastro-do-carnaval-de-2024\/\",\"url\":\"https:\/\/brasilnoticias.org\/site\/apos-polemica-com-ambulantes-bruno-reis-promete-novos-criterios-para-cadastro-do-carnaval-de-2024\/\",\"name\":\"Ap\u00f3s pol\u00eamica com ambulantes, Bruno Reis promete novos crit\u00e9rios para cadastro do Carnaval de 2024 - Brasil not\u00edcias\",\"isPartOf\":{\"@id\":\"https:\/\/brasilnoticias.org\/site\/#website\"},\"primaryImageOfPage\":{\"@id\":\"https:\/\/brasilnoticias.org\/site\/apos-polemica-com-ambulantes-bruno-reis-promete-novos-criterios-para-cadastro-do-carnaval-de-2024\/#primaryimage\"},\"image\":{\"@id\":\"https:\/\/brasilnoticias.org\/site\/apos-polemica-com-ambulantes-bruno-reis-promete-novos-criterios-para-cadastro-do-carnaval-de-2024\/#primaryimage\"},\"thumbnailUrl\":\"https:\/\/brasilnoticias.org\/site\/wp-content\/uploads\/2023\/02\/133184apos-polemica-com-ambulantes-bruno-reis-promete-novos-criterios-para-cadastro-do-carnaval-de-2024-3.jpg\",\"datePublished\":\"2023-02-13T21:20:55+00:00\",\"breadcrumb\":{\"@id\":\"https:\/\/brasilnoticias.org\/site\/apos-polemica-com-ambulantes-bruno-reis-promete-novos-criterios-para-cadastro-do-carnaval-de-2024\/#breadcrumb\"},\"inLanguage\":\"pt-PT\",\"potentialAction\":[{\"@type\":\"ReadAction\",\"target\":[\"https:\/\/brasilnoticias.org\/site\/apos-polemica-com-ambulantes-bruno-reis-promete-novos-criterios-para-cadastro-do-carnaval-de-2024\/\"]}]},{\"@type\":\"ImageObject\",\"inLanguage\":\"pt-PT\",\"@id\":\"https:\/\/brasilnoticias.org\/site\/apos-polemica-com-ambulantes-bruno-reis-promete-novos-criterios-para-cadastro-do-carnaval-de-2024\/#primaryimage\",\"url\":\"https:\/\/brasilnoticias.org\/site\/wp-content\/uploads\/2023\/02\/133184apos-polemica-com-ambulantes-bruno-reis-promete-novos-criterios-para-cadastro-do-carnaval-de-2024-3.jpg\",\"contentUrl\":\"https:\/\/brasilnoticias.org\/site\/wp-content\/uploads\/2023\/02\/133184apos-polemica-com-ambulantes-bruno-reis-promete-novos-criterios-para-cadastro-do-carnaval-de-2024-3.jpg\",\"width\":1600,\"height\":752},{\"@type\":\"BreadcrumbList\",\"@id\":\"https:\/\/brasilnoticias.org\/site\/apos-polemica-com-ambulantes-bruno-reis-promete-novos-criterios-para-cadastro-do-carnaval-de-2024\/#breadcrumb\",\"itemListElement\":[{\"@type\":\"ListItem\",\"position\":1,\"name\":\"In\u00edcio\",\"item\":\"https:\/\/brasilnoticias.org\/site\/\"},{\"@type\":\"ListItem\",\"position\":2,\"name\":\"Ap\u00f3s pol\u00eamica com ambulantes, Bruno Reis promete novos crit\u00e9rios para cadastro do Carnaval de 2024\"}]},{\"@type\":\"WebSite\",\"@id\":\"https:\/\/brasilnoticias.org\/site\/#website\",\"url\":\"https:\/\/brasilnoticias.org\/site\/\",\"name\":\"Brasil not\u00edcias\",\"description\":\"Brasil not\u00edcias\",\"publisher\":{\"@id\":\"https:\/\/brasilnoticias.org\/site\/#organization\"},\"potentialAction\":[{\"@type\":\"SearchAction\",\"target\":{\"@type\":\"EntryPoint\",\"urlTemplate\":\"https:\/\/brasilnoticias.org\/site\/?s={search_term_string}\"},\"query-input\":{\"@type\":\"PropertyValueSpecification\",\"valueRequired\":true,\"valueName\":\"search_term_string\"}}],\"inLanguage\":\"pt-PT\"},{\"@type\":\"Organization\",\"@id\":\"https:\/\/brasilnoticias.org\/site\/#organization\",\"name\":\"Brasil not\u00edcias\",\"url\":\"https:\/\/brasilnoticias.org\/site\/\",\"logo\":{\"@type\":\"ImageObject\",\"inLanguage\":\"pt-PT\",\"@id\":\"https:\/\/brasilnoticias.org\/site\/#\/schema\/logo\/image\/\",\"url\":\"https:\/\/brasilnoticias.org\/site\/wp-content\/uploads\/2022\/05\/cropped-brasilnoticias-mini.jpg\",\"contentUrl\":\"https:\/\/brasilnoticias.org\/site\/wp-content\/uploads\/2022\/05\/cropped-brasilnoticias-mini.jpg\",\"width\":314,\"height\":86,\"caption\":\"Brasil not\u00edcias\"},\"image\":{\"@id\":\"https:\/\/brasilnoticias.org\/site\/#\/schema\/logo\/image\/\"}},{\"@type\":\"Person\",\"@id\":\"https:\/\/brasilnoticias.org\/site\/#\/schema\/person\/a0e05b973ec4d15c658d51911e53507b\",\"name\":\"Reda\u00e7\u00e3o\",\"image\":{\"@type\":\"ImageObject\",\"inLanguage\":\"pt-PT\",\"@id\":\"https:\/\/brasilnoticias.org\/site\/#\/schema\/person\/image\/\",\"url\":\"https:\/\/secure.gravatar.com\/avatar\/75d8b050df2de108b08ae78dfb8e374892df24a383c67db9c46a9c604f6aee9c?s=96&d=mm&r=g\",\"contentUrl\":\"https:\/\/secure.gravatar.com\/avatar\/75d8b050df2de108b08ae78dfb8e374892df24a383c67db9c46a9c604f6aee9c?s=96&d=mm&r=g\",\"caption\":\"Reda\u00e7\u00e3o\"},\"sameAs\":[\"https:\/\/brasilnoticias.org\/site\"],\"url\":\"https:\/\/brasilnoticias.org\/site\/author\/fernandozsngmail-com\/\"}]}<\/script>\n<!-- \/ Yoast SEO plugin. -->","yoast_head_json":{"title":"Ap\u00f3s pol\u00eamica com ambulantes, Bruno Reis promete novos crit\u00e9rios para cadastro do Carnaval de 2024 - Brasil not\u00edcias","robots":{"index":"index","follow":"follow","max-snippet":"max-snippet:-1","max-image-preview":"max-image-preview:large","max-video-preview":"max-video-preview:-1"},"canonical":"https:\/\/brasilnoticias.org\/site\/apos-polemica-com-ambulantes-bruno-reis-promete-novos-criterios-para-cadastro-do-carnaval-de-2024\/","og_locale":"pt_PT","og_type":"article","og_title":"Ap\u00f3s pol\u00eamica com ambulantes, Bruno Reis promete novos crit\u00e9rios para cadastro do Carnaval de 2024 - Brasil not\u00edcias","og_description":"Ap\u00f3s a pol\u00eamica envolvendo o cadastramento dos ambulantes para as festas de ver\u00e3o, o prefeito de Salvador, Bruno Reis (Uni\u00e3o),","og_url":"https:\/\/brasilnoticias.org\/site\/apos-polemica-com-ambulantes-bruno-reis-promete-novos-criterios-para-cadastro-do-carnaval-de-2024\/","og_site_name":"Brasil not\u00edcias","article_published_time":"2023-02-13T21:20:55+00:00","og_image":[{"width":1600,"height":752,"url":"https:\/\/brasilnoticias.org\/site\/wp-content\/uploads\/2023\/02\/133184apos-polemica-com-ambulantes-bruno-reis-promete-novos-criterios-para-cadastro-do-carnaval-de-2024-3.jpg","type":"image\/jpeg"}],"author":"Reda\u00e7\u00e3o","twitter_card":"summary_large_image","twitter_misc":{"Escrito por":"Reda\u00e7\u00e3o","Tempo estimado de leitura":"1 minuto"},"schema":{"@context":"https:\/\/schema.org","@graph":[{"@type":"Article","@id":"https:\/\/brasilnoticias.org\/site\/apos-polemica-com-ambulantes-bruno-reis-promete-novos-criterios-para-cadastro-do-carnaval-de-2024\/#article","isPartOf":{"@id":"https:\/\/brasilnoticias.org\/site\/apos-polemica-com-ambulantes-bruno-reis-promete-novos-criterios-para-cadastro-do-carnaval-de-2024\/"},"author":{"name":"Reda\u00e7\u00e3o","@id":"https:\/\/brasilnoticias.org\/site\/#\/schema\/person\/a0e05b973ec4d15c658d51911e53507b"},"headline":"Ap\u00f3s pol\u00eamica com ambulantes, Bruno Reis promete novos crit\u00e9rios para cadastro do Carnaval de 2024","datePublished":"2023-02-13T21:20:55+00:00","mainEntityOfPage":{"@id":"https:\/\/brasilnoticias.org\/site\/apos-polemica-com-ambulantes-bruno-reis-promete-novos-criterios-para-cadastro-do-carnaval-de-2024\/"},"wordCount":243,"commentCount":0,"publisher":{"@id":"https:\/\/brasilnoticias.org\/site\/#organization"},"image":{"@id":"https:\/\/brasilnoticias.org\/site\/apos-polemica-com-ambulantes-bruno-reis-promete-novos-criterios-para-cadastro-do-carnaval-de-2024\/#primaryimage"},"thumbnailUrl":"https:\/\/brasilnoticias.org\/site\/wp-content\/uploads\/2023\/02\/133184apos-polemica-com-ambulantes-bruno-reis-promete-novos-criterios-para-cadastro-do-carnaval-de-2024-3.jpg","articleSection":["Pol\u00edtica","\u00daltimas"],"inLanguage":"pt-PT","potentialAction":[{"@type":"CommentAction","name":"Comment","target":["https:\/\/brasilnoticias.org\/site\/apos-polemica-com-ambulantes-bruno-reis-promete-novos-criterios-para-cadastro-do-carnaval-de-2024\/#respond"]}]},{"@type":"WebPage","@id":"https:\/\/brasilnoticias.org\/site\/apos-polemica-com-ambulantes-bruno-reis-promete-novos-criterios-para-cadastro-do-carnaval-de-2024\/","url":"https:\/\/brasilnoticias.org\/site\/apos-polemica-com-ambulantes-bruno-reis-promete-novos-criterios-para-cadastro-do-carnaval-de-2024\/","name":"Ap\u00f3s pol\u00eamica com ambulantes, Bruno Reis promete novos crit\u00e9rios para cadastro do Carnaval de 2024 - Brasil not\u00edcias","isPartOf":{"@id":"https:\/\/brasilnoticias.org\/site\/#website"},"primaryImageOfPage":{"@id":"https:\/\/brasilnoticias.org\/site\/apos-polemica-com-ambulantes-bruno-reis-promete-novos-criterios-para-cadastro-do-carnaval-de-2024\/#primaryimage"},"image":{"@id":"https:\/\/brasilnoticias.org\/site\/apos-polemica-com-ambulantes-bruno-reis-promete-novos-criterios-para-cadastro-do-carnaval-de-2024\/#primaryimage"},"thumbnailUrl":"https:\/\/brasilnoticias.org\/site\/wp-content\/uploads\/2023\/02\/133184apos-polemica-com-ambulantes-bruno-reis-promete-novos-criterios-para-cadastro-do-carnaval-de-2024-3.jpg","datePublished":"2023-02-13T21:20:55+00:00","breadcrumb":{"@id":"https:\/\/brasilnoticias.org\/site\/apos-polemica-com-ambulantes-bruno-reis-promete-novos-criterios-para-cadastro-do-carnaval-de-2024\/#breadcrumb"},"inLanguage":"pt-PT","potentialAction":[{"@type":"ReadAction","target":["https:\/\/brasilnoticias.org\/site\/apos-polemica-com-ambulantes-bruno-reis-promete-novos-criterios-para-cadastro-do-carnaval-de-2024\/"]}]},{"@type":"ImageObject","inLanguage":"pt-PT","@id":"https:\/\/brasilnoticias.org\/site\/apos-polemica-com-ambulantes-bruno-reis-promete-novos-criterios-para-cadastro-do-carnaval-de-2024\/#primaryimage","url":"https:\/\/brasilnoticias.org\/site\/wp-content\/uploads\/2023\/02\/133184apos-polemica-com-ambulantes-bruno-reis-promete-novos-criterios-para-cadastro-do-carnaval-de-2024-3.jpg","contentUrl":"https:\/\/brasilnoticias.org\/site\/wp-content\/uploads\/2023\/02\/133184apos-polemica-com-ambulantes-bruno-reis-promete-novos-criterios-para-cadastro-do-carnaval-de-2024-3.jpg","width":1600,"height":752},{"@type":"BreadcrumbList","@id":"https:\/\/brasilnoticias.org\/site\/apos-polemica-com-ambulantes-bruno-reis-promete-novos-criterios-para-cadastro-do-carnaval-de-2024\/#breadcrumb","itemListElement":[{"@type":"ListItem","position":1,"name":"In\u00edcio","item":"https:\/\/brasilnoticias.org\/site\/"},{"@type":"ListItem","position":2,"name":"Ap\u00f3s pol\u00eamica com ambulantes, Bruno Reis promete novos crit\u00e9rios para cadastro do Carnaval de 2024"}]},{"@type":"WebSite","@id":"https:\/\/brasilnoticias.org\/site\/#website","url":"https:\/\/brasilnoticias.org\/site\/","name":"Brasil not\u00edcias","description":"Brasil not\u00edcias","publisher":{"@id":"https:\/\/brasilnoticias.org\/site\/#organization"},"potentialAction":[{"@type":"SearchAction","target":{"@type":"EntryPoint","urlTemplate":"https:\/\/brasilnoticias.org\/site\/?s={search_term_string}"},"query-input":{"@type":"PropertyValueSpecification","valueRequired":true,"valueName":"search_term_string"}}],"inLanguage":"pt-PT"},{"@type":"Organization","@id":"https:\/\/brasilnoticias.org\/site\/#organization","name":"Brasil not\u00edcias","url":"https:\/\/brasilnoticias.org\/site\/","logo":{"@type":"ImageObject","inLanguage":"pt-PT","@id":"https:\/\/brasilnoticias.org\/site\/#\/schema\/logo\/image\/","url":"https:\/\/brasilnoticias.org\/site\/wp-content\/uploads\/2022\/05\/cropped-brasilnoticias-mini.jpg","contentUrl":"https:\/\/brasilnoticias.org\/site\/wp-content\/uploads\/2022\/05\/cropped-brasilnoticias-mini.jpg","width":314,"height":86,"caption":"Brasil not\u00edcias"},"image":{"@id":"https:\/\/brasilnoticias.org\/site\/#\/schema\/logo\/image\/"}},{"@type":"Person","@id":"https:\/\/brasilnoticias.org\/site\/#\/schema\/person\/a0e05b973ec4d15c658d51911e53507b","name":"Reda\u00e7\u00e3o","image":{"@type":"ImageObject","inLanguage":"pt-PT","@id":"https:\/\/brasilnoticias.org\/site\/#\/schema\/person\/image\/","url":"https:\/\/secure.gravatar.com\/avatar\/75d8b050df2de108b08ae78dfb8e374892df24a383c67db9c46a9c604f6aee9c?s=96&d=mm&r=g","contentUrl":"https:\/\/secure.gravatar.com\/avatar\/75d8b050df2de108b08ae78dfb8e374892df24a383c67db9c46a9c604f6aee9c?s=96&d=mm&r=g","caption":"Reda\u00e7\u00e3o"},"sameAs":["https:\/\/brasilnoticias.org\/site"],"url":"https:\/\/brasilnoticias.org\/site\/author\/fernandozsngmail-com\/"}]}},"_links":{"self":[{"href":"https:\/\/brasilnoticias.org\/site\/wp-json\/wp\/v2\/posts\/3932","targetHints":{"allow":["GET"]}}],"collection":[{"href":"https:\/\/brasilnoticias.org\/site\/wp-json\/wp\/v2\/posts"}],"about":[{"href":"https:\/\/brasilnoticias.org\/site\/wp-json\/wp\/v2\/types\/post"}],"author":[{"embeddable":true,"href":"https:\/\/brasilnoticias.org\/site\/wp-json\/wp\/v2\/users\/1"}],"replies":[{"embeddable":true,"href":"https:\/\/brasilnoticias.org\/site\/wp-json\/wp\/v2\/comments?post=3932"}],"version-history":[{"count":1,"href":"https:\/\/brasilnoticias.org\/site\/wp-json\/wp\/v2\/posts\/3932\/revisions"}],"predecessor-version":[{"id":3934,"href":"https:\/\/brasilnoticias.org\/site\/wp-json\/wp\/v2\/posts\/3932\/revisions\/3934"}],"wp:featuredmedia":[{"embeddable":true,"href":"https:\/\/brasilnoticias.org\/site\/wp-json\/wp\/v2\/media\/3933"}],"wp:attachment":[{"href":"https:\/\/brasilnoticias.org\/site\/wp-json\/wp\/v2\/media?parent=3932"}],"wp:term":[{"taxonomy":"category","embeddable":true,"href":"https:\/\/brasilnoticias.org\/site\/wp-json\/wp\/v2\/categories?post=3932"},{"taxonomy":"post_tag","embeddable":true,"href":"https:\/\/brasilnoticias.org\/site\/wp-json\/wp\/v2\/tags?post=3932"}],"curies":[{"name":"wp","href":"https:\/\/api.w.org\/{rel}","templated":true}]}}