{"id":394,"date":"2022-05-20T20:37:07","date_gmt":"2022-05-20T23:37:07","guid":{"rendered":"https:\/\/brasilnoticias.org\/site\/?p=394"},"modified":"2022-05-20T20:37:07","modified_gmt":"2022-05-20T23:37:07","slug":"bahia-registra-30-novos-casos-de-covid-19-e-mais-nove-obitos","status":"publish","type":"post","link":"https:\/\/brasilnoticias.org\/site\/bahia-registra-30-novos-casos-de-covid-19-e-mais-nove-obitos\/","title":{"rendered":"BAHIA REGISTRA 30 NOVOS CASOS DE COVID-19 E MAIS NOVE \u00d3BITOS"},"content":{"rendered":"<p>Na Bahia, nas \u00faltimas 24 horas, foram registrados 30 casos de Covid-19e mais 9 mortes. De acordo com a Secretaria da Sa\u00fade do Estado da Bahia (Sesab), de 1.546.336 casos confirmados desde o in\u00edcio da pandemia, 1.516.194 s\u00e3o considerados recuperados, 256 encontram-se ativos e 29.916 pessoas foram a \u00f3bito devido \u00e0 doen\u00e7a.<\/p>\n<p>O boletim epidemiol\u00f3gico da Sesab, desta sexta-feira (20), contabiliza ainda 1.870.329 casos descartados e 333.690 em investiga\u00e7\u00e3o. Na Bahia, 63.336 profissionais da sa\u00fade foram confirmados para Covid-19.<\/p>\n<p><strong>Vacina\u00e7\u00e3o<\/strong><\/p>\n<p>A secretaria ainda informa que 11.618.397 pessoas foram vacinadas contra a Covid-19 com a primeira dose, 10.668.784 com a segunda ou dose \u00fanica, 5.749.333 com a dose de refor\u00e7o e 158.866 com o segundo refor\u00e7o. Do p\u00fablico de 5 a 11 anos, 921.593 crian\u00e7as foram imunizadas com a primeira dose e 448.899 tomaram tamb\u00e9m a segunda.<\/p>\n<p>&nbsp;<\/p>\n<p>&nbsp;<\/p>\n<p>Pol\u00edtica Livre<\/p>\n<p>&nbsp;<\/p>\n","protected":false},"excerpt":{"rendered":"<p>Na Bahia, nas \u00faltimas 24 horas, foram registrados 30 casos de Covid-19e mais 9 mortes. De acordo com a Secretaria<\/p>\n","protected":false},"author":2,"featured_media":395,"comment_status":"open","ping_status":"open","sticky":false,"template":"","format":"standard","meta":{"colormag_page_container_layout":"default_layout","colormag_page_sidebar_layout":"default_layout","_FSMCFIC_featured_image_caption":"","_FSMCFIC_featured_image_nocaption":"","_FSMCFIC_featured_image_hide":"","footnotes":""},"categories":[2,1],"tags":[],"class_list":["post-394","post","type-post","status-publish","format-standard","has-post-thumbnail","hentry","category-noticias","category-ultimas"],"yoast_head":"<!-- This site is optimized with the Yoast SEO plugin v27.1.1 - https:\/\/yoast.com\/product\/yoast-seo-wordpress\/ -->\n<title>BAHIA REGISTRA 30 NOVOS CASOS DE COVID-19 E MAIS NOVE \u00d3BITOS - Brasil not\u00edcias<\/title>\n<meta name=\"robots\" content=\"index, follow, max-snippet:-1, max-image-preview:large, max-video-preview:-1\" \/>\n<link rel=\"canonical\" href=\"https:\/\/brasilnoticias.org\/site\/bahia-registra-30-novos-casos-de-covid-19-e-mais-nove-obitos\/\" \/>\n<meta property=\"og:locale\" content=\"pt_PT\" \/>\n<meta property=\"og:type\" content=\"article\" \/>\n<meta property=\"og:title\" content=\"BAHIA REGISTRA 30 NOVOS CASOS DE COVID-19 E MAIS NOVE \u00d3BITOS - Brasil not\u00edcias\" \/>\n<meta property=\"og:description\" content=\"Na Bahia, nas \u00faltimas 24 horas, foram registrados 30 casos de Covid-19e mais 9 mortes. De acordo com a Secretaria\" \/>\n<meta property=\"og:url\" content=\"https:\/\/brasilnoticias.org\/site\/bahia-registra-30-novos-casos-de-covid-19-e-mais-nove-obitos\/\" \/>\n<meta property=\"og:site_name\" content=\"Brasil not\u00edcias\" \/>\n<meta property=\"article:published_time\" content=\"2022-05-20T23:37:07+00:00\" \/>\n<meta property=\"og:image\" content=\"https:\/\/brasilnoticias.org\/site\/wp-content\/uploads\/2022\/05\/Screenshot_20220520-202302-584.png\" \/>\n\t<meta property=\"og:image:width\" content=\"720\" \/>\n\t<meta property=\"og:image:height\" content=\"607\" \/>\n\t<meta property=\"og:image:type\" content=\"image\/png\" \/>\n<meta name=\"author\" content=\"Reda\u00e7\u00e3o\" \/>\n<meta name=\"twitter:card\" content=\"summary_large_image\" \/>\n<meta name=\"twitter:label1\" content=\"Escrito por\" \/>\n\t<meta name=\"twitter:data1\" content=\"Reda\u00e7\u00e3o\" \/>\n\t<meta name=\"twitter:label2\" content=\"Tempo estimado de leitura\" \/>\n\t<meta name=\"twitter:data2\" content=\"1 minuto\" \/>\n<script type=\"application\/ld+json\" class=\"yoast-schema-graph\">{\"@context\":\"https:\/\/schema.org\",\"@graph\":[{\"@type\":\"Article\",\"@id\":\"https:\/\/brasilnoticias.org\/site\/bahia-registra-30-novos-casos-de-covid-19-e-mais-nove-obitos\/#article\",\"isPartOf\":{\"@id\":\"https:\/\/brasilnoticias.org\/site\/bahia-registra-30-novos-casos-de-covid-19-e-mais-nove-obitos\/\"},\"author\":{\"name\":\"Reda\u00e7\u00e3o\",\"@id\":\"https:\/\/brasilnoticias.org\/site\/#\/schema\/person\/f609fa847b5314f1c8b983342f34c798\"},\"headline\":\"BAHIA REGISTRA 30 NOVOS CASOS DE COVID-19 E MAIS NOVE \u00d3BITOS\",\"datePublished\":\"2022-05-20T23:37:07+00:00\",\"mainEntityOfPage\":{\"@id\":\"https:\/\/brasilnoticias.org\/site\/bahia-registra-30-novos-casos-de-covid-19-e-mais-nove-obitos\/\"},\"wordCount\":146,\"commentCount\":0,\"publisher\":{\"@id\":\"https:\/\/brasilnoticias.org\/site\/#organization\"},\"image\":{\"@id\":\"https:\/\/brasilnoticias.org\/site\/bahia-registra-30-novos-casos-de-covid-19-e-mais-nove-obitos\/#primaryimage\"},\"thumbnailUrl\":\"https:\/\/brasilnoticias.org\/site\/wp-content\/uploads\/2022\/05\/Screenshot_20220520-202302-584.png\",\"articleSection\":[\"Not\u00edcias\",\"\u00daltimas\"],\"inLanguage\":\"pt-PT\",\"potentialAction\":[{\"@type\":\"CommentAction\",\"name\":\"Comment\",\"target\":[\"https:\/\/brasilnoticias.org\/site\/bahia-registra-30-novos-casos-de-covid-19-e-mais-nove-obitos\/#respond\"]}]},{\"@type\":\"WebPage\",\"@id\":\"https:\/\/brasilnoticias.org\/site\/bahia-registra-30-novos-casos-de-covid-19-e-mais-nove-obitos\/\",\"url\":\"https:\/\/brasilnoticias.org\/site\/bahia-registra-30-novos-casos-de-covid-19-e-mais-nove-obitos\/\",\"name\":\"BAHIA REGISTRA 30 NOVOS CASOS DE COVID-19 E MAIS NOVE \u00d3BITOS - Brasil not\u00edcias\",\"isPartOf\":{\"@id\":\"https:\/\/brasilnoticias.org\/site\/#website\"},\"primaryImageOfPage\":{\"@id\":\"https:\/\/brasilnoticias.org\/site\/bahia-registra-30-novos-casos-de-covid-19-e-mais-nove-obitos\/#primaryimage\"},\"image\":{\"@id\":\"https:\/\/brasilnoticias.org\/site\/bahia-registra-30-novos-casos-de-covid-19-e-mais-nove-obitos\/#primaryimage\"},\"thumbnailUrl\":\"https:\/\/brasilnoticias.org\/site\/wp-content\/uploads\/2022\/05\/Screenshot_20220520-202302-584.png\",\"datePublished\":\"2022-05-20T23:37:07+00:00\",\"breadcrumb\":{\"@id\":\"https:\/\/brasilnoticias.org\/site\/bahia-registra-30-novos-casos-de-covid-19-e-mais-nove-obitos\/#breadcrumb\"},\"inLanguage\":\"pt-PT\",\"potentialAction\":[{\"@type\":\"ReadAction\",\"target\":[\"https:\/\/brasilnoticias.org\/site\/bahia-registra-30-novos-casos-de-covid-19-e-mais-nove-obitos\/\"]}]},{\"@type\":\"ImageObject\",\"inLanguage\":\"pt-PT\",\"@id\":\"https:\/\/brasilnoticias.org\/site\/bahia-registra-30-novos-casos-de-covid-19-e-mais-nove-obitos\/#primaryimage\",\"url\":\"https:\/\/brasilnoticias.org\/site\/wp-content\/uploads\/2022\/05\/Screenshot_20220520-202302-584.png\",\"contentUrl\":\"https:\/\/brasilnoticias.org\/site\/wp-content\/uploads\/2022\/05\/Screenshot_20220520-202302-584.png\",\"width\":720,\"height\":607},{\"@type\":\"BreadcrumbList\",\"@id\":\"https:\/\/brasilnoticias.org\/site\/bahia-registra-30-novos-casos-de-covid-19-e-mais-nove-obitos\/#breadcrumb\",\"itemListElement\":[{\"@type\":\"ListItem\",\"position\":1,\"name\":\"In\u00edcio\",\"item\":\"https:\/\/brasilnoticias.org\/site\/\"},{\"@type\":\"ListItem\",\"position\":2,\"name\":\"BAHIA REGISTRA 30 NOVOS CASOS DE COVID-19 E MAIS NOVE \u00d3BITOS\"}]},{\"@type\":\"WebSite\",\"@id\":\"https:\/\/brasilnoticias.org\/site\/#website\",\"url\":\"https:\/\/brasilnoticias.org\/site\/\",\"name\":\"Brasil not\u00edcias\",\"description\":\"Brasil not\u00edcias\",\"publisher\":{\"@id\":\"https:\/\/brasilnoticias.org\/site\/#organization\"},\"potentialAction\":[{\"@type\":\"SearchAction\",\"target\":{\"@type\":\"EntryPoint\",\"urlTemplate\":\"https:\/\/brasilnoticias.org\/site\/?s={search_term_string}\"},\"query-input\":{\"@type\":\"PropertyValueSpecification\",\"valueRequired\":true,\"valueName\":\"search_term_string\"}}],\"inLanguage\":\"pt-PT\"},{\"@type\":\"Organization\",\"@id\":\"https:\/\/brasilnoticias.org\/site\/#organization\",\"name\":\"Brasil not\u00edcias\",\"url\":\"https:\/\/brasilnoticias.org\/site\/\",\"logo\":{\"@type\":\"ImageObject\",\"inLanguage\":\"pt-PT\",\"@id\":\"https:\/\/brasilnoticias.org\/site\/#\/schema\/logo\/image\/\",\"url\":\"https:\/\/brasilnoticias.org\/site\/wp-content\/uploads\/2022\/05\/cropped-brasilnoticias-mini.jpg\",\"contentUrl\":\"https:\/\/brasilnoticias.org\/site\/wp-content\/uploads\/2022\/05\/cropped-brasilnoticias-mini.jpg\",\"width\":314,\"height\":86,\"caption\":\"Brasil not\u00edcias\"},\"image\":{\"@id\":\"https:\/\/brasilnoticias.org\/site\/#\/schema\/logo\/image\/\"}},{\"@type\":\"Person\",\"@id\":\"https:\/\/brasilnoticias.org\/site\/#\/schema\/person\/f609fa847b5314f1c8b983342f34c798\",\"name\":\"Reda\u00e7\u00e3o\",\"image\":{\"@type\":\"ImageObject\",\"inLanguage\":\"pt-PT\",\"@id\":\"https:\/\/brasilnoticias.org\/site\/#\/schema\/person\/image\/\",\"url\":\"https:\/\/secure.gravatar.com\/avatar\/447284c06c1ad8b46465a36de9cd0d8326b73387a22799b8b1ffb1fbcff2ed0c?s=96&d=mm&r=g\",\"contentUrl\":\"https:\/\/secure.gravatar.com\/avatar\/447284c06c1ad8b46465a36de9cd0d8326b73387a22799b8b1ffb1fbcff2ed0c?s=96&d=mm&r=g\",\"caption\":\"Reda\u00e7\u00e3o\"},\"url\":\"https:\/\/brasilnoticias.org\/site\/author\/redacao\/\"}]}<\/script>\n<!-- \/ Yoast SEO plugin. -->","yoast_head_json":{"title":"BAHIA REGISTRA 30 NOVOS CASOS DE COVID-19 E MAIS NOVE \u00d3BITOS - Brasil not\u00edcias","robots":{"index":"index","follow":"follow","max-snippet":"max-snippet:-1","max-image-preview":"max-image-preview:large","max-video-preview":"max-video-preview:-1"},"canonical":"https:\/\/brasilnoticias.org\/site\/bahia-registra-30-novos-casos-de-covid-19-e-mais-nove-obitos\/","og_locale":"pt_PT","og_type":"article","og_title":"BAHIA REGISTRA 30 NOVOS CASOS DE COVID-19 E MAIS NOVE \u00d3BITOS - Brasil not\u00edcias","og_description":"Na Bahia, nas \u00faltimas 24 horas, foram registrados 30 casos de Covid-19e mais 9 mortes. De acordo com a Secretaria","og_url":"https:\/\/brasilnoticias.org\/site\/bahia-registra-30-novos-casos-de-covid-19-e-mais-nove-obitos\/","og_site_name":"Brasil not\u00edcias","article_published_time":"2022-05-20T23:37:07+00:00","og_image":[{"width":720,"height":607,"url":"https:\/\/brasilnoticias.org\/site\/wp-content\/uploads\/2022\/05\/Screenshot_20220520-202302-584.png","type":"image\/png"}],"author":"Reda\u00e7\u00e3o","twitter_card":"summary_large_image","twitter_misc":{"Escrito por":"Reda\u00e7\u00e3o","Tempo estimado de leitura":"1 minuto"},"schema":{"@context":"https:\/\/schema.org","@graph":[{"@type":"Article","@id":"https:\/\/brasilnoticias.org\/site\/bahia-registra-30-novos-casos-de-covid-19-e-mais-nove-obitos\/#article","isPartOf":{"@id":"https:\/\/brasilnoticias.org\/site\/bahia-registra-30-novos-casos-de-covid-19-e-mais-nove-obitos\/"},"author":{"name":"Reda\u00e7\u00e3o","@id":"https:\/\/brasilnoticias.org\/site\/#\/schema\/person\/f609fa847b5314f1c8b983342f34c798"},"headline":"BAHIA REGISTRA 30 NOVOS CASOS DE COVID-19 E MAIS NOVE \u00d3BITOS","datePublished":"2022-05-20T23:37:07+00:00","mainEntityOfPage":{"@id":"https:\/\/brasilnoticias.org\/site\/bahia-registra-30-novos-casos-de-covid-19-e-mais-nove-obitos\/"},"wordCount":146,"commentCount":0,"publisher":{"@id":"https:\/\/brasilnoticias.org\/site\/#organization"},"image":{"@id":"https:\/\/brasilnoticias.org\/site\/bahia-registra-30-novos-casos-de-covid-19-e-mais-nove-obitos\/#primaryimage"},"thumbnailUrl":"https:\/\/brasilnoticias.org\/site\/wp-content\/uploads\/2022\/05\/Screenshot_20220520-202302-584.png","articleSection":["Not\u00edcias","\u00daltimas"],"inLanguage":"pt-PT","potentialAction":[{"@type":"CommentAction","name":"Comment","target":["https:\/\/brasilnoticias.org\/site\/bahia-registra-30-novos-casos-de-covid-19-e-mais-nove-obitos\/#respond"]}]},{"@type":"WebPage","@id":"https:\/\/brasilnoticias.org\/site\/bahia-registra-30-novos-casos-de-covid-19-e-mais-nove-obitos\/","url":"https:\/\/brasilnoticias.org\/site\/bahia-registra-30-novos-casos-de-covid-19-e-mais-nove-obitos\/","name":"BAHIA REGISTRA 30 NOVOS CASOS DE COVID-19 E MAIS NOVE \u00d3BITOS - Brasil not\u00edcias","isPartOf":{"@id":"https:\/\/brasilnoticias.org\/site\/#website"},"primaryImageOfPage":{"@id":"https:\/\/brasilnoticias.org\/site\/bahia-registra-30-novos-casos-de-covid-19-e-mais-nove-obitos\/#primaryimage"},"image":{"@id":"https:\/\/brasilnoticias.org\/site\/bahia-registra-30-novos-casos-de-covid-19-e-mais-nove-obitos\/#primaryimage"},"thumbnailUrl":"https:\/\/brasilnoticias.org\/site\/wp-content\/uploads\/2022\/05\/Screenshot_20220520-202302-584.png","datePublished":"2022-05-20T23:37:07+00:00","breadcrumb":{"@id":"https:\/\/brasilnoticias.org\/site\/bahia-registra-30-novos-casos-de-covid-19-e-mais-nove-obitos\/#breadcrumb"},"inLanguage":"pt-PT","potentialAction":[{"@type":"ReadAction","target":["https:\/\/brasilnoticias.org\/site\/bahia-registra-30-novos-casos-de-covid-19-e-mais-nove-obitos\/"]}]},{"@type":"ImageObject","inLanguage":"pt-PT","@id":"https:\/\/brasilnoticias.org\/site\/bahia-registra-30-novos-casos-de-covid-19-e-mais-nove-obitos\/#primaryimage","url":"https:\/\/brasilnoticias.org\/site\/wp-content\/uploads\/2022\/05\/Screenshot_20220520-202302-584.png","contentUrl":"https:\/\/brasilnoticias.org\/site\/wp-content\/uploads\/2022\/05\/Screenshot_20220520-202302-584.png","width":720,"height":607},{"@type":"BreadcrumbList","@id":"https:\/\/brasilnoticias.org\/site\/bahia-registra-30-novos-casos-de-covid-19-e-mais-nove-obitos\/#breadcrumb","itemListElement":[{"@type":"ListItem","position":1,"name":"In\u00edcio","item":"https:\/\/brasilnoticias.org\/site\/"},{"@type":"ListItem","position":2,"name":"BAHIA REGISTRA 30 NOVOS CASOS DE COVID-19 E MAIS NOVE \u00d3BITOS"}]},{"@type":"WebSite","@id":"https:\/\/brasilnoticias.org\/site\/#website","url":"https:\/\/brasilnoticias.org\/site\/","name":"Brasil not\u00edcias","description":"Brasil not\u00edcias","publisher":{"@id":"https:\/\/brasilnoticias.org\/site\/#organization"},"potentialAction":[{"@type":"SearchAction","target":{"@type":"EntryPoint","urlTemplate":"https:\/\/brasilnoticias.org\/site\/?s={search_term_string}"},"query-input":{"@type":"PropertyValueSpecification","valueRequired":true,"valueName":"search_term_string"}}],"inLanguage":"pt-PT"},{"@type":"Organization","@id":"https:\/\/brasilnoticias.org\/site\/#organization","name":"Brasil not\u00edcias","url":"https:\/\/brasilnoticias.org\/site\/","logo":{"@type":"ImageObject","inLanguage":"pt-PT","@id":"https:\/\/brasilnoticias.org\/site\/#\/schema\/logo\/image\/","url":"https:\/\/brasilnoticias.org\/site\/wp-content\/uploads\/2022\/05\/cropped-brasilnoticias-mini.jpg","contentUrl":"https:\/\/brasilnoticias.org\/site\/wp-content\/uploads\/2022\/05\/cropped-brasilnoticias-mini.jpg","width":314,"height":86,"caption":"Brasil not\u00edcias"},"image":{"@id":"https:\/\/brasilnoticias.org\/site\/#\/schema\/logo\/image\/"}},{"@type":"Person","@id":"https:\/\/brasilnoticias.org\/site\/#\/schema\/person\/f609fa847b5314f1c8b983342f34c798","name":"Reda\u00e7\u00e3o","image":{"@type":"ImageObject","inLanguage":"pt-PT","@id":"https:\/\/brasilnoticias.org\/site\/#\/schema\/person\/image\/","url":"https:\/\/secure.gravatar.com\/avatar\/447284c06c1ad8b46465a36de9cd0d8326b73387a22799b8b1ffb1fbcff2ed0c?s=96&d=mm&r=g","contentUrl":"https:\/\/secure.gravatar.com\/avatar\/447284c06c1ad8b46465a36de9cd0d8326b73387a22799b8b1ffb1fbcff2ed0c?s=96&d=mm&r=g","caption":"Reda\u00e7\u00e3o"},"url":"https:\/\/brasilnoticias.org\/site\/author\/redacao\/"}]}},"_links":{"self":[{"href":"https:\/\/brasilnoticias.org\/site\/wp-json\/wp\/v2\/posts\/394","targetHints":{"allow":["GET"]}}],"collection":[{"href":"https:\/\/brasilnoticias.org\/site\/wp-json\/wp\/v2\/posts"}],"about":[{"href":"https:\/\/brasilnoticias.org\/site\/wp-json\/wp\/v2\/types\/post"}],"author":[{"embeddable":true,"href":"https:\/\/brasilnoticias.org\/site\/wp-json\/wp\/v2\/users\/2"}],"replies":[{"embeddable":true,"href":"https:\/\/brasilnoticias.org\/site\/wp-json\/wp\/v2\/comments?post=394"}],"version-history":[{"count":1,"href":"https:\/\/brasilnoticias.org\/site\/wp-json\/wp\/v2\/posts\/394\/revisions"}],"predecessor-version":[{"id":396,"href":"https:\/\/brasilnoticias.org\/site\/wp-json\/wp\/v2\/posts\/394\/revisions\/396"}],"wp:featuredmedia":[{"embeddable":true,"href":"https:\/\/brasilnoticias.org\/site\/wp-json\/wp\/v2\/media\/395"}],"wp:attachment":[{"href":"https:\/\/brasilnoticias.org\/site\/wp-json\/wp\/v2\/media?parent=394"}],"wp:term":[{"taxonomy":"category","embeddable":true,"href":"https:\/\/brasilnoticias.org\/site\/wp-json\/wp\/v2\/categories?post=394"},{"taxonomy":"post_tag","embeddable":true,"href":"https:\/\/brasilnoticias.org\/site\/wp-json\/wp\/v2\/tags?post=394"}],"curies":[{"name":"wp","href":"https:\/\/api.w.org\/{rel}","templated":true}]}}