{"id":3947,"date":"2023-02-14T06:15:17","date_gmt":"2023-02-14T09:15:17","guid":{"rendered":"https:\/\/brasilnoticias.org\/site\/?p=3947"},"modified":"2023-02-14T06:15:17","modified_gmt":"2023-02-14T09:15:17","slug":"americanas-diz-a-sindicatos-que-nao-fara-demissao-em-massa-ate-marco","status":"publish","type":"post","link":"https:\/\/brasilnoticias.org\/site\/americanas-diz-a-sindicatos-que-nao-fara-demissao-em-massa-ate-marco\/","title":{"rendered":"Americanas diz a sindicatos que n\u00e3o far\u00e1 demiss\u00e3o em massa at\u00e9 mar\u00e7o"},"content":{"rendered":"<p>A Americanas se comprometeu a n\u00e3o fazer demiss\u00f5es em massa at\u00e9 a data da apresenta\u00e7\u00e3o do plano de recupera\u00e7\u00e3o, marcada para 20 de mar\u00e7o, de acordo com o Sindicato dos Comerci\u00e1rios do Rio. Advogados da varejista, representantes dos trabalhadores e membros do Minist\u00e9rio do Trabalho realizaram, na sexta-feira, uma rodada de negocia\u00e7\u00f5es, mediada pela Procuradoria Geral do Trabalho.<br \/>\nA Americanas tem cerca de 40 mil empregados e gera perto de 60 mil empregos indiretos. Uma nova reuni\u00e3o ficou agendada para o dia 27 de mar\u00e7o, \u00e0s 14 horas, para a discuss\u00e3o dos impactos do plano de recupera\u00e7\u00e3o judicial.<\/p>\n<p>&#8220;Os representantes da empresa informaram que n\u00e3o haver\u00e1 dispensa em massa at\u00e9 a data da apresenta\u00e7\u00e3o do plano de recupera\u00e7\u00e3o, agendado para o dia 20 de mar\u00e7o. Apenas as rescis\u00f5es ordin\u00e1rias ocorrer\u00e3o, por exemplo, por caducidade contratual, justa causa, pedidos de demiss\u00e3o e desligamentos pontuais&#8221;, afirmou M\u00e1rcio Ayer, presidente do Sindicato dos Comerci\u00e1rios do Rio e dirigente da Central dos Trabalhadores e Trabalhadoras Brasileiros (CTB).<\/p>\n<p>A Americanas, por sua vez, destacou a reuni\u00e3o realizada na quarta-feira (8), quando o acordo come\u00e7ou a ser costurado, na presen\u00e7a do Minist\u00e9rio P\u00fablico do Trabalho, a Procuradoria Geral do Trabalho e o ministro do Trabalho e Emprego, Luiz Marinho, al\u00e9m de representantes dos trabalhadores e da varejista.<\/p>\n<p>&#8220;Mais uma vez a Companhia informou que n\u00e3o iniciou nenhum processo de demiss\u00e3o em massa de funcion\u00e1rios e segue seu curso normal de opera\u00e7\u00f5es. A Americanas tamb\u00e9m renovou seu compromisso de manter relacionamento pr\u00f3ximo com os sindicatos e um di\u00e1logo produtivo e recorrente sobre quest\u00f5es trabalhistas, mesmo em situa\u00e7\u00f5es n\u00e3o relacionadas ao processo de Recupera\u00e7\u00e3o Judicial&#8221;, disse a varejista em nota.<\/p>\n<p>Como parte das negocia\u00e7\u00f5es da varejista com os trabalhadores, todas as dispensas feitas pela empresa ser\u00e3o realizadas mediante homologa\u00e7\u00e3o nos sindicatos. &#8220;As homologa\u00e7\u00f5es feitas no sindicato, de forma presencial ou telepresencial, garantem aos trabalhadores o cumprimento dos seus direitos por parte da empresa&#8221;, afirma o sindicalista.<\/p>\n<p>O sindicato, as centrais e as confedera\u00e7\u00f5es concordaram tamb\u00e9m em realizar todas as homologa\u00e7\u00f5es gratuitamente. E solicitaram ainda que a empresa informe os casos de sindicatos que se recusem a prestar assist\u00eancia aos trabalhadores nas rescis\u00f5es ou em que o trabalhador n\u00e3o tenha interesse em realizar o ato homologat\u00f3rio.<\/p>\n<p>&#8220;O Sindicato dos Comerci\u00e1rios do Rio est\u00e1 com o departamento jur\u00eddico de plant\u00e3o para orientar e realizar as homologa\u00e7\u00f5es, sem custo. Tamb\u00e9m ficou acertado que seremos comunicados previamente sobre o funcion\u00e1rio que n\u00e3o desejar efetuar sua rescis\u00e3o no sindicato. Neste caso, a empresa ficar\u00e1 liberada para proceder o tr\u00e2mite no seu pr\u00f3prio \u00e2mbito&#8221;, disse Ayer.<\/p>\n<p>Foto Shutterstock<br \/>\nNot\u00edcias ao minuto<\/p>\n","protected":false},"excerpt":{"rendered":"<p>A Americanas se comprometeu a n\u00e3o fazer demiss\u00f5es em massa at\u00e9 a data da apresenta\u00e7\u00e3o do plano de recupera\u00e7\u00e3o, marcada<\/p>\n","protected":false},"author":1,"featured_media":3948,"comment_status":"open","ping_status":"open","sticky":false,"template":"","format":"standard","meta":{"colormag_page_container_layout":"default_layout","colormag_page_sidebar_layout":"default_layout","_FSMCFIC_featured_image_caption":"","_FSMCFIC_featured_image_nocaption":"","_FSMCFIC_featured_image_hide":"","footnotes":""},"categories":[2,1],"tags":[],"class_list":["post-3947","post","type-post","status-publish","format-standard","has-post-thumbnail","hentry","category-noticias","category-ultimas"],"yoast_head":"<!-- This site is optimized with the Yoast SEO plugin v27.1.1 - https:\/\/yoast.com\/product\/yoast-seo-wordpress\/ -->\n<title>Americanas diz a sindicatos que n\u00e3o far\u00e1 demiss\u00e3o em massa at\u00e9 mar\u00e7o - Brasil not\u00edcias<\/title>\n<meta name=\"robots\" content=\"index, follow, max-snippet:-1, max-image-preview:large, max-video-preview:-1\" \/>\n<link rel=\"canonical\" href=\"https:\/\/brasilnoticias.org\/site\/americanas-diz-a-sindicatos-que-nao-fara-demissao-em-massa-ate-marco\/\" \/>\n<meta property=\"og:locale\" content=\"pt_PT\" \/>\n<meta property=\"og:type\" content=\"article\" \/>\n<meta property=\"og:title\" content=\"Americanas diz a sindicatos que n\u00e3o far\u00e1 demiss\u00e3o em massa at\u00e9 mar\u00e7o - Brasil not\u00edcias\" \/>\n<meta property=\"og:description\" content=\"A Americanas se comprometeu a n\u00e3o fazer demiss\u00f5es em massa at\u00e9 a data da apresenta\u00e7\u00e3o do plano de recupera\u00e7\u00e3o, marcada\" \/>\n<meta property=\"og:url\" content=\"https:\/\/brasilnoticias.org\/site\/americanas-diz-a-sindicatos-que-nao-fara-demissao-em-massa-ate-marco\/\" \/>\n<meta property=\"og:site_name\" content=\"Brasil not\u00edcias\" \/>\n<meta property=\"article:published_time\" content=\"2023-02-14T09:15:17+00:00\" \/>\n<meta property=\"og:image\" content=\"https:\/\/brasilnoticias.org\/site\/wp-content\/uploads\/2023\/02\/naom_63c1532731d7a.jpg\" \/>\n\t<meta property=\"og:image:width\" content=\"960\" \/>\n\t<meta property=\"og:image:height\" content=\"540\" \/>\n\t<meta property=\"og:image:type\" content=\"image\/jpeg\" \/>\n<meta name=\"author\" content=\"Reda\u00e7\u00e3o\" \/>\n<meta name=\"twitter:card\" content=\"summary_large_image\" \/>\n<meta name=\"twitter:label1\" content=\"Escrito por\" \/>\n\t<meta name=\"twitter:data1\" content=\"Reda\u00e7\u00e3o\" \/>\n\t<meta name=\"twitter:label2\" content=\"Tempo estimado de leitura\" \/>\n\t<meta name=\"twitter:data2\" content=\"2 minutos\" \/>\n<script type=\"application\/ld+json\" class=\"yoast-schema-graph\">{\"@context\":\"https:\/\/schema.org\",\"@graph\":[{\"@type\":\"Article\",\"@id\":\"https:\/\/brasilnoticias.org\/site\/americanas-diz-a-sindicatos-que-nao-fara-demissao-em-massa-ate-marco\/#article\",\"isPartOf\":{\"@id\":\"https:\/\/brasilnoticias.org\/site\/americanas-diz-a-sindicatos-que-nao-fara-demissao-em-massa-ate-marco\/\"},\"author\":{\"name\":\"Reda\u00e7\u00e3o\",\"@id\":\"https:\/\/brasilnoticias.org\/site\/#\/schema\/person\/a0e05b973ec4d15c658d51911e53507b\"},\"headline\":\"Americanas diz a sindicatos que n\u00e3o far\u00e1 demiss\u00e3o em massa at\u00e9 mar\u00e7o\",\"datePublished\":\"2023-02-14T09:15:17+00:00\",\"mainEntityOfPage\":{\"@id\":\"https:\/\/brasilnoticias.org\/site\/americanas-diz-a-sindicatos-que-nao-fara-demissao-em-massa-ate-marco\/\"},\"wordCount\":496,\"commentCount\":0,\"publisher\":{\"@id\":\"https:\/\/brasilnoticias.org\/site\/#organization\"},\"image\":{\"@id\":\"https:\/\/brasilnoticias.org\/site\/americanas-diz-a-sindicatos-que-nao-fara-demissao-em-massa-ate-marco\/#primaryimage\"},\"thumbnailUrl\":\"https:\/\/brasilnoticias.org\/site\/wp-content\/uploads\/2023\/02\/naom_63c1532731d7a.jpg\",\"articleSection\":[\"Not\u00edcias\",\"\u00daltimas\"],\"inLanguage\":\"pt-PT\",\"potentialAction\":[{\"@type\":\"CommentAction\",\"name\":\"Comment\",\"target\":[\"https:\/\/brasilnoticias.org\/site\/americanas-diz-a-sindicatos-que-nao-fara-demissao-em-massa-ate-marco\/#respond\"]}]},{\"@type\":\"WebPage\",\"@id\":\"https:\/\/brasilnoticias.org\/site\/americanas-diz-a-sindicatos-que-nao-fara-demissao-em-massa-ate-marco\/\",\"url\":\"https:\/\/brasilnoticias.org\/site\/americanas-diz-a-sindicatos-que-nao-fara-demissao-em-massa-ate-marco\/\",\"name\":\"Americanas diz a sindicatos que n\u00e3o far\u00e1 demiss\u00e3o em massa at\u00e9 mar\u00e7o - Brasil not\u00edcias\",\"isPartOf\":{\"@id\":\"https:\/\/brasilnoticias.org\/site\/#website\"},\"primaryImageOfPage\":{\"@id\":\"https:\/\/brasilnoticias.org\/site\/americanas-diz-a-sindicatos-que-nao-fara-demissao-em-massa-ate-marco\/#primaryimage\"},\"image\":{\"@id\":\"https:\/\/brasilnoticias.org\/site\/americanas-diz-a-sindicatos-que-nao-fara-demissao-em-massa-ate-marco\/#primaryimage\"},\"thumbnailUrl\":\"https:\/\/brasilnoticias.org\/site\/wp-content\/uploads\/2023\/02\/naom_63c1532731d7a.jpg\",\"datePublished\":\"2023-02-14T09:15:17+00:00\",\"breadcrumb\":{\"@id\":\"https:\/\/brasilnoticias.org\/site\/americanas-diz-a-sindicatos-que-nao-fara-demissao-em-massa-ate-marco\/#breadcrumb\"},\"inLanguage\":\"pt-PT\",\"potentialAction\":[{\"@type\":\"ReadAction\",\"target\":[\"https:\/\/brasilnoticias.org\/site\/americanas-diz-a-sindicatos-que-nao-fara-demissao-em-massa-ate-marco\/\"]}]},{\"@type\":\"ImageObject\",\"inLanguage\":\"pt-PT\",\"@id\":\"https:\/\/brasilnoticias.org\/site\/americanas-diz-a-sindicatos-que-nao-fara-demissao-em-massa-ate-marco\/#primaryimage\",\"url\":\"https:\/\/brasilnoticias.org\/site\/wp-content\/uploads\/2023\/02\/naom_63c1532731d7a.jpg\",\"contentUrl\":\"https:\/\/brasilnoticias.org\/site\/wp-content\/uploads\/2023\/02\/naom_63c1532731d7a.jpg\",\"width\":960,\"height\":540},{\"@type\":\"BreadcrumbList\",\"@id\":\"https:\/\/brasilnoticias.org\/site\/americanas-diz-a-sindicatos-que-nao-fara-demissao-em-massa-ate-marco\/#breadcrumb\",\"itemListElement\":[{\"@type\":\"ListItem\",\"position\":1,\"name\":\"In\u00edcio\",\"item\":\"https:\/\/brasilnoticias.org\/site\/\"},{\"@type\":\"ListItem\",\"position\":2,\"name\":\"Americanas diz a sindicatos que n\u00e3o far\u00e1 demiss\u00e3o em massa at\u00e9 mar\u00e7o\"}]},{\"@type\":\"WebSite\",\"@id\":\"https:\/\/brasilnoticias.org\/site\/#website\",\"url\":\"https:\/\/brasilnoticias.org\/site\/\",\"name\":\"Brasil not\u00edcias\",\"description\":\"Brasil not\u00edcias\",\"publisher\":{\"@id\":\"https:\/\/brasilnoticias.org\/site\/#organization\"},\"potentialAction\":[{\"@type\":\"SearchAction\",\"target\":{\"@type\":\"EntryPoint\",\"urlTemplate\":\"https:\/\/brasilnoticias.org\/site\/?s={search_term_string}\"},\"query-input\":{\"@type\":\"PropertyValueSpecification\",\"valueRequired\":true,\"valueName\":\"search_term_string\"}}],\"inLanguage\":\"pt-PT\"},{\"@type\":\"Organization\",\"@id\":\"https:\/\/brasilnoticias.org\/site\/#organization\",\"name\":\"Brasil not\u00edcias\",\"url\":\"https:\/\/brasilnoticias.org\/site\/\",\"logo\":{\"@type\":\"ImageObject\",\"inLanguage\":\"pt-PT\",\"@id\":\"https:\/\/brasilnoticias.org\/site\/#\/schema\/logo\/image\/\",\"url\":\"https:\/\/brasilnoticias.org\/site\/wp-content\/uploads\/2022\/05\/cropped-brasilnoticias-mini.jpg\",\"contentUrl\":\"https:\/\/brasilnoticias.org\/site\/wp-content\/uploads\/2022\/05\/cropped-brasilnoticias-mini.jpg\",\"width\":314,\"height\":86,\"caption\":\"Brasil not\u00edcias\"},\"image\":{\"@id\":\"https:\/\/brasilnoticias.org\/site\/#\/schema\/logo\/image\/\"}},{\"@type\":\"Person\",\"@id\":\"https:\/\/brasilnoticias.org\/site\/#\/schema\/person\/a0e05b973ec4d15c658d51911e53507b\",\"name\":\"Reda\u00e7\u00e3o\",\"image\":{\"@type\":\"ImageObject\",\"inLanguage\":\"pt-PT\",\"@id\":\"https:\/\/brasilnoticias.org\/site\/#\/schema\/person\/image\/\",\"url\":\"https:\/\/secure.gravatar.com\/avatar\/75d8b050df2de108b08ae78dfb8e374892df24a383c67db9c46a9c604f6aee9c?s=96&d=mm&r=g\",\"contentUrl\":\"https:\/\/secure.gravatar.com\/avatar\/75d8b050df2de108b08ae78dfb8e374892df24a383c67db9c46a9c604f6aee9c?s=96&d=mm&r=g\",\"caption\":\"Reda\u00e7\u00e3o\"},\"sameAs\":[\"https:\/\/brasilnoticias.org\/site\"],\"url\":\"https:\/\/brasilnoticias.org\/site\/author\/fernandozsngmail-com\/\"}]}<\/script>\n<!-- \/ Yoast SEO plugin. -->","yoast_head_json":{"title":"Americanas diz a sindicatos que n\u00e3o far\u00e1 demiss\u00e3o em massa at\u00e9 mar\u00e7o - Brasil not\u00edcias","robots":{"index":"index","follow":"follow","max-snippet":"max-snippet:-1","max-image-preview":"max-image-preview:large","max-video-preview":"max-video-preview:-1"},"canonical":"https:\/\/brasilnoticias.org\/site\/americanas-diz-a-sindicatos-que-nao-fara-demissao-em-massa-ate-marco\/","og_locale":"pt_PT","og_type":"article","og_title":"Americanas diz a sindicatos que n\u00e3o far\u00e1 demiss\u00e3o em massa at\u00e9 mar\u00e7o - Brasil not\u00edcias","og_description":"A Americanas se comprometeu a n\u00e3o fazer demiss\u00f5es em massa at\u00e9 a data da apresenta\u00e7\u00e3o do plano de recupera\u00e7\u00e3o, marcada","og_url":"https:\/\/brasilnoticias.org\/site\/americanas-diz-a-sindicatos-que-nao-fara-demissao-em-massa-ate-marco\/","og_site_name":"Brasil not\u00edcias","article_published_time":"2023-02-14T09:15:17+00:00","og_image":[{"width":960,"height":540,"url":"https:\/\/brasilnoticias.org\/site\/wp-content\/uploads\/2023\/02\/naom_63c1532731d7a.jpg","type":"image\/jpeg"}],"author":"Reda\u00e7\u00e3o","twitter_card":"summary_large_image","twitter_misc":{"Escrito por":"Reda\u00e7\u00e3o","Tempo estimado de leitura":"2 minutos"},"schema":{"@context":"https:\/\/schema.org","@graph":[{"@type":"Article","@id":"https:\/\/brasilnoticias.org\/site\/americanas-diz-a-sindicatos-que-nao-fara-demissao-em-massa-ate-marco\/#article","isPartOf":{"@id":"https:\/\/brasilnoticias.org\/site\/americanas-diz-a-sindicatos-que-nao-fara-demissao-em-massa-ate-marco\/"},"author":{"name":"Reda\u00e7\u00e3o","@id":"https:\/\/brasilnoticias.org\/site\/#\/schema\/person\/a0e05b973ec4d15c658d51911e53507b"},"headline":"Americanas diz a sindicatos que n\u00e3o far\u00e1 demiss\u00e3o em massa at\u00e9 mar\u00e7o","datePublished":"2023-02-14T09:15:17+00:00","mainEntityOfPage":{"@id":"https:\/\/brasilnoticias.org\/site\/americanas-diz-a-sindicatos-que-nao-fara-demissao-em-massa-ate-marco\/"},"wordCount":496,"commentCount":0,"publisher":{"@id":"https:\/\/brasilnoticias.org\/site\/#organization"},"image":{"@id":"https:\/\/brasilnoticias.org\/site\/americanas-diz-a-sindicatos-que-nao-fara-demissao-em-massa-ate-marco\/#primaryimage"},"thumbnailUrl":"https:\/\/brasilnoticias.org\/site\/wp-content\/uploads\/2023\/02\/naom_63c1532731d7a.jpg","articleSection":["Not\u00edcias","\u00daltimas"],"inLanguage":"pt-PT","potentialAction":[{"@type":"CommentAction","name":"Comment","target":["https:\/\/brasilnoticias.org\/site\/americanas-diz-a-sindicatos-que-nao-fara-demissao-em-massa-ate-marco\/#respond"]}]},{"@type":"WebPage","@id":"https:\/\/brasilnoticias.org\/site\/americanas-diz-a-sindicatos-que-nao-fara-demissao-em-massa-ate-marco\/","url":"https:\/\/brasilnoticias.org\/site\/americanas-diz-a-sindicatos-que-nao-fara-demissao-em-massa-ate-marco\/","name":"Americanas diz a sindicatos que n\u00e3o far\u00e1 demiss\u00e3o em massa at\u00e9 mar\u00e7o - Brasil not\u00edcias","isPartOf":{"@id":"https:\/\/brasilnoticias.org\/site\/#website"},"primaryImageOfPage":{"@id":"https:\/\/brasilnoticias.org\/site\/americanas-diz-a-sindicatos-que-nao-fara-demissao-em-massa-ate-marco\/#primaryimage"},"image":{"@id":"https:\/\/brasilnoticias.org\/site\/americanas-diz-a-sindicatos-que-nao-fara-demissao-em-massa-ate-marco\/#primaryimage"},"thumbnailUrl":"https:\/\/brasilnoticias.org\/site\/wp-content\/uploads\/2023\/02\/naom_63c1532731d7a.jpg","datePublished":"2023-02-14T09:15:17+00:00","breadcrumb":{"@id":"https:\/\/brasilnoticias.org\/site\/americanas-diz-a-sindicatos-que-nao-fara-demissao-em-massa-ate-marco\/#breadcrumb"},"inLanguage":"pt-PT","potentialAction":[{"@type":"ReadAction","target":["https:\/\/brasilnoticias.org\/site\/americanas-diz-a-sindicatos-que-nao-fara-demissao-em-massa-ate-marco\/"]}]},{"@type":"ImageObject","inLanguage":"pt-PT","@id":"https:\/\/brasilnoticias.org\/site\/americanas-diz-a-sindicatos-que-nao-fara-demissao-em-massa-ate-marco\/#primaryimage","url":"https:\/\/brasilnoticias.org\/site\/wp-content\/uploads\/2023\/02\/naom_63c1532731d7a.jpg","contentUrl":"https:\/\/brasilnoticias.org\/site\/wp-content\/uploads\/2023\/02\/naom_63c1532731d7a.jpg","width":960,"height":540},{"@type":"BreadcrumbList","@id":"https:\/\/brasilnoticias.org\/site\/americanas-diz-a-sindicatos-que-nao-fara-demissao-em-massa-ate-marco\/#breadcrumb","itemListElement":[{"@type":"ListItem","position":1,"name":"In\u00edcio","item":"https:\/\/brasilnoticias.org\/site\/"},{"@type":"ListItem","position":2,"name":"Americanas diz a sindicatos que n\u00e3o far\u00e1 demiss\u00e3o em massa at\u00e9 mar\u00e7o"}]},{"@type":"WebSite","@id":"https:\/\/brasilnoticias.org\/site\/#website","url":"https:\/\/brasilnoticias.org\/site\/","name":"Brasil not\u00edcias","description":"Brasil not\u00edcias","publisher":{"@id":"https:\/\/brasilnoticias.org\/site\/#organization"},"potentialAction":[{"@type":"SearchAction","target":{"@type":"EntryPoint","urlTemplate":"https:\/\/brasilnoticias.org\/site\/?s={search_term_string}"},"query-input":{"@type":"PropertyValueSpecification","valueRequired":true,"valueName":"search_term_string"}}],"inLanguage":"pt-PT"},{"@type":"Organization","@id":"https:\/\/brasilnoticias.org\/site\/#organization","name":"Brasil not\u00edcias","url":"https:\/\/brasilnoticias.org\/site\/","logo":{"@type":"ImageObject","inLanguage":"pt-PT","@id":"https:\/\/brasilnoticias.org\/site\/#\/schema\/logo\/image\/","url":"https:\/\/brasilnoticias.org\/site\/wp-content\/uploads\/2022\/05\/cropped-brasilnoticias-mini.jpg","contentUrl":"https:\/\/brasilnoticias.org\/site\/wp-content\/uploads\/2022\/05\/cropped-brasilnoticias-mini.jpg","width":314,"height":86,"caption":"Brasil not\u00edcias"},"image":{"@id":"https:\/\/brasilnoticias.org\/site\/#\/schema\/logo\/image\/"}},{"@type":"Person","@id":"https:\/\/brasilnoticias.org\/site\/#\/schema\/person\/a0e05b973ec4d15c658d51911e53507b","name":"Reda\u00e7\u00e3o","image":{"@type":"ImageObject","inLanguage":"pt-PT","@id":"https:\/\/brasilnoticias.org\/site\/#\/schema\/person\/image\/","url":"https:\/\/secure.gravatar.com\/avatar\/75d8b050df2de108b08ae78dfb8e374892df24a383c67db9c46a9c604f6aee9c?s=96&d=mm&r=g","contentUrl":"https:\/\/secure.gravatar.com\/avatar\/75d8b050df2de108b08ae78dfb8e374892df24a383c67db9c46a9c604f6aee9c?s=96&d=mm&r=g","caption":"Reda\u00e7\u00e3o"},"sameAs":["https:\/\/brasilnoticias.org\/site"],"url":"https:\/\/brasilnoticias.org\/site\/author\/fernandozsngmail-com\/"}]}},"_links":{"self":[{"href":"https:\/\/brasilnoticias.org\/site\/wp-json\/wp\/v2\/posts\/3947","targetHints":{"allow":["GET"]}}],"collection":[{"href":"https:\/\/brasilnoticias.org\/site\/wp-json\/wp\/v2\/posts"}],"about":[{"href":"https:\/\/brasilnoticias.org\/site\/wp-json\/wp\/v2\/types\/post"}],"author":[{"embeddable":true,"href":"https:\/\/brasilnoticias.org\/site\/wp-json\/wp\/v2\/users\/1"}],"replies":[{"embeddable":true,"href":"https:\/\/brasilnoticias.org\/site\/wp-json\/wp\/v2\/comments?post=3947"}],"version-history":[{"count":1,"href":"https:\/\/brasilnoticias.org\/site\/wp-json\/wp\/v2\/posts\/3947\/revisions"}],"predecessor-version":[{"id":3949,"href":"https:\/\/brasilnoticias.org\/site\/wp-json\/wp\/v2\/posts\/3947\/revisions\/3949"}],"wp:featuredmedia":[{"embeddable":true,"href":"https:\/\/brasilnoticias.org\/site\/wp-json\/wp\/v2\/media\/3948"}],"wp:attachment":[{"href":"https:\/\/brasilnoticias.org\/site\/wp-json\/wp\/v2\/media?parent=3947"}],"wp:term":[{"taxonomy":"category","embeddable":true,"href":"https:\/\/brasilnoticias.org\/site\/wp-json\/wp\/v2\/categories?post=3947"},{"taxonomy":"post_tag","embeddable":true,"href":"https:\/\/brasilnoticias.org\/site\/wp-json\/wp\/v2\/tags?post=3947"}],"curies":[{"name":"wp","href":"https:\/\/api.w.org\/{rel}","templated":true}]}}