{"id":3994,"date":"2023-02-15T17:31:44","date_gmt":"2023-02-15T20:31:44","guid":{"rendered":"https:\/\/brasilnoticias.org\/site\/?p=3994"},"modified":"2023-02-15T17:32:10","modified_gmt":"2023-02-15T20:32:10","slug":"nao-adianta-colocar-um-leigo-em-medicina-para-fazer-uma-cirurgia-diz-capitao-alden-sobre-os-debates-atuais-com-as-cameras-na-farda-da-pm","status":"publish","type":"post","link":"https:\/\/brasilnoticias.org\/site\/nao-adianta-colocar-um-leigo-em-medicina-para-fazer-uma-cirurgia-diz-capitao-alden-sobre-os-debates-atuais-com-as-cameras-na-farda-da-pm\/","title":{"rendered":"\u201cN\u00e3o adianta colocar um leigo em medicina para fazer uma cirurgia\u201d, diz Capit\u00e3o Alden sobre os debates atuais com as c\u00e2meras na farda da PM"},"content":{"rendered":"<p>Deputado considera uma falta de respeito n\u00e3o tratar o tema com especialistas<\/p>\n<p>O pa\u00eds segue em ritmo de carnaval, mas a classe pol\u00edtica come\u00e7a a se debru\u00e7ar sobre um tema pol\u00eamico que vem gerando discuss\u00f5es, especialmente, com os pol\u00edticos de origem militar, a exemplo do deputado federal Capit\u00e3o Alden (PL-BA). O parlamentar \u00e9 bastante cr\u00edtico com a proposta que j\u00e1 vem sendo ventilada em seu estado e agora tamb\u00e9m tem ganhado a aten\u00e7\u00e3o do Governo Federal.<\/p>\n<p>Para o deputado, as discuss\u00f5es que v\u00eam ocorrendo s\u00e3o superficiais e na grande maioria dos casos s\u00e3o desenvolvidas por profissionais que n\u00e3o possuem propriedade sobre o assunto. \u201cN\u00e3o se coloca um leigo em medicina para fazer uma cirurgia. Isso \u00e9 o que tem ocorrido com o tema c\u00e2meras nos uniformes dos policiais, tem muitos \u2018leigos\u2019 querendo ser \u2018expert\u2019 em Seguran\u00e7a P\u00fablica\u201d, comenta Alden.<\/p>\n<p>Durante seu discurso nesta ter\u00e7a-feira (15), o parlamentar se posicionou contr\u00e1rio \u00e0 implanta\u00e7\u00e3o das c\u00e2meras no uniforme da tropa, pois para o deputado as prioridades s\u00e3o outras, como a valoriza\u00e7\u00e3o da carreira, retaguarda social e jur\u00eddica, capacita\u00e7\u00e3o, equipamentos adequados e blindagens das viaturas policiais. De acordo com o pol\u00edtico, sem uma discuss\u00e3o qualificada, a medida ser\u00e1 \u201cempurrada goela\u201d abaixo sem os devidos debates, o que vai configurar um desrespeito a categoria e um risco tamb\u00e9m para a popula\u00e7\u00e3o.<\/p>\n<p>Capit\u00e3o Alden &#8211; Capit\u00e3o da Pol\u00edcia Militar e especialista em Preven\u00e7\u00e3o da Viol\u00eancia, Promo\u00e7\u00e3o da Justi\u00e7a, Seguran\u00e7a e Cidadania e An\u00e1lise Criminal. Com experi\u00eancia de cerca de 20 anos na Pol\u00edcia Militar da Bahia. Al\u00e9m disso, o deputado federal \u00e9 Instrutor de Armamento e Tiro &#8211; IAT.<\/p>\n<p>Confira na \u00edntegra v\u00eddeo do deputado federal Capit\u00e3o Alden tratando do tema:<br \/>\n<a href=\"https:\/\/youtu.be\/Mnyrm7j2UVc\">https:\/\/youtu.be\/Mnyrm7j2UVc<\/a><\/p>\n","protected":false},"excerpt":{"rendered":"<p>Deputado considera uma falta de respeito n\u00e3o tratar o tema com especialistas O pa\u00eds segue em ritmo de carnaval, mas<\/p>\n","protected":false},"author":1,"featured_media":3995,"comment_status":"open","ping_status":"open","sticky":false,"template":"","format":"standard","meta":{"colormag_page_container_layout":"default_layout","colormag_page_sidebar_layout":"default_layout","_FSMCFIC_featured_image_caption":"","_FSMCFIC_featured_image_nocaption":"","_FSMCFIC_featured_image_hide":"","footnotes":""},"categories":[5,1],"tags":[],"class_list":["post-3994","post","type-post","status-publish","format-standard","has-post-thumbnail","hentry","category-politica","category-ultimas"],"yoast_head":"<!-- This site is optimized with the Yoast SEO plugin v27.1.1 - https:\/\/yoast.com\/product\/yoast-seo-wordpress\/ -->\n<title>\u201cN\u00e3o adianta colocar um leigo em medicina para fazer uma cirurgia\u201d, diz Capit\u00e3o Alden sobre os debates atuais com as c\u00e2meras na farda da PM - Brasil not\u00edcias<\/title>\n<meta name=\"robots\" content=\"index, follow, max-snippet:-1, max-image-preview:large, max-video-preview:-1\" \/>\n<link rel=\"canonical\" href=\"https:\/\/brasilnoticias.org\/site\/nao-adianta-colocar-um-leigo-em-medicina-para-fazer-uma-cirurgia-diz-capitao-alden-sobre-os-debates-atuais-com-as-cameras-na-farda-da-pm\/\" \/>\n<meta property=\"og:locale\" content=\"pt_PT\" \/>\n<meta property=\"og:type\" content=\"article\" \/>\n<meta property=\"og:title\" content=\"\u201cN\u00e3o adianta colocar um leigo em medicina para fazer uma cirurgia\u201d, diz Capit\u00e3o Alden sobre os debates atuais com as c\u00e2meras na farda da PM - Brasil not\u00edcias\" \/>\n<meta property=\"og:description\" content=\"Deputado considera uma falta de respeito n\u00e3o tratar o tema com especialistas O pa\u00eds segue em ritmo de carnaval, mas\" \/>\n<meta property=\"og:url\" content=\"https:\/\/brasilnoticias.org\/site\/nao-adianta-colocar-um-leigo-em-medicina-para-fazer-uma-cirurgia-diz-capitao-alden-sobre-os-debates-atuais-com-as-cameras-na-farda-da-pm\/\" \/>\n<meta property=\"og:site_name\" content=\"Brasil not\u00edcias\" \/>\n<meta property=\"article:published_time\" content=\"2023-02-15T20:31:44+00:00\" \/>\n<meta property=\"article:modified_time\" content=\"2023-02-15T20:32:10+00:00\" \/>\n<meta property=\"og:image\" content=\"https:\/\/brasilnoticias.org\/site\/wp-content\/uploads\/2023\/02\/WhatsApp-Image-2023-02-15-at-17.21.49.jpeg\" \/>\n\t<meta property=\"og:image:width\" content=\"1024\" \/>\n\t<meta property=\"og:image:height\" content=\"683\" \/>\n\t<meta property=\"og:image:type\" content=\"image\/jpeg\" \/>\n<meta name=\"author\" content=\"Reda\u00e7\u00e3o\" \/>\n<meta name=\"twitter:card\" content=\"summary_large_image\" \/>\n<meta name=\"twitter:label1\" content=\"Escrito por\" \/>\n\t<meta name=\"twitter:data1\" content=\"Reda\u00e7\u00e3o\" \/>\n\t<meta name=\"twitter:label2\" content=\"Tempo estimado de leitura\" \/>\n\t<meta name=\"twitter:data2\" content=\"2 minutos\" \/>\n<script type=\"application\/ld+json\" class=\"yoast-schema-graph\">{\"@context\":\"https:\/\/schema.org\",\"@graph\":[{\"@type\":\"Article\",\"@id\":\"https:\/\/brasilnoticias.org\/site\/nao-adianta-colocar-um-leigo-em-medicina-para-fazer-uma-cirurgia-diz-capitao-alden-sobre-os-debates-atuais-com-as-cameras-na-farda-da-pm\/#article\",\"isPartOf\":{\"@id\":\"https:\/\/brasilnoticias.org\/site\/nao-adianta-colocar-um-leigo-em-medicina-para-fazer-uma-cirurgia-diz-capitao-alden-sobre-os-debates-atuais-com-as-cameras-na-farda-da-pm\/\"},\"author\":{\"name\":\"Reda\u00e7\u00e3o\",\"@id\":\"https:\/\/brasilnoticias.org\/site\/#\/schema\/person\/a0e05b973ec4d15c658d51911e53507b\"},\"headline\":\"\u201cN\u00e3o adianta colocar um leigo em medicina para fazer uma cirurgia\u201d, diz Capit\u00e3o Alden sobre os debates atuais com as c\u00e2meras na farda da PM\",\"datePublished\":\"2023-02-15T20:31:44+00:00\",\"dateModified\":\"2023-02-15T20:32:10+00:00\",\"mainEntityOfPage\":{\"@id\":\"https:\/\/brasilnoticias.org\/site\/nao-adianta-colocar-um-leigo-em-medicina-para-fazer-uma-cirurgia-diz-capitao-alden-sobre-os-debates-atuais-com-as-cameras-na-farda-da-pm\/\"},\"wordCount\":351,\"commentCount\":0,\"publisher\":{\"@id\":\"https:\/\/brasilnoticias.org\/site\/#organization\"},\"image\":{\"@id\":\"https:\/\/brasilnoticias.org\/site\/nao-adianta-colocar-um-leigo-em-medicina-para-fazer-uma-cirurgia-diz-capitao-alden-sobre-os-debates-atuais-com-as-cameras-na-farda-da-pm\/#primaryimage\"},\"thumbnailUrl\":\"https:\/\/brasilnoticias.org\/site\/wp-content\/uploads\/2023\/02\/WhatsApp-Image-2023-02-15-at-17.21.49.jpeg\",\"articleSection\":[\"Pol\u00edtica\",\"\u00daltimas\"],\"inLanguage\":\"pt-PT\",\"potentialAction\":[{\"@type\":\"CommentAction\",\"name\":\"Comment\",\"target\":[\"https:\/\/brasilnoticias.org\/site\/nao-adianta-colocar-um-leigo-em-medicina-para-fazer-uma-cirurgia-diz-capitao-alden-sobre-os-debates-atuais-com-as-cameras-na-farda-da-pm\/#respond\"]}]},{\"@type\":\"WebPage\",\"@id\":\"https:\/\/brasilnoticias.org\/site\/nao-adianta-colocar-um-leigo-em-medicina-para-fazer-uma-cirurgia-diz-capitao-alden-sobre-os-debates-atuais-com-as-cameras-na-farda-da-pm\/\",\"url\":\"https:\/\/brasilnoticias.org\/site\/nao-adianta-colocar-um-leigo-em-medicina-para-fazer-uma-cirurgia-diz-capitao-alden-sobre-os-debates-atuais-com-as-cameras-na-farda-da-pm\/\",\"name\":\"\u201cN\u00e3o adianta colocar um leigo em medicina para fazer uma cirurgia\u201d, diz Capit\u00e3o Alden sobre os debates atuais com as c\u00e2meras na farda da PM - Brasil not\u00edcias\",\"isPartOf\":{\"@id\":\"https:\/\/brasilnoticias.org\/site\/#website\"},\"primaryImageOfPage\":{\"@id\":\"https:\/\/brasilnoticias.org\/site\/nao-adianta-colocar-um-leigo-em-medicina-para-fazer-uma-cirurgia-diz-capitao-alden-sobre-os-debates-atuais-com-as-cameras-na-farda-da-pm\/#primaryimage\"},\"image\":{\"@id\":\"https:\/\/brasilnoticias.org\/site\/nao-adianta-colocar-um-leigo-em-medicina-para-fazer-uma-cirurgia-diz-capitao-alden-sobre-os-debates-atuais-com-as-cameras-na-farda-da-pm\/#primaryimage\"},\"thumbnailUrl\":\"https:\/\/brasilnoticias.org\/site\/wp-content\/uploads\/2023\/02\/WhatsApp-Image-2023-02-15-at-17.21.49.jpeg\",\"datePublished\":\"2023-02-15T20:31:44+00:00\",\"dateModified\":\"2023-02-15T20:32:10+00:00\",\"breadcrumb\":{\"@id\":\"https:\/\/brasilnoticias.org\/site\/nao-adianta-colocar-um-leigo-em-medicina-para-fazer-uma-cirurgia-diz-capitao-alden-sobre-os-debates-atuais-com-as-cameras-na-farda-da-pm\/#breadcrumb\"},\"inLanguage\":\"pt-PT\",\"potentialAction\":[{\"@type\":\"ReadAction\",\"target\":[\"https:\/\/brasilnoticias.org\/site\/nao-adianta-colocar-um-leigo-em-medicina-para-fazer-uma-cirurgia-diz-capitao-alden-sobre-os-debates-atuais-com-as-cameras-na-farda-da-pm\/\"]}]},{\"@type\":\"ImageObject\",\"inLanguage\":\"pt-PT\",\"@id\":\"https:\/\/brasilnoticias.org\/site\/nao-adianta-colocar-um-leigo-em-medicina-para-fazer-uma-cirurgia-diz-capitao-alden-sobre-os-debates-atuais-com-as-cameras-na-farda-da-pm\/#primaryimage\",\"url\":\"https:\/\/brasilnoticias.org\/site\/wp-content\/uploads\/2023\/02\/WhatsApp-Image-2023-02-15-at-17.21.49.jpeg\",\"contentUrl\":\"https:\/\/brasilnoticias.org\/site\/wp-content\/uploads\/2023\/02\/WhatsApp-Image-2023-02-15-at-17.21.49.jpeg\",\"width\":1024,\"height\":683},{\"@type\":\"BreadcrumbList\",\"@id\":\"https:\/\/brasilnoticias.org\/site\/nao-adianta-colocar-um-leigo-em-medicina-para-fazer-uma-cirurgia-diz-capitao-alden-sobre-os-debates-atuais-com-as-cameras-na-farda-da-pm\/#breadcrumb\",\"itemListElement\":[{\"@type\":\"ListItem\",\"position\":1,\"name\":\"In\u00edcio\",\"item\":\"https:\/\/brasilnoticias.org\/site\/\"},{\"@type\":\"ListItem\",\"position\":2,\"name\":\"\u201cN\u00e3o adianta colocar um leigo em medicina para fazer uma cirurgia\u201d, diz Capit\u00e3o Alden sobre os debates atuais com as c\u00e2meras na farda da PM\"}]},{\"@type\":\"WebSite\",\"@id\":\"https:\/\/brasilnoticias.org\/site\/#website\",\"url\":\"https:\/\/brasilnoticias.org\/site\/\",\"name\":\"Brasil not\u00edcias\",\"description\":\"Brasil not\u00edcias\",\"publisher\":{\"@id\":\"https:\/\/brasilnoticias.org\/site\/#organization\"},\"potentialAction\":[{\"@type\":\"SearchAction\",\"target\":{\"@type\":\"EntryPoint\",\"urlTemplate\":\"https:\/\/brasilnoticias.org\/site\/?s={search_term_string}\"},\"query-input\":{\"@type\":\"PropertyValueSpecification\",\"valueRequired\":true,\"valueName\":\"search_term_string\"}}],\"inLanguage\":\"pt-PT\"},{\"@type\":\"Organization\",\"@id\":\"https:\/\/brasilnoticias.org\/site\/#organization\",\"name\":\"Brasil not\u00edcias\",\"url\":\"https:\/\/brasilnoticias.org\/site\/\",\"logo\":{\"@type\":\"ImageObject\",\"inLanguage\":\"pt-PT\",\"@id\":\"https:\/\/brasilnoticias.org\/site\/#\/schema\/logo\/image\/\",\"url\":\"https:\/\/brasilnoticias.org\/site\/wp-content\/uploads\/2022\/05\/cropped-brasilnoticias-mini.jpg\",\"contentUrl\":\"https:\/\/brasilnoticias.org\/site\/wp-content\/uploads\/2022\/05\/cropped-brasilnoticias-mini.jpg\",\"width\":314,\"height\":86,\"caption\":\"Brasil not\u00edcias\"},\"image\":{\"@id\":\"https:\/\/brasilnoticias.org\/site\/#\/schema\/logo\/image\/\"}},{\"@type\":\"Person\",\"@id\":\"https:\/\/brasilnoticias.org\/site\/#\/schema\/person\/a0e05b973ec4d15c658d51911e53507b\",\"name\":\"Reda\u00e7\u00e3o\",\"image\":{\"@type\":\"ImageObject\",\"inLanguage\":\"pt-PT\",\"@id\":\"https:\/\/brasilnoticias.org\/site\/#\/schema\/person\/image\/\",\"url\":\"https:\/\/secure.gravatar.com\/avatar\/75d8b050df2de108b08ae78dfb8e374892df24a383c67db9c46a9c604f6aee9c?s=96&d=mm&r=g\",\"contentUrl\":\"https:\/\/secure.gravatar.com\/avatar\/75d8b050df2de108b08ae78dfb8e374892df24a383c67db9c46a9c604f6aee9c?s=96&d=mm&r=g\",\"caption\":\"Reda\u00e7\u00e3o\"},\"sameAs\":[\"https:\/\/brasilnoticias.org\/site\"],\"url\":\"https:\/\/brasilnoticias.org\/site\/author\/fernandozsngmail-com\/\"}]}<\/script>\n<!-- \/ Yoast SEO plugin. -->","yoast_head_json":{"title":"\u201cN\u00e3o adianta colocar um leigo em medicina para fazer uma cirurgia\u201d, diz Capit\u00e3o Alden sobre os debates atuais com as c\u00e2meras na farda da PM - Brasil not\u00edcias","robots":{"index":"index","follow":"follow","max-snippet":"max-snippet:-1","max-image-preview":"max-image-preview:large","max-video-preview":"max-video-preview:-1"},"canonical":"https:\/\/brasilnoticias.org\/site\/nao-adianta-colocar-um-leigo-em-medicina-para-fazer-uma-cirurgia-diz-capitao-alden-sobre-os-debates-atuais-com-as-cameras-na-farda-da-pm\/","og_locale":"pt_PT","og_type":"article","og_title":"\u201cN\u00e3o adianta colocar um leigo em medicina para fazer uma cirurgia\u201d, diz Capit\u00e3o Alden sobre os debates atuais com as c\u00e2meras na farda da PM - Brasil not\u00edcias","og_description":"Deputado considera uma falta de respeito n\u00e3o tratar o tema com especialistas O pa\u00eds segue em ritmo de carnaval, mas","og_url":"https:\/\/brasilnoticias.org\/site\/nao-adianta-colocar-um-leigo-em-medicina-para-fazer-uma-cirurgia-diz-capitao-alden-sobre-os-debates-atuais-com-as-cameras-na-farda-da-pm\/","og_site_name":"Brasil not\u00edcias","article_published_time":"2023-02-15T20:31:44+00:00","article_modified_time":"2023-02-15T20:32:10+00:00","og_image":[{"width":1024,"height":683,"url":"https:\/\/brasilnoticias.org\/site\/wp-content\/uploads\/2023\/02\/WhatsApp-Image-2023-02-15-at-17.21.49.jpeg","type":"image\/jpeg"}],"author":"Reda\u00e7\u00e3o","twitter_card":"summary_large_image","twitter_misc":{"Escrito por":"Reda\u00e7\u00e3o","Tempo estimado de leitura":"2 minutos"},"schema":{"@context":"https:\/\/schema.org","@graph":[{"@type":"Article","@id":"https:\/\/brasilnoticias.org\/site\/nao-adianta-colocar-um-leigo-em-medicina-para-fazer-uma-cirurgia-diz-capitao-alden-sobre-os-debates-atuais-com-as-cameras-na-farda-da-pm\/#article","isPartOf":{"@id":"https:\/\/brasilnoticias.org\/site\/nao-adianta-colocar-um-leigo-em-medicina-para-fazer-uma-cirurgia-diz-capitao-alden-sobre-os-debates-atuais-com-as-cameras-na-farda-da-pm\/"},"author":{"name":"Reda\u00e7\u00e3o","@id":"https:\/\/brasilnoticias.org\/site\/#\/schema\/person\/a0e05b973ec4d15c658d51911e53507b"},"headline":"\u201cN\u00e3o adianta colocar um leigo em medicina para fazer uma cirurgia\u201d, diz Capit\u00e3o Alden sobre os debates atuais com as c\u00e2meras na farda da PM","datePublished":"2023-02-15T20:31:44+00:00","dateModified":"2023-02-15T20:32:10+00:00","mainEntityOfPage":{"@id":"https:\/\/brasilnoticias.org\/site\/nao-adianta-colocar-um-leigo-em-medicina-para-fazer-uma-cirurgia-diz-capitao-alden-sobre-os-debates-atuais-com-as-cameras-na-farda-da-pm\/"},"wordCount":351,"commentCount":0,"publisher":{"@id":"https:\/\/brasilnoticias.org\/site\/#organization"},"image":{"@id":"https:\/\/brasilnoticias.org\/site\/nao-adianta-colocar-um-leigo-em-medicina-para-fazer-uma-cirurgia-diz-capitao-alden-sobre-os-debates-atuais-com-as-cameras-na-farda-da-pm\/#primaryimage"},"thumbnailUrl":"https:\/\/brasilnoticias.org\/site\/wp-content\/uploads\/2023\/02\/WhatsApp-Image-2023-02-15-at-17.21.49.jpeg","articleSection":["Pol\u00edtica","\u00daltimas"],"inLanguage":"pt-PT","potentialAction":[{"@type":"CommentAction","name":"Comment","target":["https:\/\/brasilnoticias.org\/site\/nao-adianta-colocar-um-leigo-em-medicina-para-fazer-uma-cirurgia-diz-capitao-alden-sobre-os-debates-atuais-com-as-cameras-na-farda-da-pm\/#respond"]}]},{"@type":"WebPage","@id":"https:\/\/brasilnoticias.org\/site\/nao-adianta-colocar-um-leigo-em-medicina-para-fazer-uma-cirurgia-diz-capitao-alden-sobre-os-debates-atuais-com-as-cameras-na-farda-da-pm\/","url":"https:\/\/brasilnoticias.org\/site\/nao-adianta-colocar-um-leigo-em-medicina-para-fazer-uma-cirurgia-diz-capitao-alden-sobre-os-debates-atuais-com-as-cameras-na-farda-da-pm\/","name":"\u201cN\u00e3o adianta colocar um leigo em medicina para fazer uma cirurgia\u201d, diz Capit\u00e3o Alden sobre os debates atuais com as c\u00e2meras na farda da PM - Brasil not\u00edcias","isPartOf":{"@id":"https:\/\/brasilnoticias.org\/site\/#website"},"primaryImageOfPage":{"@id":"https:\/\/brasilnoticias.org\/site\/nao-adianta-colocar-um-leigo-em-medicina-para-fazer-uma-cirurgia-diz-capitao-alden-sobre-os-debates-atuais-com-as-cameras-na-farda-da-pm\/#primaryimage"},"image":{"@id":"https:\/\/brasilnoticias.org\/site\/nao-adianta-colocar-um-leigo-em-medicina-para-fazer-uma-cirurgia-diz-capitao-alden-sobre-os-debates-atuais-com-as-cameras-na-farda-da-pm\/#primaryimage"},"thumbnailUrl":"https:\/\/brasilnoticias.org\/site\/wp-content\/uploads\/2023\/02\/WhatsApp-Image-2023-02-15-at-17.21.49.jpeg","datePublished":"2023-02-15T20:31:44+00:00","dateModified":"2023-02-15T20:32:10+00:00","breadcrumb":{"@id":"https:\/\/brasilnoticias.org\/site\/nao-adianta-colocar-um-leigo-em-medicina-para-fazer-uma-cirurgia-diz-capitao-alden-sobre-os-debates-atuais-com-as-cameras-na-farda-da-pm\/#breadcrumb"},"inLanguage":"pt-PT","potentialAction":[{"@type":"ReadAction","target":["https:\/\/brasilnoticias.org\/site\/nao-adianta-colocar-um-leigo-em-medicina-para-fazer-uma-cirurgia-diz-capitao-alden-sobre-os-debates-atuais-com-as-cameras-na-farda-da-pm\/"]}]},{"@type":"ImageObject","inLanguage":"pt-PT","@id":"https:\/\/brasilnoticias.org\/site\/nao-adianta-colocar-um-leigo-em-medicina-para-fazer-uma-cirurgia-diz-capitao-alden-sobre-os-debates-atuais-com-as-cameras-na-farda-da-pm\/#primaryimage","url":"https:\/\/brasilnoticias.org\/site\/wp-content\/uploads\/2023\/02\/WhatsApp-Image-2023-02-15-at-17.21.49.jpeg","contentUrl":"https:\/\/brasilnoticias.org\/site\/wp-content\/uploads\/2023\/02\/WhatsApp-Image-2023-02-15-at-17.21.49.jpeg","width":1024,"height":683},{"@type":"BreadcrumbList","@id":"https:\/\/brasilnoticias.org\/site\/nao-adianta-colocar-um-leigo-em-medicina-para-fazer-uma-cirurgia-diz-capitao-alden-sobre-os-debates-atuais-com-as-cameras-na-farda-da-pm\/#breadcrumb","itemListElement":[{"@type":"ListItem","position":1,"name":"In\u00edcio","item":"https:\/\/brasilnoticias.org\/site\/"},{"@type":"ListItem","position":2,"name":"\u201cN\u00e3o adianta colocar um leigo em medicina para fazer uma cirurgia\u201d, diz Capit\u00e3o Alden sobre os debates atuais com as c\u00e2meras na farda da PM"}]},{"@type":"WebSite","@id":"https:\/\/brasilnoticias.org\/site\/#website","url":"https:\/\/brasilnoticias.org\/site\/","name":"Brasil not\u00edcias","description":"Brasil not\u00edcias","publisher":{"@id":"https:\/\/brasilnoticias.org\/site\/#organization"},"potentialAction":[{"@type":"SearchAction","target":{"@type":"EntryPoint","urlTemplate":"https:\/\/brasilnoticias.org\/site\/?s={search_term_string}"},"query-input":{"@type":"PropertyValueSpecification","valueRequired":true,"valueName":"search_term_string"}}],"inLanguage":"pt-PT"},{"@type":"Organization","@id":"https:\/\/brasilnoticias.org\/site\/#organization","name":"Brasil not\u00edcias","url":"https:\/\/brasilnoticias.org\/site\/","logo":{"@type":"ImageObject","inLanguage":"pt-PT","@id":"https:\/\/brasilnoticias.org\/site\/#\/schema\/logo\/image\/","url":"https:\/\/brasilnoticias.org\/site\/wp-content\/uploads\/2022\/05\/cropped-brasilnoticias-mini.jpg","contentUrl":"https:\/\/brasilnoticias.org\/site\/wp-content\/uploads\/2022\/05\/cropped-brasilnoticias-mini.jpg","width":314,"height":86,"caption":"Brasil not\u00edcias"},"image":{"@id":"https:\/\/brasilnoticias.org\/site\/#\/schema\/logo\/image\/"}},{"@type":"Person","@id":"https:\/\/brasilnoticias.org\/site\/#\/schema\/person\/a0e05b973ec4d15c658d51911e53507b","name":"Reda\u00e7\u00e3o","image":{"@type":"ImageObject","inLanguage":"pt-PT","@id":"https:\/\/brasilnoticias.org\/site\/#\/schema\/person\/image\/","url":"https:\/\/secure.gravatar.com\/avatar\/75d8b050df2de108b08ae78dfb8e374892df24a383c67db9c46a9c604f6aee9c?s=96&d=mm&r=g","contentUrl":"https:\/\/secure.gravatar.com\/avatar\/75d8b050df2de108b08ae78dfb8e374892df24a383c67db9c46a9c604f6aee9c?s=96&d=mm&r=g","caption":"Reda\u00e7\u00e3o"},"sameAs":["https:\/\/brasilnoticias.org\/site"],"url":"https:\/\/brasilnoticias.org\/site\/author\/fernandozsngmail-com\/"}]}},"_links":{"self":[{"href":"https:\/\/brasilnoticias.org\/site\/wp-json\/wp\/v2\/posts\/3994","targetHints":{"allow":["GET"]}}],"collection":[{"href":"https:\/\/brasilnoticias.org\/site\/wp-json\/wp\/v2\/posts"}],"about":[{"href":"https:\/\/brasilnoticias.org\/site\/wp-json\/wp\/v2\/types\/post"}],"author":[{"embeddable":true,"href":"https:\/\/brasilnoticias.org\/site\/wp-json\/wp\/v2\/users\/1"}],"replies":[{"embeddable":true,"href":"https:\/\/brasilnoticias.org\/site\/wp-json\/wp\/v2\/comments?post=3994"}],"version-history":[{"count":2,"href":"https:\/\/brasilnoticias.org\/site\/wp-json\/wp\/v2\/posts\/3994\/revisions"}],"predecessor-version":[{"id":3997,"href":"https:\/\/brasilnoticias.org\/site\/wp-json\/wp\/v2\/posts\/3994\/revisions\/3997"}],"wp:featuredmedia":[{"embeddable":true,"href":"https:\/\/brasilnoticias.org\/site\/wp-json\/wp\/v2\/media\/3995"}],"wp:attachment":[{"href":"https:\/\/brasilnoticias.org\/site\/wp-json\/wp\/v2\/media?parent=3994"}],"wp:term":[{"taxonomy":"category","embeddable":true,"href":"https:\/\/brasilnoticias.org\/site\/wp-json\/wp\/v2\/categories?post=3994"},{"taxonomy":"post_tag","embeddable":true,"href":"https:\/\/brasilnoticias.org\/site\/wp-json\/wp\/v2\/tags?post=3994"}],"curies":[{"name":"wp","href":"https:\/\/api.w.org\/{rel}","templated":true}]}}