{"id":3998,"date":"2023-02-15T18:00:47","date_gmt":"2023-02-15T21:00:47","guid":{"rendered":"https:\/\/brasilnoticias.org\/site\/?p=3998"},"modified":"2023-02-15T17:35:00","modified_gmt":"2023-02-15T20:35:00","slug":"primeiro-amistoso-do-brasil-sera-contra-o-marrocos-anuncia-cbf","status":"publish","type":"post","link":"https:\/\/brasilnoticias.org\/site\/primeiro-amistoso-do-brasil-sera-contra-o-marrocos-anuncia-cbf\/","title":{"rendered":"Primeiro amistoso do Brasil ser\u00e1 contra o Marrocos, anuncia CBF"},"content":{"rendered":"<p>A Confedera\u00e7\u00e3o Brasileira de Futebol (CBF) anunciou, nesta quarta-feira (15), que o primeiro amistoso da Sele\u00e7\u00e3o Brasileira j\u00e1 tem data marcada. No dia 25 de mar\u00e7o, os jogadores v\u00e3o enfrentar o time do Marrocos nos gramados do Est\u00e1dio Ibn Batouta, localizado na cidade marroquina de T\u00e2nger.<\/p>\n<p>&#8220;Este \u00e9 o in\u00edcio de um novo ciclo para o futebol brasileiro. E a CBF d\u00e1 o pontap\u00e9 inicial com a nossa sele\u00e7\u00e3o entrando em campo contra um advers\u00e1rio forte, que \u00e9 o Marrocos, que chegou \u00e0s semifinais da Copa do Mundo do Catar, no ano passado. Ser\u00e1 um bom teste para a Sele\u00e7\u00e3o Brasileira Masculina. E, certamente, um jogo que ir\u00e1 despertar o interesse do torcedor brasileiro&#8221;, declarou Ednaldo Rodrigues, presidente da CBF.<\/p>\n<p>Al\u00e9m disso, a entidade divulgou que o t\u00e9cnico interino da Sele\u00e7\u00e3o Brasileira ser\u00e1 Ramon Menezes, que celebrou, no \u00faltimo domingo (12), a conquista do t\u00edtulo do Campeonato Sul-Americano com a sele\u00e7\u00e3o Sub-20.<\/p>\n<p>&nbsp;<\/p>\n<p>Foto: Reprodu\u00e7\u00e3o\/Lucas Figueiredo\/CBF<br \/>\nPor: Metro1<\/p>\n","protected":false},"excerpt":{"rendered":"<p>A Confedera\u00e7\u00e3o Brasileira de Futebol (CBF) anunciou, nesta quarta-feira (15), que o primeiro amistoso da Sele\u00e7\u00e3o Brasileira j\u00e1 tem data<\/p>\n","protected":false},"author":1,"featured_media":3999,"comment_status":"open","ping_status":"open","sticky":false,"template":"","format":"standard","meta":{"colormag_page_container_layout":"default_layout","colormag_page_sidebar_layout":"default_layout","_FSMCFIC_featured_image_caption":"","_FSMCFIC_featured_image_nocaption":"","_FSMCFIC_featured_image_hide":"","footnotes":""},"categories":[4,1],"tags":[],"class_list":["post-3998","post","type-post","status-publish","format-standard","has-post-thumbnail","hentry","category-esporte","category-ultimas"],"yoast_head":"<!-- This site is optimized with the Yoast SEO plugin v27.1.1 - https:\/\/yoast.com\/product\/yoast-seo-wordpress\/ -->\n<title>Primeiro amistoso do Brasil ser\u00e1 contra o Marrocos, anuncia CBF - Brasil not\u00edcias<\/title>\n<meta name=\"robots\" content=\"index, follow, max-snippet:-1, max-image-preview:large, max-video-preview:-1\" \/>\n<link rel=\"canonical\" href=\"https:\/\/brasilnoticias.org\/site\/primeiro-amistoso-do-brasil-sera-contra-o-marrocos-anuncia-cbf\/\" \/>\n<meta property=\"og:locale\" content=\"pt_PT\" \/>\n<meta property=\"og:type\" content=\"article\" \/>\n<meta property=\"og:title\" content=\"Primeiro amistoso do Brasil ser\u00e1 contra o Marrocos, anuncia CBF - Brasil not\u00edcias\" \/>\n<meta property=\"og:description\" content=\"A Confedera\u00e7\u00e3o Brasileira de Futebol (CBF) anunciou, nesta quarta-feira (15), que o primeiro amistoso da Sele\u00e7\u00e3o Brasileira j\u00e1 tem data\" \/>\n<meta property=\"og:url\" content=\"https:\/\/brasilnoticias.org\/site\/primeiro-amistoso-do-brasil-sera-contra-o-marrocos-anuncia-cbf\/\" \/>\n<meta property=\"og:site_name\" content=\"Brasil not\u00edcias\" \/>\n<meta property=\"article:published_time\" content=\"2023-02-15T21:00:47+00:00\" \/>\n<meta property=\"og:image\" content=\"https:\/\/brasilnoticias.org\/site\/wp-content\/uploads\/2023\/02\/133261primeiro-amistoso-do-brasil-sera-contra-o-marrocos-anuncia-cbf-3.jpg\" \/>\n\t<meta property=\"og:image:width\" content=\"1600\" \/>\n\t<meta property=\"og:image:height\" content=\"752\" \/>\n\t<meta property=\"og:image:type\" content=\"image\/jpeg\" \/>\n<meta name=\"author\" content=\"Reda\u00e7\u00e3o\" \/>\n<meta name=\"twitter:card\" content=\"summary_large_image\" \/>\n<meta name=\"twitter:label1\" content=\"Escrito por\" \/>\n\t<meta name=\"twitter:data1\" content=\"Reda\u00e7\u00e3o\" \/>\n\t<meta name=\"twitter:label2\" content=\"Tempo estimado de leitura\" \/>\n\t<meta name=\"twitter:data2\" content=\"1 minuto\" \/>\n<script type=\"application\/ld+json\" class=\"yoast-schema-graph\">{\"@context\":\"https:\/\/schema.org\",\"@graph\":[{\"@type\":\"Article\",\"@id\":\"https:\/\/brasilnoticias.org\/site\/primeiro-amistoso-do-brasil-sera-contra-o-marrocos-anuncia-cbf\/#article\",\"isPartOf\":{\"@id\":\"https:\/\/brasilnoticias.org\/site\/primeiro-amistoso-do-brasil-sera-contra-o-marrocos-anuncia-cbf\/\"},\"author\":{\"name\":\"Reda\u00e7\u00e3o\",\"@id\":\"https:\/\/brasilnoticias.org\/site\/#\/schema\/person\/a0e05b973ec4d15c658d51911e53507b\"},\"headline\":\"Primeiro amistoso do Brasil ser\u00e1 contra o Marrocos, anuncia CBF\",\"datePublished\":\"2023-02-15T21:00:47+00:00\",\"mainEntityOfPage\":{\"@id\":\"https:\/\/brasilnoticias.org\/site\/primeiro-amistoso-do-brasil-sera-contra-o-marrocos-anuncia-cbf\/\"},\"wordCount\":181,\"commentCount\":0,\"publisher\":{\"@id\":\"https:\/\/brasilnoticias.org\/site\/#organization\"},\"image\":{\"@id\":\"https:\/\/brasilnoticias.org\/site\/primeiro-amistoso-do-brasil-sera-contra-o-marrocos-anuncia-cbf\/#primaryimage\"},\"thumbnailUrl\":\"https:\/\/brasilnoticias.org\/site\/wp-content\/uploads\/2023\/02\/133261primeiro-amistoso-do-brasil-sera-contra-o-marrocos-anuncia-cbf-3.jpg\",\"articleSection\":[\"Esporte\",\"\u00daltimas\"],\"inLanguage\":\"pt-PT\",\"potentialAction\":[{\"@type\":\"CommentAction\",\"name\":\"Comment\",\"target\":[\"https:\/\/brasilnoticias.org\/site\/primeiro-amistoso-do-brasil-sera-contra-o-marrocos-anuncia-cbf\/#respond\"]}]},{\"@type\":\"WebPage\",\"@id\":\"https:\/\/brasilnoticias.org\/site\/primeiro-amistoso-do-brasil-sera-contra-o-marrocos-anuncia-cbf\/\",\"url\":\"https:\/\/brasilnoticias.org\/site\/primeiro-amistoso-do-brasil-sera-contra-o-marrocos-anuncia-cbf\/\",\"name\":\"Primeiro amistoso do Brasil ser\u00e1 contra o Marrocos, anuncia CBF - Brasil not\u00edcias\",\"isPartOf\":{\"@id\":\"https:\/\/brasilnoticias.org\/site\/#website\"},\"primaryImageOfPage\":{\"@id\":\"https:\/\/brasilnoticias.org\/site\/primeiro-amistoso-do-brasil-sera-contra-o-marrocos-anuncia-cbf\/#primaryimage\"},\"image\":{\"@id\":\"https:\/\/brasilnoticias.org\/site\/primeiro-amistoso-do-brasil-sera-contra-o-marrocos-anuncia-cbf\/#primaryimage\"},\"thumbnailUrl\":\"https:\/\/brasilnoticias.org\/site\/wp-content\/uploads\/2023\/02\/133261primeiro-amistoso-do-brasil-sera-contra-o-marrocos-anuncia-cbf-3.jpg\",\"datePublished\":\"2023-02-15T21:00:47+00:00\",\"breadcrumb\":{\"@id\":\"https:\/\/brasilnoticias.org\/site\/primeiro-amistoso-do-brasil-sera-contra-o-marrocos-anuncia-cbf\/#breadcrumb\"},\"inLanguage\":\"pt-PT\",\"potentialAction\":[{\"@type\":\"ReadAction\",\"target\":[\"https:\/\/brasilnoticias.org\/site\/primeiro-amistoso-do-brasil-sera-contra-o-marrocos-anuncia-cbf\/\"]}]},{\"@type\":\"ImageObject\",\"inLanguage\":\"pt-PT\",\"@id\":\"https:\/\/brasilnoticias.org\/site\/primeiro-amistoso-do-brasil-sera-contra-o-marrocos-anuncia-cbf\/#primaryimage\",\"url\":\"https:\/\/brasilnoticias.org\/site\/wp-content\/uploads\/2023\/02\/133261primeiro-amistoso-do-brasil-sera-contra-o-marrocos-anuncia-cbf-3.jpg\",\"contentUrl\":\"https:\/\/brasilnoticias.org\/site\/wp-content\/uploads\/2023\/02\/133261primeiro-amistoso-do-brasil-sera-contra-o-marrocos-anuncia-cbf-3.jpg\",\"width\":1600,\"height\":752},{\"@type\":\"BreadcrumbList\",\"@id\":\"https:\/\/brasilnoticias.org\/site\/primeiro-amistoso-do-brasil-sera-contra-o-marrocos-anuncia-cbf\/#breadcrumb\",\"itemListElement\":[{\"@type\":\"ListItem\",\"position\":1,\"name\":\"In\u00edcio\",\"item\":\"https:\/\/brasilnoticias.org\/site\/\"},{\"@type\":\"ListItem\",\"position\":2,\"name\":\"Primeiro amistoso do Brasil ser\u00e1 contra o Marrocos, anuncia CBF\"}]},{\"@type\":\"WebSite\",\"@id\":\"https:\/\/brasilnoticias.org\/site\/#website\",\"url\":\"https:\/\/brasilnoticias.org\/site\/\",\"name\":\"Brasil not\u00edcias\",\"description\":\"Brasil not\u00edcias\",\"publisher\":{\"@id\":\"https:\/\/brasilnoticias.org\/site\/#organization\"},\"potentialAction\":[{\"@type\":\"SearchAction\",\"target\":{\"@type\":\"EntryPoint\",\"urlTemplate\":\"https:\/\/brasilnoticias.org\/site\/?s={search_term_string}\"},\"query-input\":{\"@type\":\"PropertyValueSpecification\",\"valueRequired\":true,\"valueName\":\"search_term_string\"}}],\"inLanguage\":\"pt-PT\"},{\"@type\":\"Organization\",\"@id\":\"https:\/\/brasilnoticias.org\/site\/#organization\",\"name\":\"Brasil not\u00edcias\",\"url\":\"https:\/\/brasilnoticias.org\/site\/\",\"logo\":{\"@type\":\"ImageObject\",\"inLanguage\":\"pt-PT\",\"@id\":\"https:\/\/brasilnoticias.org\/site\/#\/schema\/logo\/image\/\",\"url\":\"https:\/\/brasilnoticias.org\/site\/wp-content\/uploads\/2022\/05\/cropped-brasilnoticias-mini.jpg\",\"contentUrl\":\"https:\/\/brasilnoticias.org\/site\/wp-content\/uploads\/2022\/05\/cropped-brasilnoticias-mini.jpg\",\"width\":314,\"height\":86,\"caption\":\"Brasil not\u00edcias\"},\"image\":{\"@id\":\"https:\/\/brasilnoticias.org\/site\/#\/schema\/logo\/image\/\"}},{\"@type\":\"Person\",\"@id\":\"https:\/\/brasilnoticias.org\/site\/#\/schema\/person\/a0e05b973ec4d15c658d51911e53507b\",\"name\":\"Reda\u00e7\u00e3o\",\"image\":{\"@type\":\"ImageObject\",\"inLanguage\":\"pt-PT\",\"@id\":\"https:\/\/brasilnoticias.org\/site\/#\/schema\/person\/image\/\",\"url\":\"https:\/\/secure.gravatar.com\/avatar\/75d8b050df2de108b08ae78dfb8e374892df24a383c67db9c46a9c604f6aee9c?s=96&d=mm&r=g\",\"contentUrl\":\"https:\/\/secure.gravatar.com\/avatar\/75d8b050df2de108b08ae78dfb8e374892df24a383c67db9c46a9c604f6aee9c?s=96&d=mm&r=g\",\"caption\":\"Reda\u00e7\u00e3o\"},\"sameAs\":[\"https:\/\/brasilnoticias.org\/site\"],\"url\":\"https:\/\/brasilnoticias.org\/site\/author\/fernandozsngmail-com\/\"}]}<\/script>\n<!-- \/ Yoast SEO plugin. -->","yoast_head_json":{"title":"Primeiro amistoso do Brasil ser\u00e1 contra o Marrocos, anuncia CBF - Brasil not\u00edcias","robots":{"index":"index","follow":"follow","max-snippet":"max-snippet:-1","max-image-preview":"max-image-preview:large","max-video-preview":"max-video-preview:-1"},"canonical":"https:\/\/brasilnoticias.org\/site\/primeiro-amistoso-do-brasil-sera-contra-o-marrocos-anuncia-cbf\/","og_locale":"pt_PT","og_type":"article","og_title":"Primeiro amistoso do Brasil ser\u00e1 contra o Marrocos, anuncia CBF - Brasil not\u00edcias","og_description":"A Confedera\u00e7\u00e3o Brasileira de Futebol (CBF) anunciou, nesta quarta-feira (15), que o primeiro amistoso da Sele\u00e7\u00e3o Brasileira j\u00e1 tem data","og_url":"https:\/\/brasilnoticias.org\/site\/primeiro-amistoso-do-brasil-sera-contra-o-marrocos-anuncia-cbf\/","og_site_name":"Brasil not\u00edcias","article_published_time":"2023-02-15T21:00:47+00:00","og_image":[{"width":1600,"height":752,"url":"https:\/\/brasilnoticias.org\/site\/wp-content\/uploads\/2023\/02\/133261primeiro-amistoso-do-brasil-sera-contra-o-marrocos-anuncia-cbf-3.jpg","type":"image\/jpeg"}],"author":"Reda\u00e7\u00e3o","twitter_card":"summary_large_image","twitter_misc":{"Escrito por":"Reda\u00e7\u00e3o","Tempo estimado de leitura":"1 minuto"},"schema":{"@context":"https:\/\/schema.org","@graph":[{"@type":"Article","@id":"https:\/\/brasilnoticias.org\/site\/primeiro-amistoso-do-brasil-sera-contra-o-marrocos-anuncia-cbf\/#article","isPartOf":{"@id":"https:\/\/brasilnoticias.org\/site\/primeiro-amistoso-do-brasil-sera-contra-o-marrocos-anuncia-cbf\/"},"author":{"name":"Reda\u00e7\u00e3o","@id":"https:\/\/brasilnoticias.org\/site\/#\/schema\/person\/a0e05b973ec4d15c658d51911e53507b"},"headline":"Primeiro amistoso do Brasil ser\u00e1 contra o Marrocos, anuncia CBF","datePublished":"2023-02-15T21:00:47+00:00","mainEntityOfPage":{"@id":"https:\/\/brasilnoticias.org\/site\/primeiro-amistoso-do-brasil-sera-contra-o-marrocos-anuncia-cbf\/"},"wordCount":181,"commentCount":0,"publisher":{"@id":"https:\/\/brasilnoticias.org\/site\/#organization"},"image":{"@id":"https:\/\/brasilnoticias.org\/site\/primeiro-amistoso-do-brasil-sera-contra-o-marrocos-anuncia-cbf\/#primaryimage"},"thumbnailUrl":"https:\/\/brasilnoticias.org\/site\/wp-content\/uploads\/2023\/02\/133261primeiro-amistoso-do-brasil-sera-contra-o-marrocos-anuncia-cbf-3.jpg","articleSection":["Esporte","\u00daltimas"],"inLanguage":"pt-PT","potentialAction":[{"@type":"CommentAction","name":"Comment","target":["https:\/\/brasilnoticias.org\/site\/primeiro-amistoso-do-brasil-sera-contra-o-marrocos-anuncia-cbf\/#respond"]}]},{"@type":"WebPage","@id":"https:\/\/brasilnoticias.org\/site\/primeiro-amistoso-do-brasil-sera-contra-o-marrocos-anuncia-cbf\/","url":"https:\/\/brasilnoticias.org\/site\/primeiro-amistoso-do-brasil-sera-contra-o-marrocos-anuncia-cbf\/","name":"Primeiro amistoso do Brasil ser\u00e1 contra o Marrocos, anuncia CBF - Brasil not\u00edcias","isPartOf":{"@id":"https:\/\/brasilnoticias.org\/site\/#website"},"primaryImageOfPage":{"@id":"https:\/\/brasilnoticias.org\/site\/primeiro-amistoso-do-brasil-sera-contra-o-marrocos-anuncia-cbf\/#primaryimage"},"image":{"@id":"https:\/\/brasilnoticias.org\/site\/primeiro-amistoso-do-brasil-sera-contra-o-marrocos-anuncia-cbf\/#primaryimage"},"thumbnailUrl":"https:\/\/brasilnoticias.org\/site\/wp-content\/uploads\/2023\/02\/133261primeiro-amistoso-do-brasil-sera-contra-o-marrocos-anuncia-cbf-3.jpg","datePublished":"2023-02-15T21:00:47+00:00","breadcrumb":{"@id":"https:\/\/brasilnoticias.org\/site\/primeiro-amistoso-do-brasil-sera-contra-o-marrocos-anuncia-cbf\/#breadcrumb"},"inLanguage":"pt-PT","potentialAction":[{"@type":"ReadAction","target":["https:\/\/brasilnoticias.org\/site\/primeiro-amistoso-do-brasil-sera-contra-o-marrocos-anuncia-cbf\/"]}]},{"@type":"ImageObject","inLanguage":"pt-PT","@id":"https:\/\/brasilnoticias.org\/site\/primeiro-amistoso-do-brasil-sera-contra-o-marrocos-anuncia-cbf\/#primaryimage","url":"https:\/\/brasilnoticias.org\/site\/wp-content\/uploads\/2023\/02\/133261primeiro-amistoso-do-brasil-sera-contra-o-marrocos-anuncia-cbf-3.jpg","contentUrl":"https:\/\/brasilnoticias.org\/site\/wp-content\/uploads\/2023\/02\/133261primeiro-amistoso-do-brasil-sera-contra-o-marrocos-anuncia-cbf-3.jpg","width":1600,"height":752},{"@type":"BreadcrumbList","@id":"https:\/\/brasilnoticias.org\/site\/primeiro-amistoso-do-brasil-sera-contra-o-marrocos-anuncia-cbf\/#breadcrumb","itemListElement":[{"@type":"ListItem","position":1,"name":"In\u00edcio","item":"https:\/\/brasilnoticias.org\/site\/"},{"@type":"ListItem","position":2,"name":"Primeiro amistoso do Brasil ser\u00e1 contra o Marrocos, anuncia CBF"}]},{"@type":"WebSite","@id":"https:\/\/brasilnoticias.org\/site\/#website","url":"https:\/\/brasilnoticias.org\/site\/","name":"Brasil not\u00edcias","description":"Brasil not\u00edcias","publisher":{"@id":"https:\/\/brasilnoticias.org\/site\/#organization"},"potentialAction":[{"@type":"SearchAction","target":{"@type":"EntryPoint","urlTemplate":"https:\/\/brasilnoticias.org\/site\/?s={search_term_string}"},"query-input":{"@type":"PropertyValueSpecification","valueRequired":true,"valueName":"search_term_string"}}],"inLanguage":"pt-PT"},{"@type":"Organization","@id":"https:\/\/brasilnoticias.org\/site\/#organization","name":"Brasil not\u00edcias","url":"https:\/\/brasilnoticias.org\/site\/","logo":{"@type":"ImageObject","inLanguage":"pt-PT","@id":"https:\/\/brasilnoticias.org\/site\/#\/schema\/logo\/image\/","url":"https:\/\/brasilnoticias.org\/site\/wp-content\/uploads\/2022\/05\/cropped-brasilnoticias-mini.jpg","contentUrl":"https:\/\/brasilnoticias.org\/site\/wp-content\/uploads\/2022\/05\/cropped-brasilnoticias-mini.jpg","width":314,"height":86,"caption":"Brasil not\u00edcias"},"image":{"@id":"https:\/\/brasilnoticias.org\/site\/#\/schema\/logo\/image\/"}},{"@type":"Person","@id":"https:\/\/brasilnoticias.org\/site\/#\/schema\/person\/a0e05b973ec4d15c658d51911e53507b","name":"Reda\u00e7\u00e3o","image":{"@type":"ImageObject","inLanguage":"pt-PT","@id":"https:\/\/brasilnoticias.org\/site\/#\/schema\/person\/image\/","url":"https:\/\/secure.gravatar.com\/avatar\/75d8b050df2de108b08ae78dfb8e374892df24a383c67db9c46a9c604f6aee9c?s=96&d=mm&r=g","contentUrl":"https:\/\/secure.gravatar.com\/avatar\/75d8b050df2de108b08ae78dfb8e374892df24a383c67db9c46a9c604f6aee9c?s=96&d=mm&r=g","caption":"Reda\u00e7\u00e3o"},"sameAs":["https:\/\/brasilnoticias.org\/site"],"url":"https:\/\/brasilnoticias.org\/site\/author\/fernandozsngmail-com\/"}]}},"_links":{"self":[{"href":"https:\/\/brasilnoticias.org\/site\/wp-json\/wp\/v2\/posts\/3998","targetHints":{"allow":["GET"]}}],"collection":[{"href":"https:\/\/brasilnoticias.org\/site\/wp-json\/wp\/v2\/posts"}],"about":[{"href":"https:\/\/brasilnoticias.org\/site\/wp-json\/wp\/v2\/types\/post"}],"author":[{"embeddable":true,"href":"https:\/\/brasilnoticias.org\/site\/wp-json\/wp\/v2\/users\/1"}],"replies":[{"embeddable":true,"href":"https:\/\/brasilnoticias.org\/site\/wp-json\/wp\/v2\/comments?post=3998"}],"version-history":[{"count":1,"href":"https:\/\/brasilnoticias.org\/site\/wp-json\/wp\/v2\/posts\/3998\/revisions"}],"predecessor-version":[{"id":4000,"href":"https:\/\/brasilnoticias.org\/site\/wp-json\/wp\/v2\/posts\/3998\/revisions\/4000"}],"wp:featuredmedia":[{"embeddable":true,"href":"https:\/\/brasilnoticias.org\/site\/wp-json\/wp\/v2\/media\/3999"}],"wp:attachment":[{"href":"https:\/\/brasilnoticias.org\/site\/wp-json\/wp\/v2\/media?parent=3998"}],"wp:term":[{"taxonomy":"category","embeddable":true,"href":"https:\/\/brasilnoticias.org\/site\/wp-json\/wp\/v2\/categories?post=3998"},{"taxonomy":"post_tag","embeddable":true,"href":"https:\/\/brasilnoticias.org\/site\/wp-json\/wp\/v2\/tags?post=3998"}],"curies":[{"name":"wp","href":"https:\/\/api.w.org\/{rel}","templated":true}]}}