{"id":4001,"date":"2023-02-15T18:10:08","date_gmt":"2023-02-15T21:10:08","guid":{"rendered":"https:\/\/brasilnoticias.org\/site\/?p=4001"},"modified":"2023-02-15T17:37:38","modified_gmt":"2023-02-15T20:37:38","slug":"virus-de-marburg-um-dos-mais-letais-do-mundo-tem-surto-confirmado-pela-oms","status":"publish","type":"post","link":"https:\/\/brasilnoticias.org\/site\/virus-de-marburg-um-dos-mais-letais-do-mundo-tem-surto-confirmado-pela-oms\/","title":{"rendered":"V\u00edrus de Marburg, um dos mais letais do mundo, tem surto confirmado pela OMS"},"content":{"rendered":"<p>A Guin\u00e9 Equatorial, na \u00c1frica Central, confirmou seu primeiro surto do v\u00edrus de Marburg, da mesma fam\u00edlia do Ebola. A regional da Organiza\u00e7\u00e3o Mundial de Sa\u00fade (OMS) na \u00c1frica informou na segunda-feira, 13, que nove mortes foram confirmadas e 16 casos s\u00e3o investigados como suspeitos.<\/p>\n<p>A doen\u00e7a de Marburg causa febre hemorr\u00e1gica, com taxa de letalidade de at\u00e9 88%, de acordo com a OMS, o que faz dele um dos v\u00edrus mais mortais do mundo. O quadro come\u00e7a abruptamente, com febre alta, dor de cabe\u00e7a e mal-estar intensos. Muitos pacientes desenvolvem sintomas hemorr\u00e1gicos graves dentro de sete dias.<\/p>\n<p>O v\u00edrus \u00e9 transmitido aos humanos por morcegos frug\u00edvoros e se espalha entre os humanos por meio do contato direto com os fluidos corporais de pessoas, superf\u00edcies e materiais infectados. Por ora, n\u00e3o h\u00e1 vacinas ou tratamentos antivirais. Contudo, segundo a OMS, cuidados de suporte (reidrata\u00e7\u00e3o com fluidos orais ou intravenosos) e tratamento de sintomas espec\u00edficos melhoram a sobrevida do paciente.<\/p>\n<p>Alexandre Naime Barbosa, vice-presidente da Sociedade Brasileira de Infectologia (SBI), explica que a gravidade do quadro \u00e9 explicada pelo \u201c\u00f3rg\u00e3o-alvo\u201d do v\u00edrus. \u201cEle afeta principalmente as c\u00e9lulas do sistema circulat\u00f3rio endotelial. Ele acaba prejudicando a permeabilidade dos vasos das c\u00e9lulas que revestem o sistema circulat\u00f3rio. Isso faz com que haja hemorragia.\u201d<\/p>\n<p>Barbosa diz que a confirma\u00e7\u00e3o do surto no pa\u00eds africano n\u00e3o \u00e9 uma \u201csurpresa\u201d, uma vez que, na regi\u00e3o, h\u00e1 reservat\u00f3rios animal do v\u00edrus. \u201cAlguns animais silvestres principalmente morcegos, s\u00e3o hospedeiros naturais dessa fam\u00edlia de filov\u00edrus. Portanto, eventualmente, voc\u00ea vai ter morcegos contaminando seres humanos, e a\u00ed acontece a transmiss\u00e3o inter-humanos, que \u00e9 o que est\u00e1 acontecendo agora.\u201d<\/p>\n<p>Desde 1967, quando a doen\u00e7a foi detectada pela primeira vez, com surtos simult\u00e2neos nas cidades alem\u00e3s de Marburg e Frankfurt, e em Belgrado, na S\u00e9rvia, j\u00e1 causou surto em v\u00e1rios momentos. Embora tenham causado muitas mortes, em geral, n\u00e3o \u201cfuraram\u201d fronteiras nacionais.<\/p>\n<p>Em 2004, um surto do v\u00edrus na Angola matou 90% dos 252 infectados. No ano passado, houve duas mortes relatadas pelo Marburg, em Gana.<\/p>\n<p>Doen\u00e7a pode se espalhar pelo mundo e chegar no Brasil?<br \/>\nEm nota, Matshidiso Moeti, diretor regional da OMS na \u00c1frica, destacou que o v\u00edrus \u00e9 \u201caltamente infeccioso\u201d. \u201cGra\u00e7as \u00e0 a\u00e7\u00e3o r\u00e1pida e decisiva das autoridades da Guin\u00e9 Equatorial na confirma\u00e7\u00e3o da doen\u00e7a, a resposta de emerg\u00eancia pode atingir todo o vapor rapidamente para salvarmos vidas e determos o v\u00edrus o mais r\u00e1pido poss\u00edvel.\u201d<\/p>\n<p>Mergulhados h\u00e1 cerca de tr\u00eas anos na pandemia da covid-19, a confirma\u00e7\u00e3o do surto de um novo v\u00edrus t\u00e3o grave pode assustar. No entanto, os especialistas ouvidos pelo Estad\u00e3o destacam que, com o conhecimento que se tem at\u00e9 hoje sobre o v\u00edrus, a \u201cexporta\u00e7\u00e3o\u201d de casos para outros pa\u00edses at\u00e9 pode ocorrer, mas uma dissemina\u00e7\u00e3o tamanha, que resulte na configura\u00e7\u00e3o de uma outra pandemia, por exemplo, \u00e9 pouco prov\u00e1vel.<\/p>\n<p>A letalidade elevada ajuda a explicar isso. \u201cSe a gente pegar um indiv\u00edduo, por exemplo, infectado na \u00c1frica e que rompesse essa barreira epidemiol\u00f3gica que j\u00e1 foi instalada, e viesse ao Brasil ou para outro pa\u00eds, a manifesta\u00e7\u00e3o do sintoma \u00e9 t\u00e3o r\u00e1pida que provavelmente esse indiv\u00edduo evoluiria pra um quadro grave e de \u00f3bito antes de chegar no territ\u00f3rio. \u201cEnt\u00e3o a gente trabalha a\u00ed com uma caracter\u00edstica viral muito diferente do SARS-CoV (v\u00edrus causador da covid)\u201d, diz Joziana Bar\u00e7ante, coordenadora do N\u00facleo de Pesquisa Biom\u00e9dica e professora do Departamento de Medicina da Universidade Federal de Lavras (UFLA).<\/p>\n<p>\u201cQuando a gente pensa nesse v\u00edrus de elevada infecciosidade, uma transmiss\u00e3o muito alta e uma letalidade muito alta, quando voc\u00ea consegue implementar medidas de vigil\u00e2ncia epidemiol\u00f3gica e controle ali naquele surto identificado, consegue conter isso, evitando a dispers\u00e3o viral como aconteceu com o Sars-CoV. E (desta vez) a OMS entrou muito rapidamente no aux\u00edlio com rela\u00e7\u00e3o a esse enfrentamento a esse surto que aconteceu, ent\u00e3o isso faz com que voc\u00ea consiga controlar mais facilmente as fronteiras, evitando essa dissemina\u00e7\u00e3o\u201d, completa.<\/p>\n<p>O controle tamb\u00e9m \u00e9 mais f\u00e1cil, de acordo com Barbosa, porque casos assintom\u00e1ticos s\u00e3o raros.<\/p>\n<p>Fora da Guin\u00e9, avaliam os especialistas, a chave, por ora, est\u00e1 na vigil\u00e2ncia e acompanhamento do quadro epidemiol\u00f3gico. \u201c\u00c9 importante sim que a gente tenha informa\u00e7\u00e3o e que os nossos profissionais de sa\u00fade principalmente estejam em estado de alerta nesse momento em fun\u00e7\u00e3o de casos diagnosticados de s\u00edndromes hemorr\u00e1gicas n\u00e3o identific\u00e1veis por outro agente etiol\u00f3gico\u201d, afirma Joziana.<\/p>\n<p>Reuni\u00e3o de emerg\u00eancia<br \/>\nFrente aos nove \u00f3bitos confirmados, a OMS anunciou na ter\u00e7a, 14, uma reuni\u00e3o de emerg\u00eancia do cons\u00f3rcio denominado Marvac, que promove a colabora\u00e7\u00e3o internacional para o desenvolvimento de vacinas contra o v\u00edrus de Marburg. O cons\u00f3rcio \u00e9 coordenado pela OMS e inclui representantes da ind\u00fastria farmac\u00eautica, organiza\u00e7\u00f5es sem fins lucrativos, autoridades e academia.<\/p>\n<p>Os membros se reuniram para fazer um balan\u00e7o da situa\u00e7\u00e3o epidemiol\u00f3gica no pa\u00eds, bem como dos poss\u00edveis tratamentos e vacinas dispon\u00edveis.\/COM AG\u00caNCIAS<\/p>\n<p>Foto e fonte Estad\u00e3o<\/p>\n","protected":false},"excerpt":{"rendered":"<p>A Guin\u00e9 Equatorial, na \u00c1frica Central, confirmou seu primeiro surto do v\u00edrus de Marburg, da mesma fam\u00edlia do Ebola. A<\/p>\n","protected":false},"author":1,"featured_media":4002,"comment_status":"open","ping_status":"open","sticky":false,"template":"","format":"standard","meta":{"colormag_page_container_layout":"default_layout","colormag_page_sidebar_layout":"default_layout","_FSMCFIC_featured_image_caption":"","_FSMCFIC_featured_image_nocaption":"","_FSMCFIC_featured_image_hide":"","footnotes":""},"categories":[6,1],"tags":[],"class_list":["post-4001","post","type-post","status-publish","format-standard","has-post-thumbnail","hentry","category-mundo","category-ultimas"],"yoast_head":"<!-- This site is optimized with the Yoast SEO plugin v27.1.1 - https:\/\/yoast.com\/product\/yoast-seo-wordpress\/ -->\n<title>V\u00edrus de Marburg, um dos mais letais do mundo, tem surto confirmado pela OMS - Brasil not\u00edcias<\/title>\n<meta name=\"robots\" content=\"index, follow, max-snippet:-1, max-image-preview:large, max-video-preview:-1\" \/>\n<link rel=\"canonical\" href=\"https:\/\/brasilnoticias.org\/site\/virus-de-marburg-um-dos-mais-letais-do-mundo-tem-surto-confirmado-pela-oms\/\" \/>\n<meta property=\"og:locale\" content=\"pt_PT\" \/>\n<meta property=\"og:type\" content=\"article\" \/>\n<meta property=\"og:title\" content=\"V\u00edrus de Marburg, um dos mais letais do mundo, tem surto confirmado pela OMS - Brasil not\u00edcias\" \/>\n<meta property=\"og:description\" content=\"A Guin\u00e9 Equatorial, na \u00c1frica Central, confirmou seu primeiro surto do v\u00edrus de Marburg, da mesma fam\u00edlia do Ebola. A\" \/>\n<meta property=\"og:url\" content=\"https:\/\/brasilnoticias.org\/site\/virus-de-marburg-um-dos-mais-letais-do-mundo-tem-surto-confirmado-pela-oms\/\" \/>\n<meta property=\"og:site_name\" content=\"Brasil not\u00edcias\" \/>\n<meta property=\"article:published_time\" content=\"2023-02-15T21:10:08+00:00\" \/>\n<meta property=\"og:image\" content=\"https:\/\/brasilnoticias.org\/site\/wp-content\/uploads\/2023\/02\/virus.jpg\" \/>\n\t<meta property=\"og:image:width\" content=\"612\" \/>\n\t<meta property=\"og:image:height\" content=\"454\" \/>\n\t<meta property=\"og:image:type\" content=\"image\/jpeg\" \/>\n<meta name=\"author\" content=\"Reda\u00e7\u00e3o\" \/>\n<meta name=\"twitter:card\" content=\"summary_large_image\" \/>\n<meta name=\"twitter:label1\" content=\"Escrito por\" \/>\n\t<meta name=\"twitter:data1\" content=\"Reda\u00e7\u00e3o\" \/>\n\t<meta name=\"twitter:label2\" content=\"Tempo estimado de leitura\" \/>\n\t<meta name=\"twitter:data2\" content=\"4 minutos\" \/>\n<script type=\"application\/ld+json\" class=\"yoast-schema-graph\">{\"@context\":\"https:\/\/schema.org\",\"@graph\":[{\"@type\":\"Article\",\"@id\":\"https:\/\/brasilnoticias.org\/site\/virus-de-marburg-um-dos-mais-letais-do-mundo-tem-surto-confirmado-pela-oms\/#article\",\"isPartOf\":{\"@id\":\"https:\/\/brasilnoticias.org\/site\/virus-de-marburg-um-dos-mais-letais-do-mundo-tem-surto-confirmado-pela-oms\/\"},\"author\":{\"name\":\"Reda\u00e7\u00e3o\",\"@id\":\"https:\/\/brasilnoticias.org\/site\/#\/schema\/person\/a0e05b973ec4d15c658d51911e53507b\"},\"headline\":\"V\u00edrus de Marburg, um dos mais letais do mundo, tem surto confirmado pela OMS\",\"datePublished\":\"2023-02-15T21:10:08+00:00\",\"mainEntityOfPage\":{\"@id\":\"https:\/\/brasilnoticias.org\/site\/virus-de-marburg-um-dos-mais-letais-do-mundo-tem-surto-confirmado-pela-oms\/\"},\"wordCount\":914,\"commentCount\":0,\"publisher\":{\"@id\":\"https:\/\/brasilnoticias.org\/site\/#organization\"},\"image\":{\"@id\":\"https:\/\/brasilnoticias.org\/site\/virus-de-marburg-um-dos-mais-letais-do-mundo-tem-surto-confirmado-pela-oms\/#primaryimage\"},\"thumbnailUrl\":\"https:\/\/brasilnoticias.org\/site\/wp-content\/uploads\/2023\/02\/virus.jpg\",\"articleSection\":[\"Mundo\",\"\u00daltimas\"],\"inLanguage\":\"pt-PT\",\"potentialAction\":[{\"@type\":\"CommentAction\",\"name\":\"Comment\",\"target\":[\"https:\/\/brasilnoticias.org\/site\/virus-de-marburg-um-dos-mais-letais-do-mundo-tem-surto-confirmado-pela-oms\/#respond\"]}]},{\"@type\":\"WebPage\",\"@id\":\"https:\/\/brasilnoticias.org\/site\/virus-de-marburg-um-dos-mais-letais-do-mundo-tem-surto-confirmado-pela-oms\/\",\"url\":\"https:\/\/brasilnoticias.org\/site\/virus-de-marburg-um-dos-mais-letais-do-mundo-tem-surto-confirmado-pela-oms\/\",\"name\":\"V\u00edrus de Marburg, um dos mais letais do mundo, tem surto confirmado pela OMS - Brasil not\u00edcias\",\"isPartOf\":{\"@id\":\"https:\/\/brasilnoticias.org\/site\/#website\"},\"primaryImageOfPage\":{\"@id\":\"https:\/\/brasilnoticias.org\/site\/virus-de-marburg-um-dos-mais-letais-do-mundo-tem-surto-confirmado-pela-oms\/#primaryimage\"},\"image\":{\"@id\":\"https:\/\/brasilnoticias.org\/site\/virus-de-marburg-um-dos-mais-letais-do-mundo-tem-surto-confirmado-pela-oms\/#primaryimage\"},\"thumbnailUrl\":\"https:\/\/brasilnoticias.org\/site\/wp-content\/uploads\/2023\/02\/virus.jpg\",\"datePublished\":\"2023-02-15T21:10:08+00:00\",\"breadcrumb\":{\"@id\":\"https:\/\/brasilnoticias.org\/site\/virus-de-marburg-um-dos-mais-letais-do-mundo-tem-surto-confirmado-pela-oms\/#breadcrumb\"},\"inLanguage\":\"pt-PT\",\"potentialAction\":[{\"@type\":\"ReadAction\",\"target\":[\"https:\/\/brasilnoticias.org\/site\/virus-de-marburg-um-dos-mais-letais-do-mundo-tem-surto-confirmado-pela-oms\/\"]}]},{\"@type\":\"ImageObject\",\"inLanguage\":\"pt-PT\",\"@id\":\"https:\/\/brasilnoticias.org\/site\/virus-de-marburg-um-dos-mais-letais-do-mundo-tem-surto-confirmado-pela-oms\/#primaryimage\",\"url\":\"https:\/\/brasilnoticias.org\/site\/wp-content\/uploads\/2023\/02\/virus.jpg\",\"contentUrl\":\"https:\/\/brasilnoticias.org\/site\/wp-content\/uploads\/2023\/02\/virus.jpg\",\"width\":612,\"height\":454},{\"@type\":\"BreadcrumbList\",\"@id\":\"https:\/\/brasilnoticias.org\/site\/virus-de-marburg-um-dos-mais-letais-do-mundo-tem-surto-confirmado-pela-oms\/#breadcrumb\",\"itemListElement\":[{\"@type\":\"ListItem\",\"position\":1,\"name\":\"In\u00edcio\",\"item\":\"https:\/\/brasilnoticias.org\/site\/\"},{\"@type\":\"ListItem\",\"position\":2,\"name\":\"V\u00edrus de Marburg, um dos mais letais do mundo, tem surto confirmado pela OMS\"}]},{\"@type\":\"WebSite\",\"@id\":\"https:\/\/brasilnoticias.org\/site\/#website\",\"url\":\"https:\/\/brasilnoticias.org\/site\/\",\"name\":\"Brasil not\u00edcias\",\"description\":\"Brasil not\u00edcias\",\"publisher\":{\"@id\":\"https:\/\/brasilnoticias.org\/site\/#organization\"},\"potentialAction\":[{\"@type\":\"SearchAction\",\"target\":{\"@type\":\"EntryPoint\",\"urlTemplate\":\"https:\/\/brasilnoticias.org\/site\/?s={search_term_string}\"},\"query-input\":{\"@type\":\"PropertyValueSpecification\",\"valueRequired\":true,\"valueName\":\"search_term_string\"}}],\"inLanguage\":\"pt-PT\"},{\"@type\":\"Organization\",\"@id\":\"https:\/\/brasilnoticias.org\/site\/#organization\",\"name\":\"Brasil not\u00edcias\",\"url\":\"https:\/\/brasilnoticias.org\/site\/\",\"logo\":{\"@type\":\"ImageObject\",\"inLanguage\":\"pt-PT\",\"@id\":\"https:\/\/brasilnoticias.org\/site\/#\/schema\/logo\/image\/\",\"url\":\"https:\/\/brasilnoticias.org\/site\/wp-content\/uploads\/2022\/05\/cropped-brasilnoticias-mini.jpg\",\"contentUrl\":\"https:\/\/brasilnoticias.org\/site\/wp-content\/uploads\/2022\/05\/cropped-brasilnoticias-mini.jpg\",\"width\":314,\"height\":86,\"caption\":\"Brasil not\u00edcias\"},\"image\":{\"@id\":\"https:\/\/brasilnoticias.org\/site\/#\/schema\/logo\/image\/\"}},{\"@type\":\"Person\",\"@id\":\"https:\/\/brasilnoticias.org\/site\/#\/schema\/person\/a0e05b973ec4d15c658d51911e53507b\",\"name\":\"Reda\u00e7\u00e3o\",\"image\":{\"@type\":\"ImageObject\",\"inLanguage\":\"pt-PT\",\"@id\":\"https:\/\/brasilnoticias.org\/site\/#\/schema\/person\/image\/\",\"url\":\"https:\/\/secure.gravatar.com\/avatar\/75d8b050df2de108b08ae78dfb8e374892df24a383c67db9c46a9c604f6aee9c?s=96&d=mm&r=g\",\"contentUrl\":\"https:\/\/secure.gravatar.com\/avatar\/75d8b050df2de108b08ae78dfb8e374892df24a383c67db9c46a9c604f6aee9c?s=96&d=mm&r=g\",\"caption\":\"Reda\u00e7\u00e3o\"},\"sameAs\":[\"https:\/\/brasilnoticias.org\/site\"],\"url\":\"https:\/\/brasilnoticias.org\/site\/author\/fernandozsngmail-com\/\"}]}<\/script>\n<!-- \/ Yoast SEO plugin. -->","yoast_head_json":{"title":"V\u00edrus de Marburg, um dos mais letais do mundo, tem surto confirmado pela OMS - Brasil not\u00edcias","robots":{"index":"index","follow":"follow","max-snippet":"max-snippet:-1","max-image-preview":"max-image-preview:large","max-video-preview":"max-video-preview:-1"},"canonical":"https:\/\/brasilnoticias.org\/site\/virus-de-marburg-um-dos-mais-letais-do-mundo-tem-surto-confirmado-pela-oms\/","og_locale":"pt_PT","og_type":"article","og_title":"V\u00edrus de Marburg, um dos mais letais do mundo, tem surto confirmado pela OMS - Brasil not\u00edcias","og_description":"A Guin\u00e9 Equatorial, na \u00c1frica Central, confirmou seu primeiro surto do v\u00edrus de Marburg, da mesma fam\u00edlia do Ebola. A","og_url":"https:\/\/brasilnoticias.org\/site\/virus-de-marburg-um-dos-mais-letais-do-mundo-tem-surto-confirmado-pela-oms\/","og_site_name":"Brasil not\u00edcias","article_published_time":"2023-02-15T21:10:08+00:00","og_image":[{"width":612,"height":454,"url":"https:\/\/brasilnoticias.org\/site\/wp-content\/uploads\/2023\/02\/virus.jpg","type":"image\/jpeg"}],"author":"Reda\u00e7\u00e3o","twitter_card":"summary_large_image","twitter_misc":{"Escrito por":"Reda\u00e7\u00e3o","Tempo estimado de leitura":"4 minutos"},"schema":{"@context":"https:\/\/schema.org","@graph":[{"@type":"Article","@id":"https:\/\/brasilnoticias.org\/site\/virus-de-marburg-um-dos-mais-letais-do-mundo-tem-surto-confirmado-pela-oms\/#article","isPartOf":{"@id":"https:\/\/brasilnoticias.org\/site\/virus-de-marburg-um-dos-mais-letais-do-mundo-tem-surto-confirmado-pela-oms\/"},"author":{"name":"Reda\u00e7\u00e3o","@id":"https:\/\/brasilnoticias.org\/site\/#\/schema\/person\/a0e05b973ec4d15c658d51911e53507b"},"headline":"V\u00edrus de Marburg, um dos mais letais do mundo, tem surto confirmado pela OMS","datePublished":"2023-02-15T21:10:08+00:00","mainEntityOfPage":{"@id":"https:\/\/brasilnoticias.org\/site\/virus-de-marburg-um-dos-mais-letais-do-mundo-tem-surto-confirmado-pela-oms\/"},"wordCount":914,"commentCount":0,"publisher":{"@id":"https:\/\/brasilnoticias.org\/site\/#organization"},"image":{"@id":"https:\/\/brasilnoticias.org\/site\/virus-de-marburg-um-dos-mais-letais-do-mundo-tem-surto-confirmado-pela-oms\/#primaryimage"},"thumbnailUrl":"https:\/\/brasilnoticias.org\/site\/wp-content\/uploads\/2023\/02\/virus.jpg","articleSection":["Mundo","\u00daltimas"],"inLanguage":"pt-PT","potentialAction":[{"@type":"CommentAction","name":"Comment","target":["https:\/\/brasilnoticias.org\/site\/virus-de-marburg-um-dos-mais-letais-do-mundo-tem-surto-confirmado-pela-oms\/#respond"]}]},{"@type":"WebPage","@id":"https:\/\/brasilnoticias.org\/site\/virus-de-marburg-um-dos-mais-letais-do-mundo-tem-surto-confirmado-pela-oms\/","url":"https:\/\/brasilnoticias.org\/site\/virus-de-marburg-um-dos-mais-letais-do-mundo-tem-surto-confirmado-pela-oms\/","name":"V\u00edrus de Marburg, um dos mais letais do mundo, tem surto confirmado pela OMS - Brasil not\u00edcias","isPartOf":{"@id":"https:\/\/brasilnoticias.org\/site\/#website"},"primaryImageOfPage":{"@id":"https:\/\/brasilnoticias.org\/site\/virus-de-marburg-um-dos-mais-letais-do-mundo-tem-surto-confirmado-pela-oms\/#primaryimage"},"image":{"@id":"https:\/\/brasilnoticias.org\/site\/virus-de-marburg-um-dos-mais-letais-do-mundo-tem-surto-confirmado-pela-oms\/#primaryimage"},"thumbnailUrl":"https:\/\/brasilnoticias.org\/site\/wp-content\/uploads\/2023\/02\/virus.jpg","datePublished":"2023-02-15T21:10:08+00:00","breadcrumb":{"@id":"https:\/\/brasilnoticias.org\/site\/virus-de-marburg-um-dos-mais-letais-do-mundo-tem-surto-confirmado-pela-oms\/#breadcrumb"},"inLanguage":"pt-PT","potentialAction":[{"@type":"ReadAction","target":["https:\/\/brasilnoticias.org\/site\/virus-de-marburg-um-dos-mais-letais-do-mundo-tem-surto-confirmado-pela-oms\/"]}]},{"@type":"ImageObject","inLanguage":"pt-PT","@id":"https:\/\/brasilnoticias.org\/site\/virus-de-marburg-um-dos-mais-letais-do-mundo-tem-surto-confirmado-pela-oms\/#primaryimage","url":"https:\/\/brasilnoticias.org\/site\/wp-content\/uploads\/2023\/02\/virus.jpg","contentUrl":"https:\/\/brasilnoticias.org\/site\/wp-content\/uploads\/2023\/02\/virus.jpg","width":612,"height":454},{"@type":"BreadcrumbList","@id":"https:\/\/brasilnoticias.org\/site\/virus-de-marburg-um-dos-mais-letais-do-mundo-tem-surto-confirmado-pela-oms\/#breadcrumb","itemListElement":[{"@type":"ListItem","position":1,"name":"In\u00edcio","item":"https:\/\/brasilnoticias.org\/site\/"},{"@type":"ListItem","position":2,"name":"V\u00edrus de Marburg, um dos mais letais do mundo, tem surto confirmado pela OMS"}]},{"@type":"WebSite","@id":"https:\/\/brasilnoticias.org\/site\/#website","url":"https:\/\/brasilnoticias.org\/site\/","name":"Brasil not\u00edcias","description":"Brasil not\u00edcias","publisher":{"@id":"https:\/\/brasilnoticias.org\/site\/#organization"},"potentialAction":[{"@type":"SearchAction","target":{"@type":"EntryPoint","urlTemplate":"https:\/\/brasilnoticias.org\/site\/?s={search_term_string}"},"query-input":{"@type":"PropertyValueSpecification","valueRequired":true,"valueName":"search_term_string"}}],"inLanguage":"pt-PT"},{"@type":"Organization","@id":"https:\/\/brasilnoticias.org\/site\/#organization","name":"Brasil not\u00edcias","url":"https:\/\/brasilnoticias.org\/site\/","logo":{"@type":"ImageObject","inLanguage":"pt-PT","@id":"https:\/\/brasilnoticias.org\/site\/#\/schema\/logo\/image\/","url":"https:\/\/brasilnoticias.org\/site\/wp-content\/uploads\/2022\/05\/cropped-brasilnoticias-mini.jpg","contentUrl":"https:\/\/brasilnoticias.org\/site\/wp-content\/uploads\/2022\/05\/cropped-brasilnoticias-mini.jpg","width":314,"height":86,"caption":"Brasil not\u00edcias"},"image":{"@id":"https:\/\/brasilnoticias.org\/site\/#\/schema\/logo\/image\/"}},{"@type":"Person","@id":"https:\/\/brasilnoticias.org\/site\/#\/schema\/person\/a0e05b973ec4d15c658d51911e53507b","name":"Reda\u00e7\u00e3o","image":{"@type":"ImageObject","inLanguage":"pt-PT","@id":"https:\/\/brasilnoticias.org\/site\/#\/schema\/person\/image\/","url":"https:\/\/secure.gravatar.com\/avatar\/75d8b050df2de108b08ae78dfb8e374892df24a383c67db9c46a9c604f6aee9c?s=96&d=mm&r=g","contentUrl":"https:\/\/secure.gravatar.com\/avatar\/75d8b050df2de108b08ae78dfb8e374892df24a383c67db9c46a9c604f6aee9c?s=96&d=mm&r=g","caption":"Reda\u00e7\u00e3o"},"sameAs":["https:\/\/brasilnoticias.org\/site"],"url":"https:\/\/brasilnoticias.org\/site\/author\/fernandozsngmail-com\/"}]}},"_links":{"self":[{"href":"https:\/\/brasilnoticias.org\/site\/wp-json\/wp\/v2\/posts\/4001","targetHints":{"allow":["GET"]}}],"collection":[{"href":"https:\/\/brasilnoticias.org\/site\/wp-json\/wp\/v2\/posts"}],"about":[{"href":"https:\/\/brasilnoticias.org\/site\/wp-json\/wp\/v2\/types\/post"}],"author":[{"embeddable":true,"href":"https:\/\/brasilnoticias.org\/site\/wp-json\/wp\/v2\/users\/1"}],"replies":[{"embeddable":true,"href":"https:\/\/brasilnoticias.org\/site\/wp-json\/wp\/v2\/comments?post=4001"}],"version-history":[{"count":1,"href":"https:\/\/brasilnoticias.org\/site\/wp-json\/wp\/v2\/posts\/4001\/revisions"}],"predecessor-version":[{"id":4003,"href":"https:\/\/brasilnoticias.org\/site\/wp-json\/wp\/v2\/posts\/4001\/revisions\/4003"}],"wp:featuredmedia":[{"embeddable":true,"href":"https:\/\/brasilnoticias.org\/site\/wp-json\/wp\/v2\/media\/4002"}],"wp:attachment":[{"href":"https:\/\/brasilnoticias.org\/site\/wp-json\/wp\/v2\/media?parent=4001"}],"wp:term":[{"taxonomy":"category","embeddable":true,"href":"https:\/\/brasilnoticias.org\/site\/wp-json\/wp\/v2\/categories?post=4001"},{"taxonomy":"post_tag","embeddable":true,"href":"https:\/\/brasilnoticias.org\/site\/wp-json\/wp\/v2\/tags?post=4001"}],"curies":[{"name":"wp","href":"https:\/\/api.w.org\/{rel}","templated":true}]}}