{"id":4019,"date":"2023-02-16T07:44:31","date_gmt":"2023-02-16T10:44:31","guid":{"rendered":"https:\/\/brasilnoticias.org\/site\/?p=4019"},"modified":"2023-02-16T07:44:31","modified_gmt":"2023-02-16T10:44:31","slug":"guine-equatorial-tem-surto-do-virus-de-marburg","status":"publish","type":"post","link":"https:\/\/brasilnoticias.org\/site\/guine-equatorial-tem-surto-do-virus-de-marburg\/","title":{"rendered":"Guin\u00e9 Equatorial tem surto do v\u00edrus de Marburg"},"content":{"rendered":"<p>A Guin\u00e9 Equatorial, na \u00c1frica Central, confirmou seu primeiro surto do v\u00edrus de Marburg, da mesma fam\u00edlia do Ebola. A regional da Organiza\u00e7\u00e3o Mundial da Sa\u00fade (OMS) na \u00c1frica informou na segunda-feira que 9 mortes foram confirmadas e 16 casos s\u00e3o investigados como suspeitos.<\/p>\n<p>&nbsp;<\/p>\n<p>A doen\u00e7a de Marburg causa febre hemorr\u00e1gica, com taxa de letalidade de at\u00e9 88%, de acordo com a OMS, o que faz dele um dos v\u00edrus mais mortais do mundo. O quadro come\u00e7a abruptamente, com febre alta, dor de cabe\u00e7a e mal-estar intensos. Muitos pacientes desenvolvem sintomas hemorr\u00e1gicos graves dentro de sete dias.<\/p>\n<p>&nbsp;<\/p>\n<p>O v\u00edrus \u00e9 transmitido aos humanos por morcegos frug\u00edvoros e se espalha por contato direto com os fluidos corporais de pessoas, superf\u00edcies e materiais infectados. Por ora, n\u00e3o h\u00e1 vacinas ou tratamentos antivirais. Contudo, segundo a OMS, cuidados de suporte (reidrata\u00e7\u00e3o com fluidos orais ou intravenosos) e tratamento de sintomas espec\u00edficos melhoram a sobrevida do paciente.<\/p>\n<p>&nbsp;<\/p>\n<p>Alexandre Naime Barbosa, vice-presidente da Sociedade Brasileira de Infectologia (SBI), explica que a gravidade do quadro \u00e9 explicada pelo &#8220;\u00f3rg\u00e3o-alvo&#8221; do v\u00edrus. &#8220;Ele afeta principalmente as c\u00e9lulas do sistema circulat\u00f3rio endotelial. Acaba prejudicando a permeabilidade dos vasos das c\u00e9lulas que revestem o sistema circulat\u00f3rio. Isso faz com que haja hemorragia.&#8221;<\/p>\n<p>&nbsp;<\/p>\n<p>Barbosa diz que a confirma\u00e7\u00e3o do surto no pa\u00eds africano n\u00e3o \u00e9 uma &#8220;surpresa&#8221;, uma vez que, na regi\u00e3o, h\u00e1 reservat\u00f3rio animal do v\u00edrus. &#8220;Alguns animais silvestres principalmente morcegos, s\u00e3o hospedeiros naturais dessa fam\u00edlia de filov\u00edrus. Portanto, eventualmente voc\u00ea vai ter morcegos contaminando seres humanos, e a\u00ed acontece a transmiss\u00e3o inter-humanos, que \u00e9 o que est\u00e1 acontecendo agora.&#8221;<\/p>\n<p>&nbsp;<\/p>\n<p>Desde 1967, quando a doen\u00e7a foi detectada pela primeira vez, com surtos simult\u00e2neos nas cidades alem\u00e3s de Marburg e Frankfurt, e em Belgrado, na S\u00e9rvia, ela j\u00e1 causou surtos em v\u00e1rios momentos. Embora tenham causado muitas mortes, em geral, n\u00e3o &#8220;furaram&#8221; fronteiras nacionais. Em 2004, um surto do v\u00edrus na Angola matou 90% dos 252 infectados. No ano passado, houve duas mortes relatadas pelo Marburg, em Gana.<\/p>\n<p>&nbsp;<\/p>\n<p><b>REUNI\u00c3O<\/b><\/p>\n<p>&nbsp;<\/p>\n<p>Frente aos nove \u00f3bitos confirmados, a OMS anunciou reuni\u00e3o de emerg\u00eancia do cons\u00f3rcio Marvac, que promove a colabora\u00e7\u00e3o internacional para o desenvolvimento de vacinas contra o v\u00edrus de Marburg. O cons\u00f3rcio \u00e9 coordenado pela OMS e inclui representantes da ind\u00fastria farmac\u00eautica, organiza\u00e7\u00f5es sem fins lucrativos, autoridades e academia. Os integrantes se reuniram discutir a doen\u00e7a e poss\u00edveis tratamentos e vacinas.<\/p>\n<p>&nbsp;<\/p>\n<p>Viol\u00eancia da doen\u00e7a deve deter exporta\u00e7\u00e3o de casos<\/p>\n<p>&nbsp;<\/p>\n<p>A diretora regional da OMS na \u00c1frica, Matshidiso Moeti, informou que o v\u00edrus \u00e9 considerado &#8220;altamente infeccioso&#8221;. Segundo ela, a a\u00e7\u00e3o r\u00e1pida e decisiva das autoridades da Guin\u00e9 Equatorial na confirma\u00e7\u00e3o da doen\u00e7a pode ajudar a deter o v\u00edrus mais r\u00e1pido.<\/p>\n<p>&nbsp;<\/p>\n<p>Com o mundo mergulhado h\u00e1 cerca de tr\u00eas anos na pandemia da covid-19, a confirma\u00e7\u00e3o do surto de um novo v\u00edrus t\u00e3o grave pode assustar. No entanto, especialistas ouvidos pelo\u00a0<b>Estad\u00e3o<\/b>\u00a0destacam que, com o conhecimento que se tem at\u00e9 hoje sobre o Marburg, a &#8220;exporta\u00e7\u00e3o&#8221; de casos para outros pa\u00edses at\u00e9 pode ocorrer, mas uma dissemina\u00e7\u00e3o semelhante, por exemplo, \u00e9 pouco prov\u00e1vel.<\/p>\n<p>&nbsp;<\/p>\n<p>A letalidade elevada ajuda a explicar isso. &#8220;Se a gente pegar um indiv\u00edduo, por exemplo, infectado na \u00c1frica e que rompesse essa barreira epidemiol\u00f3gica que j\u00e1 foi instalada, e viesse ao Brasil ou para outro pa\u00eds, a manifesta\u00e7\u00e3o do sintoma \u00e9 t\u00e3o r\u00e1pida que provavelmente esse indiv\u00edduo evoluiria para um quadro grave e de \u00f3bito antes de chegar ao territ\u00f3rio. Ent\u00e3o a gente trabalha com uma caracter\u00edstica viral muito diferente do v\u00edrus causador da covid-19&#8221;, afirma Joziana Bar\u00e7ante, professora de Medicina da Universidade Federal de Lavras (UFLA). (Com Ag\u00eancias Internacionais)<\/p>\n<p>&nbsp;<\/p>\n<p>&nbsp;<\/p>\n<p>As informa\u00e7\u00f5es s\u00e3o do jornal\u00a0<b>O Estado de S. Paulo.<\/b><\/p>\n<div class=\"pub-container inside-news\">Foto Shutterstock<\/div>\n","protected":false},"excerpt":{"rendered":"<p>A Guin\u00e9 Equatorial, na \u00c1frica Central, confirmou seu primeiro surto do v\u00edrus de Marburg, da mesma fam\u00edlia do Ebola. A<\/p>\n","protected":false},"author":1,"featured_media":4020,"comment_status":"open","ping_status":"open","sticky":false,"template":"","format":"standard","meta":{"colormag_page_container_layout":"default_layout","colormag_page_sidebar_layout":"default_layout","_FSMCFIC_featured_image_caption":"","_FSMCFIC_featured_image_nocaption":"","_FSMCFIC_featured_image_hide":"","footnotes":""},"categories":[2,1],"tags":[],"class_list":["post-4019","post","type-post","status-publish","format-standard","has-post-thumbnail","hentry","category-noticias","category-ultimas"],"yoast_head":"<!-- This site is optimized with the Yoast SEO plugin v27.1.1 - https:\/\/yoast.com\/product\/yoast-seo-wordpress\/ -->\n<title>Guin\u00e9 Equatorial tem surto do v\u00edrus de Marburg - Brasil not\u00edcias<\/title>\n<meta name=\"robots\" content=\"index, follow, max-snippet:-1, max-image-preview:large, max-video-preview:-1\" \/>\n<link rel=\"canonical\" href=\"https:\/\/brasilnoticias.org\/site\/guine-equatorial-tem-surto-do-virus-de-marburg\/\" \/>\n<meta property=\"og:locale\" content=\"pt_PT\" \/>\n<meta property=\"og:type\" content=\"article\" \/>\n<meta property=\"og:title\" content=\"Guin\u00e9 Equatorial tem surto do v\u00edrus de Marburg - Brasil not\u00edcias\" \/>\n<meta property=\"og:description\" content=\"A Guin\u00e9 Equatorial, na \u00c1frica Central, confirmou seu primeiro surto do v\u00edrus de Marburg, da mesma fam\u00edlia do Ebola. A\" \/>\n<meta property=\"og:url\" content=\"https:\/\/brasilnoticias.org\/site\/guine-equatorial-tem-surto-do-virus-de-marburg\/\" \/>\n<meta property=\"og:site_name\" content=\"Brasil not\u00edcias\" \/>\n<meta property=\"article:published_time\" content=\"2023-02-16T10:44:31+00:00\" \/>\n<meta property=\"og:image\" content=\"https:\/\/brasilnoticias.org\/site\/wp-content\/uploads\/2023\/02\/naom_63ee04e96848b.jpg\" \/>\n\t<meta property=\"og:image:width\" content=\"1920\" \/>\n\t<meta property=\"og:image:height\" content=\"1080\" \/>\n\t<meta property=\"og:image:type\" content=\"image\/jpeg\" \/>\n<meta name=\"author\" content=\"Reda\u00e7\u00e3o\" \/>\n<meta name=\"twitter:card\" content=\"summary_large_image\" \/>\n<meta name=\"twitter:label1\" content=\"Escrito por\" \/>\n\t<meta name=\"twitter:data1\" content=\"Reda\u00e7\u00e3o\" \/>\n\t<meta name=\"twitter:label2\" content=\"Tempo estimado de leitura\" \/>\n\t<meta name=\"twitter:data2\" content=\"3 minutos\" \/>\n<script type=\"application\/ld+json\" class=\"yoast-schema-graph\">{\"@context\":\"https:\/\/schema.org\",\"@graph\":[{\"@type\":\"Article\",\"@id\":\"https:\/\/brasilnoticias.org\/site\/guine-equatorial-tem-surto-do-virus-de-marburg\/#article\",\"isPartOf\":{\"@id\":\"https:\/\/brasilnoticias.org\/site\/guine-equatorial-tem-surto-do-virus-de-marburg\/\"},\"author\":{\"name\":\"Reda\u00e7\u00e3o\",\"@id\":\"https:\/\/brasilnoticias.org\/site\/#\/schema\/person\/a0e05b973ec4d15c658d51911e53507b\"},\"headline\":\"Guin\u00e9 Equatorial tem surto do v\u00edrus de Marburg\",\"datePublished\":\"2023-02-16T10:44:31+00:00\",\"mainEntityOfPage\":{\"@id\":\"https:\/\/brasilnoticias.org\/site\/guine-equatorial-tem-surto-do-virus-de-marburg\/\"},\"wordCount\":696,\"commentCount\":0,\"publisher\":{\"@id\":\"https:\/\/brasilnoticias.org\/site\/#organization\"},\"image\":{\"@id\":\"https:\/\/brasilnoticias.org\/site\/guine-equatorial-tem-surto-do-virus-de-marburg\/#primaryimage\"},\"thumbnailUrl\":\"https:\/\/brasilnoticias.org\/site\/wp-content\/uploads\/2023\/02\/naom_63ee04e96848b.jpg\",\"articleSection\":[\"Not\u00edcias\",\"\u00daltimas\"],\"inLanguage\":\"pt-PT\",\"potentialAction\":[{\"@type\":\"CommentAction\",\"name\":\"Comment\",\"target\":[\"https:\/\/brasilnoticias.org\/site\/guine-equatorial-tem-surto-do-virus-de-marburg\/#respond\"]}]},{\"@type\":\"WebPage\",\"@id\":\"https:\/\/brasilnoticias.org\/site\/guine-equatorial-tem-surto-do-virus-de-marburg\/\",\"url\":\"https:\/\/brasilnoticias.org\/site\/guine-equatorial-tem-surto-do-virus-de-marburg\/\",\"name\":\"Guin\u00e9 Equatorial tem surto do v\u00edrus de Marburg - Brasil not\u00edcias\",\"isPartOf\":{\"@id\":\"https:\/\/brasilnoticias.org\/site\/#website\"},\"primaryImageOfPage\":{\"@id\":\"https:\/\/brasilnoticias.org\/site\/guine-equatorial-tem-surto-do-virus-de-marburg\/#primaryimage\"},\"image\":{\"@id\":\"https:\/\/brasilnoticias.org\/site\/guine-equatorial-tem-surto-do-virus-de-marburg\/#primaryimage\"},\"thumbnailUrl\":\"https:\/\/brasilnoticias.org\/site\/wp-content\/uploads\/2023\/02\/naom_63ee04e96848b.jpg\",\"datePublished\":\"2023-02-16T10:44:31+00:00\",\"breadcrumb\":{\"@id\":\"https:\/\/brasilnoticias.org\/site\/guine-equatorial-tem-surto-do-virus-de-marburg\/#breadcrumb\"},\"inLanguage\":\"pt-PT\",\"potentialAction\":[{\"@type\":\"ReadAction\",\"target\":[\"https:\/\/brasilnoticias.org\/site\/guine-equatorial-tem-surto-do-virus-de-marburg\/\"]}]},{\"@type\":\"ImageObject\",\"inLanguage\":\"pt-PT\",\"@id\":\"https:\/\/brasilnoticias.org\/site\/guine-equatorial-tem-surto-do-virus-de-marburg\/#primaryimage\",\"url\":\"https:\/\/brasilnoticias.org\/site\/wp-content\/uploads\/2023\/02\/naom_63ee04e96848b.jpg\",\"contentUrl\":\"https:\/\/brasilnoticias.org\/site\/wp-content\/uploads\/2023\/02\/naom_63ee04e96848b.jpg\",\"width\":1920,\"height\":1080},{\"@type\":\"BreadcrumbList\",\"@id\":\"https:\/\/brasilnoticias.org\/site\/guine-equatorial-tem-surto-do-virus-de-marburg\/#breadcrumb\",\"itemListElement\":[{\"@type\":\"ListItem\",\"position\":1,\"name\":\"In\u00edcio\",\"item\":\"https:\/\/brasilnoticias.org\/site\/\"},{\"@type\":\"ListItem\",\"position\":2,\"name\":\"Guin\u00e9 Equatorial tem surto do v\u00edrus de Marburg\"}]},{\"@type\":\"WebSite\",\"@id\":\"https:\/\/brasilnoticias.org\/site\/#website\",\"url\":\"https:\/\/brasilnoticias.org\/site\/\",\"name\":\"Brasil not\u00edcias\",\"description\":\"Brasil not\u00edcias\",\"publisher\":{\"@id\":\"https:\/\/brasilnoticias.org\/site\/#organization\"},\"potentialAction\":[{\"@type\":\"SearchAction\",\"target\":{\"@type\":\"EntryPoint\",\"urlTemplate\":\"https:\/\/brasilnoticias.org\/site\/?s={search_term_string}\"},\"query-input\":{\"@type\":\"PropertyValueSpecification\",\"valueRequired\":true,\"valueName\":\"search_term_string\"}}],\"inLanguage\":\"pt-PT\"},{\"@type\":\"Organization\",\"@id\":\"https:\/\/brasilnoticias.org\/site\/#organization\",\"name\":\"Brasil not\u00edcias\",\"url\":\"https:\/\/brasilnoticias.org\/site\/\",\"logo\":{\"@type\":\"ImageObject\",\"inLanguage\":\"pt-PT\",\"@id\":\"https:\/\/brasilnoticias.org\/site\/#\/schema\/logo\/image\/\",\"url\":\"https:\/\/brasilnoticias.org\/site\/wp-content\/uploads\/2022\/05\/cropped-brasilnoticias-mini.jpg\",\"contentUrl\":\"https:\/\/brasilnoticias.org\/site\/wp-content\/uploads\/2022\/05\/cropped-brasilnoticias-mini.jpg\",\"width\":314,\"height\":86,\"caption\":\"Brasil not\u00edcias\"},\"image\":{\"@id\":\"https:\/\/brasilnoticias.org\/site\/#\/schema\/logo\/image\/\"}},{\"@type\":\"Person\",\"@id\":\"https:\/\/brasilnoticias.org\/site\/#\/schema\/person\/a0e05b973ec4d15c658d51911e53507b\",\"name\":\"Reda\u00e7\u00e3o\",\"image\":{\"@type\":\"ImageObject\",\"inLanguage\":\"pt-PT\",\"@id\":\"https:\/\/brasilnoticias.org\/site\/#\/schema\/person\/image\/\",\"url\":\"https:\/\/secure.gravatar.com\/avatar\/75d8b050df2de108b08ae78dfb8e374892df24a383c67db9c46a9c604f6aee9c?s=96&d=mm&r=g\",\"contentUrl\":\"https:\/\/secure.gravatar.com\/avatar\/75d8b050df2de108b08ae78dfb8e374892df24a383c67db9c46a9c604f6aee9c?s=96&d=mm&r=g\",\"caption\":\"Reda\u00e7\u00e3o\"},\"sameAs\":[\"https:\/\/brasilnoticias.org\/site\"],\"url\":\"https:\/\/brasilnoticias.org\/site\/author\/fernandozsngmail-com\/\"}]}<\/script>\n<!-- \/ Yoast SEO plugin. -->","yoast_head_json":{"title":"Guin\u00e9 Equatorial tem surto do v\u00edrus de Marburg - Brasil not\u00edcias","robots":{"index":"index","follow":"follow","max-snippet":"max-snippet:-1","max-image-preview":"max-image-preview:large","max-video-preview":"max-video-preview:-1"},"canonical":"https:\/\/brasilnoticias.org\/site\/guine-equatorial-tem-surto-do-virus-de-marburg\/","og_locale":"pt_PT","og_type":"article","og_title":"Guin\u00e9 Equatorial tem surto do v\u00edrus de Marburg - Brasil not\u00edcias","og_description":"A Guin\u00e9 Equatorial, na \u00c1frica Central, confirmou seu primeiro surto do v\u00edrus de Marburg, da mesma fam\u00edlia do Ebola. A","og_url":"https:\/\/brasilnoticias.org\/site\/guine-equatorial-tem-surto-do-virus-de-marburg\/","og_site_name":"Brasil not\u00edcias","article_published_time":"2023-02-16T10:44:31+00:00","og_image":[{"width":1920,"height":1080,"url":"https:\/\/brasilnoticias.org\/site\/wp-content\/uploads\/2023\/02\/naom_63ee04e96848b.jpg","type":"image\/jpeg"}],"author":"Reda\u00e7\u00e3o","twitter_card":"summary_large_image","twitter_misc":{"Escrito por":"Reda\u00e7\u00e3o","Tempo estimado de leitura":"3 minutos"},"schema":{"@context":"https:\/\/schema.org","@graph":[{"@type":"Article","@id":"https:\/\/brasilnoticias.org\/site\/guine-equatorial-tem-surto-do-virus-de-marburg\/#article","isPartOf":{"@id":"https:\/\/brasilnoticias.org\/site\/guine-equatorial-tem-surto-do-virus-de-marburg\/"},"author":{"name":"Reda\u00e7\u00e3o","@id":"https:\/\/brasilnoticias.org\/site\/#\/schema\/person\/a0e05b973ec4d15c658d51911e53507b"},"headline":"Guin\u00e9 Equatorial tem surto do v\u00edrus de Marburg","datePublished":"2023-02-16T10:44:31+00:00","mainEntityOfPage":{"@id":"https:\/\/brasilnoticias.org\/site\/guine-equatorial-tem-surto-do-virus-de-marburg\/"},"wordCount":696,"commentCount":0,"publisher":{"@id":"https:\/\/brasilnoticias.org\/site\/#organization"},"image":{"@id":"https:\/\/brasilnoticias.org\/site\/guine-equatorial-tem-surto-do-virus-de-marburg\/#primaryimage"},"thumbnailUrl":"https:\/\/brasilnoticias.org\/site\/wp-content\/uploads\/2023\/02\/naom_63ee04e96848b.jpg","articleSection":["Not\u00edcias","\u00daltimas"],"inLanguage":"pt-PT","potentialAction":[{"@type":"CommentAction","name":"Comment","target":["https:\/\/brasilnoticias.org\/site\/guine-equatorial-tem-surto-do-virus-de-marburg\/#respond"]}]},{"@type":"WebPage","@id":"https:\/\/brasilnoticias.org\/site\/guine-equatorial-tem-surto-do-virus-de-marburg\/","url":"https:\/\/brasilnoticias.org\/site\/guine-equatorial-tem-surto-do-virus-de-marburg\/","name":"Guin\u00e9 Equatorial tem surto do v\u00edrus de Marburg - Brasil not\u00edcias","isPartOf":{"@id":"https:\/\/brasilnoticias.org\/site\/#website"},"primaryImageOfPage":{"@id":"https:\/\/brasilnoticias.org\/site\/guine-equatorial-tem-surto-do-virus-de-marburg\/#primaryimage"},"image":{"@id":"https:\/\/brasilnoticias.org\/site\/guine-equatorial-tem-surto-do-virus-de-marburg\/#primaryimage"},"thumbnailUrl":"https:\/\/brasilnoticias.org\/site\/wp-content\/uploads\/2023\/02\/naom_63ee04e96848b.jpg","datePublished":"2023-02-16T10:44:31+00:00","breadcrumb":{"@id":"https:\/\/brasilnoticias.org\/site\/guine-equatorial-tem-surto-do-virus-de-marburg\/#breadcrumb"},"inLanguage":"pt-PT","potentialAction":[{"@type":"ReadAction","target":["https:\/\/brasilnoticias.org\/site\/guine-equatorial-tem-surto-do-virus-de-marburg\/"]}]},{"@type":"ImageObject","inLanguage":"pt-PT","@id":"https:\/\/brasilnoticias.org\/site\/guine-equatorial-tem-surto-do-virus-de-marburg\/#primaryimage","url":"https:\/\/brasilnoticias.org\/site\/wp-content\/uploads\/2023\/02\/naom_63ee04e96848b.jpg","contentUrl":"https:\/\/brasilnoticias.org\/site\/wp-content\/uploads\/2023\/02\/naom_63ee04e96848b.jpg","width":1920,"height":1080},{"@type":"BreadcrumbList","@id":"https:\/\/brasilnoticias.org\/site\/guine-equatorial-tem-surto-do-virus-de-marburg\/#breadcrumb","itemListElement":[{"@type":"ListItem","position":1,"name":"In\u00edcio","item":"https:\/\/brasilnoticias.org\/site\/"},{"@type":"ListItem","position":2,"name":"Guin\u00e9 Equatorial tem surto do v\u00edrus de Marburg"}]},{"@type":"WebSite","@id":"https:\/\/brasilnoticias.org\/site\/#website","url":"https:\/\/brasilnoticias.org\/site\/","name":"Brasil not\u00edcias","description":"Brasil not\u00edcias","publisher":{"@id":"https:\/\/brasilnoticias.org\/site\/#organization"},"potentialAction":[{"@type":"SearchAction","target":{"@type":"EntryPoint","urlTemplate":"https:\/\/brasilnoticias.org\/site\/?s={search_term_string}"},"query-input":{"@type":"PropertyValueSpecification","valueRequired":true,"valueName":"search_term_string"}}],"inLanguage":"pt-PT"},{"@type":"Organization","@id":"https:\/\/brasilnoticias.org\/site\/#organization","name":"Brasil not\u00edcias","url":"https:\/\/brasilnoticias.org\/site\/","logo":{"@type":"ImageObject","inLanguage":"pt-PT","@id":"https:\/\/brasilnoticias.org\/site\/#\/schema\/logo\/image\/","url":"https:\/\/brasilnoticias.org\/site\/wp-content\/uploads\/2022\/05\/cropped-brasilnoticias-mini.jpg","contentUrl":"https:\/\/brasilnoticias.org\/site\/wp-content\/uploads\/2022\/05\/cropped-brasilnoticias-mini.jpg","width":314,"height":86,"caption":"Brasil not\u00edcias"},"image":{"@id":"https:\/\/brasilnoticias.org\/site\/#\/schema\/logo\/image\/"}},{"@type":"Person","@id":"https:\/\/brasilnoticias.org\/site\/#\/schema\/person\/a0e05b973ec4d15c658d51911e53507b","name":"Reda\u00e7\u00e3o","image":{"@type":"ImageObject","inLanguage":"pt-PT","@id":"https:\/\/brasilnoticias.org\/site\/#\/schema\/person\/image\/","url":"https:\/\/secure.gravatar.com\/avatar\/75d8b050df2de108b08ae78dfb8e374892df24a383c67db9c46a9c604f6aee9c?s=96&d=mm&r=g","contentUrl":"https:\/\/secure.gravatar.com\/avatar\/75d8b050df2de108b08ae78dfb8e374892df24a383c67db9c46a9c604f6aee9c?s=96&d=mm&r=g","caption":"Reda\u00e7\u00e3o"},"sameAs":["https:\/\/brasilnoticias.org\/site"],"url":"https:\/\/brasilnoticias.org\/site\/author\/fernandozsngmail-com\/"}]}},"_links":{"self":[{"href":"https:\/\/brasilnoticias.org\/site\/wp-json\/wp\/v2\/posts\/4019","targetHints":{"allow":["GET"]}}],"collection":[{"href":"https:\/\/brasilnoticias.org\/site\/wp-json\/wp\/v2\/posts"}],"about":[{"href":"https:\/\/brasilnoticias.org\/site\/wp-json\/wp\/v2\/types\/post"}],"author":[{"embeddable":true,"href":"https:\/\/brasilnoticias.org\/site\/wp-json\/wp\/v2\/users\/1"}],"replies":[{"embeddable":true,"href":"https:\/\/brasilnoticias.org\/site\/wp-json\/wp\/v2\/comments?post=4019"}],"version-history":[{"count":1,"href":"https:\/\/brasilnoticias.org\/site\/wp-json\/wp\/v2\/posts\/4019\/revisions"}],"predecessor-version":[{"id":4021,"href":"https:\/\/brasilnoticias.org\/site\/wp-json\/wp\/v2\/posts\/4019\/revisions\/4021"}],"wp:featuredmedia":[{"embeddable":true,"href":"https:\/\/brasilnoticias.org\/site\/wp-json\/wp\/v2\/media\/4020"}],"wp:attachment":[{"href":"https:\/\/brasilnoticias.org\/site\/wp-json\/wp\/v2\/media?parent=4019"}],"wp:term":[{"taxonomy":"category","embeddable":true,"href":"https:\/\/brasilnoticias.org\/site\/wp-json\/wp\/v2\/categories?post=4019"},{"taxonomy":"post_tag","embeddable":true,"href":"https:\/\/brasilnoticias.org\/site\/wp-json\/wp\/v2\/tags?post=4019"}],"curies":[{"name":"wp","href":"https:\/\/api.w.org\/{rel}","templated":true}]}}