{"id":4026,"date":"2023-02-16T17:10:49","date_gmt":"2023-02-16T20:10:49","guid":{"rendered":"https:\/\/brasilnoticias.org\/site\/?p=4026"},"modified":"2023-02-16T17:10:49","modified_gmt":"2023-02-16T20:10:49","slug":"abertura-do-carnaval-de-salvador-tera-ivete-daniela-mercury-e-blocos-de-samba","status":"publish","type":"post","link":"https:\/\/brasilnoticias.org\/site\/abertura-do-carnaval-de-salvador-tera-ivete-daniela-mercury-e-blocos-de-samba\/","title":{"rendered":"Abertura do Carnaval de Salvador ter\u00e1 Ivete, Daniela Mercury e blocos de samba"},"content":{"rendered":"<p>O Carnaval de Salvador come\u00e7a oficialmente nesta quinta-feira (16), a partir das 15h30, no circuito Barra-Ondina, com um desfile aberto ao p\u00fablico comandado pela cantora Ivete Sangalo.<\/p>\n<div class=\"pub-container inside-news\">\n<div class=\"row news-main-text-container\">\n<div class=\"col-lg-12 col-md-12 col-sm-12 col-xs-12\">\n<div class=\"news-main-text\">\n<p>Ao todo, 31 trios el\u00e9tricos v\u00e3o desfilar no Barra-Ondina, sendo 29 deles abertos ao p\u00fablico. Dentre eles est\u00e3o nomes tradicionais do Carnaval de Salvador, caso de Saulo Fernandes, Claudia Leitte, Xanddy Harmonia e Leo Santana.<\/p>\n<p>Tamb\u00e9m desfilam neste circuito as bandas Timbalada, Jammil, Parangol\u00e9 e Chiclete com Banana. O cantor Bell Marques vai comandar o Bloco de Quinta, fechado para associados.<\/p>\n<p>A cantora Ludmilla tamb\u00e9m far\u00e1 um desfile aberto ao p\u00fablico, assim como o cantor e guitarrista Davi Moraes, que far\u00e1 homenagem ao pai Moraes Moreira, que morreu em abril de 2020.<\/p>\n<p>A cerim\u00f4nia oficial de abertura ter\u00e1 in\u00edcio \u00e0s 15h com a entrega das chaves da cidade para o Rei Momo, no camarote Expresso 2222. O ato ter\u00e1 participa\u00e7\u00e3o do prefeito Bruno Reis (Uni\u00e3o Brasil) e do governador Jer\u00f4nimo Rodrigues (PT).<\/p>\n<p>No circuito do Campo Grande, o trio Armandinho, Dod\u00f4 e Osmar far\u00e1 a abertura a partir das 18h, celebrando os cem anos de nascimento de Osmar Mac\u00eado (1923-1997), um dos inventores do trio el\u00e9trico ao lado de Adolfo Nascimento (1920-1978), o Dod\u00f4.<\/p>\n<p>Na sequ\u00eancia, a cantora Daniela Mercury comanda um trio el\u00e9trico aberto ao p\u00fablico, seguida de desfiles da Mudei de Nome, liderada pelo veterano Ricardo Chaves, al\u00e9m das bandas La F\u00faria e Psirico.<\/p>\n<p>Mais tarde, os blocos dedicados ao samba tomam conta do circuito do Campo Grande. O primeiro a desfilar ser\u00e1 o Alerta Geral, comandado por Xande de Pilares, Arlindinho e Eduardinho. Em seguida entra o bloco Amor e Paix\u00e3o, com o cantor Nelson Rufino e o grupo Batifun.<\/p>\n<p>Tamb\u00e9m desfilam os blocos Pagode Total, Fogueir\u00e3o e bloco afro Bankoma, al\u00e9m do Bloco da Capoeira, comandado pelo cantor Tonho Mat\u00e9ria.<\/p>\n<p>O Carnaval de Salvador segue at\u00e9 a quarta-feira de cinzas, quando o cantor Bell Marques vai encerrar a festa com um desfile entre Ondina e a Barra.<\/p>\n<p>A folia volta ap\u00f3s um hiato de tr\u00eas anos por causa da pandemia da Covid-19 -o \u00faltimo Carnaval oficial foi realizado em 2020. A Prefeitura de Salvador estima um impacto de R$ 2 bilh\u00f5es na economia da cidade.<\/p>\n<p><strong>DESTAQUES DO CARNAVAL DE SALVADOR<\/strong><\/p>\n<p>QUINTA-FEIRA (16)<br \/>\nIvete Sangalo (Barra)<br \/>\nArmandinho, Dod\u00f4 e Osmar (Campo Grande)<br \/>\nDaniela Mercury (Campo Grande)<\/p>\n<p>SEXTA-FEIRA (17)<br \/>\nLeo Santana (Barra)<br \/>\nBell Marques (Barra)<br \/>\n\u00c9 o Tchan (Campo Grande)<\/p>\n<p>S\u00c1<acronym title=\"18\">BADO<\/acronym><br \/>\nTimbalada (Barra)<br \/>\nMajor Lazer e Attoxxa (Barra)<br \/>\nIl\u00ea Aiy\u00ea (Campo Grande)<\/p>\n<p>DOMINGO (19)<br \/>\nOlodum (Barra)<br \/>\nCortejo Afro (Barra)<br \/>\nBaianaSystem (Campo Grande)<\/p>\n<p>SEGUNDA-FEIRA (20)<br \/>\nFilhos de Gandhy (Barra)<br \/>\nDurval Lelys (Barra)<br \/>\nClaudia Leitte (Campo Grande)<\/p>\n<p>TER\u00c7A-FEIRA (21)<br \/>\nLuiz Caldas (Barra)<br \/>\nSaulo Fernandes (Campo Grande)<br \/>\nMuzenza (Campo Grande)<\/p>\n<\/div>\n<\/div>\n<\/div>\n<div class=\"row news-social-bottom\">\n<div class=\"col-lg-12 col-md-12 col-sm-12 col-xs-12\">\n<div class=\"center-block\">\n<div class=\"fb-like fb_iframe_widget\" data-href=\"https:\/\/www.noticiasaominuto.com.br\/brasil\/1992216\/abertura-do-carnaval-de-salvador-tera-ivete-daniela-mercury-e-blocos-de-samba?utm_medium=social&amp;utm_source=facebook.com&amp;utm_campaign=buffer\" data-layout=\"box_count\" data-action=\"like\" data-size=\"small\" data-show-faces=\"true\" data-share=\"false\"><\/div>\n<\/div>\n<\/div>\n<\/div>\n<\/div>\n","protected":false},"excerpt":{"rendered":"<p>O Carnaval de Salvador come\u00e7a oficialmente nesta quinta-feira (16), a partir das 15h30, no circuito Barra-Ondina, com um desfile aberto<\/p>\n","protected":false},"author":1,"featured_media":4027,"comment_status":"open","ping_status":"open","sticky":false,"template":"","format":"standard","meta":{"colormag_page_container_layout":"default_layout","colormag_page_sidebar_layout":"default_layout","_FSMCFIC_featured_image_caption":"","_FSMCFIC_featured_image_nocaption":"","_FSMCFIC_featured_image_hide":"","footnotes":""},"categories":[2,1],"tags":[],"class_list":["post-4026","post","type-post","status-publish","format-standard","has-post-thumbnail","hentry","category-noticias","category-ultimas"],"yoast_head":"<!-- This site is optimized with the Yoast SEO plugin v27.1.1 - https:\/\/yoast.com\/product\/yoast-seo-wordpress\/ -->\n<title>Abertura do Carnaval de Salvador ter\u00e1 Ivete, Daniela Mercury e blocos de samba - Brasil not\u00edcias<\/title>\n<meta name=\"robots\" content=\"index, follow, max-snippet:-1, max-image-preview:large, max-video-preview:-1\" \/>\n<link rel=\"canonical\" href=\"https:\/\/brasilnoticias.org\/site\/abertura-do-carnaval-de-salvador-tera-ivete-daniela-mercury-e-blocos-de-samba\/\" \/>\n<meta property=\"og:locale\" content=\"pt_PT\" \/>\n<meta property=\"og:type\" content=\"article\" \/>\n<meta property=\"og:title\" content=\"Abertura do Carnaval de Salvador ter\u00e1 Ivete, Daniela Mercury e blocos de samba - Brasil not\u00edcias\" \/>\n<meta property=\"og:description\" content=\"O Carnaval de Salvador come\u00e7a oficialmente nesta quinta-feira (16), a partir das 15h30, no circuito Barra-Ondina, com um desfile aberto\" \/>\n<meta property=\"og:url\" content=\"https:\/\/brasilnoticias.org\/site\/abertura-do-carnaval-de-salvador-tera-ivete-daniela-mercury-e-blocos-de-samba\/\" \/>\n<meta property=\"og:site_name\" content=\"Brasil not\u00edcias\" \/>\n<meta property=\"article:published_time\" content=\"2023-02-16T20:10:49+00:00\" \/>\n<meta property=\"og:image\" content=\"https:\/\/brasilnoticias.org\/site\/wp-content\/uploads\/2023\/02\/naom_63ee4451afee9.jpg\" \/>\n\t<meta property=\"og:image:width\" content=\"1920\" \/>\n\t<meta property=\"og:image:height\" content=\"1080\" \/>\n\t<meta property=\"og:image:type\" content=\"image\/jpeg\" \/>\n<meta name=\"author\" content=\"Reda\u00e7\u00e3o\" \/>\n<meta name=\"twitter:card\" content=\"summary_large_image\" \/>\n<meta name=\"twitter:label1\" content=\"Escrito por\" \/>\n\t<meta name=\"twitter:data1\" content=\"Reda\u00e7\u00e3o\" \/>\n\t<meta name=\"twitter:label2\" content=\"Tempo estimado de leitura\" \/>\n\t<meta name=\"twitter:data2\" content=\"2 minutos\" \/>\n<script type=\"application\/ld+json\" class=\"yoast-schema-graph\">{\"@context\":\"https:\/\/schema.org\",\"@graph\":[{\"@type\":\"Article\",\"@id\":\"https:\/\/brasilnoticias.org\/site\/abertura-do-carnaval-de-salvador-tera-ivete-daniela-mercury-e-blocos-de-samba\/#article\",\"isPartOf\":{\"@id\":\"https:\/\/brasilnoticias.org\/site\/abertura-do-carnaval-de-salvador-tera-ivete-daniela-mercury-e-blocos-de-samba\/\"},\"author\":{\"name\":\"Reda\u00e7\u00e3o\",\"@id\":\"https:\/\/brasilnoticias.org\/site\/#\/schema\/person\/a0e05b973ec4d15c658d51911e53507b\"},\"headline\":\"Abertura do Carnaval de Salvador ter\u00e1 Ivete, Daniela Mercury e blocos de samba\",\"datePublished\":\"2023-02-16T20:10:49+00:00\",\"mainEntityOfPage\":{\"@id\":\"https:\/\/brasilnoticias.org\/site\/abertura-do-carnaval-de-salvador-tera-ivete-daniela-mercury-e-blocos-de-samba\/\"},\"wordCount\":477,\"commentCount\":0,\"publisher\":{\"@id\":\"https:\/\/brasilnoticias.org\/site\/#organization\"},\"image\":{\"@id\":\"https:\/\/brasilnoticias.org\/site\/abertura-do-carnaval-de-salvador-tera-ivete-daniela-mercury-e-blocos-de-samba\/#primaryimage\"},\"thumbnailUrl\":\"https:\/\/brasilnoticias.org\/site\/wp-content\/uploads\/2023\/02\/naom_63ee4451afee9.jpg\",\"articleSection\":[\"Not\u00edcias\",\"\u00daltimas\"],\"inLanguage\":\"pt-PT\",\"potentialAction\":[{\"@type\":\"CommentAction\",\"name\":\"Comment\",\"target\":[\"https:\/\/brasilnoticias.org\/site\/abertura-do-carnaval-de-salvador-tera-ivete-daniela-mercury-e-blocos-de-samba\/#respond\"]}]},{\"@type\":\"WebPage\",\"@id\":\"https:\/\/brasilnoticias.org\/site\/abertura-do-carnaval-de-salvador-tera-ivete-daniela-mercury-e-blocos-de-samba\/\",\"url\":\"https:\/\/brasilnoticias.org\/site\/abertura-do-carnaval-de-salvador-tera-ivete-daniela-mercury-e-blocos-de-samba\/\",\"name\":\"Abertura do Carnaval de Salvador ter\u00e1 Ivete, Daniela Mercury e blocos de samba - Brasil not\u00edcias\",\"isPartOf\":{\"@id\":\"https:\/\/brasilnoticias.org\/site\/#website\"},\"primaryImageOfPage\":{\"@id\":\"https:\/\/brasilnoticias.org\/site\/abertura-do-carnaval-de-salvador-tera-ivete-daniela-mercury-e-blocos-de-samba\/#primaryimage\"},\"image\":{\"@id\":\"https:\/\/brasilnoticias.org\/site\/abertura-do-carnaval-de-salvador-tera-ivete-daniela-mercury-e-blocos-de-samba\/#primaryimage\"},\"thumbnailUrl\":\"https:\/\/brasilnoticias.org\/site\/wp-content\/uploads\/2023\/02\/naom_63ee4451afee9.jpg\",\"datePublished\":\"2023-02-16T20:10:49+00:00\",\"breadcrumb\":{\"@id\":\"https:\/\/brasilnoticias.org\/site\/abertura-do-carnaval-de-salvador-tera-ivete-daniela-mercury-e-blocos-de-samba\/#breadcrumb\"},\"inLanguage\":\"pt-PT\",\"potentialAction\":[{\"@type\":\"ReadAction\",\"target\":[\"https:\/\/brasilnoticias.org\/site\/abertura-do-carnaval-de-salvador-tera-ivete-daniela-mercury-e-blocos-de-samba\/\"]}]},{\"@type\":\"ImageObject\",\"inLanguage\":\"pt-PT\",\"@id\":\"https:\/\/brasilnoticias.org\/site\/abertura-do-carnaval-de-salvador-tera-ivete-daniela-mercury-e-blocos-de-samba\/#primaryimage\",\"url\":\"https:\/\/brasilnoticias.org\/site\/wp-content\/uploads\/2023\/02\/naom_63ee4451afee9.jpg\",\"contentUrl\":\"https:\/\/brasilnoticias.org\/site\/wp-content\/uploads\/2023\/02\/naom_63ee4451afee9.jpg\",\"width\":1920,\"height\":1080},{\"@type\":\"BreadcrumbList\",\"@id\":\"https:\/\/brasilnoticias.org\/site\/abertura-do-carnaval-de-salvador-tera-ivete-daniela-mercury-e-blocos-de-samba\/#breadcrumb\",\"itemListElement\":[{\"@type\":\"ListItem\",\"position\":1,\"name\":\"In\u00edcio\",\"item\":\"https:\/\/brasilnoticias.org\/site\/\"},{\"@type\":\"ListItem\",\"position\":2,\"name\":\"Abertura do Carnaval de Salvador ter\u00e1 Ivete, Daniela Mercury e blocos de samba\"}]},{\"@type\":\"WebSite\",\"@id\":\"https:\/\/brasilnoticias.org\/site\/#website\",\"url\":\"https:\/\/brasilnoticias.org\/site\/\",\"name\":\"Brasil not\u00edcias\",\"description\":\"Brasil not\u00edcias\",\"publisher\":{\"@id\":\"https:\/\/brasilnoticias.org\/site\/#organization\"},\"potentialAction\":[{\"@type\":\"SearchAction\",\"target\":{\"@type\":\"EntryPoint\",\"urlTemplate\":\"https:\/\/brasilnoticias.org\/site\/?s={search_term_string}\"},\"query-input\":{\"@type\":\"PropertyValueSpecification\",\"valueRequired\":true,\"valueName\":\"search_term_string\"}}],\"inLanguage\":\"pt-PT\"},{\"@type\":\"Organization\",\"@id\":\"https:\/\/brasilnoticias.org\/site\/#organization\",\"name\":\"Brasil not\u00edcias\",\"url\":\"https:\/\/brasilnoticias.org\/site\/\",\"logo\":{\"@type\":\"ImageObject\",\"inLanguage\":\"pt-PT\",\"@id\":\"https:\/\/brasilnoticias.org\/site\/#\/schema\/logo\/image\/\",\"url\":\"https:\/\/brasilnoticias.org\/site\/wp-content\/uploads\/2022\/05\/cropped-brasilnoticias-mini.jpg\",\"contentUrl\":\"https:\/\/brasilnoticias.org\/site\/wp-content\/uploads\/2022\/05\/cropped-brasilnoticias-mini.jpg\",\"width\":314,\"height\":86,\"caption\":\"Brasil not\u00edcias\"},\"image\":{\"@id\":\"https:\/\/brasilnoticias.org\/site\/#\/schema\/logo\/image\/\"}},{\"@type\":\"Person\",\"@id\":\"https:\/\/brasilnoticias.org\/site\/#\/schema\/person\/a0e05b973ec4d15c658d51911e53507b\",\"name\":\"Reda\u00e7\u00e3o\",\"image\":{\"@type\":\"ImageObject\",\"inLanguage\":\"pt-PT\",\"@id\":\"https:\/\/brasilnoticias.org\/site\/#\/schema\/person\/image\/\",\"url\":\"https:\/\/secure.gravatar.com\/avatar\/75d8b050df2de108b08ae78dfb8e374892df24a383c67db9c46a9c604f6aee9c?s=96&d=mm&r=g\",\"contentUrl\":\"https:\/\/secure.gravatar.com\/avatar\/75d8b050df2de108b08ae78dfb8e374892df24a383c67db9c46a9c604f6aee9c?s=96&d=mm&r=g\",\"caption\":\"Reda\u00e7\u00e3o\"},\"sameAs\":[\"https:\/\/brasilnoticias.org\/site\"],\"url\":\"https:\/\/brasilnoticias.org\/site\/author\/fernandozsngmail-com\/\"}]}<\/script>\n<!-- \/ Yoast SEO plugin. -->","yoast_head_json":{"title":"Abertura do Carnaval de Salvador ter\u00e1 Ivete, Daniela Mercury e blocos de samba - Brasil not\u00edcias","robots":{"index":"index","follow":"follow","max-snippet":"max-snippet:-1","max-image-preview":"max-image-preview:large","max-video-preview":"max-video-preview:-1"},"canonical":"https:\/\/brasilnoticias.org\/site\/abertura-do-carnaval-de-salvador-tera-ivete-daniela-mercury-e-blocos-de-samba\/","og_locale":"pt_PT","og_type":"article","og_title":"Abertura do Carnaval de Salvador ter\u00e1 Ivete, Daniela Mercury e blocos de samba - Brasil not\u00edcias","og_description":"O Carnaval de Salvador come\u00e7a oficialmente nesta quinta-feira (16), a partir das 15h30, no circuito Barra-Ondina, com um desfile aberto","og_url":"https:\/\/brasilnoticias.org\/site\/abertura-do-carnaval-de-salvador-tera-ivete-daniela-mercury-e-blocos-de-samba\/","og_site_name":"Brasil not\u00edcias","article_published_time":"2023-02-16T20:10:49+00:00","og_image":[{"width":1920,"height":1080,"url":"https:\/\/brasilnoticias.org\/site\/wp-content\/uploads\/2023\/02\/naom_63ee4451afee9.jpg","type":"image\/jpeg"}],"author":"Reda\u00e7\u00e3o","twitter_card":"summary_large_image","twitter_misc":{"Escrito por":"Reda\u00e7\u00e3o","Tempo estimado de leitura":"2 minutos"},"schema":{"@context":"https:\/\/schema.org","@graph":[{"@type":"Article","@id":"https:\/\/brasilnoticias.org\/site\/abertura-do-carnaval-de-salvador-tera-ivete-daniela-mercury-e-blocos-de-samba\/#article","isPartOf":{"@id":"https:\/\/brasilnoticias.org\/site\/abertura-do-carnaval-de-salvador-tera-ivete-daniela-mercury-e-blocos-de-samba\/"},"author":{"name":"Reda\u00e7\u00e3o","@id":"https:\/\/brasilnoticias.org\/site\/#\/schema\/person\/a0e05b973ec4d15c658d51911e53507b"},"headline":"Abertura do Carnaval de Salvador ter\u00e1 Ivete, Daniela Mercury e blocos de samba","datePublished":"2023-02-16T20:10:49+00:00","mainEntityOfPage":{"@id":"https:\/\/brasilnoticias.org\/site\/abertura-do-carnaval-de-salvador-tera-ivete-daniela-mercury-e-blocos-de-samba\/"},"wordCount":477,"commentCount":0,"publisher":{"@id":"https:\/\/brasilnoticias.org\/site\/#organization"},"image":{"@id":"https:\/\/brasilnoticias.org\/site\/abertura-do-carnaval-de-salvador-tera-ivete-daniela-mercury-e-blocos-de-samba\/#primaryimage"},"thumbnailUrl":"https:\/\/brasilnoticias.org\/site\/wp-content\/uploads\/2023\/02\/naom_63ee4451afee9.jpg","articleSection":["Not\u00edcias","\u00daltimas"],"inLanguage":"pt-PT","potentialAction":[{"@type":"CommentAction","name":"Comment","target":["https:\/\/brasilnoticias.org\/site\/abertura-do-carnaval-de-salvador-tera-ivete-daniela-mercury-e-blocos-de-samba\/#respond"]}]},{"@type":"WebPage","@id":"https:\/\/brasilnoticias.org\/site\/abertura-do-carnaval-de-salvador-tera-ivete-daniela-mercury-e-blocos-de-samba\/","url":"https:\/\/brasilnoticias.org\/site\/abertura-do-carnaval-de-salvador-tera-ivete-daniela-mercury-e-blocos-de-samba\/","name":"Abertura do Carnaval de Salvador ter\u00e1 Ivete, Daniela Mercury e blocos de samba - Brasil not\u00edcias","isPartOf":{"@id":"https:\/\/brasilnoticias.org\/site\/#website"},"primaryImageOfPage":{"@id":"https:\/\/brasilnoticias.org\/site\/abertura-do-carnaval-de-salvador-tera-ivete-daniela-mercury-e-blocos-de-samba\/#primaryimage"},"image":{"@id":"https:\/\/brasilnoticias.org\/site\/abertura-do-carnaval-de-salvador-tera-ivete-daniela-mercury-e-blocos-de-samba\/#primaryimage"},"thumbnailUrl":"https:\/\/brasilnoticias.org\/site\/wp-content\/uploads\/2023\/02\/naom_63ee4451afee9.jpg","datePublished":"2023-02-16T20:10:49+00:00","breadcrumb":{"@id":"https:\/\/brasilnoticias.org\/site\/abertura-do-carnaval-de-salvador-tera-ivete-daniela-mercury-e-blocos-de-samba\/#breadcrumb"},"inLanguage":"pt-PT","potentialAction":[{"@type":"ReadAction","target":["https:\/\/brasilnoticias.org\/site\/abertura-do-carnaval-de-salvador-tera-ivete-daniela-mercury-e-blocos-de-samba\/"]}]},{"@type":"ImageObject","inLanguage":"pt-PT","@id":"https:\/\/brasilnoticias.org\/site\/abertura-do-carnaval-de-salvador-tera-ivete-daniela-mercury-e-blocos-de-samba\/#primaryimage","url":"https:\/\/brasilnoticias.org\/site\/wp-content\/uploads\/2023\/02\/naom_63ee4451afee9.jpg","contentUrl":"https:\/\/brasilnoticias.org\/site\/wp-content\/uploads\/2023\/02\/naom_63ee4451afee9.jpg","width":1920,"height":1080},{"@type":"BreadcrumbList","@id":"https:\/\/brasilnoticias.org\/site\/abertura-do-carnaval-de-salvador-tera-ivete-daniela-mercury-e-blocos-de-samba\/#breadcrumb","itemListElement":[{"@type":"ListItem","position":1,"name":"In\u00edcio","item":"https:\/\/brasilnoticias.org\/site\/"},{"@type":"ListItem","position":2,"name":"Abertura do Carnaval de Salvador ter\u00e1 Ivete, Daniela Mercury e blocos de samba"}]},{"@type":"WebSite","@id":"https:\/\/brasilnoticias.org\/site\/#website","url":"https:\/\/brasilnoticias.org\/site\/","name":"Brasil not\u00edcias","description":"Brasil not\u00edcias","publisher":{"@id":"https:\/\/brasilnoticias.org\/site\/#organization"},"potentialAction":[{"@type":"SearchAction","target":{"@type":"EntryPoint","urlTemplate":"https:\/\/brasilnoticias.org\/site\/?s={search_term_string}"},"query-input":{"@type":"PropertyValueSpecification","valueRequired":true,"valueName":"search_term_string"}}],"inLanguage":"pt-PT"},{"@type":"Organization","@id":"https:\/\/brasilnoticias.org\/site\/#organization","name":"Brasil not\u00edcias","url":"https:\/\/brasilnoticias.org\/site\/","logo":{"@type":"ImageObject","inLanguage":"pt-PT","@id":"https:\/\/brasilnoticias.org\/site\/#\/schema\/logo\/image\/","url":"https:\/\/brasilnoticias.org\/site\/wp-content\/uploads\/2022\/05\/cropped-brasilnoticias-mini.jpg","contentUrl":"https:\/\/brasilnoticias.org\/site\/wp-content\/uploads\/2022\/05\/cropped-brasilnoticias-mini.jpg","width":314,"height":86,"caption":"Brasil not\u00edcias"},"image":{"@id":"https:\/\/brasilnoticias.org\/site\/#\/schema\/logo\/image\/"}},{"@type":"Person","@id":"https:\/\/brasilnoticias.org\/site\/#\/schema\/person\/a0e05b973ec4d15c658d51911e53507b","name":"Reda\u00e7\u00e3o","image":{"@type":"ImageObject","inLanguage":"pt-PT","@id":"https:\/\/brasilnoticias.org\/site\/#\/schema\/person\/image\/","url":"https:\/\/secure.gravatar.com\/avatar\/75d8b050df2de108b08ae78dfb8e374892df24a383c67db9c46a9c604f6aee9c?s=96&d=mm&r=g","contentUrl":"https:\/\/secure.gravatar.com\/avatar\/75d8b050df2de108b08ae78dfb8e374892df24a383c67db9c46a9c604f6aee9c?s=96&d=mm&r=g","caption":"Reda\u00e7\u00e3o"},"sameAs":["https:\/\/brasilnoticias.org\/site"],"url":"https:\/\/brasilnoticias.org\/site\/author\/fernandozsngmail-com\/"}]}},"_links":{"self":[{"href":"https:\/\/brasilnoticias.org\/site\/wp-json\/wp\/v2\/posts\/4026","targetHints":{"allow":["GET"]}}],"collection":[{"href":"https:\/\/brasilnoticias.org\/site\/wp-json\/wp\/v2\/posts"}],"about":[{"href":"https:\/\/brasilnoticias.org\/site\/wp-json\/wp\/v2\/types\/post"}],"author":[{"embeddable":true,"href":"https:\/\/brasilnoticias.org\/site\/wp-json\/wp\/v2\/users\/1"}],"replies":[{"embeddable":true,"href":"https:\/\/brasilnoticias.org\/site\/wp-json\/wp\/v2\/comments?post=4026"}],"version-history":[{"count":2,"href":"https:\/\/brasilnoticias.org\/site\/wp-json\/wp\/v2\/posts\/4026\/revisions"}],"predecessor-version":[{"id":4029,"href":"https:\/\/brasilnoticias.org\/site\/wp-json\/wp\/v2\/posts\/4026\/revisions\/4029"}],"wp:featuredmedia":[{"embeddable":true,"href":"https:\/\/brasilnoticias.org\/site\/wp-json\/wp\/v2\/media\/4027"}],"wp:attachment":[{"href":"https:\/\/brasilnoticias.org\/site\/wp-json\/wp\/v2\/media?parent=4026"}],"wp:term":[{"taxonomy":"category","embeddable":true,"href":"https:\/\/brasilnoticias.org\/site\/wp-json\/wp\/v2\/categories?post=4026"},{"taxonomy":"post_tag","embeddable":true,"href":"https:\/\/brasilnoticias.org\/site\/wp-json\/wp\/v2\/tags?post=4026"}],"curies":[{"name":"wp","href":"https:\/\/api.w.org\/{rel}","templated":true}]}}