{"id":4030,"date":"2023-02-16T17:12:33","date_gmt":"2023-02-16T20:12:33","guid":{"rendered":"https:\/\/brasilnoticias.org\/site\/?p=4030"},"modified":"2023-02-16T17:12:33","modified_gmt":"2023-02-16T20:12:33","slug":"ninguem-vencera-guerra-da-ucrania-agora-diz-chefe-militar-dos-eua","status":"publish","type":"post","link":"https:\/\/brasilnoticias.org\/site\/ninguem-vencera-guerra-da-ucrania-agora-diz-chefe-militar-dos-eua\/","title":{"rendered":"Ningu\u00e9m vencer\u00e1 Guerra da Ucr\u00e2nia agora, diz chefe militar dos EUA"},"content":{"rendered":"<p>O principal chefe militar dos Estados Unidos, general Mark Milley, afirmou que a Guerra da Ucr\u00e2nia n\u00e3o ser\u00e1 vencida por nenhum dos lados num futuro pr\u00f3ximo e que apenas negocia\u00e7\u00f5es de paz poder\u00e3o colocar um fim r\u00e1pido ao conflito.<\/p>\n<p>&#8220;\u00c9 praticamente imposs\u00edvel para os russos alcan\u00e7arem seus objetivos pol\u00edticos por meios militares. \u00c9 improv\u00e1vel que a R\u00fassia v\u00e1 tomar a Ucr\u00e2nia, simplesmente n\u00e3o vai acontecer&#8221;, disse Milley ao jornal brit\u00e2nico Financial Times em entrevista publicada nesta quinta (16).<\/p>\n<p>&#8220;Tamb\u00e9m \u00e9 muito dif\u00edcil para a Ucr\u00e2nia chutar os russos para fora de todos os territ\u00f3rios ocupados neste ano. N\u00e3o \u00e9 o caso de dizer que n\u00e3o vai acontecer, mas \u00e9 extraordinariamente dif\u00edcil. E dependeria essencialmente do colapso militar da R\u00fassia&#8221;, completou.<\/p>\n<p>O realismo do general contrasta com sua pr\u00f3pria ret\u00f3rica: h\u00e1 alguns dias, ele afirmou que a R\u00fassia havia &#8220;perdido estrategicamente e taticamente&#8221; a guerra. \u00c9 uma afirma\u00e7\u00e3o normal em termos de propaganda pol\u00edtica, mas contrasta com o momento dif\u00edcil pelo qual a Ucr\u00e2nia passa.<\/p>\n<p>Nesta quinta, as for\u00e7as de Vladimir Putin voltaram a atacar alvos em toda a Ucr\u00e2nia, com 36 m\u00edsseis disparados -16 dos quais derrubados, segundo Kiev, propor\u00e7\u00e3o inferior \u00e0quela que as confiantes For\u00e7as Armadas do pa\u00eds costumam divulgar nessas ondas de bombardeio.<\/p>\n<p>A maior refinaria do pa\u00eds, em Krementchuk (centro), foi atingida. &#8220;Mais um ataque maci\u00e7o do Estado terrorista contra infraestrutura civil da Ucr\u00e2nia&#8221;, postou no Twitter o Minist\u00e9rio da Defesa, cujo titular, Oleksii Reznikov, foi confirmado no cargo ap\u00f3s ter a remo\u00e7\u00e3o anunciada na semana passada.<\/p>\n<p>N\u00e3o h\u00e1 informa\u00e7\u00f5es sobre mortos ou sobre os danos \u00e0 instala\u00e7\u00e3o, mas o ataque segue o padr\u00e3o russo desde outubro de pelo menos um ataque semanal de grande propor\u00e7\u00e3o a instala\u00e7\u00f5es energ\u00e9ticas do pa\u00eds.<\/p>\n<p>Outra marca registrada \u00e9 a a\u00e7\u00e3o seguir um momento de apoio pol\u00edtico do Ocidente ao governo de Volodimir Zelenski, no caso a reuni\u00e3o da Otan (alian\u00e7a militar liderada pelos EUA) em que foram prometidas mais armas para o esfor\u00e7o de guerra ucraniano.<\/p>\n<p>Ao mesmo tempo, os russos seguem intensificando os ataques em torno de Bakhmut, cidade cuja queda pode prenunciar a conquista final da prov\u00edncia de Donetsk, completando o controle russo sobre o Donbass (leste russ\u00f3fono do pa\u00eds, composto tamb\u00e9m por Lugansk).<\/p>\n<p>Os ataques s\u00e3o refor\u00e7ados pelas novas tropas \u00e0 disposi\u00e7\u00e3o de Putin, treinadas ap\u00f3s a criticada mobiliza\u00e7\u00e3o de 320 mil reservistas no fim de 2022. Observadores militares apontam que elas podem estar mal equipadas, mas que os n\u00fameros acabam fazendo diferen\u00e7a no &#8220;moedor de carne&#8221; de Bakhmut.<\/p>\n<p>Embora analistas ocidentais tendam a reduzir o peso estrat\u00e9gico da localidade, o fato \u00e9 que Kiev est\u00e1 defendendo a cidade pr\u00e9dio a pr\u00e9dio -ou ru\u00edna a ru\u00edna, como imagens recentes de um blindado ucraniano manobrando entre restos de casas mostraram.<\/p>\n<p>Como aponta o general Milley, chefe do Estado-Maior Conjunto das For\u00e7as Armadas americanas, Putin n\u00e3o vai conquistar a Ucr\u00e2nia se tomar o Donbass. Mas o esfor\u00e7o das \u00faltimas semanas, apontado pela Otan como o in\u00edcio de uma ofensiva maior, parece destinado a dar algo para o presidente russo dizer no discurso que far\u00e1 no dia 21, tr\u00eas dias antes do anivers\u00e1rio de primeiro ano da invas\u00e3o.<\/p>\n<p>N\u00e3o se sabe o que Putin falar\u00e1, at\u00e9 porque o que sobrou de Bakhmut, um centro com 70 mil pessoas no pr\u00e9-guerra, poder\u00e1 seguir ucraniano at\u00e9 l\u00e1. Segundo disse nesta quinta o chefe do grupo mercen\u00e1rio russo Wagner, Ievgu\u00eani Prigoj\u00edn, a tomada pode ocorrer s\u00f3 em mar\u00e7o ou abril.<\/p>\n<p>Aliado do presidente russo que vive em conflito com a c\u00fapula da Defesa, Prigoj\u00edn voltou a queixar-se da &#8220;burocracia imensa&#8221; dos militares na guerra. E, em um sinal de que seu criticado papel na linha de frente pode estar colocando-o numa geladeira pol\u00edtica, disse que &#8220;o n\u00famero de unidades do Wagner ir\u00e1 diminuir&#8221; na Ucr\u00e2nia.<\/p>\n<p>Ao admitir que uma vit\u00f3ria de Kiev n\u00e3o dever\u00e1 ocorrer, Milley volta a colocar na mesa a carta das negocia\u00e7\u00f5es, como os EUA j\u00e1 haviam feito antes. Zelenski as rejeita, pois qualquer conversa a essa altura implicar\u00e1 perda territorial para a Ucr\u00e2nia, mas \u00e9 incerto quanto tempo o Ocidente estar\u00e1 preparado para pagar a conta financeira da guerra.<\/p>\n<p>S\u00f3 em 2022, foram US$ 40 bilh\u00f5es em armas e ajuda militar, a maior parte dinheiro do contribuinte americano. Foi at\u00e9 bom neg\u00f3cio: em termos reais, os EUA gastaram menos no ano passado com defesa do que em 2021, e mantiveram um rival estrat\u00e9gico sob intensa press\u00e3o sem declarar guerra.<\/p>\n<p>Ainda assim, Milley apontou na entrevista para o fato de que os americanos ter\u00e3o de aumentar ainda mais seu gasto militar para recuperar seus estoques de muni\u00e7\u00e3o e armamentos doados para a Ucr\u00e2nia, uma tarefa de longo prazo e cara. Em 2022, os EUA lideraram o disp\u00eandio mundial com defesa, somando 38,5% dos quase US$ 2 trilh\u00f5es do setor, segundo o Instituto Internacional de Estudos Estrat\u00e9gicos (Londres) .<\/p>\n<p>Mas h\u00e1 o fastio da popula\u00e7\u00e3o e dos pol\u00edticos, especialmente na Europa, embora a hecatombe econ\u00f4mica sugerida pelo fim da depend\u00eancia energ\u00e9tica dos russos no continente n\u00e3o tenha se materializado integralmente.<\/p>\n<p>&nbsp;<\/p>\n","protected":false},"excerpt":{"rendered":"<p>O principal chefe militar dos Estados Unidos, general Mark Milley, afirmou que a Guerra da Ucr\u00e2nia n\u00e3o ser\u00e1 vencida por<\/p>\n","protected":false},"author":1,"featured_media":4031,"comment_status":"open","ping_status":"open","sticky":false,"template":"","format":"standard","meta":{"colormag_page_container_layout":"default_layout","colormag_page_sidebar_layout":"default_layout","_FSMCFIC_featured_image_caption":"","_FSMCFIC_featured_image_nocaption":"","_FSMCFIC_featured_image_hide":"","footnotes":""},"categories":[6,1],"tags":[],"class_list":["post-4030","post","type-post","status-publish","format-standard","has-post-thumbnail","hentry","category-mundo","category-ultimas"],"yoast_head":"<!-- This site is optimized with the Yoast SEO plugin v27.1.1 - https:\/\/yoast.com\/product\/yoast-seo-wordpress\/ -->\n<title>Ningu\u00e9m vencer\u00e1 Guerra da Ucr\u00e2nia agora, diz chefe militar dos EUA - Brasil not\u00edcias<\/title>\n<meta name=\"robots\" content=\"index, follow, max-snippet:-1, max-image-preview:large, max-video-preview:-1\" \/>\n<link rel=\"canonical\" href=\"https:\/\/brasilnoticias.org\/site\/ninguem-vencera-guerra-da-ucrania-agora-diz-chefe-militar-dos-eua\/\" \/>\n<meta property=\"og:locale\" content=\"pt_PT\" \/>\n<meta property=\"og:type\" content=\"article\" \/>\n<meta property=\"og:title\" content=\"Ningu\u00e9m vencer\u00e1 Guerra da Ucr\u00e2nia agora, diz chefe militar dos EUA - Brasil not\u00edcias\" \/>\n<meta property=\"og:description\" content=\"O principal chefe militar dos Estados Unidos, general Mark Milley, afirmou que a Guerra da Ucr\u00e2nia n\u00e3o ser\u00e1 vencida por\" \/>\n<meta property=\"og:url\" content=\"https:\/\/brasilnoticias.org\/site\/ninguem-vencera-guerra-da-ucrania-agora-diz-chefe-militar-dos-eua\/\" \/>\n<meta property=\"og:site_name\" content=\"Brasil not\u00edcias\" \/>\n<meta property=\"article:published_time\" content=\"2023-02-16T20:12:33+00:00\" \/>\n<meta property=\"og:image\" content=\"https:\/\/brasilnoticias.org\/site\/wp-content\/uploads\/2023\/02\/naom_63c3070fe87d3.jpg\" \/>\n\t<meta property=\"og:image:width\" content=\"1920\" \/>\n\t<meta property=\"og:image:height\" content=\"1080\" \/>\n\t<meta property=\"og:image:type\" content=\"image\/jpeg\" \/>\n<meta name=\"author\" content=\"Reda\u00e7\u00e3o\" \/>\n<meta name=\"twitter:card\" content=\"summary_large_image\" \/>\n<meta name=\"twitter:label1\" content=\"Escrito por\" \/>\n\t<meta name=\"twitter:data1\" content=\"Reda\u00e7\u00e3o\" \/>\n\t<meta name=\"twitter:label2\" content=\"Tempo estimado de leitura\" \/>\n\t<meta name=\"twitter:data2\" content=\"5 minutos\" \/>\n<script type=\"application\/ld+json\" class=\"yoast-schema-graph\">{\"@context\":\"https:\/\/schema.org\",\"@graph\":[{\"@type\":\"Article\",\"@id\":\"https:\/\/brasilnoticias.org\/site\/ninguem-vencera-guerra-da-ucrania-agora-diz-chefe-militar-dos-eua\/#article\",\"isPartOf\":{\"@id\":\"https:\/\/brasilnoticias.org\/site\/ninguem-vencera-guerra-da-ucrania-agora-diz-chefe-militar-dos-eua\/\"},\"author\":{\"name\":\"Reda\u00e7\u00e3o\",\"@id\":\"https:\/\/brasilnoticias.org\/site\/#\/schema\/person\/a0e05b973ec4d15c658d51911e53507b\"},\"headline\":\"Ningu\u00e9m vencer\u00e1 Guerra da Ucr\u00e2nia agora, diz chefe militar dos EUA\",\"datePublished\":\"2023-02-16T20:12:33+00:00\",\"mainEntityOfPage\":{\"@id\":\"https:\/\/brasilnoticias.org\/site\/ninguem-vencera-guerra-da-ucrania-agora-diz-chefe-militar-dos-eua\/\"},\"wordCount\":928,\"commentCount\":0,\"publisher\":{\"@id\":\"https:\/\/brasilnoticias.org\/site\/#organization\"},\"image\":{\"@id\":\"https:\/\/brasilnoticias.org\/site\/ninguem-vencera-guerra-da-ucrania-agora-diz-chefe-militar-dos-eua\/#primaryimage\"},\"thumbnailUrl\":\"https:\/\/brasilnoticias.org\/site\/wp-content\/uploads\/2023\/02\/naom_63c3070fe87d3.jpg\",\"articleSection\":[\"Mundo\",\"\u00daltimas\"],\"inLanguage\":\"pt-PT\",\"potentialAction\":[{\"@type\":\"CommentAction\",\"name\":\"Comment\",\"target\":[\"https:\/\/brasilnoticias.org\/site\/ninguem-vencera-guerra-da-ucrania-agora-diz-chefe-militar-dos-eua\/#respond\"]}]},{\"@type\":\"WebPage\",\"@id\":\"https:\/\/brasilnoticias.org\/site\/ninguem-vencera-guerra-da-ucrania-agora-diz-chefe-militar-dos-eua\/\",\"url\":\"https:\/\/brasilnoticias.org\/site\/ninguem-vencera-guerra-da-ucrania-agora-diz-chefe-militar-dos-eua\/\",\"name\":\"Ningu\u00e9m vencer\u00e1 Guerra da Ucr\u00e2nia agora, diz chefe militar dos EUA - Brasil not\u00edcias\",\"isPartOf\":{\"@id\":\"https:\/\/brasilnoticias.org\/site\/#website\"},\"primaryImageOfPage\":{\"@id\":\"https:\/\/brasilnoticias.org\/site\/ninguem-vencera-guerra-da-ucrania-agora-diz-chefe-militar-dos-eua\/#primaryimage\"},\"image\":{\"@id\":\"https:\/\/brasilnoticias.org\/site\/ninguem-vencera-guerra-da-ucrania-agora-diz-chefe-militar-dos-eua\/#primaryimage\"},\"thumbnailUrl\":\"https:\/\/brasilnoticias.org\/site\/wp-content\/uploads\/2023\/02\/naom_63c3070fe87d3.jpg\",\"datePublished\":\"2023-02-16T20:12:33+00:00\",\"breadcrumb\":{\"@id\":\"https:\/\/brasilnoticias.org\/site\/ninguem-vencera-guerra-da-ucrania-agora-diz-chefe-militar-dos-eua\/#breadcrumb\"},\"inLanguage\":\"pt-PT\",\"potentialAction\":[{\"@type\":\"ReadAction\",\"target\":[\"https:\/\/brasilnoticias.org\/site\/ninguem-vencera-guerra-da-ucrania-agora-diz-chefe-militar-dos-eua\/\"]}]},{\"@type\":\"ImageObject\",\"inLanguage\":\"pt-PT\",\"@id\":\"https:\/\/brasilnoticias.org\/site\/ninguem-vencera-guerra-da-ucrania-agora-diz-chefe-militar-dos-eua\/#primaryimage\",\"url\":\"https:\/\/brasilnoticias.org\/site\/wp-content\/uploads\/2023\/02\/naom_63c3070fe87d3.jpg\",\"contentUrl\":\"https:\/\/brasilnoticias.org\/site\/wp-content\/uploads\/2023\/02\/naom_63c3070fe87d3.jpg\",\"width\":1920,\"height\":1080},{\"@type\":\"BreadcrumbList\",\"@id\":\"https:\/\/brasilnoticias.org\/site\/ninguem-vencera-guerra-da-ucrania-agora-diz-chefe-militar-dos-eua\/#breadcrumb\",\"itemListElement\":[{\"@type\":\"ListItem\",\"position\":1,\"name\":\"In\u00edcio\",\"item\":\"https:\/\/brasilnoticias.org\/site\/\"},{\"@type\":\"ListItem\",\"position\":2,\"name\":\"Ningu\u00e9m vencer\u00e1 Guerra da Ucr\u00e2nia agora, diz chefe militar dos EUA\"}]},{\"@type\":\"WebSite\",\"@id\":\"https:\/\/brasilnoticias.org\/site\/#website\",\"url\":\"https:\/\/brasilnoticias.org\/site\/\",\"name\":\"Brasil not\u00edcias\",\"description\":\"Brasil not\u00edcias\",\"publisher\":{\"@id\":\"https:\/\/brasilnoticias.org\/site\/#organization\"},\"potentialAction\":[{\"@type\":\"SearchAction\",\"target\":{\"@type\":\"EntryPoint\",\"urlTemplate\":\"https:\/\/brasilnoticias.org\/site\/?s={search_term_string}\"},\"query-input\":{\"@type\":\"PropertyValueSpecification\",\"valueRequired\":true,\"valueName\":\"search_term_string\"}}],\"inLanguage\":\"pt-PT\"},{\"@type\":\"Organization\",\"@id\":\"https:\/\/brasilnoticias.org\/site\/#organization\",\"name\":\"Brasil not\u00edcias\",\"url\":\"https:\/\/brasilnoticias.org\/site\/\",\"logo\":{\"@type\":\"ImageObject\",\"inLanguage\":\"pt-PT\",\"@id\":\"https:\/\/brasilnoticias.org\/site\/#\/schema\/logo\/image\/\",\"url\":\"https:\/\/brasilnoticias.org\/site\/wp-content\/uploads\/2022\/05\/cropped-brasilnoticias-mini.jpg\",\"contentUrl\":\"https:\/\/brasilnoticias.org\/site\/wp-content\/uploads\/2022\/05\/cropped-brasilnoticias-mini.jpg\",\"width\":314,\"height\":86,\"caption\":\"Brasil not\u00edcias\"},\"image\":{\"@id\":\"https:\/\/brasilnoticias.org\/site\/#\/schema\/logo\/image\/\"}},{\"@type\":\"Person\",\"@id\":\"https:\/\/brasilnoticias.org\/site\/#\/schema\/person\/a0e05b973ec4d15c658d51911e53507b\",\"name\":\"Reda\u00e7\u00e3o\",\"image\":{\"@type\":\"ImageObject\",\"inLanguage\":\"pt-PT\",\"@id\":\"https:\/\/brasilnoticias.org\/site\/#\/schema\/person\/image\/\",\"url\":\"https:\/\/secure.gravatar.com\/avatar\/75d8b050df2de108b08ae78dfb8e374892df24a383c67db9c46a9c604f6aee9c?s=96&d=mm&r=g\",\"contentUrl\":\"https:\/\/secure.gravatar.com\/avatar\/75d8b050df2de108b08ae78dfb8e374892df24a383c67db9c46a9c604f6aee9c?s=96&d=mm&r=g\",\"caption\":\"Reda\u00e7\u00e3o\"},\"sameAs\":[\"https:\/\/brasilnoticias.org\/site\"],\"url\":\"https:\/\/brasilnoticias.org\/site\/author\/fernandozsngmail-com\/\"}]}<\/script>\n<!-- \/ Yoast SEO plugin. -->","yoast_head_json":{"title":"Ningu\u00e9m vencer\u00e1 Guerra da Ucr\u00e2nia agora, diz chefe militar dos EUA - Brasil not\u00edcias","robots":{"index":"index","follow":"follow","max-snippet":"max-snippet:-1","max-image-preview":"max-image-preview:large","max-video-preview":"max-video-preview:-1"},"canonical":"https:\/\/brasilnoticias.org\/site\/ninguem-vencera-guerra-da-ucrania-agora-diz-chefe-militar-dos-eua\/","og_locale":"pt_PT","og_type":"article","og_title":"Ningu\u00e9m vencer\u00e1 Guerra da Ucr\u00e2nia agora, diz chefe militar dos EUA - Brasil not\u00edcias","og_description":"O principal chefe militar dos Estados Unidos, general Mark Milley, afirmou que a Guerra da Ucr\u00e2nia n\u00e3o ser\u00e1 vencida por","og_url":"https:\/\/brasilnoticias.org\/site\/ninguem-vencera-guerra-da-ucrania-agora-diz-chefe-militar-dos-eua\/","og_site_name":"Brasil not\u00edcias","article_published_time":"2023-02-16T20:12:33+00:00","og_image":[{"width":1920,"height":1080,"url":"https:\/\/brasilnoticias.org\/site\/wp-content\/uploads\/2023\/02\/naom_63c3070fe87d3.jpg","type":"image\/jpeg"}],"author":"Reda\u00e7\u00e3o","twitter_card":"summary_large_image","twitter_misc":{"Escrito por":"Reda\u00e7\u00e3o","Tempo estimado de leitura":"5 minutos"},"schema":{"@context":"https:\/\/schema.org","@graph":[{"@type":"Article","@id":"https:\/\/brasilnoticias.org\/site\/ninguem-vencera-guerra-da-ucrania-agora-diz-chefe-militar-dos-eua\/#article","isPartOf":{"@id":"https:\/\/brasilnoticias.org\/site\/ninguem-vencera-guerra-da-ucrania-agora-diz-chefe-militar-dos-eua\/"},"author":{"name":"Reda\u00e7\u00e3o","@id":"https:\/\/brasilnoticias.org\/site\/#\/schema\/person\/a0e05b973ec4d15c658d51911e53507b"},"headline":"Ningu\u00e9m vencer\u00e1 Guerra da Ucr\u00e2nia agora, diz chefe militar dos EUA","datePublished":"2023-02-16T20:12:33+00:00","mainEntityOfPage":{"@id":"https:\/\/brasilnoticias.org\/site\/ninguem-vencera-guerra-da-ucrania-agora-diz-chefe-militar-dos-eua\/"},"wordCount":928,"commentCount":0,"publisher":{"@id":"https:\/\/brasilnoticias.org\/site\/#organization"},"image":{"@id":"https:\/\/brasilnoticias.org\/site\/ninguem-vencera-guerra-da-ucrania-agora-diz-chefe-militar-dos-eua\/#primaryimage"},"thumbnailUrl":"https:\/\/brasilnoticias.org\/site\/wp-content\/uploads\/2023\/02\/naom_63c3070fe87d3.jpg","articleSection":["Mundo","\u00daltimas"],"inLanguage":"pt-PT","potentialAction":[{"@type":"CommentAction","name":"Comment","target":["https:\/\/brasilnoticias.org\/site\/ninguem-vencera-guerra-da-ucrania-agora-diz-chefe-militar-dos-eua\/#respond"]}]},{"@type":"WebPage","@id":"https:\/\/brasilnoticias.org\/site\/ninguem-vencera-guerra-da-ucrania-agora-diz-chefe-militar-dos-eua\/","url":"https:\/\/brasilnoticias.org\/site\/ninguem-vencera-guerra-da-ucrania-agora-diz-chefe-militar-dos-eua\/","name":"Ningu\u00e9m vencer\u00e1 Guerra da Ucr\u00e2nia agora, diz chefe militar dos EUA - Brasil not\u00edcias","isPartOf":{"@id":"https:\/\/brasilnoticias.org\/site\/#website"},"primaryImageOfPage":{"@id":"https:\/\/brasilnoticias.org\/site\/ninguem-vencera-guerra-da-ucrania-agora-diz-chefe-militar-dos-eua\/#primaryimage"},"image":{"@id":"https:\/\/brasilnoticias.org\/site\/ninguem-vencera-guerra-da-ucrania-agora-diz-chefe-militar-dos-eua\/#primaryimage"},"thumbnailUrl":"https:\/\/brasilnoticias.org\/site\/wp-content\/uploads\/2023\/02\/naom_63c3070fe87d3.jpg","datePublished":"2023-02-16T20:12:33+00:00","breadcrumb":{"@id":"https:\/\/brasilnoticias.org\/site\/ninguem-vencera-guerra-da-ucrania-agora-diz-chefe-militar-dos-eua\/#breadcrumb"},"inLanguage":"pt-PT","potentialAction":[{"@type":"ReadAction","target":["https:\/\/brasilnoticias.org\/site\/ninguem-vencera-guerra-da-ucrania-agora-diz-chefe-militar-dos-eua\/"]}]},{"@type":"ImageObject","inLanguage":"pt-PT","@id":"https:\/\/brasilnoticias.org\/site\/ninguem-vencera-guerra-da-ucrania-agora-diz-chefe-militar-dos-eua\/#primaryimage","url":"https:\/\/brasilnoticias.org\/site\/wp-content\/uploads\/2023\/02\/naom_63c3070fe87d3.jpg","contentUrl":"https:\/\/brasilnoticias.org\/site\/wp-content\/uploads\/2023\/02\/naom_63c3070fe87d3.jpg","width":1920,"height":1080},{"@type":"BreadcrumbList","@id":"https:\/\/brasilnoticias.org\/site\/ninguem-vencera-guerra-da-ucrania-agora-diz-chefe-militar-dos-eua\/#breadcrumb","itemListElement":[{"@type":"ListItem","position":1,"name":"In\u00edcio","item":"https:\/\/brasilnoticias.org\/site\/"},{"@type":"ListItem","position":2,"name":"Ningu\u00e9m vencer\u00e1 Guerra da Ucr\u00e2nia agora, diz chefe militar dos EUA"}]},{"@type":"WebSite","@id":"https:\/\/brasilnoticias.org\/site\/#website","url":"https:\/\/brasilnoticias.org\/site\/","name":"Brasil not\u00edcias","description":"Brasil not\u00edcias","publisher":{"@id":"https:\/\/brasilnoticias.org\/site\/#organization"},"potentialAction":[{"@type":"SearchAction","target":{"@type":"EntryPoint","urlTemplate":"https:\/\/brasilnoticias.org\/site\/?s={search_term_string}"},"query-input":{"@type":"PropertyValueSpecification","valueRequired":true,"valueName":"search_term_string"}}],"inLanguage":"pt-PT"},{"@type":"Organization","@id":"https:\/\/brasilnoticias.org\/site\/#organization","name":"Brasil not\u00edcias","url":"https:\/\/brasilnoticias.org\/site\/","logo":{"@type":"ImageObject","inLanguage":"pt-PT","@id":"https:\/\/brasilnoticias.org\/site\/#\/schema\/logo\/image\/","url":"https:\/\/brasilnoticias.org\/site\/wp-content\/uploads\/2022\/05\/cropped-brasilnoticias-mini.jpg","contentUrl":"https:\/\/brasilnoticias.org\/site\/wp-content\/uploads\/2022\/05\/cropped-brasilnoticias-mini.jpg","width":314,"height":86,"caption":"Brasil not\u00edcias"},"image":{"@id":"https:\/\/brasilnoticias.org\/site\/#\/schema\/logo\/image\/"}},{"@type":"Person","@id":"https:\/\/brasilnoticias.org\/site\/#\/schema\/person\/a0e05b973ec4d15c658d51911e53507b","name":"Reda\u00e7\u00e3o","image":{"@type":"ImageObject","inLanguage":"pt-PT","@id":"https:\/\/brasilnoticias.org\/site\/#\/schema\/person\/image\/","url":"https:\/\/secure.gravatar.com\/avatar\/75d8b050df2de108b08ae78dfb8e374892df24a383c67db9c46a9c604f6aee9c?s=96&d=mm&r=g","contentUrl":"https:\/\/secure.gravatar.com\/avatar\/75d8b050df2de108b08ae78dfb8e374892df24a383c67db9c46a9c604f6aee9c?s=96&d=mm&r=g","caption":"Reda\u00e7\u00e3o"},"sameAs":["https:\/\/brasilnoticias.org\/site"],"url":"https:\/\/brasilnoticias.org\/site\/author\/fernandozsngmail-com\/"}]}},"_links":{"self":[{"href":"https:\/\/brasilnoticias.org\/site\/wp-json\/wp\/v2\/posts\/4030","targetHints":{"allow":["GET"]}}],"collection":[{"href":"https:\/\/brasilnoticias.org\/site\/wp-json\/wp\/v2\/posts"}],"about":[{"href":"https:\/\/brasilnoticias.org\/site\/wp-json\/wp\/v2\/types\/post"}],"author":[{"embeddable":true,"href":"https:\/\/brasilnoticias.org\/site\/wp-json\/wp\/v2\/users\/1"}],"replies":[{"embeddable":true,"href":"https:\/\/brasilnoticias.org\/site\/wp-json\/wp\/v2\/comments?post=4030"}],"version-history":[{"count":1,"href":"https:\/\/brasilnoticias.org\/site\/wp-json\/wp\/v2\/posts\/4030\/revisions"}],"predecessor-version":[{"id":4032,"href":"https:\/\/brasilnoticias.org\/site\/wp-json\/wp\/v2\/posts\/4030\/revisions\/4032"}],"wp:featuredmedia":[{"embeddable":true,"href":"https:\/\/brasilnoticias.org\/site\/wp-json\/wp\/v2\/media\/4031"}],"wp:attachment":[{"href":"https:\/\/brasilnoticias.org\/site\/wp-json\/wp\/v2\/media?parent=4030"}],"wp:term":[{"taxonomy":"category","embeddable":true,"href":"https:\/\/brasilnoticias.org\/site\/wp-json\/wp\/v2\/categories?post=4030"},{"taxonomy":"post_tag","embeddable":true,"href":"https:\/\/brasilnoticias.org\/site\/wp-json\/wp\/v2\/tags?post=4030"}],"curies":[{"name":"wp","href":"https:\/\/api.w.org\/{rel}","templated":true}]}}