{"id":4037,"date":"2023-02-17T06:22:54","date_gmt":"2023-02-17T09:22:54","guid":{"rendered":"https:\/\/brasilnoticias.org\/site\/?p=4037"},"modified":"2023-02-17T06:22:54","modified_gmt":"2023-02-17T09:22:54","slug":"trabalhador-que-antecipou-saque-aniversario-tera-acesso-ao-fgts-quando-for-demitido-diz-marinho","status":"publish","type":"post","link":"https:\/\/brasilnoticias.org\/site\/trabalhador-que-antecipou-saque-aniversario-tera-acesso-ao-fgts-quando-for-demitido-diz-marinho\/","title":{"rendered":"Trabalhador que antecipou saque-anivers\u00e1rio ter\u00e1 acesso ao FGTS quando for demitido, diz Marinho"},"content":{"rendered":"<p>O ministro do Trabalho e Emprego, Luiz Marinho (PT), disse nesta quinta-feira (16) que trabalhadores que tiverem antecipado o saque-anivers\u00e1rio poder\u00e3o sacar o FGTS (Fundo de Garantia do Tempo de Servi\u00e7o) se forem demitidos.<\/p>\n<p>&nbsp;<\/p>\n<div class=\"row news-main-text-container\">\n<div class=\"col-lg-12 col-md-12 col-sm-12 col-xs-12\">\n<div class=\"news-main-text\">\n<p>&#8220;O que n\u00f3s vamos imediatamente (fazer) \u00e9 tirar o trabalhador da armadilha, em que um demitido n\u00e3o pode sacar o seu fundo&#8221;, disse o ministro em entrevista ao SBT News.<\/p>\n<p>Marinho afirmou que o tema ser\u00e1 decidido em mar\u00e7o, mas que a ideia \u00e9 facilitar que uma pessoa desempregada n\u00e3o fique desamparada e possa sacar o saldo a que tem direito mesmo se tiver feito a op\u00e7\u00e3o pelo saque-anivers\u00e1rio.<\/p>\n<p>O saque-anivers\u00e1rio foi criado em 2019, durante o governo do presidente Jair Bolsonaro (PL), e permite que o trabalhador retire, uma vez por ano, um percentual de seu saldo, mais uma parcela adicional (o valor varia de acordo com o saldo na conta do FGTS).<\/p>\n<p>A ades\u00e3o \u00e9 volunt\u00e1ria, mas aqueles que optam pelo saque-anivers\u00e1rio deixam de ter o direito de retirar todo o saldo do FGTS se forem demitidos pelo empregador sem justa causa. Apenas a multa de 40% \u00e9 mantida.<\/p>\n<p>Atualmente, \u00e9 poss\u00edvel antecipar o valor dos saques-anivers\u00e1rio, usando o fundo como garantia da opera\u00e7\u00e3o de cr\u00e9dito. Funciona como um empr\u00e9stimo, em que o trabalhador recebe todo o montante contratado de uma s\u00f3 vez e paga juros ao banco.<\/p>\n<p>De acordo com o ministro, h\u00e1 institui\u00e7\u00f5es que oferecem empr\u00e9stimo consignado a clientes usando a modalidade como \u00e2ncora.<\/p>\n<p>Marinho citou exemplo de uma contrata\u00e7\u00e3o de um empr\u00e9stimo de R$ 22 mil. Mesmo que o trabalhador tenha R$ 50 mil de saldo do FGTS, todo o valor fica bloqueado como garantia da opera\u00e7\u00e3o financeira.<\/p>\n<p>&#8220;Na minha percep\u00e7\u00e3o, os bancos est\u00e3o tomando o Fundo de Garantia dos trabalhadores e cobrando juros&#8221;, disse. &#8220;Por que n\u00f3s vamos ficar retendo o dinheiro desse trabalhador, dessa trabalhadora? O que n\u00f3s estamos fazendo hoje \u00e9 crueldade que o governo anterior fez, para ser uma armadilha na m\u00e3o dos bancos.&#8221;<\/p>\n<p>Na entrevista ao SBT, Marinho disse que o governo vai autorizar que trabalhadores que fizeram essa modalidade de empr\u00e9stimo \u2013antecipando o saque-anivers\u00e1rio- ter\u00e3o acesso ao recurso no caso de demiss\u00e3o.<\/p>\n<p>O ministro ponderou que os bancos n\u00e3o v\u00e3o tomar calote, acrescentando que sua equipe t\u00e9cnica est\u00e1 trabalhando numa regra.<\/p>\n<p>No entanto, o titular da pasta destacou que n\u00e3o est\u00e1 preocupado com os bancos nessa discuss\u00e3o. Segundo ele, isso n\u00e3o deveria ser atribui\u00e7\u00e3o de nenhum minist\u00e9rio. &#8220;Quem deve se preocupar com os bancos s\u00e3o os pr\u00f3prios bancos.&#8221;<\/p>\n<p>O saque-anivers\u00e1rio do FGTS vem sendo atacado por Marinho desde os primeiros dias no cargo.<\/p>\n<p>O argumento \u00e9 que o FGTS foi institu\u00eddo com a finalidade de proteger o trabalhador no caso de demiss\u00e3o.<\/p>\n<p>&#8220;Quem \u00e9 demitido n\u00e3o pode sacar o saldo. Deixa o trabalhador na rua da amargura no momento em que ele mais precisa sacar. Ele \u00e9 opcional, mas est\u00e1 errado&#8221;, disse em entrevista \u00e0 Folha de S.Paulo, em janeiro.<\/p>\n<p>Al\u00e9m disso, recursos do Fundo de Garantia s\u00e3o usados para investimentos em habita\u00e7\u00e3o, saneamento e infraestrutura. Os saques seriam, na vis\u00e3o do ministro, uma forma de esvaziar e enfraquecer o fundo.<\/p>\n<p>Marinho pondera que o fim da modalidade vai ser discutido no Conselho Curador do FGTS, que se reunir\u00e1 em mar\u00e7o. Segundo ele, a proposta de extin\u00e7\u00e3o n\u00e3o deve ter muito problema para conquistar a maioria dos votos.<\/p>\n<p>&#8220;Talvez os bancos fiquem isolados, s\u00f3 os conselheiros dos bancos [discordando]&#8221;, disse nesta quinta-feira.<\/p>\n<p>A discuss\u00e3o sobre saque-anivers\u00e1rio tem aparecido na pauta trabalhista desde o in\u00edcio do governo do presidente Luiz In\u00e1cio Lula da Silva (PT).<\/p>\n<p>Na avalia\u00e7\u00e3o de economistas contr\u00e1rios \u00e0 extin\u00e7\u00e3o, a modalidade permite que o trabalhador use parte do recurso que \u00e9 seu por direito. Um dos argumentos \u00e9 o de que o dispositivo auxiliou no aumento da renda agregada, gerando eleva\u00e7\u00e3o de consumo, al\u00e9m de aumento no pagamento e negocia\u00e7\u00e3o de d\u00edvidas.<\/p>\n<\/div>\n<\/div>\n<\/div>\n<div class=\"row news-social-bottom\">\n<div class=\"col-lg-12 col-md-12 col-sm-12 col-xs-12\">\n<div class=\"center-block\">\n<div class=\"fb-like fb_iframe_widget\" data-href=\"https:\/\/www.noticiasaominuto.com.br\/economia\/1992463\/trabalhador-que-antecipou-saque-aniversario-tera-acesso-ao-fgts-quando-for-demitido-diz-marinho?utm_medium=social&amp;utm_source=facebook.com&amp;utm_campaign=buffer\" data-layout=\"box_count\" data-action=\"like\" data-size=\"small\" data-show-faces=\"true\" data-share=\"false\"><\/div>\n<\/div>\n<\/div>\n<\/div>\n<p>Foto Shutterstock<\/p>\n<p>&nbsp;<\/p>\n","protected":false},"excerpt":{"rendered":"<p>O ministro do Trabalho e Emprego, Luiz Marinho (PT), disse nesta quinta-feira (16) que trabalhadores que tiverem antecipado o saque-anivers\u00e1rio<\/p>\n","protected":false},"author":1,"featured_media":4038,"comment_status":"open","ping_status":"open","sticky":false,"template":"","format":"standard","meta":{"colormag_page_container_layout":"default_layout","colormag_page_sidebar_layout":"default_layout","_FSMCFIC_featured_image_caption":"","_FSMCFIC_featured_image_nocaption":"","_FSMCFIC_featured_image_hide":"","footnotes":""},"categories":[2,1],"tags":[],"class_list":["post-4037","post","type-post","status-publish","format-standard","has-post-thumbnail","hentry","category-noticias","category-ultimas"],"yoast_head":"<!-- This site is optimized with the Yoast SEO plugin v27.1.1 - https:\/\/yoast.com\/product\/yoast-seo-wordpress\/ -->\n<title>Trabalhador que antecipou saque-anivers\u00e1rio ter\u00e1 acesso ao FGTS quando for demitido, diz Marinho - Brasil not\u00edcias<\/title>\n<meta name=\"robots\" content=\"index, follow, max-snippet:-1, max-image-preview:large, max-video-preview:-1\" \/>\n<link rel=\"canonical\" href=\"https:\/\/brasilnoticias.org\/site\/trabalhador-que-antecipou-saque-aniversario-tera-acesso-ao-fgts-quando-for-demitido-diz-marinho\/\" \/>\n<meta property=\"og:locale\" content=\"pt_PT\" \/>\n<meta property=\"og:type\" content=\"article\" \/>\n<meta property=\"og:title\" content=\"Trabalhador que antecipou saque-anivers\u00e1rio ter\u00e1 acesso ao FGTS quando for demitido, diz Marinho - Brasil not\u00edcias\" \/>\n<meta property=\"og:description\" content=\"O ministro do Trabalho e Emprego, Luiz Marinho (PT), disse nesta quinta-feira (16) que trabalhadores que tiverem antecipado o saque-anivers\u00e1rio\" \/>\n<meta property=\"og:url\" content=\"https:\/\/brasilnoticias.org\/site\/trabalhador-que-antecipou-saque-aniversario-tera-acesso-ao-fgts-quando-for-demitido-diz-marinho\/\" \/>\n<meta property=\"og:site_name\" content=\"Brasil not\u00edcias\" \/>\n<meta property=\"article:published_time\" content=\"2023-02-17T09:22:54+00:00\" \/>\n<meta property=\"og:image\" content=\"https:\/\/brasilnoticias.org\/site\/wp-content\/uploads\/2023\/02\/naom_603d01bb4b064.jpg\" \/>\n\t<meta property=\"og:image:width\" content=\"1920\" \/>\n\t<meta property=\"og:image:height\" content=\"1080\" \/>\n\t<meta property=\"og:image:type\" content=\"image\/jpeg\" \/>\n<meta name=\"author\" content=\"Reda\u00e7\u00e3o\" \/>\n<meta name=\"twitter:card\" content=\"summary_large_image\" \/>\n<meta name=\"twitter:label1\" content=\"Escrito por\" \/>\n\t<meta name=\"twitter:data1\" content=\"Reda\u00e7\u00e3o\" \/>\n\t<meta name=\"twitter:label2\" content=\"Tempo estimado de leitura\" \/>\n\t<meta name=\"twitter:data2\" content=\"3 minutos\" \/>\n<script type=\"application\/ld+json\" class=\"yoast-schema-graph\">{\"@context\":\"https:\/\/schema.org\",\"@graph\":[{\"@type\":\"Article\",\"@id\":\"https:\/\/brasilnoticias.org\/site\/trabalhador-que-antecipou-saque-aniversario-tera-acesso-ao-fgts-quando-for-demitido-diz-marinho\/#article\",\"isPartOf\":{\"@id\":\"https:\/\/brasilnoticias.org\/site\/trabalhador-que-antecipou-saque-aniversario-tera-acesso-ao-fgts-quando-for-demitido-diz-marinho\/\"},\"author\":{\"name\":\"Reda\u00e7\u00e3o\",\"@id\":\"https:\/\/brasilnoticias.org\/site\/#\/schema\/person\/a0e05b973ec4d15c658d51911e53507b\"},\"headline\":\"Trabalhador que antecipou saque-anivers\u00e1rio ter\u00e1 acesso ao FGTS quando for demitido, diz Marinho\",\"datePublished\":\"2023-02-17T09:22:54+00:00\",\"mainEntityOfPage\":{\"@id\":\"https:\/\/brasilnoticias.org\/site\/trabalhador-que-antecipou-saque-aniversario-tera-acesso-ao-fgts-quando-for-demitido-diz-marinho\/\"},\"wordCount\":704,\"commentCount\":0,\"publisher\":{\"@id\":\"https:\/\/brasilnoticias.org\/site\/#organization\"},\"image\":{\"@id\":\"https:\/\/brasilnoticias.org\/site\/trabalhador-que-antecipou-saque-aniversario-tera-acesso-ao-fgts-quando-for-demitido-diz-marinho\/#primaryimage\"},\"thumbnailUrl\":\"https:\/\/brasilnoticias.org\/site\/wp-content\/uploads\/2023\/02\/naom_603d01bb4b064.jpg\",\"articleSection\":[\"Not\u00edcias\",\"\u00daltimas\"],\"inLanguage\":\"pt-PT\",\"potentialAction\":[{\"@type\":\"CommentAction\",\"name\":\"Comment\",\"target\":[\"https:\/\/brasilnoticias.org\/site\/trabalhador-que-antecipou-saque-aniversario-tera-acesso-ao-fgts-quando-for-demitido-diz-marinho\/#respond\"]}]},{\"@type\":\"WebPage\",\"@id\":\"https:\/\/brasilnoticias.org\/site\/trabalhador-que-antecipou-saque-aniversario-tera-acesso-ao-fgts-quando-for-demitido-diz-marinho\/\",\"url\":\"https:\/\/brasilnoticias.org\/site\/trabalhador-que-antecipou-saque-aniversario-tera-acesso-ao-fgts-quando-for-demitido-diz-marinho\/\",\"name\":\"Trabalhador que antecipou saque-anivers\u00e1rio ter\u00e1 acesso ao FGTS quando for demitido, diz Marinho - Brasil not\u00edcias\",\"isPartOf\":{\"@id\":\"https:\/\/brasilnoticias.org\/site\/#website\"},\"primaryImageOfPage\":{\"@id\":\"https:\/\/brasilnoticias.org\/site\/trabalhador-que-antecipou-saque-aniversario-tera-acesso-ao-fgts-quando-for-demitido-diz-marinho\/#primaryimage\"},\"image\":{\"@id\":\"https:\/\/brasilnoticias.org\/site\/trabalhador-que-antecipou-saque-aniversario-tera-acesso-ao-fgts-quando-for-demitido-diz-marinho\/#primaryimage\"},\"thumbnailUrl\":\"https:\/\/brasilnoticias.org\/site\/wp-content\/uploads\/2023\/02\/naom_603d01bb4b064.jpg\",\"datePublished\":\"2023-02-17T09:22:54+00:00\",\"breadcrumb\":{\"@id\":\"https:\/\/brasilnoticias.org\/site\/trabalhador-que-antecipou-saque-aniversario-tera-acesso-ao-fgts-quando-for-demitido-diz-marinho\/#breadcrumb\"},\"inLanguage\":\"pt-PT\",\"potentialAction\":[{\"@type\":\"ReadAction\",\"target\":[\"https:\/\/brasilnoticias.org\/site\/trabalhador-que-antecipou-saque-aniversario-tera-acesso-ao-fgts-quando-for-demitido-diz-marinho\/\"]}]},{\"@type\":\"ImageObject\",\"inLanguage\":\"pt-PT\",\"@id\":\"https:\/\/brasilnoticias.org\/site\/trabalhador-que-antecipou-saque-aniversario-tera-acesso-ao-fgts-quando-for-demitido-diz-marinho\/#primaryimage\",\"url\":\"https:\/\/brasilnoticias.org\/site\/wp-content\/uploads\/2023\/02\/naom_603d01bb4b064.jpg\",\"contentUrl\":\"https:\/\/brasilnoticias.org\/site\/wp-content\/uploads\/2023\/02\/naom_603d01bb4b064.jpg\",\"width\":1920,\"height\":1080},{\"@type\":\"BreadcrumbList\",\"@id\":\"https:\/\/brasilnoticias.org\/site\/trabalhador-que-antecipou-saque-aniversario-tera-acesso-ao-fgts-quando-for-demitido-diz-marinho\/#breadcrumb\",\"itemListElement\":[{\"@type\":\"ListItem\",\"position\":1,\"name\":\"In\u00edcio\",\"item\":\"https:\/\/brasilnoticias.org\/site\/\"},{\"@type\":\"ListItem\",\"position\":2,\"name\":\"Trabalhador que antecipou saque-anivers\u00e1rio ter\u00e1 acesso ao FGTS quando for demitido, diz Marinho\"}]},{\"@type\":\"WebSite\",\"@id\":\"https:\/\/brasilnoticias.org\/site\/#website\",\"url\":\"https:\/\/brasilnoticias.org\/site\/\",\"name\":\"Brasil not\u00edcias\",\"description\":\"Brasil not\u00edcias\",\"publisher\":{\"@id\":\"https:\/\/brasilnoticias.org\/site\/#organization\"},\"potentialAction\":[{\"@type\":\"SearchAction\",\"target\":{\"@type\":\"EntryPoint\",\"urlTemplate\":\"https:\/\/brasilnoticias.org\/site\/?s={search_term_string}\"},\"query-input\":{\"@type\":\"PropertyValueSpecification\",\"valueRequired\":true,\"valueName\":\"search_term_string\"}}],\"inLanguage\":\"pt-PT\"},{\"@type\":\"Organization\",\"@id\":\"https:\/\/brasilnoticias.org\/site\/#organization\",\"name\":\"Brasil not\u00edcias\",\"url\":\"https:\/\/brasilnoticias.org\/site\/\",\"logo\":{\"@type\":\"ImageObject\",\"inLanguage\":\"pt-PT\",\"@id\":\"https:\/\/brasilnoticias.org\/site\/#\/schema\/logo\/image\/\",\"url\":\"https:\/\/brasilnoticias.org\/site\/wp-content\/uploads\/2022\/05\/cropped-brasilnoticias-mini.jpg\",\"contentUrl\":\"https:\/\/brasilnoticias.org\/site\/wp-content\/uploads\/2022\/05\/cropped-brasilnoticias-mini.jpg\",\"width\":314,\"height\":86,\"caption\":\"Brasil not\u00edcias\"},\"image\":{\"@id\":\"https:\/\/brasilnoticias.org\/site\/#\/schema\/logo\/image\/\"}},{\"@type\":\"Person\",\"@id\":\"https:\/\/brasilnoticias.org\/site\/#\/schema\/person\/a0e05b973ec4d15c658d51911e53507b\",\"name\":\"Reda\u00e7\u00e3o\",\"image\":{\"@type\":\"ImageObject\",\"inLanguage\":\"pt-PT\",\"@id\":\"https:\/\/brasilnoticias.org\/site\/#\/schema\/person\/image\/\",\"url\":\"https:\/\/secure.gravatar.com\/avatar\/75d8b050df2de108b08ae78dfb8e374892df24a383c67db9c46a9c604f6aee9c?s=96&d=mm&r=g\",\"contentUrl\":\"https:\/\/secure.gravatar.com\/avatar\/75d8b050df2de108b08ae78dfb8e374892df24a383c67db9c46a9c604f6aee9c?s=96&d=mm&r=g\",\"caption\":\"Reda\u00e7\u00e3o\"},\"sameAs\":[\"https:\/\/brasilnoticias.org\/site\"],\"url\":\"https:\/\/brasilnoticias.org\/site\/author\/fernandozsngmail-com\/\"}]}<\/script>\n<!-- \/ Yoast SEO plugin. -->","yoast_head_json":{"title":"Trabalhador que antecipou saque-anivers\u00e1rio ter\u00e1 acesso ao FGTS quando for demitido, diz Marinho - Brasil not\u00edcias","robots":{"index":"index","follow":"follow","max-snippet":"max-snippet:-1","max-image-preview":"max-image-preview:large","max-video-preview":"max-video-preview:-1"},"canonical":"https:\/\/brasilnoticias.org\/site\/trabalhador-que-antecipou-saque-aniversario-tera-acesso-ao-fgts-quando-for-demitido-diz-marinho\/","og_locale":"pt_PT","og_type":"article","og_title":"Trabalhador que antecipou saque-anivers\u00e1rio ter\u00e1 acesso ao FGTS quando for demitido, diz Marinho - Brasil not\u00edcias","og_description":"O ministro do Trabalho e Emprego, Luiz Marinho (PT), disse nesta quinta-feira (16) que trabalhadores que tiverem antecipado o saque-anivers\u00e1rio","og_url":"https:\/\/brasilnoticias.org\/site\/trabalhador-que-antecipou-saque-aniversario-tera-acesso-ao-fgts-quando-for-demitido-diz-marinho\/","og_site_name":"Brasil not\u00edcias","article_published_time":"2023-02-17T09:22:54+00:00","og_image":[{"width":1920,"height":1080,"url":"https:\/\/brasilnoticias.org\/site\/wp-content\/uploads\/2023\/02\/naom_603d01bb4b064.jpg","type":"image\/jpeg"}],"author":"Reda\u00e7\u00e3o","twitter_card":"summary_large_image","twitter_misc":{"Escrito por":"Reda\u00e7\u00e3o","Tempo estimado de leitura":"3 minutos"},"schema":{"@context":"https:\/\/schema.org","@graph":[{"@type":"Article","@id":"https:\/\/brasilnoticias.org\/site\/trabalhador-que-antecipou-saque-aniversario-tera-acesso-ao-fgts-quando-for-demitido-diz-marinho\/#article","isPartOf":{"@id":"https:\/\/brasilnoticias.org\/site\/trabalhador-que-antecipou-saque-aniversario-tera-acesso-ao-fgts-quando-for-demitido-diz-marinho\/"},"author":{"name":"Reda\u00e7\u00e3o","@id":"https:\/\/brasilnoticias.org\/site\/#\/schema\/person\/a0e05b973ec4d15c658d51911e53507b"},"headline":"Trabalhador que antecipou saque-anivers\u00e1rio ter\u00e1 acesso ao FGTS quando for demitido, diz Marinho","datePublished":"2023-02-17T09:22:54+00:00","mainEntityOfPage":{"@id":"https:\/\/brasilnoticias.org\/site\/trabalhador-que-antecipou-saque-aniversario-tera-acesso-ao-fgts-quando-for-demitido-diz-marinho\/"},"wordCount":704,"commentCount":0,"publisher":{"@id":"https:\/\/brasilnoticias.org\/site\/#organization"},"image":{"@id":"https:\/\/brasilnoticias.org\/site\/trabalhador-que-antecipou-saque-aniversario-tera-acesso-ao-fgts-quando-for-demitido-diz-marinho\/#primaryimage"},"thumbnailUrl":"https:\/\/brasilnoticias.org\/site\/wp-content\/uploads\/2023\/02\/naom_603d01bb4b064.jpg","articleSection":["Not\u00edcias","\u00daltimas"],"inLanguage":"pt-PT","potentialAction":[{"@type":"CommentAction","name":"Comment","target":["https:\/\/brasilnoticias.org\/site\/trabalhador-que-antecipou-saque-aniversario-tera-acesso-ao-fgts-quando-for-demitido-diz-marinho\/#respond"]}]},{"@type":"WebPage","@id":"https:\/\/brasilnoticias.org\/site\/trabalhador-que-antecipou-saque-aniversario-tera-acesso-ao-fgts-quando-for-demitido-diz-marinho\/","url":"https:\/\/brasilnoticias.org\/site\/trabalhador-que-antecipou-saque-aniversario-tera-acesso-ao-fgts-quando-for-demitido-diz-marinho\/","name":"Trabalhador que antecipou saque-anivers\u00e1rio ter\u00e1 acesso ao FGTS quando for demitido, diz Marinho - Brasil not\u00edcias","isPartOf":{"@id":"https:\/\/brasilnoticias.org\/site\/#website"},"primaryImageOfPage":{"@id":"https:\/\/brasilnoticias.org\/site\/trabalhador-que-antecipou-saque-aniversario-tera-acesso-ao-fgts-quando-for-demitido-diz-marinho\/#primaryimage"},"image":{"@id":"https:\/\/brasilnoticias.org\/site\/trabalhador-que-antecipou-saque-aniversario-tera-acesso-ao-fgts-quando-for-demitido-diz-marinho\/#primaryimage"},"thumbnailUrl":"https:\/\/brasilnoticias.org\/site\/wp-content\/uploads\/2023\/02\/naom_603d01bb4b064.jpg","datePublished":"2023-02-17T09:22:54+00:00","breadcrumb":{"@id":"https:\/\/brasilnoticias.org\/site\/trabalhador-que-antecipou-saque-aniversario-tera-acesso-ao-fgts-quando-for-demitido-diz-marinho\/#breadcrumb"},"inLanguage":"pt-PT","potentialAction":[{"@type":"ReadAction","target":["https:\/\/brasilnoticias.org\/site\/trabalhador-que-antecipou-saque-aniversario-tera-acesso-ao-fgts-quando-for-demitido-diz-marinho\/"]}]},{"@type":"ImageObject","inLanguage":"pt-PT","@id":"https:\/\/brasilnoticias.org\/site\/trabalhador-que-antecipou-saque-aniversario-tera-acesso-ao-fgts-quando-for-demitido-diz-marinho\/#primaryimage","url":"https:\/\/brasilnoticias.org\/site\/wp-content\/uploads\/2023\/02\/naom_603d01bb4b064.jpg","contentUrl":"https:\/\/brasilnoticias.org\/site\/wp-content\/uploads\/2023\/02\/naom_603d01bb4b064.jpg","width":1920,"height":1080},{"@type":"BreadcrumbList","@id":"https:\/\/brasilnoticias.org\/site\/trabalhador-que-antecipou-saque-aniversario-tera-acesso-ao-fgts-quando-for-demitido-diz-marinho\/#breadcrumb","itemListElement":[{"@type":"ListItem","position":1,"name":"In\u00edcio","item":"https:\/\/brasilnoticias.org\/site\/"},{"@type":"ListItem","position":2,"name":"Trabalhador que antecipou saque-anivers\u00e1rio ter\u00e1 acesso ao FGTS quando for demitido, diz Marinho"}]},{"@type":"WebSite","@id":"https:\/\/brasilnoticias.org\/site\/#website","url":"https:\/\/brasilnoticias.org\/site\/","name":"Brasil not\u00edcias","description":"Brasil not\u00edcias","publisher":{"@id":"https:\/\/brasilnoticias.org\/site\/#organization"},"potentialAction":[{"@type":"SearchAction","target":{"@type":"EntryPoint","urlTemplate":"https:\/\/brasilnoticias.org\/site\/?s={search_term_string}"},"query-input":{"@type":"PropertyValueSpecification","valueRequired":true,"valueName":"search_term_string"}}],"inLanguage":"pt-PT"},{"@type":"Organization","@id":"https:\/\/brasilnoticias.org\/site\/#organization","name":"Brasil not\u00edcias","url":"https:\/\/brasilnoticias.org\/site\/","logo":{"@type":"ImageObject","inLanguage":"pt-PT","@id":"https:\/\/brasilnoticias.org\/site\/#\/schema\/logo\/image\/","url":"https:\/\/brasilnoticias.org\/site\/wp-content\/uploads\/2022\/05\/cropped-brasilnoticias-mini.jpg","contentUrl":"https:\/\/brasilnoticias.org\/site\/wp-content\/uploads\/2022\/05\/cropped-brasilnoticias-mini.jpg","width":314,"height":86,"caption":"Brasil not\u00edcias"},"image":{"@id":"https:\/\/brasilnoticias.org\/site\/#\/schema\/logo\/image\/"}},{"@type":"Person","@id":"https:\/\/brasilnoticias.org\/site\/#\/schema\/person\/a0e05b973ec4d15c658d51911e53507b","name":"Reda\u00e7\u00e3o","image":{"@type":"ImageObject","inLanguage":"pt-PT","@id":"https:\/\/brasilnoticias.org\/site\/#\/schema\/person\/image\/","url":"https:\/\/secure.gravatar.com\/avatar\/75d8b050df2de108b08ae78dfb8e374892df24a383c67db9c46a9c604f6aee9c?s=96&d=mm&r=g","contentUrl":"https:\/\/secure.gravatar.com\/avatar\/75d8b050df2de108b08ae78dfb8e374892df24a383c67db9c46a9c604f6aee9c?s=96&d=mm&r=g","caption":"Reda\u00e7\u00e3o"},"sameAs":["https:\/\/brasilnoticias.org\/site"],"url":"https:\/\/brasilnoticias.org\/site\/author\/fernandozsngmail-com\/"}]}},"_links":{"self":[{"href":"https:\/\/brasilnoticias.org\/site\/wp-json\/wp\/v2\/posts\/4037","targetHints":{"allow":["GET"]}}],"collection":[{"href":"https:\/\/brasilnoticias.org\/site\/wp-json\/wp\/v2\/posts"}],"about":[{"href":"https:\/\/brasilnoticias.org\/site\/wp-json\/wp\/v2\/types\/post"}],"author":[{"embeddable":true,"href":"https:\/\/brasilnoticias.org\/site\/wp-json\/wp\/v2\/users\/1"}],"replies":[{"embeddable":true,"href":"https:\/\/brasilnoticias.org\/site\/wp-json\/wp\/v2\/comments?post=4037"}],"version-history":[{"count":1,"href":"https:\/\/brasilnoticias.org\/site\/wp-json\/wp\/v2\/posts\/4037\/revisions"}],"predecessor-version":[{"id":4039,"href":"https:\/\/brasilnoticias.org\/site\/wp-json\/wp\/v2\/posts\/4037\/revisions\/4039"}],"wp:featuredmedia":[{"embeddable":true,"href":"https:\/\/brasilnoticias.org\/site\/wp-json\/wp\/v2\/media\/4038"}],"wp:attachment":[{"href":"https:\/\/brasilnoticias.org\/site\/wp-json\/wp\/v2\/media?parent=4037"}],"wp:term":[{"taxonomy":"category","embeddable":true,"href":"https:\/\/brasilnoticias.org\/site\/wp-json\/wp\/v2\/categories?post=4037"},{"taxonomy":"post_tag","embeddable":true,"href":"https:\/\/brasilnoticias.org\/site\/wp-json\/wp\/v2\/tags?post=4037"}],"curies":[{"name":"wp","href":"https:\/\/api.w.org\/{rel}","templated":true}]}}