{"id":4040,"date":"2023-02-17T06:24:18","date_gmt":"2023-02-17T09:24:18","guid":{"rendered":"https:\/\/brasilnoticias.org\/site\/?p=4040"},"modified":"2023-02-17T06:24:18","modified_gmt":"2023-02-17T09:24:18","slug":"bruce-willis-e-diagnosticado-com-demencia-frontotemporal","status":"publish","type":"post","link":"https:\/\/brasilnoticias.org\/site\/bruce-willis-e-diagnosticado-com-demencia-frontotemporal\/","title":{"rendered":"Bruce Willis \u00e9 diagnosticado com dem\u00eancia frontotemporal"},"content":{"rendered":"<div class=\"col-lg-12 col-md-12 col-sm-6 col-xs-6\">\n<p>O ator Bruce Willis foi diagnosticado com dem\u00eancia. A informa\u00e7\u00e3o foi confirmada pela fam\u00edlia do astro de Hollywood, que emitiu um comunicado nas redes sociais nesta quinta-feira (16), menos de um ano depois dele ter deixado de atuar devido \u00e0s crescentes dificuldades cognitivas.<\/p>\n<div class=\"row news-main-text-container\">\n<div class=\"col-lg-12 col-md-12 col-sm-12 col-xs-12\">\n<div class=\"news-main-text\">\n<p>&#8220;Desde que anunciamos o diagn\u00f3stico de afasia de Bruce, na primavera [boreal] de 2022, sua condi\u00e7\u00e3o progrediu e agora temos um diagn\u00f3stico mais espec\u00edfico: dem\u00eancia frontotemporal [FTD]&#8221;, afirmou a fam\u00edlia em um trecho.<\/p>\n<p>A esposa de Willis, Emma, apresentou uma explica\u00e7\u00e3o sobre a doen\u00e7a no texto. &#8220;FTD \u00e9 uma doen\u00e7a cruel da qual muitos de n\u00f3s nunca ouvimos falar e pode atingir qualquer pessoa. Para pessoas com menos de 60 anos, a FTD \u00e9 a forma mais comum de dem\u00eancia e, como o diagn\u00f3stico pode levar anos, a FTD provavelmente \u00e9 muito mais prevalente do que sabemos. Hoje n\u00e3o h\u00e1 tratamentos para a doen\u00e7a, uma realidade que esperamos que possa mudar nos pr\u00f3ximos anos&#8221;, pontua.<\/p>\n<p>Segundo ela, o ator ficaria alegre de ver o seu caso dando visibilidade para casos semelhantes da doen\u00e7a. &#8220;Sabemos em nossos cora\u00e7\u00f5es que, se ele pudesse hoje, gostaria de responder trazendo aten\u00e7\u00e3o global e uma conex\u00e3o com aqueles que tamb\u00e9m est\u00e3o lidando com esta doen\u00e7a debilitante e como ela afeta tantos indiv\u00edduos e suas fam\u00edlias&#8230; Bruce sempre encontrou alegria na vida e ajudou todos que ele conhece a fazer o mesmo&#8221;, diz o texto.<\/p>\n<\/div>\n<\/div>\n<\/div>\n<div class=\"row news-social-bottom\">\n<div class=\"col-lg-12 col-md-12 col-sm-12 col-xs-12\">\n<div class=\"center-block\">\n<div class=\"fb-like fb_iframe_widget\" data-href=\"https:\/\/www.noticiasaominuto.com.br\/celebridades\/1992374\/bruce-willis-e-diagnosticado-com-demencia-frontotemporal?utm_medium=social&amp;utm_source=facebook.com&amp;utm_campaign=buffer\" data-layout=\"box_count\" data-action=\"like\" data-size=\"small\" data-show-faces=\"true\" data-share=\"false\"><\/div>\n<\/div>\n<\/div>\n<\/div>\n<p>Foto Getty Images<\/p>\n<p>Not\u00edcias ao minuto<\/p>\n<p>&nbsp;<\/p>\n<\/div>\n<div class=\"col-sm-6 col-xs-6 no-padding visible-sm visible-xs\"><\/div>\n","protected":false},"excerpt":{"rendered":"<p>O ator Bruce Willis foi diagnosticado com dem\u00eancia. A informa\u00e7\u00e3o foi confirmada pela fam\u00edlia do astro de Hollywood, que emitiu<\/p>\n","protected":false},"author":1,"featured_media":4041,"comment_status":"open","ping_status":"open","sticky":false,"template":"","format":"standard","meta":{"colormag_page_container_layout":"default_layout","colormag_page_sidebar_layout":"default_layout","_FSMCFIC_featured_image_caption":"","_FSMCFIC_featured_image_nocaption":"","_FSMCFIC_featured_image_hide":"","footnotes":""},"categories":[2,1],"tags":[],"class_list":["post-4040","post","type-post","status-publish","format-standard","has-post-thumbnail","hentry","category-noticias","category-ultimas"],"yoast_head":"<!-- This site is optimized with the Yoast SEO plugin v27.1.1 - https:\/\/yoast.com\/product\/yoast-seo-wordpress\/ -->\n<title>Bruce Willis \u00e9 diagnosticado com dem\u00eancia frontotemporal - Brasil not\u00edcias<\/title>\n<meta name=\"robots\" content=\"index, follow, max-snippet:-1, max-image-preview:large, max-video-preview:-1\" \/>\n<link rel=\"canonical\" href=\"https:\/\/brasilnoticias.org\/site\/bruce-willis-e-diagnosticado-com-demencia-frontotemporal\/\" \/>\n<meta property=\"og:locale\" content=\"pt_PT\" \/>\n<meta property=\"og:type\" content=\"article\" \/>\n<meta property=\"og:title\" content=\"Bruce Willis \u00e9 diagnosticado com dem\u00eancia frontotemporal - Brasil not\u00edcias\" \/>\n<meta property=\"og:description\" content=\"O ator Bruce Willis foi diagnosticado com dem\u00eancia. A informa\u00e7\u00e3o foi confirmada pela fam\u00edlia do astro de Hollywood, que emitiu\" \/>\n<meta property=\"og:url\" content=\"https:\/\/brasilnoticias.org\/site\/bruce-willis-e-diagnosticado-com-demencia-frontotemporal\/\" \/>\n<meta property=\"og:site_name\" content=\"Brasil not\u00edcias\" \/>\n<meta property=\"article:published_time\" content=\"2023-02-17T09:24:18+00:00\" \/>\n<meta property=\"og:image\" content=\"https:\/\/brasilnoticias.org\/site\/wp-content\/uploads\/2023\/02\/naom_5f623176ee844.jpg\" \/>\n\t<meta property=\"og:image:width\" content=\"1920\" \/>\n\t<meta property=\"og:image:height\" content=\"1080\" \/>\n\t<meta property=\"og:image:type\" content=\"image\/jpeg\" \/>\n<meta name=\"author\" content=\"Reda\u00e7\u00e3o\" \/>\n<meta name=\"twitter:card\" content=\"summary_large_image\" \/>\n<meta name=\"twitter:label1\" content=\"Escrito por\" \/>\n\t<meta name=\"twitter:data1\" content=\"Reda\u00e7\u00e3o\" \/>\n\t<meta name=\"twitter:label2\" content=\"Tempo estimado de leitura\" \/>\n\t<meta name=\"twitter:data2\" content=\"1 minuto\" \/>\n<script type=\"application\/ld+json\" class=\"yoast-schema-graph\">{\"@context\":\"https:\/\/schema.org\",\"@graph\":[{\"@type\":\"Article\",\"@id\":\"https:\/\/brasilnoticias.org\/site\/bruce-willis-e-diagnosticado-com-demencia-frontotemporal\/#article\",\"isPartOf\":{\"@id\":\"https:\/\/brasilnoticias.org\/site\/bruce-willis-e-diagnosticado-com-demencia-frontotemporal\/\"},\"author\":{\"name\":\"Reda\u00e7\u00e3o\",\"@id\":\"https:\/\/brasilnoticias.org\/site\/#\/schema\/person\/a0e05b973ec4d15c658d51911e53507b\"},\"headline\":\"Bruce Willis \u00e9 diagnosticado com dem\u00eancia frontotemporal\",\"datePublished\":\"2023-02-17T09:24:18+00:00\",\"mainEntityOfPage\":{\"@id\":\"https:\/\/brasilnoticias.org\/site\/bruce-willis-e-diagnosticado-com-demencia-frontotemporal\/\"},\"wordCount\":268,\"commentCount\":0,\"publisher\":{\"@id\":\"https:\/\/brasilnoticias.org\/site\/#organization\"},\"image\":{\"@id\":\"https:\/\/brasilnoticias.org\/site\/bruce-willis-e-diagnosticado-com-demencia-frontotemporal\/#primaryimage\"},\"thumbnailUrl\":\"https:\/\/brasilnoticias.org\/site\/wp-content\/uploads\/2023\/02\/naom_5f623176ee844.jpg\",\"articleSection\":[\"Not\u00edcias\",\"\u00daltimas\"],\"inLanguage\":\"pt-PT\",\"potentialAction\":[{\"@type\":\"CommentAction\",\"name\":\"Comment\",\"target\":[\"https:\/\/brasilnoticias.org\/site\/bruce-willis-e-diagnosticado-com-demencia-frontotemporal\/#respond\"]}]},{\"@type\":\"WebPage\",\"@id\":\"https:\/\/brasilnoticias.org\/site\/bruce-willis-e-diagnosticado-com-demencia-frontotemporal\/\",\"url\":\"https:\/\/brasilnoticias.org\/site\/bruce-willis-e-diagnosticado-com-demencia-frontotemporal\/\",\"name\":\"Bruce Willis \u00e9 diagnosticado com dem\u00eancia frontotemporal - Brasil not\u00edcias\",\"isPartOf\":{\"@id\":\"https:\/\/brasilnoticias.org\/site\/#website\"},\"primaryImageOfPage\":{\"@id\":\"https:\/\/brasilnoticias.org\/site\/bruce-willis-e-diagnosticado-com-demencia-frontotemporal\/#primaryimage\"},\"image\":{\"@id\":\"https:\/\/brasilnoticias.org\/site\/bruce-willis-e-diagnosticado-com-demencia-frontotemporal\/#primaryimage\"},\"thumbnailUrl\":\"https:\/\/brasilnoticias.org\/site\/wp-content\/uploads\/2023\/02\/naom_5f623176ee844.jpg\",\"datePublished\":\"2023-02-17T09:24:18+00:00\",\"breadcrumb\":{\"@id\":\"https:\/\/brasilnoticias.org\/site\/bruce-willis-e-diagnosticado-com-demencia-frontotemporal\/#breadcrumb\"},\"inLanguage\":\"pt-PT\",\"potentialAction\":[{\"@type\":\"ReadAction\",\"target\":[\"https:\/\/brasilnoticias.org\/site\/bruce-willis-e-diagnosticado-com-demencia-frontotemporal\/\"]}]},{\"@type\":\"ImageObject\",\"inLanguage\":\"pt-PT\",\"@id\":\"https:\/\/brasilnoticias.org\/site\/bruce-willis-e-diagnosticado-com-demencia-frontotemporal\/#primaryimage\",\"url\":\"https:\/\/brasilnoticias.org\/site\/wp-content\/uploads\/2023\/02\/naom_5f623176ee844.jpg\",\"contentUrl\":\"https:\/\/brasilnoticias.org\/site\/wp-content\/uploads\/2023\/02\/naom_5f623176ee844.jpg\",\"width\":1920,\"height\":1080},{\"@type\":\"BreadcrumbList\",\"@id\":\"https:\/\/brasilnoticias.org\/site\/bruce-willis-e-diagnosticado-com-demencia-frontotemporal\/#breadcrumb\",\"itemListElement\":[{\"@type\":\"ListItem\",\"position\":1,\"name\":\"In\u00edcio\",\"item\":\"https:\/\/brasilnoticias.org\/site\/\"},{\"@type\":\"ListItem\",\"position\":2,\"name\":\"Bruce Willis \u00e9 diagnosticado com dem\u00eancia frontotemporal\"}]},{\"@type\":\"WebSite\",\"@id\":\"https:\/\/brasilnoticias.org\/site\/#website\",\"url\":\"https:\/\/brasilnoticias.org\/site\/\",\"name\":\"Brasil not\u00edcias\",\"description\":\"Brasil not\u00edcias\",\"publisher\":{\"@id\":\"https:\/\/brasilnoticias.org\/site\/#organization\"},\"potentialAction\":[{\"@type\":\"SearchAction\",\"target\":{\"@type\":\"EntryPoint\",\"urlTemplate\":\"https:\/\/brasilnoticias.org\/site\/?s={search_term_string}\"},\"query-input\":{\"@type\":\"PropertyValueSpecification\",\"valueRequired\":true,\"valueName\":\"search_term_string\"}}],\"inLanguage\":\"pt-PT\"},{\"@type\":\"Organization\",\"@id\":\"https:\/\/brasilnoticias.org\/site\/#organization\",\"name\":\"Brasil not\u00edcias\",\"url\":\"https:\/\/brasilnoticias.org\/site\/\",\"logo\":{\"@type\":\"ImageObject\",\"inLanguage\":\"pt-PT\",\"@id\":\"https:\/\/brasilnoticias.org\/site\/#\/schema\/logo\/image\/\",\"url\":\"https:\/\/brasilnoticias.org\/site\/wp-content\/uploads\/2022\/05\/cropped-brasilnoticias-mini.jpg\",\"contentUrl\":\"https:\/\/brasilnoticias.org\/site\/wp-content\/uploads\/2022\/05\/cropped-brasilnoticias-mini.jpg\",\"width\":314,\"height\":86,\"caption\":\"Brasil not\u00edcias\"},\"image\":{\"@id\":\"https:\/\/brasilnoticias.org\/site\/#\/schema\/logo\/image\/\"}},{\"@type\":\"Person\",\"@id\":\"https:\/\/brasilnoticias.org\/site\/#\/schema\/person\/a0e05b973ec4d15c658d51911e53507b\",\"name\":\"Reda\u00e7\u00e3o\",\"image\":{\"@type\":\"ImageObject\",\"inLanguage\":\"pt-PT\",\"@id\":\"https:\/\/brasilnoticias.org\/site\/#\/schema\/person\/image\/\",\"url\":\"https:\/\/secure.gravatar.com\/avatar\/75d8b050df2de108b08ae78dfb8e374892df24a383c67db9c46a9c604f6aee9c?s=96&d=mm&r=g\",\"contentUrl\":\"https:\/\/secure.gravatar.com\/avatar\/75d8b050df2de108b08ae78dfb8e374892df24a383c67db9c46a9c604f6aee9c?s=96&d=mm&r=g\",\"caption\":\"Reda\u00e7\u00e3o\"},\"sameAs\":[\"https:\/\/brasilnoticias.org\/site\"],\"url\":\"https:\/\/brasilnoticias.org\/site\/author\/fernandozsngmail-com\/\"}]}<\/script>\n<!-- \/ Yoast SEO plugin. -->","yoast_head_json":{"title":"Bruce Willis \u00e9 diagnosticado com dem\u00eancia frontotemporal - Brasil not\u00edcias","robots":{"index":"index","follow":"follow","max-snippet":"max-snippet:-1","max-image-preview":"max-image-preview:large","max-video-preview":"max-video-preview:-1"},"canonical":"https:\/\/brasilnoticias.org\/site\/bruce-willis-e-diagnosticado-com-demencia-frontotemporal\/","og_locale":"pt_PT","og_type":"article","og_title":"Bruce Willis \u00e9 diagnosticado com dem\u00eancia frontotemporal - Brasil not\u00edcias","og_description":"O ator Bruce Willis foi diagnosticado com dem\u00eancia. A informa\u00e7\u00e3o foi confirmada pela fam\u00edlia do astro de Hollywood, que emitiu","og_url":"https:\/\/brasilnoticias.org\/site\/bruce-willis-e-diagnosticado-com-demencia-frontotemporal\/","og_site_name":"Brasil not\u00edcias","article_published_time":"2023-02-17T09:24:18+00:00","og_image":[{"width":1920,"height":1080,"url":"https:\/\/brasilnoticias.org\/site\/wp-content\/uploads\/2023\/02\/naom_5f623176ee844.jpg","type":"image\/jpeg"}],"author":"Reda\u00e7\u00e3o","twitter_card":"summary_large_image","twitter_misc":{"Escrito por":"Reda\u00e7\u00e3o","Tempo estimado de leitura":"1 minuto"},"schema":{"@context":"https:\/\/schema.org","@graph":[{"@type":"Article","@id":"https:\/\/brasilnoticias.org\/site\/bruce-willis-e-diagnosticado-com-demencia-frontotemporal\/#article","isPartOf":{"@id":"https:\/\/brasilnoticias.org\/site\/bruce-willis-e-diagnosticado-com-demencia-frontotemporal\/"},"author":{"name":"Reda\u00e7\u00e3o","@id":"https:\/\/brasilnoticias.org\/site\/#\/schema\/person\/a0e05b973ec4d15c658d51911e53507b"},"headline":"Bruce Willis \u00e9 diagnosticado com dem\u00eancia frontotemporal","datePublished":"2023-02-17T09:24:18+00:00","mainEntityOfPage":{"@id":"https:\/\/brasilnoticias.org\/site\/bruce-willis-e-diagnosticado-com-demencia-frontotemporal\/"},"wordCount":268,"commentCount":0,"publisher":{"@id":"https:\/\/brasilnoticias.org\/site\/#organization"},"image":{"@id":"https:\/\/brasilnoticias.org\/site\/bruce-willis-e-diagnosticado-com-demencia-frontotemporal\/#primaryimage"},"thumbnailUrl":"https:\/\/brasilnoticias.org\/site\/wp-content\/uploads\/2023\/02\/naom_5f623176ee844.jpg","articleSection":["Not\u00edcias","\u00daltimas"],"inLanguage":"pt-PT","potentialAction":[{"@type":"CommentAction","name":"Comment","target":["https:\/\/brasilnoticias.org\/site\/bruce-willis-e-diagnosticado-com-demencia-frontotemporal\/#respond"]}]},{"@type":"WebPage","@id":"https:\/\/brasilnoticias.org\/site\/bruce-willis-e-diagnosticado-com-demencia-frontotemporal\/","url":"https:\/\/brasilnoticias.org\/site\/bruce-willis-e-diagnosticado-com-demencia-frontotemporal\/","name":"Bruce Willis \u00e9 diagnosticado com dem\u00eancia frontotemporal - Brasil not\u00edcias","isPartOf":{"@id":"https:\/\/brasilnoticias.org\/site\/#website"},"primaryImageOfPage":{"@id":"https:\/\/brasilnoticias.org\/site\/bruce-willis-e-diagnosticado-com-demencia-frontotemporal\/#primaryimage"},"image":{"@id":"https:\/\/brasilnoticias.org\/site\/bruce-willis-e-diagnosticado-com-demencia-frontotemporal\/#primaryimage"},"thumbnailUrl":"https:\/\/brasilnoticias.org\/site\/wp-content\/uploads\/2023\/02\/naom_5f623176ee844.jpg","datePublished":"2023-02-17T09:24:18+00:00","breadcrumb":{"@id":"https:\/\/brasilnoticias.org\/site\/bruce-willis-e-diagnosticado-com-demencia-frontotemporal\/#breadcrumb"},"inLanguage":"pt-PT","potentialAction":[{"@type":"ReadAction","target":["https:\/\/brasilnoticias.org\/site\/bruce-willis-e-diagnosticado-com-demencia-frontotemporal\/"]}]},{"@type":"ImageObject","inLanguage":"pt-PT","@id":"https:\/\/brasilnoticias.org\/site\/bruce-willis-e-diagnosticado-com-demencia-frontotemporal\/#primaryimage","url":"https:\/\/brasilnoticias.org\/site\/wp-content\/uploads\/2023\/02\/naom_5f623176ee844.jpg","contentUrl":"https:\/\/brasilnoticias.org\/site\/wp-content\/uploads\/2023\/02\/naom_5f623176ee844.jpg","width":1920,"height":1080},{"@type":"BreadcrumbList","@id":"https:\/\/brasilnoticias.org\/site\/bruce-willis-e-diagnosticado-com-demencia-frontotemporal\/#breadcrumb","itemListElement":[{"@type":"ListItem","position":1,"name":"In\u00edcio","item":"https:\/\/brasilnoticias.org\/site\/"},{"@type":"ListItem","position":2,"name":"Bruce Willis \u00e9 diagnosticado com dem\u00eancia frontotemporal"}]},{"@type":"WebSite","@id":"https:\/\/brasilnoticias.org\/site\/#website","url":"https:\/\/brasilnoticias.org\/site\/","name":"Brasil not\u00edcias","description":"Brasil not\u00edcias","publisher":{"@id":"https:\/\/brasilnoticias.org\/site\/#organization"},"potentialAction":[{"@type":"SearchAction","target":{"@type":"EntryPoint","urlTemplate":"https:\/\/brasilnoticias.org\/site\/?s={search_term_string}"},"query-input":{"@type":"PropertyValueSpecification","valueRequired":true,"valueName":"search_term_string"}}],"inLanguage":"pt-PT"},{"@type":"Organization","@id":"https:\/\/brasilnoticias.org\/site\/#organization","name":"Brasil not\u00edcias","url":"https:\/\/brasilnoticias.org\/site\/","logo":{"@type":"ImageObject","inLanguage":"pt-PT","@id":"https:\/\/brasilnoticias.org\/site\/#\/schema\/logo\/image\/","url":"https:\/\/brasilnoticias.org\/site\/wp-content\/uploads\/2022\/05\/cropped-brasilnoticias-mini.jpg","contentUrl":"https:\/\/brasilnoticias.org\/site\/wp-content\/uploads\/2022\/05\/cropped-brasilnoticias-mini.jpg","width":314,"height":86,"caption":"Brasil not\u00edcias"},"image":{"@id":"https:\/\/brasilnoticias.org\/site\/#\/schema\/logo\/image\/"}},{"@type":"Person","@id":"https:\/\/brasilnoticias.org\/site\/#\/schema\/person\/a0e05b973ec4d15c658d51911e53507b","name":"Reda\u00e7\u00e3o","image":{"@type":"ImageObject","inLanguage":"pt-PT","@id":"https:\/\/brasilnoticias.org\/site\/#\/schema\/person\/image\/","url":"https:\/\/secure.gravatar.com\/avatar\/75d8b050df2de108b08ae78dfb8e374892df24a383c67db9c46a9c604f6aee9c?s=96&d=mm&r=g","contentUrl":"https:\/\/secure.gravatar.com\/avatar\/75d8b050df2de108b08ae78dfb8e374892df24a383c67db9c46a9c604f6aee9c?s=96&d=mm&r=g","caption":"Reda\u00e7\u00e3o"},"sameAs":["https:\/\/brasilnoticias.org\/site"],"url":"https:\/\/brasilnoticias.org\/site\/author\/fernandozsngmail-com\/"}]}},"_links":{"self":[{"href":"https:\/\/brasilnoticias.org\/site\/wp-json\/wp\/v2\/posts\/4040","targetHints":{"allow":["GET"]}}],"collection":[{"href":"https:\/\/brasilnoticias.org\/site\/wp-json\/wp\/v2\/posts"}],"about":[{"href":"https:\/\/brasilnoticias.org\/site\/wp-json\/wp\/v2\/types\/post"}],"author":[{"embeddable":true,"href":"https:\/\/brasilnoticias.org\/site\/wp-json\/wp\/v2\/users\/1"}],"replies":[{"embeddable":true,"href":"https:\/\/brasilnoticias.org\/site\/wp-json\/wp\/v2\/comments?post=4040"}],"version-history":[{"count":1,"href":"https:\/\/brasilnoticias.org\/site\/wp-json\/wp\/v2\/posts\/4040\/revisions"}],"predecessor-version":[{"id":4042,"href":"https:\/\/brasilnoticias.org\/site\/wp-json\/wp\/v2\/posts\/4040\/revisions\/4042"}],"wp:featuredmedia":[{"embeddable":true,"href":"https:\/\/brasilnoticias.org\/site\/wp-json\/wp\/v2\/media\/4041"}],"wp:attachment":[{"href":"https:\/\/brasilnoticias.org\/site\/wp-json\/wp\/v2\/media?parent=4040"}],"wp:term":[{"taxonomy":"category","embeddable":true,"href":"https:\/\/brasilnoticias.org\/site\/wp-json\/wp\/v2\/categories?post=4040"},{"taxonomy":"post_tag","embeddable":true,"href":"https:\/\/brasilnoticias.org\/site\/wp-json\/wp\/v2\/tags?post=4040"}],"curies":[{"name":"wp","href":"https:\/\/api.w.org\/{rel}","templated":true}]}}