{"id":4043,"date":"2023-02-17T06:25:24","date_gmt":"2023-02-17T09:25:24","guid":{"rendered":"https:\/\/brasilnoticias.org\/site\/?p=4043"},"modified":"2023-02-17T06:25:24","modified_gmt":"2023-02-17T09:25:24","slug":"motoboy-de-22-anos-e-morto-por-policiais-em-ocorrencia-em-sp-agentes-apontam-confronto","status":"publish","type":"post","link":"https:\/\/brasilnoticias.org\/site\/motoboy-de-22-anos-e-morto-por-policiais-em-ocorrencia-em-sp-agentes-apontam-confronto\/","title":{"rendered":"Motoboy de 22 anos \u00e9 morto por policiais em ocorr\u00eancia em SP; agentes apontam confronto"},"content":{"rendered":"<p>Um motoboy de 22 anos foi morto nesta quarta-feira, 15, ap\u00f3s abordagem de policiais militares na zona oeste de S\u00e3o Paulo. Segundo a Secretaria de Seguran\u00e7a P\u00fablica (SSP), o homem tentou fugir dos agentes e houve troca de tiros durante a persegui\u00e7\u00e3o. O caso \u00e9 investigado pelo Departamento de Homic\u00eddios e de Prote\u00e7\u00e3o \u00e0 Pessoa (DHPP) da Pol\u00edcia Civil.<br \/>\nNa \u00faltima semana, um suspeito de roubo foi morto a tiros por policiais das Rondas Ostensivas Tobias Aguiar (Rota) em abordagem na zona sul. Em publica\u00e7\u00e3o nas redes sociais, o secret\u00e1rio de Seguran\u00e7a P\u00fablica, Guilherme Derrite, afirmou que &#8220;nenhum policial que sai de casa para defender a sociedade ser\u00e1 injusti\u00e7ado&#8221;. O DHPP apura a ocorr\u00eancia.<\/p>\n<p>A Secretaria de Seguran\u00e7a P\u00fablica informou que, no caso desta quarta, o homem tentou fugir de moto ap\u00f3s uma abordagem policial na zona oeste &#8211; a pasta n\u00e3o especifica o local da ocorr\u00eancia. Durante a persegui\u00e7\u00e3o, ele teria ca\u00eddo do ve\u00edculo e apontado uma arma na dire\u00e7\u00e3o dos policiais, ainda segundo a secretaria.<\/p>\n<p>A pol\u00edcia teria efetuado os disparos nesse momento. O homem foi atingido e n\u00e3o resistiu aos ferimentos. No local, de acordo com a Secretaria de Seguran\u00e7a P\u00fablica, foi apreendido um rev\u00f3lver calibre 38 com a numera\u00e7\u00e3o raspada, cinco muni\u00e7\u00f5es \u00edntegras e uma deflagrada.<\/p>\n<p>Conforme reportagem da TV Globo, a fam\u00edlia do motoboy negou que o homem tivesse uma arma e disse que ele tinha sa\u00eddo para trabalhar pouco antes do ocorrido. A emissora complementou tamb\u00e9m que testemunhas disseram ter ouvido mais de 15 disparos no local.<\/p>\n<p>O Departamento de Homic\u00eddios e de Prote\u00e7\u00e3o \u00e0 Pessoa &#8220;investiga todas as circunst\u00e2ncias da morte&#8221;, segundo a SSP. A Pol\u00edcia Militar tamb\u00e9m instaurou inqu\u00e9rito policial militar (IPM), com acompanhamento da Corregedoria, para apurar o caso. Os policiais envolvidos passar\u00e3o pelo Programa de Acompanhamento e Apoio ao Policial Militar (PAAPM).<\/p>\n<p>Caso na zona sul<\/p>\n<p>No \u00faltimo dia 10, um homem morreu baleado ao tentar fugir de policiais da Rota na zona sul da capital. V\u00eddeo gravado por testemunhas mostra que dois suspeitos de roubo estavam pr\u00f3ximos a uma moto em um sem\u00e1foro quando os agentes chegaram. Um deles foi atingido pelos disparos ao tentar correr e n\u00e3o resistiu aos ferimentos.<\/p>\n<p>O secret\u00e1rio Guilherme Derrite comentou o caso dias depois. &#8220;Nenhum policial que sai de casa para defender a sociedade ser\u00e1 injusti\u00e7ado. Confrontos sempre ser\u00e3o apurados, mas ningu\u00e9m ser\u00e1 afastado no caso da abordagem da Rota que evitou um assalto no sem\u00e1foro. At\u00e9 que se prove o contr\u00e1rio, a a\u00e7\u00e3o ocorreu dentro da lei&#8221;, escreveu. O DHPP investiga o caso.<\/p>\n<p>Em nota, a SSP informou que os policiais envolvidos passaram pelo Programa de Acompanhamento e Apoio ao Policial Militar e por aprova\u00e7\u00e3o de uma comiss\u00e3o de mitiga\u00e7\u00e3o de riscos, programa institucional voltado \u00e0 identifica\u00e7\u00e3o de n\u00e3o conformidades t\u00e9cnico-operacionais. &#8220;Eles foram considerados aptos para o servi\u00e7o militar e seguem no trabalho operacional&#8221;, afirmou a pasta.<\/p>\n<p>&nbsp;<\/p>\n<p>Foto ShutterStock<br \/>\nNot\u00edcias ao minuto<\/p>\n","protected":false},"excerpt":{"rendered":"<p>Um motoboy de 22 anos foi morto nesta quarta-feira, 15, ap\u00f3s abordagem de policiais militares na zona oeste de S\u00e3o<\/p>\n","protected":false},"author":1,"featured_media":4044,"comment_status":"open","ping_status":"open","sticky":false,"template":"","format":"standard","meta":{"colormag_page_container_layout":"default_layout","colormag_page_sidebar_layout":"default_layout","_FSMCFIC_featured_image_caption":"","_FSMCFIC_featured_image_nocaption":"","_FSMCFIC_featured_image_hide":"","footnotes":""},"categories":[3,1],"tags":[],"class_list":["post-4043","post","type-post","status-publish","format-standard","has-post-thumbnail","hentry","category-policia","category-ultimas"],"yoast_head":"<!-- This site is optimized with the Yoast SEO plugin v27.1.1 - https:\/\/yoast.com\/product\/yoast-seo-wordpress\/ -->\n<title>Motoboy de 22 anos \u00e9 morto por policiais em ocorr\u00eancia em SP; agentes apontam confronto - Brasil not\u00edcias<\/title>\n<meta name=\"robots\" content=\"index, follow, max-snippet:-1, max-image-preview:large, max-video-preview:-1\" \/>\n<link rel=\"canonical\" href=\"https:\/\/brasilnoticias.org\/site\/motoboy-de-22-anos-e-morto-por-policiais-em-ocorrencia-em-sp-agentes-apontam-confronto\/\" \/>\n<meta property=\"og:locale\" content=\"pt_PT\" \/>\n<meta property=\"og:type\" content=\"article\" \/>\n<meta property=\"og:title\" content=\"Motoboy de 22 anos \u00e9 morto por policiais em ocorr\u00eancia em SP; agentes apontam confronto - Brasil not\u00edcias\" \/>\n<meta property=\"og:description\" content=\"Um motoboy de 22 anos foi morto nesta quarta-feira, 15, ap\u00f3s abordagem de policiais militares na zona oeste de S\u00e3o\" \/>\n<meta property=\"og:url\" content=\"https:\/\/brasilnoticias.org\/site\/motoboy-de-22-anos-e-morto-por-policiais-em-ocorrencia-em-sp-agentes-apontam-confronto\/\" \/>\n<meta property=\"og:site_name\" content=\"Brasil not\u00edcias\" \/>\n<meta property=\"article:published_time\" content=\"2023-02-17T09:25:24+00:00\" \/>\n<meta property=\"og:image\" content=\"https:\/\/brasilnoticias.org\/site\/wp-content\/uploads\/2023\/02\/naom_616860ec91efd.jpg\" \/>\n\t<meta property=\"og:image:width\" content=\"1920\" \/>\n\t<meta property=\"og:image:height\" content=\"1080\" \/>\n\t<meta property=\"og:image:type\" content=\"image\/jpeg\" \/>\n<meta name=\"author\" content=\"Reda\u00e7\u00e3o\" \/>\n<meta name=\"twitter:card\" content=\"summary_large_image\" \/>\n<meta name=\"twitter:label1\" content=\"Escrito por\" \/>\n\t<meta name=\"twitter:data1\" content=\"Reda\u00e7\u00e3o\" \/>\n\t<meta name=\"twitter:label2\" content=\"Tempo estimado de leitura\" \/>\n\t<meta name=\"twitter:data2\" content=\"3 minutos\" \/>\n<script type=\"application\/ld+json\" class=\"yoast-schema-graph\">{\"@context\":\"https:\/\/schema.org\",\"@graph\":[{\"@type\":\"Article\",\"@id\":\"https:\/\/brasilnoticias.org\/site\/motoboy-de-22-anos-e-morto-por-policiais-em-ocorrencia-em-sp-agentes-apontam-confronto\/#article\",\"isPartOf\":{\"@id\":\"https:\/\/brasilnoticias.org\/site\/motoboy-de-22-anos-e-morto-por-policiais-em-ocorrencia-em-sp-agentes-apontam-confronto\/\"},\"author\":{\"name\":\"Reda\u00e7\u00e3o\",\"@id\":\"https:\/\/brasilnoticias.org\/site\/#\/schema\/person\/a0e05b973ec4d15c658d51911e53507b\"},\"headline\":\"Motoboy de 22 anos \u00e9 morto por policiais em ocorr\u00eancia em SP; agentes apontam confronto\",\"datePublished\":\"2023-02-17T09:25:24+00:00\",\"mainEntityOfPage\":{\"@id\":\"https:\/\/brasilnoticias.org\/site\/motoboy-de-22-anos-e-morto-por-policiais-em-ocorrencia-em-sp-agentes-apontam-confronto\/\"},\"wordCount\":545,\"commentCount\":0,\"publisher\":{\"@id\":\"https:\/\/brasilnoticias.org\/site\/#organization\"},\"image\":{\"@id\":\"https:\/\/brasilnoticias.org\/site\/motoboy-de-22-anos-e-morto-por-policiais-em-ocorrencia-em-sp-agentes-apontam-confronto\/#primaryimage\"},\"thumbnailUrl\":\"https:\/\/brasilnoticias.org\/site\/wp-content\/uploads\/2023\/02\/naom_616860ec91efd.jpg\",\"articleSection\":[\"Pol\u00edcia\",\"\u00daltimas\"],\"inLanguage\":\"pt-PT\",\"potentialAction\":[{\"@type\":\"CommentAction\",\"name\":\"Comment\",\"target\":[\"https:\/\/brasilnoticias.org\/site\/motoboy-de-22-anos-e-morto-por-policiais-em-ocorrencia-em-sp-agentes-apontam-confronto\/#respond\"]}]},{\"@type\":\"WebPage\",\"@id\":\"https:\/\/brasilnoticias.org\/site\/motoboy-de-22-anos-e-morto-por-policiais-em-ocorrencia-em-sp-agentes-apontam-confronto\/\",\"url\":\"https:\/\/brasilnoticias.org\/site\/motoboy-de-22-anos-e-morto-por-policiais-em-ocorrencia-em-sp-agentes-apontam-confronto\/\",\"name\":\"Motoboy de 22 anos \u00e9 morto por policiais em ocorr\u00eancia em SP; agentes apontam confronto - Brasil not\u00edcias\",\"isPartOf\":{\"@id\":\"https:\/\/brasilnoticias.org\/site\/#website\"},\"primaryImageOfPage\":{\"@id\":\"https:\/\/brasilnoticias.org\/site\/motoboy-de-22-anos-e-morto-por-policiais-em-ocorrencia-em-sp-agentes-apontam-confronto\/#primaryimage\"},\"image\":{\"@id\":\"https:\/\/brasilnoticias.org\/site\/motoboy-de-22-anos-e-morto-por-policiais-em-ocorrencia-em-sp-agentes-apontam-confronto\/#primaryimage\"},\"thumbnailUrl\":\"https:\/\/brasilnoticias.org\/site\/wp-content\/uploads\/2023\/02\/naom_616860ec91efd.jpg\",\"datePublished\":\"2023-02-17T09:25:24+00:00\",\"breadcrumb\":{\"@id\":\"https:\/\/brasilnoticias.org\/site\/motoboy-de-22-anos-e-morto-por-policiais-em-ocorrencia-em-sp-agentes-apontam-confronto\/#breadcrumb\"},\"inLanguage\":\"pt-PT\",\"potentialAction\":[{\"@type\":\"ReadAction\",\"target\":[\"https:\/\/brasilnoticias.org\/site\/motoboy-de-22-anos-e-morto-por-policiais-em-ocorrencia-em-sp-agentes-apontam-confronto\/\"]}]},{\"@type\":\"ImageObject\",\"inLanguage\":\"pt-PT\",\"@id\":\"https:\/\/brasilnoticias.org\/site\/motoboy-de-22-anos-e-morto-por-policiais-em-ocorrencia-em-sp-agentes-apontam-confronto\/#primaryimage\",\"url\":\"https:\/\/brasilnoticias.org\/site\/wp-content\/uploads\/2023\/02\/naom_616860ec91efd.jpg\",\"contentUrl\":\"https:\/\/brasilnoticias.org\/site\/wp-content\/uploads\/2023\/02\/naom_616860ec91efd.jpg\",\"width\":1920,\"height\":1080},{\"@type\":\"BreadcrumbList\",\"@id\":\"https:\/\/brasilnoticias.org\/site\/motoboy-de-22-anos-e-morto-por-policiais-em-ocorrencia-em-sp-agentes-apontam-confronto\/#breadcrumb\",\"itemListElement\":[{\"@type\":\"ListItem\",\"position\":1,\"name\":\"In\u00edcio\",\"item\":\"https:\/\/brasilnoticias.org\/site\/\"},{\"@type\":\"ListItem\",\"position\":2,\"name\":\"Motoboy de 22 anos \u00e9 morto por policiais em ocorr\u00eancia em SP; agentes apontam confronto\"}]},{\"@type\":\"WebSite\",\"@id\":\"https:\/\/brasilnoticias.org\/site\/#website\",\"url\":\"https:\/\/brasilnoticias.org\/site\/\",\"name\":\"Brasil not\u00edcias\",\"description\":\"Brasil not\u00edcias\",\"publisher\":{\"@id\":\"https:\/\/brasilnoticias.org\/site\/#organization\"},\"potentialAction\":[{\"@type\":\"SearchAction\",\"target\":{\"@type\":\"EntryPoint\",\"urlTemplate\":\"https:\/\/brasilnoticias.org\/site\/?s={search_term_string}\"},\"query-input\":{\"@type\":\"PropertyValueSpecification\",\"valueRequired\":true,\"valueName\":\"search_term_string\"}}],\"inLanguage\":\"pt-PT\"},{\"@type\":\"Organization\",\"@id\":\"https:\/\/brasilnoticias.org\/site\/#organization\",\"name\":\"Brasil not\u00edcias\",\"url\":\"https:\/\/brasilnoticias.org\/site\/\",\"logo\":{\"@type\":\"ImageObject\",\"inLanguage\":\"pt-PT\",\"@id\":\"https:\/\/brasilnoticias.org\/site\/#\/schema\/logo\/image\/\",\"url\":\"https:\/\/brasilnoticias.org\/site\/wp-content\/uploads\/2022\/05\/cropped-brasilnoticias-mini.jpg\",\"contentUrl\":\"https:\/\/brasilnoticias.org\/site\/wp-content\/uploads\/2022\/05\/cropped-brasilnoticias-mini.jpg\",\"width\":314,\"height\":86,\"caption\":\"Brasil not\u00edcias\"},\"image\":{\"@id\":\"https:\/\/brasilnoticias.org\/site\/#\/schema\/logo\/image\/\"}},{\"@type\":\"Person\",\"@id\":\"https:\/\/brasilnoticias.org\/site\/#\/schema\/person\/a0e05b973ec4d15c658d51911e53507b\",\"name\":\"Reda\u00e7\u00e3o\",\"image\":{\"@type\":\"ImageObject\",\"inLanguage\":\"pt-PT\",\"@id\":\"https:\/\/brasilnoticias.org\/site\/#\/schema\/person\/image\/\",\"url\":\"https:\/\/secure.gravatar.com\/avatar\/75d8b050df2de108b08ae78dfb8e374892df24a383c67db9c46a9c604f6aee9c?s=96&d=mm&r=g\",\"contentUrl\":\"https:\/\/secure.gravatar.com\/avatar\/75d8b050df2de108b08ae78dfb8e374892df24a383c67db9c46a9c604f6aee9c?s=96&d=mm&r=g\",\"caption\":\"Reda\u00e7\u00e3o\"},\"sameAs\":[\"https:\/\/brasilnoticias.org\/site\"],\"url\":\"https:\/\/brasilnoticias.org\/site\/author\/fernandozsngmail-com\/\"}]}<\/script>\n<!-- \/ Yoast SEO plugin. -->","yoast_head_json":{"title":"Motoboy de 22 anos \u00e9 morto por policiais em ocorr\u00eancia em SP; agentes apontam confronto - Brasil not\u00edcias","robots":{"index":"index","follow":"follow","max-snippet":"max-snippet:-1","max-image-preview":"max-image-preview:large","max-video-preview":"max-video-preview:-1"},"canonical":"https:\/\/brasilnoticias.org\/site\/motoboy-de-22-anos-e-morto-por-policiais-em-ocorrencia-em-sp-agentes-apontam-confronto\/","og_locale":"pt_PT","og_type":"article","og_title":"Motoboy de 22 anos \u00e9 morto por policiais em ocorr\u00eancia em SP; agentes apontam confronto - Brasil not\u00edcias","og_description":"Um motoboy de 22 anos foi morto nesta quarta-feira, 15, ap\u00f3s abordagem de policiais militares na zona oeste de S\u00e3o","og_url":"https:\/\/brasilnoticias.org\/site\/motoboy-de-22-anos-e-morto-por-policiais-em-ocorrencia-em-sp-agentes-apontam-confronto\/","og_site_name":"Brasil not\u00edcias","article_published_time":"2023-02-17T09:25:24+00:00","og_image":[{"width":1920,"height":1080,"url":"https:\/\/brasilnoticias.org\/site\/wp-content\/uploads\/2023\/02\/naom_616860ec91efd.jpg","type":"image\/jpeg"}],"author":"Reda\u00e7\u00e3o","twitter_card":"summary_large_image","twitter_misc":{"Escrito por":"Reda\u00e7\u00e3o","Tempo estimado de leitura":"3 minutos"},"schema":{"@context":"https:\/\/schema.org","@graph":[{"@type":"Article","@id":"https:\/\/brasilnoticias.org\/site\/motoboy-de-22-anos-e-morto-por-policiais-em-ocorrencia-em-sp-agentes-apontam-confronto\/#article","isPartOf":{"@id":"https:\/\/brasilnoticias.org\/site\/motoboy-de-22-anos-e-morto-por-policiais-em-ocorrencia-em-sp-agentes-apontam-confronto\/"},"author":{"name":"Reda\u00e7\u00e3o","@id":"https:\/\/brasilnoticias.org\/site\/#\/schema\/person\/a0e05b973ec4d15c658d51911e53507b"},"headline":"Motoboy de 22 anos \u00e9 morto por policiais em ocorr\u00eancia em SP; agentes apontam confronto","datePublished":"2023-02-17T09:25:24+00:00","mainEntityOfPage":{"@id":"https:\/\/brasilnoticias.org\/site\/motoboy-de-22-anos-e-morto-por-policiais-em-ocorrencia-em-sp-agentes-apontam-confronto\/"},"wordCount":545,"commentCount":0,"publisher":{"@id":"https:\/\/brasilnoticias.org\/site\/#organization"},"image":{"@id":"https:\/\/brasilnoticias.org\/site\/motoboy-de-22-anos-e-morto-por-policiais-em-ocorrencia-em-sp-agentes-apontam-confronto\/#primaryimage"},"thumbnailUrl":"https:\/\/brasilnoticias.org\/site\/wp-content\/uploads\/2023\/02\/naom_616860ec91efd.jpg","articleSection":["Pol\u00edcia","\u00daltimas"],"inLanguage":"pt-PT","potentialAction":[{"@type":"CommentAction","name":"Comment","target":["https:\/\/brasilnoticias.org\/site\/motoboy-de-22-anos-e-morto-por-policiais-em-ocorrencia-em-sp-agentes-apontam-confronto\/#respond"]}]},{"@type":"WebPage","@id":"https:\/\/brasilnoticias.org\/site\/motoboy-de-22-anos-e-morto-por-policiais-em-ocorrencia-em-sp-agentes-apontam-confronto\/","url":"https:\/\/brasilnoticias.org\/site\/motoboy-de-22-anos-e-morto-por-policiais-em-ocorrencia-em-sp-agentes-apontam-confronto\/","name":"Motoboy de 22 anos \u00e9 morto por policiais em ocorr\u00eancia em SP; agentes apontam confronto - Brasil not\u00edcias","isPartOf":{"@id":"https:\/\/brasilnoticias.org\/site\/#website"},"primaryImageOfPage":{"@id":"https:\/\/brasilnoticias.org\/site\/motoboy-de-22-anos-e-morto-por-policiais-em-ocorrencia-em-sp-agentes-apontam-confronto\/#primaryimage"},"image":{"@id":"https:\/\/brasilnoticias.org\/site\/motoboy-de-22-anos-e-morto-por-policiais-em-ocorrencia-em-sp-agentes-apontam-confronto\/#primaryimage"},"thumbnailUrl":"https:\/\/brasilnoticias.org\/site\/wp-content\/uploads\/2023\/02\/naom_616860ec91efd.jpg","datePublished":"2023-02-17T09:25:24+00:00","breadcrumb":{"@id":"https:\/\/brasilnoticias.org\/site\/motoboy-de-22-anos-e-morto-por-policiais-em-ocorrencia-em-sp-agentes-apontam-confronto\/#breadcrumb"},"inLanguage":"pt-PT","potentialAction":[{"@type":"ReadAction","target":["https:\/\/brasilnoticias.org\/site\/motoboy-de-22-anos-e-morto-por-policiais-em-ocorrencia-em-sp-agentes-apontam-confronto\/"]}]},{"@type":"ImageObject","inLanguage":"pt-PT","@id":"https:\/\/brasilnoticias.org\/site\/motoboy-de-22-anos-e-morto-por-policiais-em-ocorrencia-em-sp-agentes-apontam-confronto\/#primaryimage","url":"https:\/\/brasilnoticias.org\/site\/wp-content\/uploads\/2023\/02\/naom_616860ec91efd.jpg","contentUrl":"https:\/\/brasilnoticias.org\/site\/wp-content\/uploads\/2023\/02\/naom_616860ec91efd.jpg","width":1920,"height":1080},{"@type":"BreadcrumbList","@id":"https:\/\/brasilnoticias.org\/site\/motoboy-de-22-anos-e-morto-por-policiais-em-ocorrencia-em-sp-agentes-apontam-confronto\/#breadcrumb","itemListElement":[{"@type":"ListItem","position":1,"name":"In\u00edcio","item":"https:\/\/brasilnoticias.org\/site\/"},{"@type":"ListItem","position":2,"name":"Motoboy de 22 anos \u00e9 morto por policiais em ocorr\u00eancia em SP; agentes apontam confronto"}]},{"@type":"WebSite","@id":"https:\/\/brasilnoticias.org\/site\/#website","url":"https:\/\/brasilnoticias.org\/site\/","name":"Brasil not\u00edcias","description":"Brasil not\u00edcias","publisher":{"@id":"https:\/\/brasilnoticias.org\/site\/#organization"},"potentialAction":[{"@type":"SearchAction","target":{"@type":"EntryPoint","urlTemplate":"https:\/\/brasilnoticias.org\/site\/?s={search_term_string}"},"query-input":{"@type":"PropertyValueSpecification","valueRequired":true,"valueName":"search_term_string"}}],"inLanguage":"pt-PT"},{"@type":"Organization","@id":"https:\/\/brasilnoticias.org\/site\/#organization","name":"Brasil not\u00edcias","url":"https:\/\/brasilnoticias.org\/site\/","logo":{"@type":"ImageObject","inLanguage":"pt-PT","@id":"https:\/\/brasilnoticias.org\/site\/#\/schema\/logo\/image\/","url":"https:\/\/brasilnoticias.org\/site\/wp-content\/uploads\/2022\/05\/cropped-brasilnoticias-mini.jpg","contentUrl":"https:\/\/brasilnoticias.org\/site\/wp-content\/uploads\/2022\/05\/cropped-brasilnoticias-mini.jpg","width":314,"height":86,"caption":"Brasil not\u00edcias"},"image":{"@id":"https:\/\/brasilnoticias.org\/site\/#\/schema\/logo\/image\/"}},{"@type":"Person","@id":"https:\/\/brasilnoticias.org\/site\/#\/schema\/person\/a0e05b973ec4d15c658d51911e53507b","name":"Reda\u00e7\u00e3o","image":{"@type":"ImageObject","inLanguage":"pt-PT","@id":"https:\/\/brasilnoticias.org\/site\/#\/schema\/person\/image\/","url":"https:\/\/secure.gravatar.com\/avatar\/75d8b050df2de108b08ae78dfb8e374892df24a383c67db9c46a9c604f6aee9c?s=96&d=mm&r=g","contentUrl":"https:\/\/secure.gravatar.com\/avatar\/75d8b050df2de108b08ae78dfb8e374892df24a383c67db9c46a9c604f6aee9c?s=96&d=mm&r=g","caption":"Reda\u00e7\u00e3o"},"sameAs":["https:\/\/brasilnoticias.org\/site"],"url":"https:\/\/brasilnoticias.org\/site\/author\/fernandozsngmail-com\/"}]}},"_links":{"self":[{"href":"https:\/\/brasilnoticias.org\/site\/wp-json\/wp\/v2\/posts\/4043","targetHints":{"allow":["GET"]}}],"collection":[{"href":"https:\/\/brasilnoticias.org\/site\/wp-json\/wp\/v2\/posts"}],"about":[{"href":"https:\/\/brasilnoticias.org\/site\/wp-json\/wp\/v2\/types\/post"}],"author":[{"embeddable":true,"href":"https:\/\/brasilnoticias.org\/site\/wp-json\/wp\/v2\/users\/1"}],"replies":[{"embeddable":true,"href":"https:\/\/brasilnoticias.org\/site\/wp-json\/wp\/v2\/comments?post=4043"}],"version-history":[{"count":1,"href":"https:\/\/brasilnoticias.org\/site\/wp-json\/wp\/v2\/posts\/4043\/revisions"}],"predecessor-version":[{"id":4045,"href":"https:\/\/brasilnoticias.org\/site\/wp-json\/wp\/v2\/posts\/4043\/revisions\/4045"}],"wp:featuredmedia":[{"embeddable":true,"href":"https:\/\/brasilnoticias.org\/site\/wp-json\/wp\/v2\/media\/4044"}],"wp:attachment":[{"href":"https:\/\/brasilnoticias.org\/site\/wp-json\/wp\/v2\/media?parent=4043"}],"wp:term":[{"taxonomy":"category","embeddable":true,"href":"https:\/\/brasilnoticias.org\/site\/wp-json\/wp\/v2\/categories?post=4043"},{"taxonomy":"post_tag","embeddable":true,"href":"https:\/\/brasilnoticias.org\/site\/wp-json\/wp\/v2\/tags?post=4043"}],"curies":[{"name":"wp","href":"https:\/\/api.w.org\/{rel}","templated":true}]}}