{"id":4049,"date":"2023-02-17T12:07:01","date_gmt":"2023-02-17T15:07:01","guid":{"rendered":"https:\/\/brasilnoticias.org\/site\/?p=4049"},"modified":"2023-02-17T12:07:01","modified_gmt":"2023-02-17T15:07:01","slug":"capitao-alden-parabeniza-policia-militar-da-bahia-pelos-198-anos-de-criacao","status":"publish","type":"post","link":"https:\/\/brasilnoticias.org\/site\/capitao-alden-parabeniza-policia-militar-da-bahia-pelos-198-anos-de-criacao\/","title":{"rendered":"Capit\u00e3o Alden parabeniza Pol\u00edcia Militar da Bahia pelos 198 anos de cria\u00e7\u00e3o"},"content":{"rendered":"<div id=\"content\" class=\"clearfix\">\n<article id=\"post-3778\" class=\"post-3778 post type-post status-publish format-standard has-post-thumbnail hentry category-politica category-ultimas\">\n<div class=\"article-content clearfix\">\n<div class=\"entry-content clearfix\">\n<p>Celebrando os 198 anos da Pol\u00edcia Militar da Bahia, que \u00e9 comemorado nesta sexta-feira (17), o deputado federal Capit\u00e3o Alden (PL-BA), em v\u00eddeo publicado nas redes sociais, parabenizou os agentes de seguran\u00e7a p\u00fablica da categoria pela data hist\u00f3rica.<\/p>\n<p>Alden, que neste s\u00e1bado (18) completa 21 anos de servi\u00e7os prestados como policial militar, reafirmou a sua representa\u00e7\u00e3o no Congresso Nacional em defesa daqueles que chamou de \u201cguerreiros\u201d.<\/p>\n<p>\u201cA farda e o terreno mudaram, mas os valores n\u00e3o. Sou eternamente grato \u00e0 PMBA pela forma\u00e7\u00e3o do meu car\u00e1ter, dos meus valores e do cuidado com o pr\u00f3ximo. Somos os verdadeiros guardi\u00f5es da democracia, apesar das p\u00e9ssimas condi\u00e7\u00f5es de trabalho deste desgoverno que em todo tempo nos desvaloriza a categoria\u201d, disse o parlamentar, que lembrou que, como deputado estadual, apresentou diversos projetos voltados \u00e0 Seguran\u00e7a P\u00fablica.<\/p>\n<p>\u201cNa Assembleia Legislativa da Bahia apresentei mais de 200 projetos para o setor e direcionei mais de R$ 1,4 milh\u00e3o em emendas para col\u00e9gios militares, bem como R$ 1 milh\u00e3o em equipamentos para a PM, Bombeiros Militares, Guardas Civis Municipais e Pol\u00edcia Penal. No Congresso, pautas importantes para a categoria tamb\u00e9m ser\u00e3o defendidas por n\u00f3s\u201d, completou.<\/p>\n<\/div>\n<\/div>\n<\/article>\n<\/div>\n","protected":false},"excerpt":{"rendered":"<p>Celebrando os 198 anos da Pol\u00edcia Militar da Bahia, que \u00e9 comemorado nesta sexta-feira (17), o deputado federal Capit\u00e3o Alden<\/p>\n","protected":false},"author":1,"featured_media":4050,"comment_status":"open","ping_status":"open","sticky":false,"template":"","format":"standard","meta":{"colormag_page_container_layout":"default_layout","colormag_page_sidebar_layout":"default_layout","_FSMCFIC_featured_image_caption":"","_FSMCFIC_featured_image_nocaption":"","_FSMCFIC_featured_image_hide":"","footnotes":""},"categories":[5,1],"tags":[],"class_list":["post-4049","post","type-post","status-publish","format-standard","has-post-thumbnail","hentry","category-politica","category-ultimas"],"yoast_head":"<!-- This site is optimized with the Yoast SEO plugin v27.1.1 - https:\/\/yoast.com\/product\/yoast-seo-wordpress\/ -->\n<title>Capit\u00e3o Alden parabeniza Pol\u00edcia Militar da Bahia pelos 198 anos de cria\u00e7\u00e3o - Brasil not\u00edcias<\/title>\n<meta name=\"robots\" content=\"index, follow, max-snippet:-1, max-image-preview:large, max-video-preview:-1\" \/>\n<link rel=\"canonical\" href=\"https:\/\/brasilnoticias.org\/site\/capitao-alden-parabeniza-policia-militar-da-bahia-pelos-198-anos-de-criacao\/\" \/>\n<meta property=\"og:locale\" content=\"pt_PT\" \/>\n<meta property=\"og:type\" content=\"article\" \/>\n<meta property=\"og:title\" content=\"Capit\u00e3o Alden parabeniza Pol\u00edcia Militar da Bahia pelos 198 anos de cria\u00e7\u00e3o - Brasil not\u00edcias\" \/>\n<meta property=\"og:description\" content=\"Celebrando os 198 anos da Pol\u00edcia Militar da Bahia, que \u00e9 comemorado nesta sexta-feira (17), o deputado federal Capit\u00e3o Alden\" \/>\n<meta property=\"og:url\" content=\"https:\/\/brasilnoticias.org\/site\/capitao-alden-parabeniza-policia-militar-da-bahia-pelos-198-anos-de-criacao\/\" \/>\n<meta property=\"og:site_name\" content=\"Brasil not\u00edcias\" \/>\n<meta property=\"article:published_time\" content=\"2023-02-17T15:07:01+00:00\" \/>\n<meta property=\"og:image\" content=\"https:\/\/brasilnoticias.org\/site\/wp-content\/uploads\/2023\/02\/WhatsApp-Image-2023-02-17-at-10.03.18.jpeg\" \/>\n\t<meta property=\"og:image:width\" content=\"1024\" \/>\n\t<meta property=\"og:image:height\" content=\"875\" \/>\n\t<meta property=\"og:image:type\" content=\"image\/jpeg\" \/>\n<meta name=\"author\" content=\"Reda\u00e7\u00e3o\" \/>\n<meta name=\"twitter:card\" content=\"summary_large_image\" \/>\n<meta name=\"twitter:label1\" content=\"Escrito por\" \/>\n\t<meta name=\"twitter:data1\" content=\"Reda\u00e7\u00e3o\" \/>\n\t<meta name=\"twitter:label2\" content=\"Tempo estimado de leitura\" \/>\n\t<meta name=\"twitter:data2\" content=\"1 minuto\" \/>\n<script type=\"application\/ld+json\" class=\"yoast-schema-graph\">{\"@context\":\"https:\/\/schema.org\",\"@graph\":[{\"@type\":\"Article\",\"@id\":\"https:\/\/brasilnoticias.org\/site\/capitao-alden-parabeniza-policia-militar-da-bahia-pelos-198-anos-de-criacao\/#article\",\"isPartOf\":{\"@id\":\"https:\/\/brasilnoticias.org\/site\/capitao-alden-parabeniza-policia-militar-da-bahia-pelos-198-anos-de-criacao\/\"},\"author\":{\"name\":\"Reda\u00e7\u00e3o\",\"@id\":\"https:\/\/brasilnoticias.org\/site\/#\/schema\/person\/a0e05b973ec4d15c658d51911e53507b\"},\"headline\":\"Capit\u00e3o Alden parabeniza Pol\u00edcia Militar da Bahia pelos 198 anos de cria\u00e7\u00e3o\",\"datePublished\":\"2023-02-17T15:07:01+00:00\",\"mainEntityOfPage\":{\"@id\":\"https:\/\/brasilnoticias.org\/site\/capitao-alden-parabeniza-policia-militar-da-bahia-pelos-198-anos-de-criacao\/\"},\"wordCount\":218,\"commentCount\":0,\"publisher\":{\"@id\":\"https:\/\/brasilnoticias.org\/site\/#organization\"},\"image\":{\"@id\":\"https:\/\/brasilnoticias.org\/site\/capitao-alden-parabeniza-policia-militar-da-bahia-pelos-198-anos-de-criacao\/#primaryimage\"},\"thumbnailUrl\":\"https:\/\/brasilnoticias.org\/site\/wp-content\/uploads\/2023\/02\/WhatsApp-Image-2023-02-17-at-10.03.18.jpeg\",\"articleSection\":[\"Pol\u00edtica\",\"\u00daltimas\"],\"inLanguage\":\"pt-PT\",\"potentialAction\":[{\"@type\":\"CommentAction\",\"name\":\"Comment\",\"target\":[\"https:\/\/brasilnoticias.org\/site\/capitao-alden-parabeniza-policia-militar-da-bahia-pelos-198-anos-de-criacao\/#respond\"]}]},{\"@type\":\"WebPage\",\"@id\":\"https:\/\/brasilnoticias.org\/site\/capitao-alden-parabeniza-policia-militar-da-bahia-pelos-198-anos-de-criacao\/\",\"url\":\"https:\/\/brasilnoticias.org\/site\/capitao-alden-parabeniza-policia-militar-da-bahia-pelos-198-anos-de-criacao\/\",\"name\":\"Capit\u00e3o Alden parabeniza Pol\u00edcia Militar da Bahia pelos 198 anos de cria\u00e7\u00e3o - Brasil not\u00edcias\",\"isPartOf\":{\"@id\":\"https:\/\/brasilnoticias.org\/site\/#website\"},\"primaryImageOfPage\":{\"@id\":\"https:\/\/brasilnoticias.org\/site\/capitao-alden-parabeniza-policia-militar-da-bahia-pelos-198-anos-de-criacao\/#primaryimage\"},\"image\":{\"@id\":\"https:\/\/brasilnoticias.org\/site\/capitao-alden-parabeniza-policia-militar-da-bahia-pelos-198-anos-de-criacao\/#primaryimage\"},\"thumbnailUrl\":\"https:\/\/brasilnoticias.org\/site\/wp-content\/uploads\/2023\/02\/WhatsApp-Image-2023-02-17-at-10.03.18.jpeg\",\"datePublished\":\"2023-02-17T15:07:01+00:00\",\"breadcrumb\":{\"@id\":\"https:\/\/brasilnoticias.org\/site\/capitao-alden-parabeniza-policia-militar-da-bahia-pelos-198-anos-de-criacao\/#breadcrumb\"},\"inLanguage\":\"pt-PT\",\"potentialAction\":[{\"@type\":\"ReadAction\",\"target\":[\"https:\/\/brasilnoticias.org\/site\/capitao-alden-parabeniza-policia-militar-da-bahia-pelos-198-anos-de-criacao\/\"]}]},{\"@type\":\"ImageObject\",\"inLanguage\":\"pt-PT\",\"@id\":\"https:\/\/brasilnoticias.org\/site\/capitao-alden-parabeniza-policia-militar-da-bahia-pelos-198-anos-de-criacao\/#primaryimage\",\"url\":\"https:\/\/brasilnoticias.org\/site\/wp-content\/uploads\/2023\/02\/WhatsApp-Image-2023-02-17-at-10.03.18.jpeg\",\"contentUrl\":\"https:\/\/brasilnoticias.org\/site\/wp-content\/uploads\/2023\/02\/WhatsApp-Image-2023-02-17-at-10.03.18.jpeg\",\"width\":1024,\"height\":875},{\"@type\":\"BreadcrumbList\",\"@id\":\"https:\/\/brasilnoticias.org\/site\/capitao-alden-parabeniza-policia-militar-da-bahia-pelos-198-anos-de-criacao\/#breadcrumb\",\"itemListElement\":[{\"@type\":\"ListItem\",\"position\":1,\"name\":\"In\u00edcio\",\"item\":\"https:\/\/brasilnoticias.org\/site\/\"},{\"@type\":\"ListItem\",\"position\":2,\"name\":\"Capit\u00e3o Alden parabeniza Pol\u00edcia Militar da Bahia pelos 198 anos de cria\u00e7\u00e3o\"}]},{\"@type\":\"WebSite\",\"@id\":\"https:\/\/brasilnoticias.org\/site\/#website\",\"url\":\"https:\/\/brasilnoticias.org\/site\/\",\"name\":\"Brasil not\u00edcias\",\"description\":\"Brasil not\u00edcias\",\"publisher\":{\"@id\":\"https:\/\/brasilnoticias.org\/site\/#organization\"},\"potentialAction\":[{\"@type\":\"SearchAction\",\"target\":{\"@type\":\"EntryPoint\",\"urlTemplate\":\"https:\/\/brasilnoticias.org\/site\/?s={search_term_string}\"},\"query-input\":{\"@type\":\"PropertyValueSpecification\",\"valueRequired\":true,\"valueName\":\"search_term_string\"}}],\"inLanguage\":\"pt-PT\"},{\"@type\":\"Organization\",\"@id\":\"https:\/\/brasilnoticias.org\/site\/#organization\",\"name\":\"Brasil not\u00edcias\",\"url\":\"https:\/\/brasilnoticias.org\/site\/\",\"logo\":{\"@type\":\"ImageObject\",\"inLanguage\":\"pt-PT\",\"@id\":\"https:\/\/brasilnoticias.org\/site\/#\/schema\/logo\/image\/\",\"url\":\"https:\/\/brasilnoticias.org\/site\/wp-content\/uploads\/2022\/05\/cropped-brasilnoticias-mini.jpg\",\"contentUrl\":\"https:\/\/brasilnoticias.org\/site\/wp-content\/uploads\/2022\/05\/cropped-brasilnoticias-mini.jpg\",\"width\":314,\"height\":86,\"caption\":\"Brasil not\u00edcias\"},\"image\":{\"@id\":\"https:\/\/brasilnoticias.org\/site\/#\/schema\/logo\/image\/\"}},{\"@type\":\"Person\",\"@id\":\"https:\/\/brasilnoticias.org\/site\/#\/schema\/person\/a0e05b973ec4d15c658d51911e53507b\",\"name\":\"Reda\u00e7\u00e3o\",\"image\":{\"@type\":\"ImageObject\",\"inLanguage\":\"pt-PT\",\"@id\":\"https:\/\/brasilnoticias.org\/site\/#\/schema\/person\/image\/\",\"url\":\"https:\/\/secure.gravatar.com\/avatar\/75d8b050df2de108b08ae78dfb8e374892df24a383c67db9c46a9c604f6aee9c?s=96&d=mm&r=g\",\"contentUrl\":\"https:\/\/secure.gravatar.com\/avatar\/75d8b050df2de108b08ae78dfb8e374892df24a383c67db9c46a9c604f6aee9c?s=96&d=mm&r=g\",\"caption\":\"Reda\u00e7\u00e3o\"},\"sameAs\":[\"https:\/\/brasilnoticias.org\/site\"],\"url\":\"https:\/\/brasilnoticias.org\/site\/author\/fernandozsngmail-com\/\"}]}<\/script>\n<!-- \/ Yoast SEO plugin. -->","yoast_head_json":{"title":"Capit\u00e3o Alden parabeniza Pol\u00edcia Militar da Bahia pelos 198 anos de cria\u00e7\u00e3o - Brasil not\u00edcias","robots":{"index":"index","follow":"follow","max-snippet":"max-snippet:-1","max-image-preview":"max-image-preview:large","max-video-preview":"max-video-preview:-1"},"canonical":"https:\/\/brasilnoticias.org\/site\/capitao-alden-parabeniza-policia-militar-da-bahia-pelos-198-anos-de-criacao\/","og_locale":"pt_PT","og_type":"article","og_title":"Capit\u00e3o Alden parabeniza Pol\u00edcia Militar da Bahia pelos 198 anos de cria\u00e7\u00e3o - Brasil not\u00edcias","og_description":"Celebrando os 198 anos da Pol\u00edcia Militar da Bahia, que \u00e9 comemorado nesta sexta-feira (17), o deputado federal Capit\u00e3o Alden","og_url":"https:\/\/brasilnoticias.org\/site\/capitao-alden-parabeniza-policia-militar-da-bahia-pelos-198-anos-de-criacao\/","og_site_name":"Brasil not\u00edcias","article_published_time":"2023-02-17T15:07:01+00:00","og_image":[{"width":1024,"height":875,"url":"https:\/\/brasilnoticias.org\/site\/wp-content\/uploads\/2023\/02\/WhatsApp-Image-2023-02-17-at-10.03.18.jpeg","type":"image\/jpeg"}],"author":"Reda\u00e7\u00e3o","twitter_card":"summary_large_image","twitter_misc":{"Escrito por":"Reda\u00e7\u00e3o","Tempo estimado de leitura":"1 minuto"},"schema":{"@context":"https:\/\/schema.org","@graph":[{"@type":"Article","@id":"https:\/\/brasilnoticias.org\/site\/capitao-alden-parabeniza-policia-militar-da-bahia-pelos-198-anos-de-criacao\/#article","isPartOf":{"@id":"https:\/\/brasilnoticias.org\/site\/capitao-alden-parabeniza-policia-militar-da-bahia-pelos-198-anos-de-criacao\/"},"author":{"name":"Reda\u00e7\u00e3o","@id":"https:\/\/brasilnoticias.org\/site\/#\/schema\/person\/a0e05b973ec4d15c658d51911e53507b"},"headline":"Capit\u00e3o Alden parabeniza Pol\u00edcia Militar da Bahia pelos 198 anos de cria\u00e7\u00e3o","datePublished":"2023-02-17T15:07:01+00:00","mainEntityOfPage":{"@id":"https:\/\/brasilnoticias.org\/site\/capitao-alden-parabeniza-policia-militar-da-bahia-pelos-198-anos-de-criacao\/"},"wordCount":218,"commentCount":0,"publisher":{"@id":"https:\/\/brasilnoticias.org\/site\/#organization"},"image":{"@id":"https:\/\/brasilnoticias.org\/site\/capitao-alden-parabeniza-policia-militar-da-bahia-pelos-198-anos-de-criacao\/#primaryimage"},"thumbnailUrl":"https:\/\/brasilnoticias.org\/site\/wp-content\/uploads\/2023\/02\/WhatsApp-Image-2023-02-17-at-10.03.18.jpeg","articleSection":["Pol\u00edtica","\u00daltimas"],"inLanguage":"pt-PT","potentialAction":[{"@type":"CommentAction","name":"Comment","target":["https:\/\/brasilnoticias.org\/site\/capitao-alden-parabeniza-policia-militar-da-bahia-pelos-198-anos-de-criacao\/#respond"]}]},{"@type":"WebPage","@id":"https:\/\/brasilnoticias.org\/site\/capitao-alden-parabeniza-policia-militar-da-bahia-pelos-198-anos-de-criacao\/","url":"https:\/\/brasilnoticias.org\/site\/capitao-alden-parabeniza-policia-militar-da-bahia-pelos-198-anos-de-criacao\/","name":"Capit\u00e3o Alden parabeniza Pol\u00edcia Militar da Bahia pelos 198 anos de cria\u00e7\u00e3o - Brasil not\u00edcias","isPartOf":{"@id":"https:\/\/brasilnoticias.org\/site\/#website"},"primaryImageOfPage":{"@id":"https:\/\/brasilnoticias.org\/site\/capitao-alden-parabeniza-policia-militar-da-bahia-pelos-198-anos-de-criacao\/#primaryimage"},"image":{"@id":"https:\/\/brasilnoticias.org\/site\/capitao-alden-parabeniza-policia-militar-da-bahia-pelos-198-anos-de-criacao\/#primaryimage"},"thumbnailUrl":"https:\/\/brasilnoticias.org\/site\/wp-content\/uploads\/2023\/02\/WhatsApp-Image-2023-02-17-at-10.03.18.jpeg","datePublished":"2023-02-17T15:07:01+00:00","breadcrumb":{"@id":"https:\/\/brasilnoticias.org\/site\/capitao-alden-parabeniza-policia-militar-da-bahia-pelos-198-anos-de-criacao\/#breadcrumb"},"inLanguage":"pt-PT","potentialAction":[{"@type":"ReadAction","target":["https:\/\/brasilnoticias.org\/site\/capitao-alden-parabeniza-policia-militar-da-bahia-pelos-198-anos-de-criacao\/"]}]},{"@type":"ImageObject","inLanguage":"pt-PT","@id":"https:\/\/brasilnoticias.org\/site\/capitao-alden-parabeniza-policia-militar-da-bahia-pelos-198-anos-de-criacao\/#primaryimage","url":"https:\/\/brasilnoticias.org\/site\/wp-content\/uploads\/2023\/02\/WhatsApp-Image-2023-02-17-at-10.03.18.jpeg","contentUrl":"https:\/\/brasilnoticias.org\/site\/wp-content\/uploads\/2023\/02\/WhatsApp-Image-2023-02-17-at-10.03.18.jpeg","width":1024,"height":875},{"@type":"BreadcrumbList","@id":"https:\/\/brasilnoticias.org\/site\/capitao-alden-parabeniza-policia-militar-da-bahia-pelos-198-anos-de-criacao\/#breadcrumb","itemListElement":[{"@type":"ListItem","position":1,"name":"In\u00edcio","item":"https:\/\/brasilnoticias.org\/site\/"},{"@type":"ListItem","position":2,"name":"Capit\u00e3o Alden parabeniza Pol\u00edcia Militar da Bahia pelos 198 anos de cria\u00e7\u00e3o"}]},{"@type":"WebSite","@id":"https:\/\/brasilnoticias.org\/site\/#website","url":"https:\/\/brasilnoticias.org\/site\/","name":"Brasil not\u00edcias","description":"Brasil not\u00edcias","publisher":{"@id":"https:\/\/brasilnoticias.org\/site\/#organization"},"potentialAction":[{"@type":"SearchAction","target":{"@type":"EntryPoint","urlTemplate":"https:\/\/brasilnoticias.org\/site\/?s={search_term_string}"},"query-input":{"@type":"PropertyValueSpecification","valueRequired":true,"valueName":"search_term_string"}}],"inLanguage":"pt-PT"},{"@type":"Organization","@id":"https:\/\/brasilnoticias.org\/site\/#organization","name":"Brasil not\u00edcias","url":"https:\/\/brasilnoticias.org\/site\/","logo":{"@type":"ImageObject","inLanguage":"pt-PT","@id":"https:\/\/brasilnoticias.org\/site\/#\/schema\/logo\/image\/","url":"https:\/\/brasilnoticias.org\/site\/wp-content\/uploads\/2022\/05\/cropped-brasilnoticias-mini.jpg","contentUrl":"https:\/\/brasilnoticias.org\/site\/wp-content\/uploads\/2022\/05\/cropped-brasilnoticias-mini.jpg","width":314,"height":86,"caption":"Brasil not\u00edcias"},"image":{"@id":"https:\/\/brasilnoticias.org\/site\/#\/schema\/logo\/image\/"}},{"@type":"Person","@id":"https:\/\/brasilnoticias.org\/site\/#\/schema\/person\/a0e05b973ec4d15c658d51911e53507b","name":"Reda\u00e7\u00e3o","image":{"@type":"ImageObject","inLanguage":"pt-PT","@id":"https:\/\/brasilnoticias.org\/site\/#\/schema\/person\/image\/","url":"https:\/\/secure.gravatar.com\/avatar\/75d8b050df2de108b08ae78dfb8e374892df24a383c67db9c46a9c604f6aee9c?s=96&d=mm&r=g","contentUrl":"https:\/\/secure.gravatar.com\/avatar\/75d8b050df2de108b08ae78dfb8e374892df24a383c67db9c46a9c604f6aee9c?s=96&d=mm&r=g","caption":"Reda\u00e7\u00e3o"},"sameAs":["https:\/\/brasilnoticias.org\/site"],"url":"https:\/\/brasilnoticias.org\/site\/author\/fernandozsngmail-com\/"}]}},"_links":{"self":[{"href":"https:\/\/brasilnoticias.org\/site\/wp-json\/wp\/v2\/posts\/4049","targetHints":{"allow":["GET"]}}],"collection":[{"href":"https:\/\/brasilnoticias.org\/site\/wp-json\/wp\/v2\/posts"}],"about":[{"href":"https:\/\/brasilnoticias.org\/site\/wp-json\/wp\/v2\/types\/post"}],"author":[{"embeddable":true,"href":"https:\/\/brasilnoticias.org\/site\/wp-json\/wp\/v2\/users\/1"}],"replies":[{"embeddable":true,"href":"https:\/\/brasilnoticias.org\/site\/wp-json\/wp\/v2\/comments?post=4049"}],"version-history":[{"count":1,"href":"https:\/\/brasilnoticias.org\/site\/wp-json\/wp\/v2\/posts\/4049\/revisions"}],"predecessor-version":[{"id":4051,"href":"https:\/\/brasilnoticias.org\/site\/wp-json\/wp\/v2\/posts\/4049\/revisions\/4051"}],"wp:featuredmedia":[{"embeddable":true,"href":"https:\/\/brasilnoticias.org\/site\/wp-json\/wp\/v2\/media\/4050"}],"wp:attachment":[{"href":"https:\/\/brasilnoticias.org\/site\/wp-json\/wp\/v2\/media?parent=4049"}],"wp:term":[{"taxonomy":"category","embeddable":true,"href":"https:\/\/brasilnoticias.org\/site\/wp-json\/wp\/v2\/categories?post=4049"},{"taxonomy":"post_tag","embeddable":true,"href":"https:\/\/brasilnoticias.org\/site\/wp-json\/wp\/v2\/tags?post=4049"}],"curies":[{"name":"wp","href":"https:\/\/api.w.org\/{rel}","templated":true}]}}