{"id":4055,"date":"2023-02-17T18:24:29","date_gmt":"2023-02-17T21:24:29","guid":{"rendered":"https:\/\/brasilnoticias.org\/site\/?p=4055"},"modified":"2023-02-17T18:24:29","modified_gmt":"2023-02-17T21:24:29","slug":"criancas-brasileiras-estao-entre-passageiros-de-onibus-com-migrantes-que-caiu-no-panama","status":"publish","type":"post","link":"https:\/\/brasilnoticias.org\/site\/criancas-brasileiras-estao-entre-passageiros-de-onibus-com-migrantes-que-caiu-no-panama\/","title":{"rendered":"Crian\u00e7as brasileiras est\u00e3o entre passageiros de \u00f4nibus com migrantes que caiu no Panam\u00e1"},"content":{"rendered":"<p>Seis crian\u00e7as brasileiras estavam entre os passageiros de um \u00f4nibus que sofreu um acidente no Panam\u00e1 na \u00faltima quarta-feira (15) ao transportar mais de 60 imigrantes que haviam cruzado o estreito de Dari\u00e9n, perigosa rota na fronteira com a Col\u00f4mbia<\/p>\n<p>&nbsp;<\/p>\n<div class=\"row news-main-text-container\">\n<div class=\"col-lg-12 col-md-12 col-sm-12 col-xs-12\">\n<div class=\"news-main-text\">\n<p>A informa\u00e7\u00e3o foi fornecida pelo governo panamenho. Procurado, o Itamaraty disse que acompanha o caso no local e que, at\u00e9 o momento, n\u00e3o h\u00e1 confirma\u00e7\u00e3o de morte de alguma das crian\u00e7as.<\/p>\n<p>Cerca de 40 pessoas morreram no acidente, que ocorreu na prov\u00edncia de Chiriqu\u00ed, a caminho da fronteira com a Costa Rica. O destino final dos migrantes, que pertenciam, al\u00e9m do Brasil, a pa\u00edses como Equador (22), Haiti (16) e Venezuela (11), era os Estados Unidos.<\/p>\n<p>O governo local ainda n\u00e3o reportou informa\u00e7\u00f5es de mortos por nacionalidade e disse que levar\u00e1 algum tempo para faz\u00ea-lo, uma vez que precisar\u00e1 de informa\u00e7\u00f5es dos pa\u00edses de origem e que muitos dos levados para hospitais ainda est\u00e3o inconscientes. O acidente \u00e9 considerado um dos piores da hist\u00f3ria do pa\u00eds.<\/p>\n<p>Segundo comunicado oficial divulgado nesta quinta-feira (16), dez menores de idade foram levados para hospitais, sendo que tr\u00eas est\u00e3o em estado cr\u00edtico e sete est\u00e1veis, al\u00e9m de 22 adultos.<\/p>\n<p>Alguns dos corpos das v\u00edtimas foram armazenados em um caminh\u00e3o frigor\u00edfico devido \u00e0 falta de capacidade do necrot\u00e9rio.<\/p>\n<p>O ve\u00edculo sofreu o acidente ao perder o controle em uma curva e bater em uma pedra e em outro ve\u00edculo ap\u00f3s cerca de 14 horas de viagem.<\/p>\n<p>O estreito de Dari\u00e9n, por onde os migrantes haviam passado, consiste em uma grande bacia hidrogr\u00e1fica entre a prov\u00edncia de mesmo nome, no Panam\u00e1, e Choc\u00f3, na Col\u00f4mbia.<\/p>\n<p>A regi\u00e3o \u00e9 in\u00f3spita e usada por paramilitares e traficantes de droga, al\u00e9m de quadrilhas que costumam abandonar, roubar e abusar sexualmente de milhares de migrantes que tentam cruzar uma dist\u00e2ncia de aproximadamente 50 km dentro da mata virgem.<\/p>\n<p>O fluxo migrat\u00f3rio na regi\u00e3o tem aumentado. De janeiro a novembro do \u00faltimo ano, segundo o setor de migra\u00e7\u00f5es panamenho, 228 mil migrantes cruzaram o estreito, cifra que representa pouco menos que o dobro em rela\u00e7\u00e3o ao mesmo per\u00edodo do ano anterior -126 mil.<\/p>\n<p>Venezuelanos lideram o fluxo, com 149 mil no \u00faltimo per\u00edodo, seguidos por equatorianos, com 21,5 mil. Brasileiros foram a s\u00e9tima principal nacionalidade, com 2.614 migrantes.<\/p>\n<\/div>\n<p>Getty<\/p>\n<\/div>\n<\/div>\n<div class=\"row news-social-bottom\">\n<div class=\"col-lg-12 col-md-12 col-sm-12 col-xs-12\">\n<div class=\"center-block\">\n<div class=\"fb-like fb_iframe_widget\" data-href=\"https:\/\/www.noticiasaominuto.com.br\/mundo\/1992654\/criancas-brasileiras-estao-entre-passageiros-de-onibus-com-migrantes-que-caiu-no-panama?utm_medium=social&amp;utm_source=facebook.com&amp;utm_campaign=buffer\" data-layout=\"box_count\" data-action=\"like\" data-size=\"small\" data-show-faces=\"true\" data-share=\"false\">Not\u00edcias ao minuto<\/div>\n<\/div>\n<\/div>\n<\/div>\n","protected":false},"excerpt":{"rendered":"<p>Seis crian\u00e7as brasileiras estavam entre os passageiros de um \u00f4nibus que sofreu um acidente no Panam\u00e1 na \u00faltima quarta-feira (15)<\/p>\n","protected":false},"author":1,"featured_media":4056,"comment_status":"open","ping_status":"open","sticky":false,"template":"","format":"standard","meta":{"colormag_page_container_layout":"default_layout","colormag_page_sidebar_layout":"default_layout","_FSMCFIC_featured_image_caption":"","_FSMCFIC_featured_image_nocaption":"","_FSMCFIC_featured_image_hide":"","footnotes":""},"categories":[2,1],"tags":[],"class_list":["post-4055","post","type-post","status-publish","format-standard","has-post-thumbnail","hentry","category-noticias","category-ultimas"],"yoast_head":"<!-- This site is optimized with the Yoast SEO plugin v27.1.1 - https:\/\/yoast.com\/product\/yoast-seo-wordpress\/ -->\n<title>Crian\u00e7as brasileiras est\u00e3o entre passageiros de \u00f4nibus com migrantes que caiu no Panam\u00e1 - Brasil not\u00edcias<\/title>\n<meta name=\"robots\" content=\"index, follow, max-snippet:-1, max-image-preview:large, max-video-preview:-1\" \/>\n<link rel=\"canonical\" href=\"https:\/\/brasilnoticias.org\/site\/criancas-brasileiras-estao-entre-passageiros-de-onibus-com-migrantes-que-caiu-no-panama\/\" \/>\n<meta property=\"og:locale\" content=\"pt_PT\" \/>\n<meta property=\"og:type\" content=\"article\" \/>\n<meta property=\"og:title\" content=\"Crian\u00e7as brasileiras est\u00e3o entre passageiros de \u00f4nibus com migrantes que caiu no Panam\u00e1 - Brasil not\u00edcias\" \/>\n<meta property=\"og:description\" content=\"Seis crian\u00e7as brasileiras estavam entre os passageiros de um \u00f4nibus que sofreu um acidente no Panam\u00e1 na \u00faltima quarta-feira (15)\" \/>\n<meta property=\"og:url\" content=\"https:\/\/brasilnoticias.org\/site\/criancas-brasileiras-estao-entre-passageiros-de-onibus-com-migrantes-que-caiu-no-panama\/\" \/>\n<meta property=\"og:site_name\" content=\"Brasil not\u00edcias\" \/>\n<meta property=\"article:published_time\" content=\"2023-02-17T21:24:29+00:00\" \/>\n<meta property=\"og:image\" content=\"https:\/\/brasilnoticias.org\/site\/wp-content\/uploads\/2023\/02\/naom_63efbcfbc8509.jpg\" \/>\n\t<meta property=\"og:image:width\" content=\"960\" \/>\n\t<meta property=\"og:image:height\" content=\"540\" \/>\n\t<meta property=\"og:image:type\" content=\"image\/jpeg\" \/>\n<meta name=\"author\" content=\"Reda\u00e7\u00e3o\" \/>\n<meta name=\"twitter:card\" content=\"summary_large_image\" \/>\n<meta name=\"twitter:label1\" content=\"Escrito por\" \/>\n\t<meta name=\"twitter:data1\" content=\"Reda\u00e7\u00e3o\" \/>\n\t<meta name=\"twitter:label2\" content=\"Tempo estimado de leitura\" \/>\n\t<meta name=\"twitter:data2\" content=\"3 minutos\" \/>\n<script type=\"application\/ld+json\" class=\"yoast-schema-graph\">{\"@context\":\"https:\/\/schema.org\",\"@graph\":[{\"@type\":\"Article\",\"@id\":\"https:\/\/brasilnoticias.org\/site\/criancas-brasileiras-estao-entre-passageiros-de-onibus-com-migrantes-que-caiu-no-panama\/#article\",\"isPartOf\":{\"@id\":\"https:\/\/brasilnoticias.org\/site\/criancas-brasileiras-estao-entre-passageiros-de-onibus-com-migrantes-que-caiu-no-panama\/\"},\"author\":{\"name\":\"Reda\u00e7\u00e3o\",\"@id\":\"https:\/\/brasilnoticias.org\/site\/#\/schema\/person\/a0e05b973ec4d15c658d51911e53507b\"},\"headline\":\"Crian\u00e7as brasileiras est\u00e3o entre passageiros de \u00f4nibus com migrantes que caiu no Panam\u00e1\",\"datePublished\":\"2023-02-17T21:24:29+00:00\",\"mainEntityOfPage\":{\"@id\":\"https:\/\/brasilnoticias.org\/site\/criancas-brasileiras-estao-entre-passageiros-de-onibus-com-migrantes-que-caiu-no-panama\/\"},\"wordCount\":426,\"commentCount\":0,\"publisher\":{\"@id\":\"https:\/\/brasilnoticias.org\/site\/#organization\"},\"image\":{\"@id\":\"https:\/\/brasilnoticias.org\/site\/criancas-brasileiras-estao-entre-passageiros-de-onibus-com-migrantes-que-caiu-no-panama\/#primaryimage\"},\"thumbnailUrl\":\"https:\/\/brasilnoticias.org\/site\/wp-content\/uploads\/2023\/02\/naom_63efbcfbc8509.jpg\",\"articleSection\":[\"Not\u00edcias\",\"\u00daltimas\"],\"inLanguage\":\"pt-PT\",\"potentialAction\":[{\"@type\":\"CommentAction\",\"name\":\"Comment\",\"target\":[\"https:\/\/brasilnoticias.org\/site\/criancas-brasileiras-estao-entre-passageiros-de-onibus-com-migrantes-que-caiu-no-panama\/#respond\"]}]},{\"@type\":\"WebPage\",\"@id\":\"https:\/\/brasilnoticias.org\/site\/criancas-brasileiras-estao-entre-passageiros-de-onibus-com-migrantes-que-caiu-no-panama\/\",\"url\":\"https:\/\/brasilnoticias.org\/site\/criancas-brasileiras-estao-entre-passageiros-de-onibus-com-migrantes-que-caiu-no-panama\/\",\"name\":\"Crian\u00e7as brasileiras est\u00e3o entre passageiros de \u00f4nibus com migrantes que caiu no Panam\u00e1 - Brasil not\u00edcias\",\"isPartOf\":{\"@id\":\"https:\/\/brasilnoticias.org\/site\/#website\"},\"primaryImageOfPage\":{\"@id\":\"https:\/\/brasilnoticias.org\/site\/criancas-brasileiras-estao-entre-passageiros-de-onibus-com-migrantes-que-caiu-no-panama\/#primaryimage\"},\"image\":{\"@id\":\"https:\/\/brasilnoticias.org\/site\/criancas-brasileiras-estao-entre-passageiros-de-onibus-com-migrantes-que-caiu-no-panama\/#primaryimage\"},\"thumbnailUrl\":\"https:\/\/brasilnoticias.org\/site\/wp-content\/uploads\/2023\/02\/naom_63efbcfbc8509.jpg\",\"datePublished\":\"2023-02-17T21:24:29+00:00\",\"breadcrumb\":{\"@id\":\"https:\/\/brasilnoticias.org\/site\/criancas-brasileiras-estao-entre-passageiros-de-onibus-com-migrantes-que-caiu-no-panama\/#breadcrumb\"},\"inLanguage\":\"pt-PT\",\"potentialAction\":[{\"@type\":\"ReadAction\",\"target\":[\"https:\/\/brasilnoticias.org\/site\/criancas-brasileiras-estao-entre-passageiros-de-onibus-com-migrantes-que-caiu-no-panama\/\"]}]},{\"@type\":\"ImageObject\",\"inLanguage\":\"pt-PT\",\"@id\":\"https:\/\/brasilnoticias.org\/site\/criancas-brasileiras-estao-entre-passageiros-de-onibus-com-migrantes-que-caiu-no-panama\/#primaryimage\",\"url\":\"https:\/\/brasilnoticias.org\/site\/wp-content\/uploads\/2023\/02\/naom_63efbcfbc8509.jpg\",\"contentUrl\":\"https:\/\/brasilnoticias.org\/site\/wp-content\/uploads\/2023\/02\/naom_63efbcfbc8509.jpg\",\"width\":960,\"height\":540},{\"@type\":\"BreadcrumbList\",\"@id\":\"https:\/\/brasilnoticias.org\/site\/criancas-brasileiras-estao-entre-passageiros-de-onibus-com-migrantes-que-caiu-no-panama\/#breadcrumb\",\"itemListElement\":[{\"@type\":\"ListItem\",\"position\":1,\"name\":\"In\u00edcio\",\"item\":\"https:\/\/brasilnoticias.org\/site\/\"},{\"@type\":\"ListItem\",\"position\":2,\"name\":\"Crian\u00e7as brasileiras est\u00e3o entre passageiros de \u00f4nibus com migrantes que caiu no Panam\u00e1\"}]},{\"@type\":\"WebSite\",\"@id\":\"https:\/\/brasilnoticias.org\/site\/#website\",\"url\":\"https:\/\/brasilnoticias.org\/site\/\",\"name\":\"Brasil not\u00edcias\",\"description\":\"Brasil not\u00edcias\",\"publisher\":{\"@id\":\"https:\/\/brasilnoticias.org\/site\/#organization\"},\"potentialAction\":[{\"@type\":\"SearchAction\",\"target\":{\"@type\":\"EntryPoint\",\"urlTemplate\":\"https:\/\/brasilnoticias.org\/site\/?s={search_term_string}\"},\"query-input\":{\"@type\":\"PropertyValueSpecification\",\"valueRequired\":true,\"valueName\":\"search_term_string\"}}],\"inLanguage\":\"pt-PT\"},{\"@type\":\"Organization\",\"@id\":\"https:\/\/brasilnoticias.org\/site\/#organization\",\"name\":\"Brasil not\u00edcias\",\"url\":\"https:\/\/brasilnoticias.org\/site\/\",\"logo\":{\"@type\":\"ImageObject\",\"inLanguage\":\"pt-PT\",\"@id\":\"https:\/\/brasilnoticias.org\/site\/#\/schema\/logo\/image\/\",\"url\":\"https:\/\/brasilnoticias.org\/site\/wp-content\/uploads\/2022\/05\/cropped-brasilnoticias-mini.jpg\",\"contentUrl\":\"https:\/\/brasilnoticias.org\/site\/wp-content\/uploads\/2022\/05\/cropped-brasilnoticias-mini.jpg\",\"width\":314,\"height\":86,\"caption\":\"Brasil not\u00edcias\"},\"image\":{\"@id\":\"https:\/\/brasilnoticias.org\/site\/#\/schema\/logo\/image\/\"}},{\"@type\":\"Person\",\"@id\":\"https:\/\/brasilnoticias.org\/site\/#\/schema\/person\/a0e05b973ec4d15c658d51911e53507b\",\"name\":\"Reda\u00e7\u00e3o\",\"image\":{\"@type\":\"ImageObject\",\"inLanguage\":\"pt-PT\",\"@id\":\"https:\/\/brasilnoticias.org\/site\/#\/schema\/person\/image\/\",\"url\":\"https:\/\/secure.gravatar.com\/avatar\/75d8b050df2de108b08ae78dfb8e374892df24a383c67db9c46a9c604f6aee9c?s=96&d=mm&r=g\",\"contentUrl\":\"https:\/\/secure.gravatar.com\/avatar\/75d8b050df2de108b08ae78dfb8e374892df24a383c67db9c46a9c604f6aee9c?s=96&d=mm&r=g\",\"caption\":\"Reda\u00e7\u00e3o\"},\"sameAs\":[\"https:\/\/brasilnoticias.org\/site\"],\"url\":\"https:\/\/brasilnoticias.org\/site\/author\/fernandozsngmail-com\/\"}]}<\/script>\n<!-- \/ Yoast SEO plugin. -->","yoast_head_json":{"title":"Crian\u00e7as brasileiras est\u00e3o entre passageiros de \u00f4nibus com migrantes que caiu no Panam\u00e1 - Brasil not\u00edcias","robots":{"index":"index","follow":"follow","max-snippet":"max-snippet:-1","max-image-preview":"max-image-preview:large","max-video-preview":"max-video-preview:-1"},"canonical":"https:\/\/brasilnoticias.org\/site\/criancas-brasileiras-estao-entre-passageiros-de-onibus-com-migrantes-que-caiu-no-panama\/","og_locale":"pt_PT","og_type":"article","og_title":"Crian\u00e7as brasileiras est\u00e3o entre passageiros de \u00f4nibus com migrantes que caiu no Panam\u00e1 - Brasil not\u00edcias","og_description":"Seis crian\u00e7as brasileiras estavam entre os passageiros de um \u00f4nibus que sofreu um acidente no Panam\u00e1 na \u00faltima quarta-feira (15)","og_url":"https:\/\/brasilnoticias.org\/site\/criancas-brasileiras-estao-entre-passageiros-de-onibus-com-migrantes-que-caiu-no-panama\/","og_site_name":"Brasil not\u00edcias","article_published_time":"2023-02-17T21:24:29+00:00","og_image":[{"width":960,"height":540,"url":"https:\/\/brasilnoticias.org\/site\/wp-content\/uploads\/2023\/02\/naom_63efbcfbc8509.jpg","type":"image\/jpeg"}],"author":"Reda\u00e7\u00e3o","twitter_card":"summary_large_image","twitter_misc":{"Escrito por":"Reda\u00e7\u00e3o","Tempo estimado de leitura":"3 minutos"},"schema":{"@context":"https:\/\/schema.org","@graph":[{"@type":"Article","@id":"https:\/\/brasilnoticias.org\/site\/criancas-brasileiras-estao-entre-passageiros-de-onibus-com-migrantes-que-caiu-no-panama\/#article","isPartOf":{"@id":"https:\/\/brasilnoticias.org\/site\/criancas-brasileiras-estao-entre-passageiros-de-onibus-com-migrantes-que-caiu-no-panama\/"},"author":{"name":"Reda\u00e7\u00e3o","@id":"https:\/\/brasilnoticias.org\/site\/#\/schema\/person\/a0e05b973ec4d15c658d51911e53507b"},"headline":"Crian\u00e7as brasileiras est\u00e3o entre passageiros de \u00f4nibus com migrantes que caiu no Panam\u00e1","datePublished":"2023-02-17T21:24:29+00:00","mainEntityOfPage":{"@id":"https:\/\/brasilnoticias.org\/site\/criancas-brasileiras-estao-entre-passageiros-de-onibus-com-migrantes-que-caiu-no-panama\/"},"wordCount":426,"commentCount":0,"publisher":{"@id":"https:\/\/brasilnoticias.org\/site\/#organization"},"image":{"@id":"https:\/\/brasilnoticias.org\/site\/criancas-brasileiras-estao-entre-passageiros-de-onibus-com-migrantes-que-caiu-no-panama\/#primaryimage"},"thumbnailUrl":"https:\/\/brasilnoticias.org\/site\/wp-content\/uploads\/2023\/02\/naom_63efbcfbc8509.jpg","articleSection":["Not\u00edcias","\u00daltimas"],"inLanguage":"pt-PT","potentialAction":[{"@type":"CommentAction","name":"Comment","target":["https:\/\/brasilnoticias.org\/site\/criancas-brasileiras-estao-entre-passageiros-de-onibus-com-migrantes-que-caiu-no-panama\/#respond"]}]},{"@type":"WebPage","@id":"https:\/\/brasilnoticias.org\/site\/criancas-brasileiras-estao-entre-passageiros-de-onibus-com-migrantes-que-caiu-no-panama\/","url":"https:\/\/brasilnoticias.org\/site\/criancas-brasileiras-estao-entre-passageiros-de-onibus-com-migrantes-que-caiu-no-panama\/","name":"Crian\u00e7as brasileiras est\u00e3o entre passageiros de \u00f4nibus com migrantes que caiu no Panam\u00e1 - Brasil not\u00edcias","isPartOf":{"@id":"https:\/\/brasilnoticias.org\/site\/#website"},"primaryImageOfPage":{"@id":"https:\/\/brasilnoticias.org\/site\/criancas-brasileiras-estao-entre-passageiros-de-onibus-com-migrantes-que-caiu-no-panama\/#primaryimage"},"image":{"@id":"https:\/\/brasilnoticias.org\/site\/criancas-brasileiras-estao-entre-passageiros-de-onibus-com-migrantes-que-caiu-no-panama\/#primaryimage"},"thumbnailUrl":"https:\/\/brasilnoticias.org\/site\/wp-content\/uploads\/2023\/02\/naom_63efbcfbc8509.jpg","datePublished":"2023-02-17T21:24:29+00:00","breadcrumb":{"@id":"https:\/\/brasilnoticias.org\/site\/criancas-brasileiras-estao-entre-passageiros-de-onibus-com-migrantes-que-caiu-no-panama\/#breadcrumb"},"inLanguage":"pt-PT","potentialAction":[{"@type":"ReadAction","target":["https:\/\/brasilnoticias.org\/site\/criancas-brasileiras-estao-entre-passageiros-de-onibus-com-migrantes-que-caiu-no-panama\/"]}]},{"@type":"ImageObject","inLanguage":"pt-PT","@id":"https:\/\/brasilnoticias.org\/site\/criancas-brasileiras-estao-entre-passageiros-de-onibus-com-migrantes-que-caiu-no-panama\/#primaryimage","url":"https:\/\/brasilnoticias.org\/site\/wp-content\/uploads\/2023\/02\/naom_63efbcfbc8509.jpg","contentUrl":"https:\/\/brasilnoticias.org\/site\/wp-content\/uploads\/2023\/02\/naom_63efbcfbc8509.jpg","width":960,"height":540},{"@type":"BreadcrumbList","@id":"https:\/\/brasilnoticias.org\/site\/criancas-brasileiras-estao-entre-passageiros-de-onibus-com-migrantes-que-caiu-no-panama\/#breadcrumb","itemListElement":[{"@type":"ListItem","position":1,"name":"In\u00edcio","item":"https:\/\/brasilnoticias.org\/site\/"},{"@type":"ListItem","position":2,"name":"Crian\u00e7as brasileiras est\u00e3o entre passageiros de \u00f4nibus com migrantes que caiu no Panam\u00e1"}]},{"@type":"WebSite","@id":"https:\/\/brasilnoticias.org\/site\/#website","url":"https:\/\/brasilnoticias.org\/site\/","name":"Brasil not\u00edcias","description":"Brasil not\u00edcias","publisher":{"@id":"https:\/\/brasilnoticias.org\/site\/#organization"},"potentialAction":[{"@type":"SearchAction","target":{"@type":"EntryPoint","urlTemplate":"https:\/\/brasilnoticias.org\/site\/?s={search_term_string}"},"query-input":{"@type":"PropertyValueSpecification","valueRequired":true,"valueName":"search_term_string"}}],"inLanguage":"pt-PT"},{"@type":"Organization","@id":"https:\/\/brasilnoticias.org\/site\/#organization","name":"Brasil not\u00edcias","url":"https:\/\/brasilnoticias.org\/site\/","logo":{"@type":"ImageObject","inLanguage":"pt-PT","@id":"https:\/\/brasilnoticias.org\/site\/#\/schema\/logo\/image\/","url":"https:\/\/brasilnoticias.org\/site\/wp-content\/uploads\/2022\/05\/cropped-brasilnoticias-mini.jpg","contentUrl":"https:\/\/brasilnoticias.org\/site\/wp-content\/uploads\/2022\/05\/cropped-brasilnoticias-mini.jpg","width":314,"height":86,"caption":"Brasil not\u00edcias"},"image":{"@id":"https:\/\/brasilnoticias.org\/site\/#\/schema\/logo\/image\/"}},{"@type":"Person","@id":"https:\/\/brasilnoticias.org\/site\/#\/schema\/person\/a0e05b973ec4d15c658d51911e53507b","name":"Reda\u00e7\u00e3o","image":{"@type":"ImageObject","inLanguage":"pt-PT","@id":"https:\/\/brasilnoticias.org\/site\/#\/schema\/person\/image\/","url":"https:\/\/secure.gravatar.com\/avatar\/75d8b050df2de108b08ae78dfb8e374892df24a383c67db9c46a9c604f6aee9c?s=96&d=mm&r=g","contentUrl":"https:\/\/secure.gravatar.com\/avatar\/75d8b050df2de108b08ae78dfb8e374892df24a383c67db9c46a9c604f6aee9c?s=96&d=mm&r=g","caption":"Reda\u00e7\u00e3o"},"sameAs":["https:\/\/brasilnoticias.org\/site"],"url":"https:\/\/brasilnoticias.org\/site\/author\/fernandozsngmail-com\/"}]}},"_links":{"self":[{"href":"https:\/\/brasilnoticias.org\/site\/wp-json\/wp\/v2\/posts\/4055","targetHints":{"allow":["GET"]}}],"collection":[{"href":"https:\/\/brasilnoticias.org\/site\/wp-json\/wp\/v2\/posts"}],"about":[{"href":"https:\/\/brasilnoticias.org\/site\/wp-json\/wp\/v2\/types\/post"}],"author":[{"embeddable":true,"href":"https:\/\/brasilnoticias.org\/site\/wp-json\/wp\/v2\/users\/1"}],"replies":[{"embeddable":true,"href":"https:\/\/brasilnoticias.org\/site\/wp-json\/wp\/v2\/comments?post=4055"}],"version-history":[{"count":1,"href":"https:\/\/brasilnoticias.org\/site\/wp-json\/wp\/v2\/posts\/4055\/revisions"}],"predecessor-version":[{"id":4057,"href":"https:\/\/brasilnoticias.org\/site\/wp-json\/wp\/v2\/posts\/4055\/revisions\/4057"}],"wp:featuredmedia":[{"embeddable":true,"href":"https:\/\/brasilnoticias.org\/site\/wp-json\/wp\/v2\/media\/4056"}],"wp:attachment":[{"href":"https:\/\/brasilnoticias.org\/site\/wp-json\/wp\/v2\/media?parent=4055"}],"wp:term":[{"taxonomy":"category","embeddable":true,"href":"https:\/\/brasilnoticias.org\/site\/wp-json\/wp\/v2\/categories?post=4055"},{"taxonomy":"post_tag","embeddable":true,"href":"https:\/\/brasilnoticias.org\/site\/wp-json\/wp\/v2\/tags?post=4055"}],"curies":[{"name":"wp","href":"https:\/\/api.w.org\/{rel}","templated":true}]}}