{"id":407,"date":"2022-05-21T09:43:30","date_gmt":"2022-05-21T12:43:30","guid":{"rendered":"https:\/\/brasilnoticias.org\/site\/?p=407"},"modified":"2022-05-21T09:43:30","modified_gmt":"2022-05-21T12:43:30","slug":"bolsonaro-diz-que-biden-macron-boris-e-trudeau-fustigam-brasil-por-amazonia","status":"publish","type":"post","link":"https:\/\/brasilnoticias.org\/site\/bolsonaro-diz-que-biden-macron-boris-e-trudeau-fustigam-brasil-por-amazonia\/","title":{"rendered":"BOLSONARO DIZ QUE BIDEN, MACRON, BORIS E TRUDEAU FUSTIGAM BRASIL POR AMAZ\u00d4NIA"},"content":{"rendered":"<p>O presidente Jair Bolsonaro disse que os l\u00edderes de EUA, Joe Biden, Fran\u00e7a, Emmanuel Macron, Canad\u00e1, Justin Trudeau, e Reino Unido, Boris Johson, est\u00e3o \u201co tempo todo fustigando\u201d o Brasil devido \u00e0 Amaz\u00f4nia.<\/p>\n<p>Em entrevista nesta sexta-feira (20), o chefe do Executivo defendeu a visita que fez \u00e0 R\u00fassia \u00e0s v\u00e9speras do in\u00edcio da guerra com a Ucr\u00e2nia e disse que o presidente russo, Vladimir Putin, sempre se posicionou no sentido de que a floresta amaz\u00f4nica \u00e9 uma quest\u00e3o a ser tratada de maneira soberana pelo Brasil.<\/p>\n<p>Nas declara\u00e7\u00f5es, dadas a um canal no YouTube, Bolsonaro aproveitou para voltar \u00e0 ofensiva contra l\u00edderes com quem j\u00e1 teve atritos devido \u00e0 Amaz\u00f4nia, como Macron e Biden. \u201cMacron, Biden, Trudeau, Boris, entre outros, est\u00e3o o tempo todo nos fustigando, [dizendo] que n\u00f3s n\u00e3o sabemos tratar da Amaz\u00f4nia.\u201d<\/p>\n<p>O presidente tamb\u00e9m afirmou que as cr\u00edticas externas se devem a esfor\u00e7os para \u201cdeixar o Brasil no segundo plano\u201d no mercado de commodities. \u201cN\u00f3s temos aqui commodities, especialmente no campo. E concorremos com alguns pa\u00edses importantes. Obviamente os pa\u00edses t\u00eam interesse em nos deixar no segundo plano, porque quanto menos mercadoria no mercado o deles \u00e9 mais valorizado. Fran\u00e7a, Estados Unidos, um pouco da Austr\u00e1lia, que n\u00e3o tem grande poder de influ\u00eancia e n\u00e3o trabalha contra a gente.\u201d<\/p>\n<p>N\u00e3o \u00e9 a primeira vez que Bolsonaro critica chefes de outras na\u00e7\u00f5es, em especial Biden e Macron. Em outubro, ele afirmou que o presidente americano tem \u201cquase uma obsess\u00e3o pela quest\u00e3o ambiental\u201d.<\/p>\n<p>\u201cDa minha parte, o Brasil est\u00e1 de portas abertas e pronto para continuar a conversa com o governo americano. Obviamente, o governo Biden \u00e9 um governo mais de esquerda. Um governo que tem quase uma obsess\u00e3o pela quest\u00e3o ambiental, ent\u00e3o isso atrapalha um pouquinho a gente\u201d, disse ele \u00e0 \u00e9poca.<\/p>\n<p>Em rela\u00e7\u00e3o ao l\u00edder franc\u00eas, Bolsonaro chegou a endossar um coment\u00e1rio ofensivo nas redes sociais \u00e0 primeira-dama Brigitte Macron e acusou Macron de interfer\u00eancia na soberania brasileira sobre o bioma.<\/p>\n<p>A investida contra Biden ocorre no momento em que o presidente deve decidir se viaja a Los Angeles no in\u00edcio de junho para participar da C\u00fapula das Am\u00e9ricas, cuja nona edi\u00e7\u00e3o \u00e9 organizada pelos EUA.<\/p>\n<p>De acordo com interlocutores de Bolsonaro, a tend\u00eancia atual \u00e9 que ele n\u00e3o viaje e se concentre em assuntos dom\u00e9sticos no Brasil, devido principalmente \u00e0 proximidade do calend\u00e1rio eleitoral.<\/p>\n<p>&nbsp;<\/p>\n<p><span class=\"assinatura_exclusiva\">Matheus Teixeira\/Folhapress<\/span><\/p>\n","protected":false},"excerpt":{"rendered":"<p>O presidente Jair Bolsonaro disse que os l\u00edderes de EUA, Joe Biden, Fran\u00e7a, Emmanuel Macron, Canad\u00e1, Justin Trudeau, e Reino<\/p>\n","protected":false},"author":2,"featured_media":408,"comment_status":"open","ping_status":"open","sticky":false,"template":"","format":"standard","meta":{"colormag_page_container_layout":"default_layout","colormag_page_sidebar_layout":"default_layout","_FSMCFIC_featured_image_caption":"","_FSMCFIC_featured_image_nocaption":"","_FSMCFIC_featured_image_hide":"","footnotes":""},"categories":[5,1],"tags":[],"class_list":["post-407","post","type-post","status-publish","format-standard","has-post-thumbnail","hentry","category-politica","category-ultimas"],"yoast_head":"<!-- This site is optimized with the Yoast SEO plugin v27.1.1 - https:\/\/yoast.com\/product\/yoast-seo-wordpress\/ -->\n<title>BOLSONARO DIZ QUE BIDEN, MACRON, BORIS E TRUDEAU FUSTIGAM BRASIL POR AMAZ\u00d4NIA - Brasil not\u00edcias<\/title>\n<meta name=\"robots\" content=\"index, follow, max-snippet:-1, max-image-preview:large, max-video-preview:-1\" \/>\n<link rel=\"canonical\" href=\"https:\/\/brasilnoticias.org\/site\/bolsonaro-diz-que-biden-macron-boris-e-trudeau-fustigam-brasil-por-amazonia\/\" \/>\n<meta property=\"og:locale\" content=\"pt_PT\" \/>\n<meta property=\"og:type\" content=\"article\" \/>\n<meta property=\"og:title\" content=\"BOLSONARO DIZ QUE BIDEN, MACRON, BORIS E TRUDEAU FUSTIGAM BRASIL POR AMAZ\u00d4NIA - Brasil not\u00edcias\" \/>\n<meta property=\"og:description\" content=\"O presidente Jair Bolsonaro disse que os l\u00edderes de EUA, Joe Biden, Fran\u00e7a, Emmanuel Macron, Canad\u00e1, Justin Trudeau, e Reino\" \/>\n<meta property=\"og:url\" content=\"https:\/\/brasilnoticias.org\/site\/bolsonaro-diz-que-biden-macron-boris-e-trudeau-fustigam-brasil-por-amazonia\/\" \/>\n<meta property=\"og:site_name\" content=\"Brasil not\u00edcias\" \/>\n<meta property=\"article:published_time\" content=\"2022-05-21T12:43:30+00:00\" \/>\n<meta property=\"og:image\" content=\"https:\/\/brasilnoticias.org\/site\/wp-content\/uploads\/2022\/05\/Screenshot_20220521-091132-473.png\" \/>\n\t<meta property=\"og:image:width\" content=\"720\" \/>\n\t<meta property=\"og:image:height\" content=\"607\" \/>\n\t<meta property=\"og:image:type\" content=\"image\/png\" \/>\n<meta name=\"author\" content=\"Reda\u00e7\u00e3o\" \/>\n<meta name=\"twitter:card\" content=\"summary_large_image\" \/>\n<meta name=\"twitter:label1\" content=\"Escrito por\" \/>\n\t<meta name=\"twitter:data1\" content=\"Reda\u00e7\u00e3o\" \/>\n\t<meta name=\"twitter:label2\" content=\"Tempo estimado de leitura\" \/>\n\t<meta name=\"twitter:data2\" content=\"2 minutos\" \/>\n<script type=\"application\/ld+json\" class=\"yoast-schema-graph\">{\"@context\":\"https:\/\/schema.org\",\"@graph\":[{\"@type\":\"Article\",\"@id\":\"https:\/\/brasilnoticias.org\/site\/bolsonaro-diz-que-biden-macron-boris-e-trudeau-fustigam-brasil-por-amazonia\/#article\",\"isPartOf\":{\"@id\":\"https:\/\/brasilnoticias.org\/site\/bolsonaro-diz-que-biden-macron-boris-e-trudeau-fustigam-brasil-por-amazonia\/\"},\"author\":{\"name\":\"Reda\u00e7\u00e3o\",\"@id\":\"https:\/\/brasilnoticias.org\/site\/#\/schema\/person\/f609fa847b5314f1c8b983342f34c798\"},\"headline\":\"BOLSONARO DIZ QUE BIDEN, MACRON, BORIS E TRUDEAU FUSTIGAM BRASIL POR AMAZ\u00d4NIA\",\"datePublished\":\"2022-05-21T12:43:30+00:00\",\"mainEntityOfPage\":{\"@id\":\"https:\/\/brasilnoticias.org\/site\/bolsonaro-diz-que-biden-macron-boris-e-trudeau-fustigam-brasil-por-amazonia\/\"},\"wordCount\":441,\"commentCount\":0,\"publisher\":{\"@id\":\"https:\/\/brasilnoticias.org\/site\/#organization\"},\"image\":{\"@id\":\"https:\/\/brasilnoticias.org\/site\/bolsonaro-diz-que-biden-macron-boris-e-trudeau-fustigam-brasil-por-amazonia\/#primaryimage\"},\"thumbnailUrl\":\"https:\/\/brasilnoticias.org\/site\/wp-content\/uploads\/2022\/05\/Screenshot_20220521-091132-473.png\",\"articleSection\":[\"Pol\u00edtica\",\"\u00daltimas\"],\"inLanguage\":\"pt-PT\",\"potentialAction\":[{\"@type\":\"CommentAction\",\"name\":\"Comment\",\"target\":[\"https:\/\/brasilnoticias.org\/site\/bolsonaro-diz-que-biden-macron-boris-e-trudeau-fustigam-brasil-por-amazonia\/#respond\"]}]},{\"@type\":\"WebPage\",\"@id\":\"https:\/\/brasilnoticias.org\/site\/bolsonaro-diz-que-biden-macron-boris-e-trudeau-fustigam-brasil-por-amazonia\/\",\"url\":\"https:\/\/brasilnoticias.org\/site\/bolsonaro-diz-que-biden-macron-boris-e-trudeau-fustigam-brasil-por-amazonia\/\",\"name\":\"BOLSONARO DIZ QUE BIDEN, MACRON, BORIS E TRUDEAU FUSTIGAM BRASIL POR AMAZ\u00d4NIA - Brasil not\u00edcias\",\"isPartOf\":{\"@id\":\"https:\/\/brasilnoticias.org\/site\/#website\"},\"primaryImageOfPage\":{\"@id\":\"https:\/\/brasilnoticias.org\/site\/bolsonaro-diz-que-biden-macron-boris-e-trudeau-fustigam-brasil-por-amazonia\/#primaryimage\"},\"image\":{\"@id\":\"https:\/\/brasilnoticias.org\/site\/bolsonaro-diz-que-biden-macron-boris-e-trudeau-fustigam-brasil-por-amazonia\/#primaryimage\"},\"thumbnailUrl\":\"https:\/\/brasilnoticias.org\/site\/wp-content\/uploads\/2022\/05\/Screenshot_20220521-091132-473.png\",\"datePublished\":\"2022-05-21T12:43:30+00:00\",\"breadcrumb\":{\"@id\":\"https:\/\/brasilnoticias.org\/site\/bolsonaro-diz-que-biden-macron-boris-e-trudeau-fustigam-brasil-por-amazonia\/#breadcrumb\"},\"inLanguage\":\"pt-PT\",\"potentialAction\":[{\"@type\":\"ReadAction\",\"target\":[\"https:\/\/brasilnoticias.org\/site\/bolsonaro-diz-que-biden-macron-boris-e-trudeau-fustigam-brasil-por-amazonia\/\"]}]},{\"@type\":\"ImageObject\",\"inLanguage\":\"pt-PT\",\"@id\":\"https:\/\/brasilnoticias.org\/site\/bolsonaro-diz-que-biden-macron-boris-e-trudeau-fustigam-brasil-por-amazonia\/#primaryimage\",\"url\":\"https:\/\/brasilnoticias.org\/site\/wp-content\/uploads\/2022\/05\/Screenshot_20220521-091132-473.png\",\"contentUrl\":\"https:\/\/brasilnoticias.org\/site\/wp-content\/uploads\/2022\/05\/Screenshot_20220521-091132-473.png\",\"width\":720,\"height\":607},{\"@type\":\"BreadcrumbList\",\"@id\":\"https:\/\/brasilnoticias.org\/site\/bolsonaro-diz-que-biden-macron-boris-e-trudeau-fustigam-brasil-por-amazonia\/#breadcrumb\",\"itemListElement\":[{\"@type\":\"ListItem\",\"position\":1,\"name\":\"In\u00edcio\",\"item\":\"https:\/\/brasilnoticias.org\/site\/\"},{\"@type\":\"ListItem\",\"position\":2,\"name\":\"BOLSONARO DIZ QUE BIDEN, MACRON, BORIS E TRUDEAU FUSTIGAM BRASIL POR AMAZ\u00d4NIA\"}]},{\"@type\":\"WebSite\",\"@id\":\"https:\/\/brasilnoticias.org\/site\/#website\",\"url\":\"https:\/\/brasilnoticias.org\/site\/\",\"name\":\"Brasil not\u00edcias\",\"description\":\"Brasil not\u00edcias\",\"publisher\":{\"@id\":\"https:\/\/brasilnoticias.org\/site\/#organization\"},\"potentialAction\":[{\"@type\":\"SearchAction\",\"target\":{\"@type\":\"EntryPoint\",\"urlTemplate\":\"https:\/\/brasilnoticias.org\/site\/?s={search_term_string}\"},\"query-input\":{\"@type\":\"PropertyValueSpecification\",\"valueRequired\":true,\"valueName\":\"search_term_string\"}}],\"inLanguage\":\"pt-PT\"},{\"@type\":\"Organization\",\"@id\":\"https:\/\/brasilnoticias.org\/site\/#organization\",\"name\":\"Brasil not\u00edcias\",\"url\":\"https:\/\/brasilnoticias.org\/site\/\",\"logo\":{\"@type\":\"ImageObject\",\"inLanguage\":\"pt-PT\",\"@id\":\"https:\/\/brasilnoticias.org\/site\/#\/schema\/logo\/image\/\",\"url\":\"https:\/\/brasilnoticias.org\/site\/wp-content\/uploads\/2022\/05\/cropped-brasilnoticias-mini.jpg\",\"contentUrl\":\"https:\/\/brasilnoticias.org\/site\/wp-content\/uploads\/2022\/05\/cropped-brasilnoticias-mini.jpg\",\"width\":314,\"height\":86,\"caption\":\"Brasil not\u00edcias\"},\"image\":{\"@id\":\"https:\/\/brasilnoticias.org\/site\/#\/schema\/logo\/image\/\"}},{\"@type\":\"Person\",\"@id\":\"https:\/\/brasilnoticias.org\/site\/#\/schema\/person\/f609fa847b5314f1c8b983342f34c798\",\"name\":\"Reda\u00e7\u00e3o\",\"image\":{\"@type\":\"ImageObject\",\"inLanguage\":\"pt-PT\",\"@id\":\"https:\/\/brasilnoticias.org\/site\/#\/schema\/person\/image\/\",\"url\":\"https:\/\/secure.gravatar.com\/avatar\/447284c06c1ad8b46465a36de9cd0d8326b73387a22799b8b1ffb1fbcff2ed0c?s=96&d=mm&r=g\",\"contentUrl\":\"https:\/\/secure.gravatar.com\/avatar\/447284c06c1ad8b46465a36de9cd0d8326b73387a22799b8b1ffb1fbcff2ed0c?s=96&d=mm&r=g\",\"caption\":\"Reda\u00e7\u00e3o\"},\"url\":\"https:\/\/brasilnoticias.org\/site\/author\/redacao\/\"}]}<\/script>\n<!-- \/ Yoast SEO plugin. -->","yoast_head_json":{"title":"BOLSONARO DIZ QUE BIDEN, MACRON, BORIS E TRUDEAU FUSTIGAM BRASIL POR AMAZ\u00d4NIA - Brasil not\u00edcias","robots":{"index":"index","follow":"follow","max-snippet":"max-snippet:-1","max-image-preview":"max-image-preview:large","max-video-preview":"max-video-preview:-1"},"canonical":"https:\/\/brasilnoticias.org\/site\/bolsonaro-diz-que-biden-macron-boris-e-trudeau-fustigam-brasil-por-amazonia\/","og_locale":"pt_PT","og_type":"article","og_title":"BOLSONARO DIZ QUE BIDEN, MACRON, BORIS E TRUDEAU FUSTIGAM BRASIL POR AMAZ\u00d4NIA - Brasil not\u00edcias","og_description":"O presidente Jair Bolsonaro disse que os l\u00edderes de EUA, Joe Biden, Fran\u00e7a, Emmanuel Macron, Canad\u00e1, Justin Trudeau, e Reino","og_url":"https:\/\/brasilnoticias.org\/site\/bolsonaro-diz-que-biden-macron-boris-e-trudeau-fustigam-brasil-por-amazonia\/","og_site_name":"Brasil not\u00edcias","article_published_time":"2022-05-21T12:43:30+00:00","og_image":[{"width":720,"height":607,"url":"https:\/\/brasilnoticias.org\/site\/wp-content\/uploads\/2022\/05\/Screenshot_20220521-091132-473.png","type":"image\/png"}],"author":"Reda\u00e7\u00e3o","twitter_card":"summary_large_image","twitter_misc":{"Escrito por":"Reda\u00e7\u00e3o","Tempo estimado de leitura":"2 minutos"},"schema":{"@context":"https:\/\/schema.org","@graph":[{"@type":"Article","@id":"https:\/\/brasilnoticias.org\/site\/bolsonaro-diz-que-biden-macron-boris-e-trudeau-fustigam-brasil-por-amazonia\/#article","isPartOf":{"@id":"https:\/\/brasilnoticias.org\/site\/bolsonaro-diz-que-biden-macron-boris-e-trudeau-fustigam-brasil-por-amazonia\/"},"author":{"name":"Reda\u00e7\u00e3o","@id":"https:\/\/brasilnoticias.org\/site\/#\/schema\/person\/f609fa847b5314f1c8b983342f34c798"},"headline":"BOLSONARO DIZ QUE BIDEN, MACRON, BORIS E TRUDEAU FUSTIGAM BRASIL POR AMAZ\u00d4NIA","datePublished":"2022-05-21T12:43:30+00:00","mainEntityOfPage":{"@id":"https:\/\/brasilnoticias.org\/site\/bolsonaro-diz-que-biden-macron-boris-e-trudeau-fustigam-brasil-por-amazonia\/"},"wordCount":441,"commentCount":0,"publisher":{"@id":"https:\/\/brasilnoticias.org\/site\/#organization"},"image":{"@id":"https:\/\/brasilnoticias.org\/site\/bolsonaro-diz-que-biden-macron-boris-e-trudeau-fustigam-brasil-por-amazonia\/#primaryimage"},"thumbnailUrl":"https:\/\/brasilnoticias.org\/site\/wp-content\/uploads\/2022\/05\/Screenshot_20220521-091132-473.png","articleSection":["Pol\u00edtica","\u00daltimas"],"inLanguage":"pt-PT","potentialAction":[{"@type":"CommentAction","name":"Comment","target":["https:\/\/brasilnoticias.org\/site\/bolsonaro-diz-que-biden-macron-boris-e-trudeau-fustigam-brasil-por-amazonia\/#respond"]}]},{"@type":"WebPage","@id":"https:\/\/brasilnoticias.org\/site\/bolsonaro-diz-que-biden-macron-boris-e-trudeau-fustigam-brasil-por-amazonia\/","url":"https:\/\/brasilnoticias.org\/site\/bolsonaro-diz-que-biden-macron-boris-e-trudeau-fustigam-brasil-por-amazonia\/","name":"BOLSONARO DIZ QUE BIDEN, MACRON, BORIS E TRUDEAU FUSTIGAM BRASIL POR AMAZ\u00d4NIA - Brasil not\u00edcias","isPartOf":{"@id":"https:\/\/brasilnoticias.org\/site\/#website"},"primaryImageOfPage":{"@id":"https:\/\/brasilnoticias.org\/site\/bolsonaro-diz-que-biden-macron-boris-e-trudeau-fustigam-brasil-por-amazonia\/#primaryimage"},"image":{"@id":"https:\/\/brasilnoticias.org\/site\/bolsonaro-diz-que-biden-macron-boris-e-trudeau-fustigam-brasil-por-amazonia\/#primaryimage"},"thumbnailUrl":"https:\/\/brasilnoticias.org\/site\/wp-content\/uploads\/2022\/05\/Screenshot_20220521-091132-473.png","datePublished":"2022-05-21T12:43:30+00:00","breadcrumb":{"@id":"https:\/\/brasilnoticias.org\/site\/bolsonaro-diz-que-biden-macron-boris-e-trudeau-fustigam-brasil-por-amazonia\/#breadcrumb"},"inLanguage":"pt-PT","potentialAction":[{"@type":"ReadAction","target":["https:\/\/brasilnoticias.org\/site\/bolsonaro-diz-que-biden-macron-boris-e-trudeau-fustigam-brasil-por-amazonia\/"]}]},{"@type":"ImageObject","inLanguage":"pt-PT","@id":"https:\/\/brasilnoticias.org\/site\/bolsonaro-diz-que-biden-macron-boris-e-trudeau-fustigam-brasil-por-amazonia\/#primaryimage","url":"https:\/\/brasilnoticias.org\/site\/wp-content\/uploads\/2022\/05\/Screenshot_20220521-091132-473.png","contentUrl":"https:\/\/brasilnoticias.org\/site\/wp-content\/uploads\/2022\/05\/Screenshot_20220521-091132-473.png","width":720,"height":607},{"@type":"BreadcrumbList","@id":"https:\/\/brasilnoticias.org\/site\/bolsonaro-diz-que-biden-macron-boris-e-trudeau-fustigam-brasil-por-amazonia\/#breadcrumb","itemListElement":[{"@type":"ListItem","position":1,"name":"In\u00edcio","item":"https:\/\/brasilnoticias.org\/site\/"},{"@type":"ListItem","position":2,"name":"BOLSONARO DIZ QUE BIDEN, MACRON, BORIS E TRUDEAU FUSTIGAM BRASIL POR AMAZ\u00d4NIA"}]},{"@type":"WebSite","@id":"https:\/\/brasilnoticias.org\/site\/#website","url":"https:\/\/brasilnoticias.org\/site\/","name":"Brasil not\u00edcias","description":"Brasil not\u00edcias","publisher":{"@id":"https:\/\/brasilnoticias.org\/site\/#organization"},"potentialAction":[{"@type":"SearchAction","target":{"@type":"EntryPoint","urlTemplate":"https:\/\/brasilnoticias.org\/site\/?s={search_term_string}"},"query-input":{"@type":"PropertyValueSpecification","valueRequired":true,"valueName":"search_term_string"}}],"inLanguage":"pt-PT"},{"@type":"Organization","@id":"https:\/\/brasilnoticias.org\/site\/#organization","name":"Brasil not\u00edcias","url":"https:\/\/brasilnoticias.org\/site\/","logo":{"@type":"ImageObject","inLanguage":"pt-PT","@id":"https:\/\/brasilnoticias.org\/site\/#\/schema\/logo\/image\/","url":"https:\/\/brasilnoticias.org\/site\/wp-content\/uploads\/2022\/05\/cropped-brasilnoticias-mini.jpg","contentUrl":"https:\/\/brasilnoticias.org\/site\/wp-content\/uploads\/2022\/05\/cropped-brasilnoticias-mini.jpg","width":314,"height":86,"caption":"Brasil not\u00edcias"},"image":{"@id":"https:\/\/brasilnoticias.org\/site\/#\/schema\/logo\/image\/"}},{"@type":"Person","@id":"https:\/\/brasilnoticias.org\/site\/#\/schema\/person\/f609fa847b5314f1c8b983342f34c798","name":"Reda\u00e7\u00e3o","image":{"@type":"ImageObject","inLanguage":"pt-PT","@id":"https:\/\/brasilnoticias.org\/site\/#\/schema\/person\/image\/","url":"https:\/\/secure.gravatar.com\/avatar\/447284c06c1ad8b46465a36de9cd0d8326b73387a22799b8b1ffb1fbcff2ed0c?s=96&d=mm&r=g","contentUrl":"https:\/\/secure.gravatar.com\/avatar\/447284c06c1ad8b46465a36de9cd0d8326b73387a22799b8b1ffb1fbcff2ed0c?s=96&d=mm&r=g","caption":"Reda\u00e7\u00e3o"},"url":"https:\/\/brasilnoticias.org\/site\/author\/redacao\/"}]}},"_links":{"self":[{"href":"https:\/\/brasilnoticias.org\/site\/wp-json\/wp\/v2\/posts\/407","targetHints":{"allow":["GET"]}}],"collection":[{"href":"https:\/\/brasilnoticias.org\/site\/wp-json\/wp\/v2\/posts"}],"about":[{"href":"https:\/\/brasilnoticias.org\/site\/wp-json\/wp\/v2\/types\/post"}],"author":[{"embeddable":true,"href":"https:\/\/brasilnoticias.org\/site\/wp-json\/wp\/v2\/users\/2"}],"replies":[{"embeddable":true,"href":"https:\/\/brasilnoticias.org\/site\/wp-json\/wp\/v2\/comments?post=407"}],"version-history":[{"count":1,"href":"https:\/\/brasilnoticias.org\/site\/wp-json\/wp\/v2\/posts\/407\/revisions"}],"predecessor-version":[{"id":409,"href":"https:\/\/brasilnoticias.org\/site\/wp-json\/wp\/v2\/posts\/407\/revisions\/409"}],"wp:featuredmedia":[{"embeddable":true,"href":"https:\/\/brasilnoticias.org\/site\/wp-json\/wp\/v2\/media\/408"}],"wp:attachment":[{"href":"https:\/\/brasilnoticias.org\/site\/wp-json\/wp\/v2\/media?parent=407"}],"wp:term":[{"taxonomy":"category","embeddable":true,"href":"https:\/\/brasilnoticias.org\/site\/wp-json\/wp\/v2\/categories?post=407"},{"taxonomy":"post_tag","embeddable":true,"href":"https:\/\/brasilnoticias.org\/site\/wp-json\/wp\/v2\/tags?post=407"}],"curies":[{"name":"wp","href":"https:\/\/api.w.org\/{rel}","templated":true}]}}