{"id":4075,"date":"2023-02-18T08:06:07","date_gmt":"2023-02-18T11:06:07","guid":{"rendered":"https:\/\/brasilnoticias.org\/site\/?p=4075"},"modified":"2023-02-18T08:06:07","modified_gmt":"2023-02-18T11:06:07","slug":"entenda-o-que-e-a-remissao-do-cancer-de-pulmao","status":"publish","type":"post","link":"https:\/\/brasilnoticias.org\/site\/entenda-o-que-e-a-remissao-do-cancer-de-pulmao\/","title":{"rendered":"Entenda o que \u00e9 a remiss\u00e3o do c\u00e2ncer de pulm\u00e3o"},"content":{"rendered":"<p>Desde a \u00faltima segunda-feira, 13, tem circulado nas redes sociais o registro mais atual da cantora Rita Lee, uma foto divulgada no Instagram por seu companheiro, Roberto de Carvalho. Recentemente, a artista de 75 anos passou pelo tratamento de um c\u00e2ncer de pulm\u00e3o. Ela come\u00e7ou a ter sintomas, como crises respirat\u00f3rias, no in\u00edcio de 2021, quando recebeu o diagn\u00f3stico. Em abril de 2022, o tumor foi considerado eliminado &#8211; e desde ent\u00e3o n\u00e3o apresentou sinais de retorno.<br \/>\nCom isso, muito tem se falado sobre a remiss\u00e3o do c\u00e2ncer, express\u00e3o normalmente atribu\u00edda a casos em que a pessoa n\u00e3o apresenta mais sintomas. Contudo, o termo provoca certa confus\u00e3o: algumas pessoas acreditam que a remiss\u00e3o se trata de uma fase final do tratamento do c\u00e2ncer.<\/p>\n<p>Na verdade, \u00e9 dif\u00edcil dizer quando a pessoa est\u00e1 totalmente curada da doen\u00e7a, tendo em vista que ocorrem muitos casos de tumores que voltam a aparecer, mesmo ap\u00f3s a elimina\u00e7\u00e3o, como ocorreu com a jornalista Gl\u00f3ria Maria, que morreu no dia 2 passado em decorr\u00eancia de met\u00e1stase no c\u00e9rebro ap\u00f3s tratar um c\u00e2ncer de pulm\u00e3o.<\/p>\n<p>O c\u00e2ncer de pulm\u00e3o \u00e9 o 5\u00b0 tipo de tumor mais comum no Pa\u00eds, segundo dados do Instituto Nacional de C\u00e2ncer (Inca).<\/p>\n<p>O termo &#8220;remiss\u00e3o&#8221; est\u00e1 relacionado \u00e0 elimina\u00e7\u00e3o da doen\u00e7a, mas n\u00e3o \u00e9 o mesmo que cura. De acordo com o gloss\u00e1rio tem\u00e1tico Controle de C\u00e2ncer, publicado em 2013 pelo Minist\u00e9rio da Sa\u00fade, a defini\u00e7\u00e3o correta de c\u00e2ncer em remiss\u00e3o \u00e9 &#8220;diminui\u00e7\u00e3o ou desaparecimento de sinais ou sintomas de um c\u00e2ncer, comumente ap\u00f3s a realiza\u00e7\u00e3o do tratamento proposto&#8221;. O material tamb\u00e9m faz refer\u00eancia \u00e0 remiss\u00e3o parcial, remiss\u00e3o completa e remiss\u00e3o espont\u00e2nea da doen\u00e7a.<\/p>\n<p>Segundo o m\u00e9dico William Nassib William J\u00fanior, diretor de Oncologia Cl\u00ednica e Hematologia da Benefic\u00eancia Portuguesa, remiss\u00e3o n\u00e3o \u00e9 um termo t\u00e9cnico adequado, embora seja popularmente usado. &#8220;Apesar de estar relacionado \u00e0 cura, esse termo pode ter muitos significados e provocar confus\u00e3o. Para entender se a pessoa est\u00e1 curada trabalhamos com a probabilidade&#8221;, diz o oncologista, que tamb\u00e9m \u00e9 especialista em c\u00e2ncer de pulm\u00e3o.<\/p>\n<p>Em geral, n\u00e3o somente em casos de c\u00e2ncer de pulm\u00e3o, os m\u00e9dicos indicam a probabilidade de retorno da doen\u00e7a, que varia de acordo com o est\u00e1gio, de 1 a 4, com o tipo de c\u00e2ncer e com os h\u00e1bitos da pessoa. \u00c9 sabido que tabagistas t\u00eam maior propens\u00e3o para desenvolver tumor no pulm\u00e3o, e pacientes que voltam a fumar ap\u00f3s o tratamento t\u00eam mais chances de contrair a doen\u00e7a novamente.<\/p>\n<p>&#8220;A chance de um tumor retornar vai diminuindo conforme o tempo passa&#8221;, diz William. Com o c\u00e2ncer de pulm\u00e3o, n\u00e3o \u00e9 diferente. Mas isso n\u00e3o quer dizer que a pessoa est\u00e1 necessariamente curada. &#8220;Ap\u00f3s cinco anos, a probabilidade de retorno do tumor no pulm\u00e3o \u00e9 pequena, mas ainda existe&#8221;, afirma. A pessoa passa a ter uma vida normal, mas \u00e9 preciso seguir realizando os exames, conforme indica\u00e7\u00e3o m\u00e9dica.<\/p>\n<p>Diagn\u00f3stico precoce \u00e9 fundamental<\/p>\n<p>Conforme dados do Inca, o c\u00e2ncer de pulm\u00e3o foi respons\u00e1vel por 28,6 mil mortes em 2020. A grande maioria dos casos ainda \u00e9 diagnosticada em est\u00e1gio tardio. Isso \u00e9 explicado, em parte, pela falta de acompanhamento m\u00e9dico adequado. De acordo com William, pacientes que apresentam fatores de risco precisam ter um olhar mais cuidadoso.<\/p>\n<p>&#8220;Aqueles com hist\u00f3rico de tabagismo, especialmente acima dos 50 anos, devem fazer tomografia de t\u00f3rax de baixa dosagem a cada um ou dois anos. Isso contribui muito para reduzir a mortalidade por c\u00e2ncer de pulm\u00e3o&#8221;, diz. Isso foi observado durante a pandemia, por exemplo, quando muitos pacientes com suspeita de covid-19 foram em busca do exame e acabaram diagnosticando o c\u00e2ncer.<\/p>\n<p>Foto Shutterstock<br \/>\nNot\u00edcias ao minuto<\/p>\n","protected":false},"excerpt":{"rendered":"<p>Desde a \u00faltima segunda-feira, 13, tem circulado nas redes sociais o registro mais atual da cantora Rita Lee, uma foto<\/p>\n","protected":false},"author":1,"featured_media":4076,"comment_status":"open","ping_status":"open","sticky":false,"template":"","format":"standard","meta":{"colormag_page_container_layout":"default_layout","colormag_page_sidebar_layout":"default_layout","_FSMCFIC_featured_image_caption":"","_FSMCFIC_featured_image_nocaption":"","_FSMCFIC_featured_image_hide":"","footnotes":""},"categories":[2,1],"tags":[],"class_list":["post-4075","post","type-post","status-publish","format-standard","has-post-thumbnail","hentry","category-noticias","category-ultimas"],"yoast_head":"<!-- This site is optimized with the Yoast SEO plugin v27.1.1 - https:\/\/yoast.com\/product\/yoast-seo-wordpress\/ -->\n<title>Entenda o que \u00e9 a remiss\u00e3o do c\u00e2ncer de pulm\u00e3o - Brasil not\u00edcias<\/title>\n<meta name=\"robots\" content=\"index, follow, max-snippet:-1, max-image-preview:large, max-video-preview:-1\" \/>\n<link rel=\"canonical\" href=\"https:\/\/brasilnoticias.org\/site\/entenda-o-que-e-a-remissao-do-cancer-de-pulmao\/\" \/>\n<meta property=\"og:locale\" content=\"pt_PT\" \/>\n<meta property=\"og:type\" content=\"article\" \/>\n<meta property=\"og:title\" content=\"Entenda o que \u00e9 a remiss\u00e3o do c\u00e2ncer de pulm\u00e3o - Brasil not\u00edcias\" \/>\n<meta property=\"og:description\" content=\"Desde a \u00faltima segunda-feira, 13, tem circulado nas redes sociais o registro mais atual da cantora Rita Lee, uma foto\" \/>\n<meta property=\"og:url\" content=\"https:\/\/brasilnoticias.org\/site\/entenda-o-que-e-a-remissao-do-cancer-de-pulmao\/\" \/>\n<meta property=\"og:site_name\" content=\"Brasil not\u00edcias\" \/>\n<meta property=\"article:published_time\" content=\"2023-02-18T11:06:07+00:00\" \/>\n<meta property=\"og:image\" content=\"https:\/\/brasilnoticias.org\/site\/wp-content\/uploads\/2023\/02\/naom_6206b89877ac1.jpg\" \/>\n\t<meta property=\"og:image:width\" content=\"960\" \/>\n\t<meta property=\"og:image:height\" content=\"540\" \/>\n\t<meta property=\"og:image:type\" content=\"image\/jpeg\" \/>\n<meta name=\"author\" content=\"Reda\u00e7\u00e3o\" \/>\n<meta name=\"twitter:card\" content=\"summary_large_image\" \/>\n<meta name=\"twitter:label1\" content=\"Escrito por\" \/>\n\t<meta name=\"twitter:data1\" content=\"Reda\u00e7\u00e3o\" \/>\n<script type=\"application\/ld+json\" class=\"yoast-schema-graph\">{\"@context\":\"https:\/\/schema.org\",\"@graph\":[{\"@type\":\"Article\",\"@id\":\"https:\/\/brasilnoticias.org\/site\/entenda-o-que-e-a-remissao-do-cancer-de-pulmao\/#article\",\"isPartOf\":{\"@id\":\"https:\/\/brasilnoticias.org\/site\/entenda-o-que-e-a-remissao-do-cancer-de-pulmao\/\"},\"author\":{\"name\":\"Reda\u00e7\u00e3o\",\"@id\":\"https:\/\/brasilnoticias.org\/site\/#\/schema\/person\/a0e05b973ec4d15c658d51911e53507b\"},\"headline\":\"Entenda o que \u00e9 a remiss\u00e3o do c\u00e2ncer de pulm\u00e3o\",\"datePublished\":\"2023-02-18T11:06:07+00:00\",\"mainEntityOfPage\":{\"@id\":\"https:\/\/brasilnoticias.org\/site\/entenda-o-que-e-a-remissao-do-cancer-de-pulmao\/\"},\"wordCount\":681,\"commentCount\":0,\"publisher\":{\"@id\":\"https:\/\/brasilnoticias.org\/site\/#organization\"},\"image\":{\"@id\":\"https:\/\/brasilnoticias.org\/site\/entenda-o-que-e-a-remissao-do-cancer-de-pulmao\/#primaryimage\"},\"thumbnailUrl\":\"https:\/\/brasilnoticias.org\/site\/wp-content\/uploads\/2023\/02\/naom_6206b89877ac1.jpg\",\"articleSection\":[\"Not\u00edcias\",\"\u00daltimas\"],\"inLanguage\":\"pt-PT\",\"potentialAction\":[{\"@type\":\"CommentAction\",\"name\":\"Comment\",\"target\":[\"https:\/\/brasilnoticias.org\/site\/entenda-o-que-e-a-remissao-do-cancer-de-pulmao\/#respond\"]}]},{\"@type\":\"WebPage\",\"@id\":\"https:\/\/brasilnoticias.org\/site\/entenda-o-que-e-a-remissao-do-cancer-de-pulmao\/\",\"url\":\"https:\/\/brasilnoticias.org\/site\/entenda-o-que-e-a-remissao-do-cancer-de-pulmao\/\",\"name\":\"Entenda o que \u00e9 a remiss\u00e3o do c\u00e2ncer de pulm\u00e3o - Brasil not\u00edcias\",\"isPartOf\":{\"@id\":\"https:\/\/brasilnoticias.org\/site\/#website\"},\"primaryImageOfPage\":{\"@id\":\"https:\/\/brasilnoticias.org\/site\/entenda-o-que-e-a-remissao-do-cancer-de-pulmao\/#primaryimage\"},\"image\":{\"@id\":\"https:\/\/brasilnoticias.org\/site\/entenda-o-que-e-a-remissao-do-cancer-de-pulmao\/#primaryimage\"},\"thumbnailUrl\":\"https:\/\/brasilnoticias.org\/site\/wp-content\/uploads\/2023\/02\/naom_6206b89877ac1.jpg\",\"datePublished\":\"2023-02-18T11:06:07+00:00\",\"breadcrumb\":{\"@id\":\"https:\/\/brasilnoticias.org\/site\/entenda-o-que-e-a-remissao-do-cancer-de-pulmao\/#breadcrumb\"},\"inLanguage\":\"pt-PT\",\"potentialAction\":[{\"@type\":\"ReadAction\",\"target\":[\"https:\/\/brasilnoticias.org\/site\/entenda-o-que-e-a-remissao-do-cancer-de-pulmao\/\"]}]},{\"@type\":\"ImageObject\",\"inLanguage\":\"pt-PT\",\"@id\":\"https:\/\/brasilnoticias.org\/site\/entenda-o-que-e-a-remissao-do-cancer-de-pulmao\/#primaryimage\",\"url\":\"https:\/\/brasilnoticias.org\/site\/wp-content\/uploads\/2023\/02\/naom_6206b89877ac1.jpg\",\"contentUrl\":\"https:\/\/brasilnoticias.org\/site\/wp-content\/uploads\/2023\/02\/naom_6206b89877ac1.jpg\",\"width\":960,\"height\":540},{\"@type\":\"BreadcrumbList\",\"@id\":\"https:\/\/brasilnoticias.org\/site\/entenda-o-que-e-a-remissao-do-cancer-de-pulmao\/#breadcrumb\",\"itemListElement\":[{\"@type\":\"ListItem\",\"position\":1,\"name\":\"In\u00edcio\",\"item\":\"https:\/\/brasilnoticias.org\/site\/\"},{\"@type\":\"ListItem\",\"position\":2,\"name\":\"Entenda o que \u00e9 a remiss\u00e3o do c\u00e2ncer de pulm\u00e3o\"}]},{\"@type\":\"WebSite\",\"@id\":\"https:\/\/brasilnoticias.org\/site\/#website\",\"url\":\"https:\/\/brasilnoticias.org\/site\/\",\"name\":\"Brasil not\u00edcias\",\"description\":\"Brasil not\u00edcias\",\"publisher\":{\"@id\":\"https:\/\/brasilnoticias.org\/site\/#organization\"},\"potentialAction\":[{\"@type\":\"SearchAction\",\"target\":{\"@type\":\"EntryPoint\",\"urlTemplate\":\"https:\/\/brasilnoticias.org\/site\/?s={search_term_string}\"},\"query-input\":{\"@type\":\"PropertyValueSpecification\",\"valueRequired\":true,\"valueName\":\"search_term_string\"}}],\"inLanguage\":\"pt-PT\"},{\"@type\":\"Organization\",\"@id\":\"https:\/\/brasilnoticias.org\/site\/#organization\",\"name\":\"Brasil not\u00edcias\",\"url\":\"https:\/\/brasilnoticias.org\/site\/\",\"logo\":{\"@type\":\"ImageObject\",\"inLanguage\":\"pt-PT\",\"@id\":\"https:\/\/brasilnoticias.org\/site\/#\/schema\/logo\/image\/\",\"url\":\"https:\/\/brasilnoticias.org\/site\/wp-content\/uploads\/2022\/05\/cropped-brasilnoticias-mini.jpg\",\"contentUrl\":\"https:\/\/brasilnoticias.org\/site\/wp-content\/uploads\/2022\/05\/cropped-brasilnoticias-mini.jpg\",\"width\":314,\"height\":86,\"caption\":\"Brasil not\u00edcias\"},\"image\":{\"@id\":\"https:\/\/brasilnoticias.org\/site\/#\/schema\/logo\/image\/\"}},{\"@type\":\"Person\",\"@id\":\"https:\/\/brasilnoticias.org\/site\/#\/schema\/person\/a0e05b973ec4d15c658d51911e53507b\",\"name\":\"Reda\u00e7\u00e3o\",\"image\":{\"@type\":\"ImageObject\",\"inLanguage\":\"pt-PT\",\"@id\":\"https:\/\/brasilnoticias.org\/site\/#\/schema\/person\/image\/\",\"url\":\"https:\/\/secure.gravatar.com\/avatar\/75d8b050df2de108b08ae78dfb8e374892df24a383c67db9c46a9c604f6aee9c?s=96&d=mm&r=g\",\"contentUrl\":\"https:\/\/secure.gravatar.com\/avatar\/75d8b050df2de108b08ae78dfb8e374892df24a383c67db9c46a9c604f6aee9c?s=96&d=mm&r=g\",\"caption\":\"Reda\u00e7\u00e3o\"},\"sameAs\":[\"https:\/\/brasilnoticias.org\/site\"],\"url\":\"https:\/\/brasilnoticias.org\/site\/author\/fernandozsngmail-com\/\"}]}<\/script>\n<!-- \/ Yoast SEO plugin. -->","yoast_head_json":{"title":"Entenda o que \u00e9 a remiss\u00e3o do c\u00e2ncer de pulm\u00e3o - Brasil not\u00edcias","robots":{"index":"index","follow":"follow","max-snippet":"max-snippet:-1","max-image-preview":"max-image-preview:large","max-video-preview":"max-video-preview:-1"},"canonical":"https:\/\/brasilnoticias.org\/site\/entenda-o-que-e-a-remissao-do-cancer-de-pulmao\/","og_locale":"pt_PT","og_type":"article","og_title":"Entenda o que \u00e9 a remiss\u00e3o do c\u00e2ncer de pulm\u00e3o - Brasil not\u00edcias","og_description":"Desde a \u00faltima segunda-feira, 13, tem circulado nas redes sociais o registro mais atual da cantora Rita Lee, uma foto","og_url":"https:\/\/brasilnoticias.org\/site\/entenda-o-que-e-a-remissao-do-cancer-de-pulmao\/","og_site_name":"Brasil not\u00edcias","article_published_time":"2023-02-18T11:06:07+00:00","og_image":[{"width":960,"height":540,"url":"https:\/\/brasilnoticias.org\/site\/wp-content\/uploads\/2023\/02\/naom_6206b89877ac1.jpg","type":"image\/jpeg"}],"author":"Reda\u00e7\u00e3o","twitter_card":"summary_large_image","twitter_misc":{"Escrito por":"Reda\u00e7\u00e3o"},"schema":{"@context":"https:\/\/schema.org","@graph":[{"@type":"Article","@id":"https:\/\/brasilnoticias.org\/site\/entenda-o-que-e-a-remissao-do-cancer-de-pulmao\/#article","isPartOf":{"@id":"https:\/\/brasilnoticias.org\/site\/entenda-o-que-e-a-remissao-do-cancer-de-pulmao\/"},"author":{"name":"Reda\u00e7\u00e3o","@id":"https:\/\/brasilnoticias.org\/site\/#\/schema\/person\/a0e05b973ec4d15c658d51911e53507b"},"headline":"Entenda o que \u00e9 a remiss\u00e3o do c\u00e2ncer de pulm\u00e3o","datePublished":"2023-02-18T11:06:07+00:00","mainEntityOfPage":{"@id":"https:\/\/brasilnoticias.org\/site\/entenda-o-que-e-a-remissao-do-cancer-de-pulmao\/"},"wordCount":681,"commentCount":0,"publisher":{"@id":"https:\/\/brasilnoticias.org\/site\/#organization"},"image":{"@id":"https:\/\/brasilnoticias.org\/site\/entenda-o-que-e-a-remissao-do-cancer-de-pulmao\/#primaryimage"},"thumbnailUrl":"https:\/\/brasilnoticias.org\/site\/wp-content\/uploads\/2023\/02\/naom_6206b89877ac1.jpg","articleSection":["Not\u00edcias","\u00daltimas"],"inLanguage":"pt-PT","potentialAction":[{"@type":"CommentAction","name":"Comment","target":["https:\/\/brasilnoticias.org\/site\/entenda-o-que-e-a-remissao-do-cancer-de-pulmao\/#respond"]}]},{"@type":"WebPage","@id":"https:\/\/brasilnoticias.org\/site\/entenda-o-que-e-a-remissao-do-cancer-de-pulmao\/","url":"https:\/\/brasilnoticias.org\/site\/entenda-o-que-e-a-remissao-do-cancer-de-pulmao\/","name":"Entenda o que \u00e9 a remiss\u00e3o do c\u00e2ncer de pulm\u00e3o - Brasil not\u00edcias","isPartOf":{"@id":"https:\/\/brasilnoticias.org\/site\/#website"},"primaryImageOfPage":{"@id":"https:\/\/brasilnoticias.org\/site\/entenda-o-que-e-a-remissao-do-cancer-de-pulmao\/#primaryimage"},"image":{"@id":"https:\/\/brasilnoticias.org\/site\/entenda-o-que-e-a-remissao-do-cancer-de-pulmao\/#primaryimage"},"thumbnailUrl":"https:\/\/brasilnoticias.org\/site\/wp-content\/uploads\/2023\/02\/naom_6206b89877ac1.jpg","datePublished":"2023-02-18T11:06:07+00:00","breadcrumb":{"@id":"https:\/\/brasilnoticias.org\/site\/entenda-o-que-e-a-remissao-do-cancer-de-pulmao\/#breadcrumb"},"inLanguage":"pt-PT","potentialAction":[{"@type":"ReadAction","target":["https:\/\/brasilnoticias.org\/site\/entenda-o-que-e-a-remissao-do-cancer-de-pulmao\/"]}]},{"@type":"ImageObject","inLanguage":"pt-PT","@id":"https:\/\/brasilnoticias.org\/site\/entenda-o-que-e-a-remissao-do-cancer-de-pulmao\/#primaryimage","url":"https:\/\/brasilnoticias.org\/site\/wp-content\/uploads\/2023\/02\/naom_6206b89877ac1.jpg","contentUrl":"https:\/\/brasilnoticias.org\/site\/wp-content\/uploads\/2023\/02\/naom_6206b89877ac1.jpg","width":960,"height":540},{"@type":"BreadcrumbList","@id":"https:\/\/brasilnoticias.org\/site\/entenda-o-que-e-a-remissao-do-cancer-de-pulmao\/#breadcrumb","itemListElement":[{"@type":"ListItem","position":1,"name":"In\u00edcio","item":"https:\/\/brasilnoticias.org\/site\/"},{"@type":"ListItem","position":2,"name":"Entenda o que \u00e9 a remiss\u00e3o do c\u00e2ncer de pulm\u00e3o"}]},{"@type":"WebSite","@id":"https:\/\/brasilnoticias.org\/site\/#website","url":"https:\/\/brasilnoticias.org\/site\/","name":"Brasil not\u00edcias","description":"Brasil not\u00edcias","publisher":{"@id":"https:\/\/brasilnoticias.org\/site\/#organization"},"potentialAction":[{"@type":"SearchAction","target":{"@type":"EntryPoint","urlTemplate":"https:\/\/brasilnoticias.org\/site\/?s={search_term_string}"},"query-input":{"@type":"PropertyValueSpecification","valueRequired":true,"valueName":"search_term_string"}}],"inLanguage":"pt-PT"},{"@type":"Organization","@id":"https:\/\/brasilnoticias.org\/site\/#organization","name":"Brasil not\u00edcias","url":"https:\/\/brasilnoticias.org\/site\/","logo":{"@type":"ImageObject","inLanguage":"pt-PT","@id":"https:\/\/brasilnoticias.org\/site\/#\/schema\/logo\/image\/","url":"https:\/\/brasilnoticias.org\/site\/wp-content\/uploads\/2022\/05\/cropped-brasilnoticias-mini.jpg","contentUrl":"https:\/\/brasilnoticias.org\/site\/wp-content\/uploads\/2022\/05\/cropped-brasilnoticias-mini.jpg","width":314,"height":86,"caption":"Brasil not\u00edcias"},"image":{"@id":"https:\/\/brasilnoticias.org\/site\/#\/schema\/logo\/image\/"}},{"@type":"Person","@id":"https:\/\/brasilnoticias.org\/site\/#\/schema\/person\/a0e05b973ec4d15c658d51911e53507b","name":"Reda\u00e7\u00e3o","image":{"@type":"ImageObject","inLanguage":"pt-PT","@id":"https:\/\/brasilnoticias.org\/site\/#\/schema\/person\/image\/","url":"https:\/\/secure.gravatar.com\/avatar\/75d8b050df2de108b08ae78dfb8e374892df24a383c67db9c46a9c604f6aee9c?s=96&d=mm&r=g","contentUrl":"https:\/\/secure.gravatar.com\/avatar\/75d8b050df2de108b08ae78dfb8e374892df24a383c67db9c46a9c604f6aee9c?s=96&d=mm&r=g","caption":"Reda\u00e7\u00e3o"},"sameAs":["https:\/\/brasilnoticias.org\/site"],"url":"https:\/\/brasilnoticias.org\/site\/author\/fernandozsngmail-com\/"}]}},"_links":{"self":[{"href":"https:\/\/brasilnoticias.org\/site\/wp-json\/wp\/v2\/posts\/4075","targetHints":{"allow":["GET"]}}],"collection":[{"href":"https:\/\/brasilnoticias.org\/site\/wp-json\/wp\/v2\/posts"}],"about":[{"href":"https:\/\/brasilnoticias.org\/site\/wp-json\/wp\/v2\/types\/post"}],"author":[{"embeddable":true,"href":"https:\/\/brasilnoticias.org\/site\/wp-json\/wp\/v2\/users\/1"}],"replies":[{"embeddable":true,"href":"https:\/\/brasilnoticias.org\/site\/wp-json\/wp\/v2\/comments?post=4075"}],"version-history":[{"count":1,"href":"https:\/\/brasilnoticias.org\/site\/wp-json\/wp\/v2\/posts\/4075\/revisions"}],"predecessor-version":[{"id":4077,"href":"https:\/\/brasilnoticias.org\/site\/wp-json\/wp\/v2\/posts\/4075\/revisions\/4077"}],"wp:featuredmedia":[{"embeddable":true,"href":"https:\/\/brasilnoticias.org\/site\/wp-json\/wp\/v2\/media\/4076"}],"wp:attachment":[{"href":"https:\/\/brasilnoticias.org\/site\/wp-json\/wp\/v2\/media?parent=4075"}],"wp:term":[{"taxonomy":"category","embeddable":true,"href":"https:\/\/brasilnoticias.org\/site\/wp-json\/wp\/v2\/categories?post=4075"},{"taxonomy":"post_tag","embeddable":true,"href":"https:\/\/brasilnoticias.org\/site\/wp-json\/wp\/v2\/tags?post=4075"}],"curies":[{"name":"wp","href":"https:\/\/api.w.org\/{rel}","templated":true}]}}