{"id":4097,"date":"2023-02-18T18:20:29","date_gmt":"2023-02-18T21:20:29","guid":{"rendered":"https:\/\/brasilnoticias.org\/site\/?p=4097"},"modified":"2023-02-18T11:21:05","modified_gmt":"2023-02-18T14:21:05","slug":"video-homens-armados-tocam-o-terror-e-executam-rivais-em-posto-de-saude-em-salvador","status":"publish","type":"post","link":"https:\/\/brasilnoticias.org\/site\/video-homens-armados-tocam-o-terror-e-executam-rivais-em-posto-de-saude-em-salvador\/","title":{"rendered":"V\u00cdDEO: Homens armados tocam o terror e executam rivais em posto de sa\u00fade em Salvador"},"content":{"rendered":"<p>Quem chegou do trabalho para ficar sossegado e descansar ou quem desejava sair durante a noite para os circuitos do Carnaval de Salvador, no bairro de Tancredo Neves, se assustou com uma s\u00e9rie de tiros por volta das 21h na localidade. Informa\u00e7\u00f5es preliminares d\u00e3o conta de que uma guerra de fac\u00e7\u00e3o aconteceu na regi\u00e3o chamada por \u201cCanal\u201d.<\/p>\n<p>Por meio de v\u00eddeos enviados ao BNews, \u00e9 poss\u00edvel ver cenas chocantes da a\u00e7\u00e3o de grupos armados. Em um deles, os homens executam a sangue frio outros indiv\u00edduos, considerados rivais. No outro, alguns suspeitos entram em um posto de sa\u00fade no bairro e, ao que tudo indica, terminam de executar os alvos principais.<\/p>\n<p>Populares alertaram que a quantidade de balas disparadas chegou at\u00e9 mesmo a rachar fios de energia da Rua Vila Natal, e milhares de estojos ficaram ca\u00eddos no ch\u00e3o. Algumas casas inclusive foram esburacadas por proj\u00e9teis. Em um terceiro v\u00eddeo, \u00e9 poss\u00edvel ver tamb\u00e9m alguns homens armados atirando para cima como forma de comemora\u00e7\u00e3o em uma festa de pared\u00e3o.<\/p>\n<blockquote class=\"twitter-tweet\">\n<p dir=\"ltr\" lang=\"pt\">Homens armados tocam o terror e execut4m rivais em posto de sa\u00fade <a href=\"https:\/\/t.co\/9exXgSz4U7\">pic.twitter.com\/9exXgSz4U7<\/a><\/p>\n<p>\u2014 bnewsvideos (@bnewsvideos) <a href=\"https:\/\/twitter.com\/bnewsvideos\/status\/1626927745140654081?ref_src=twsrc%5Etfw\">February 18, 2023<\/a><\/p><\/blockquote>\n<p><script async src=\"https:\/\/platform.twitter.com\/widgets.js\" charset=\"utf-8\"><\/script><\/p>\n<p>Entramos em contato com a Pol\u00edcia Militar da Bahia (PM-BA) para saber mais detalhes sobre este caso, que nos comunicou, por meio de nota, que \u201cpoliciais militares da 23\u00aa CIPM foram acionados para averiguar uma den\u00fancia de disparos de armas de fogo, na Rua Bahia, no bairro de Tancredo Neves. No local, os militares realizaram buscas e abordagens, mas nenhum suspeito foi localizado\u201d.<br \/>\nDo mesmo modo, a Pol\u00edcia Civil da Bahia (PC-BA) mencionou que o &#8220;Servi\u00e7o de Investiga\u00e7\u00e3o de Local de Crime (Silc\/DHPP) foi acionado no in\u00edcio da manh\u00e3 deste s\u00e1bado (18) para apurar um duplo homic\u00eddio na Rua Santa Catarina, no bairro de Tancredo Neves, em Salvador. As v\u00edtimas, dois homens ainda sem identifica\u00e7\u00e3o formal, foram atingidas por disparos de arma de fogo&#8221;.<\/p>\n<p>Por fim, a autoria e a motiva\u00e7\u00e3o est\u00e3o em apura\u00e7\u00e3o, ap\u00f3s as expedi\u00e7\u00f5es das guias para o trabalho do Departamento de Pol\u00edcia T\u00e9cnica (DPT).<\/p>\n<p>Foto Montagem\/BNews<br \/>\nBnews<\/p>\n","protected":false},"excerpt":{"rendered":"<p>Quem chegou do trabalho para ficar sossegado e descansar ou quem desejava sair durante a noite para os circuitos do<\/p>\n","protected":false},"author":1,"featured_media":4098,"comment_status":"open","ping_status":"open","sticky":false,"template":"","format":"standard","meta":{"colormag_page_container_layout":"default_layout","colormag_page_sidebar_layout":"default_layout","_FSMCFIC_featured_image_caption":"","_FSMCFIC_featured_image_nocaption":"","_FSMCFIC_featured_image_hide":"","footnotes":""},"categories":[3,1],"tags":[],"class_list":["post-4097","post","type-post","status-publish","format-standard","has-post-thumbnail","hentry","category-policia","category-ultimas"],"yoast_head":"<!-- This site is optimized with the Yoast SEO plugin v27.1.1 - https:\/\/yoast.com\/product\/yoast-seo-wordpress\/ -->\n<title>V\u00cdDEO: Homens armados tocam o terror e executam rivais em posto de sa\u00fade em Salvador - Brasil not\u00edcias<\/title>\n<meta name=\"robots\" content=\"index, follow, max-snippet:-1, max-image-preview:large, max-video-preview:-1\" \/>\n<link rel=\"canonical\" href=\"https:\/\/brasilnoticias.org\/site\/video-homens-armados-tocam-o-terror-e-executam-rivais-em-posto-de-saude-em-salvador\/\" \/>\n<meta property=\"og:locale\" content=\"pt_PT\" \/>\n<meta property=\"og:type\" content=\"article\" \/>\n<meta property=\"og:title\" content=\"V\u00cdDEO: Homens armados tocam o terror e executam rivais em posto de sa\u00fade em Salvador - Brasil not\u00edcias\" \/>\n<meta property=\"og:description\" content=\"Quem chegou do trabalho para ficar sossegado e descansar ou quem desejava sair durante a noite para os circuitos do\" \/>\n<meta property=\"og:url\" content=\"https:\/\/brasilnoticias.org\/site\/video-homens-armados-tocam-o-terror-e-executam-rivais-em-posto-de-saude-em-salvador\/\" \/>\n<meta property=\"og:site_name\" content=\"Brasil not\u00edcias\" \/>\n<meta property=\"article:published_time\" content=\"2023-02-18T21:20:29+00:00\" \/>\n<meta property=\"og:image\" content=\"https:\/\/brasilnoticias.org\/site\/wp-content\/uploads\/2023\/02\/page_ncsqNJd_widelg.jpg\" \/>\n\t<meta property=\"og:image:width\" content=\"710\" \/>\n\t<meta property=\"og:image:height\" content=\"404\" \/>\n\t<meta property=\"og:image:type\" content=\"image\/jpeg\" \/>\n<meta name=\"author\" content=\"Reda\u00e7\u00e3o\" \/>\n<meta name=\"twitter:card\" content=\"summary_large_image\" \/>\n<meta name=\"twitter:label1\" content=\"Escrito por\" \/>\n\t<meta name=\"twitter:data1\" content=\"Reda\u00e7\u00e3o\" \/>\n\t<meta name=\"twitter:label2\" content=\"Tempo estimado de leitura\" \/>\n\t<meta name=\"twitter:data2\" content=\"2 minutos\" \/>\n<script type=\"application\/ld+json\" class=\"yoast-schema-graph\">{\"@context\":\"https:\/\/schema.org\",\"@graph\":[{\"@type\":\"Article\",\"@id\":\"https:\/\/brasilnoticias.org\/site\/video-homens-armados-tocam-o-terror-e-executam-rivais-em-posto-de-saude-em-salvador\/#article\",\"isPartOf\":{\"@id\":\"https:\/\/brasilnoticias.org\/site\/video-homens-armados-tocam-o-terror-e-executam-rivais-em-posto-de-saude-em-salvador\/\"},\"author\":{\"name\":\"Reda\u00e7\u00e3o\",\"@id\":\"https:\/\/brasilnoticias.org\/site\/#\/schema\/person\/a0e05b973ec4d15c658d51911e53507b\"},\"headline\":\"V\u00cdDEO: Homens armados tocam o terror e executam rivais em posto de sa\u00fade em Salvador\",\"datePublished\":\"2023-02-18T21:20:29+00:00\",\"mainEntityOfPage\":{\"@id\":\"https:\/\/brasilnoticias.org\/site\/video-homens-armados-tocam-o-terror-e-executam-rivais-em-posto-de-saude-em-salvador\/\"},\"wordCount\":391,\"commentCount\":0,\"publisher\":{\"@id\":\"https:\/\/brasilnoticias.org\/site\/#organization\"},\"image\":{\"@id\":\"https:\/\/brasilnoticias.org\/site\/video-homens-armados-tocam-o-terror-e-executam-rivais-em-posto-de-saude-em-salvador\/#primaryimage\"},\"thumbnailUrl\":\"https:\/\/brasilnoticias.org\/site\/wp-content\/uploads\/2023\/02\/page_ncsqNJd_widelg.jpg\",\"articleSection\":[\"Pol\u00edcia\",\"\u00daltimas\"],\"inLanguage\":\"pt-PT\",\"potentialAction\":[{\"@type\":\"CommentAction\",\"name\":\"Comment\",\"target\":[\"https:\/\/brasilnoticias.org\/site\/video-homens-armados-tocam-o-terror-e-executam-rivais-em-posto-de-saude-em-salvador\/#respond\"]}]},{\"@type\":\"WebPage\",\"@id\":\"https:\/\/brasilnoticias.org\/site\/video-homens-armados-tocam-o-terror-e-executam-rivais-em-posto-de-saude-em-salvador\/\",\"url\":\"https:\/\/brasilnoticias.org\/site\/video-homens-armados-tocam-o-terror-e-executam-rivais-em-posto-de-saude-em-salvador\/\",\"name\":\"V\u00cdDEO: Homens armados tocam o terror e executam rivais em posto de sa\u00fade em Salvador - Brasil not\u00edcias\",\"isPartOf\":{\"@id\":\"https:\/\/brasilnoticias.org\/site\/#website\"},\"primaryImageOfPage\":{\"@id\":\"https:\/\/brasilnoticias.org\/site\/video-homens-armados-tocam-o-terror-e-executam-rivais-em-posto-de-saude-em-salvador\/#primaryimage\"},\"image\":{\"@id\":\"https:\/\/brasilnoticias.org\/site\/video-homens-armados-tocam-o-terror-e-executam-rivais-em-posto-de-saude-em-salvador\/#primaryimage\"},\"thumbnailUrl\":\"https:\/\/brasilnoticias.org\/site\/wp-content\/uploads\/2023\/02\/page_ncsqNJd_widelg.jpg\",\"datePublished\":\"2023-02-18T21:20:29+00:00\",\"breadcrumb\":{\"@id\":\"https:\/\/brasilnoticias.org\/site\/video-homens-armados-tocam-o-terror-e-executam-rivais-em-posto-de-saude-em-salvador\/#breadcrumb\"},\"inLanguage\":\"pt-PT\",\"potentialAction\":[{\"@type\":\"ReadAction\",\"target\":[\"https:\/\/brasilnoticias.org\/site\/video-homens-armados-tocam-o-terror-e-executam-rivais-em-posto-de-saude-em-salvador\/\"]}]},{\"@type\":\"ImageObject\",\"inLanguage\":\"pt-PT\",\"@id\":\"https:\/\/brasilnoticias.org\/site\/video-homens-armados-tocam-o-terror-e-executam-rivais-em-posto-de-saude-em-salvador\/#primaryimage\",\"url\":\"https:\/\/brasilnoticias.org\/site\/wp-content\/uploads\/2023\/02\/page_ncsqNJd_widelg.jpg\",\"contentUrl\":\"https:\/\/brasilnoticias.org\/site\/wp-content\/uploads\/2023\/02\/page_ncsqNJd_widelg.jpg\",\"width\":710,\"height\":404},{\"@type\":\"BreadcrumbList\",\"@id\":\"https:\/\/brasilnoticias.org\/site\/video-homens-armados-tocam-o-terror-e-executam-rivais-em-posto-de-saude-em-salvador\/#breadcrumb\",\"itemListElement\":[{\"@type\":\"ListItem\",\"position\":1,\"name\":\"In\u00edcio\",\"item\":\"https:\/\/brasilnoticias.org\/site\/\"},{\"@type\":\"ListItem\",\"position\":2,\"name\":\"V\u00cdDEO: Homens armados tocam o terror e executam rivais em posto de sa\u00fade em Salvador\"}]},{\"@type\":\"WebSite\",\"@id\":\"https:\/\/brasilnoticias.org\/site\/#website\",\"url\":\"https:\/\/brasilnoticias.org\/site\/\",\"name\":\"Brasil not\u00edcias\",\"description\":\"Brasil not\u00edcias\",\"publisher\":{\"@id\":\"https:\/\/brasilnoticias.org\/site\/#organization\"},\"potentialAction\":[{\"@type\":\"SearchAction\",\"target\":{\"@type\":\"EntryPoint\",\"urlTemplate\":\"https:\/\/brasilnoticias.org\/site\/?s={search_term_string}\"},\"query-input\":{\"@type\":\"PropertyValueSpecification\",\"valueRequired\":true,\"valueName\":\"search_term_string\"}}],\"inLanguage\":\"pt-PT\"},{\"@type\":\"Organization\",\"@id\":\"https:\/\/brasilnoticias.org\/site\/#organization\",\"name\":\"Brasil not\u00edcias\",\"url\":\"https:\/\/brasilnoticias.org\/site\/\",\"logo\":{\"@type\":\"ImageObject\",\"inLanguage\":\"pt-PT\",\"@id\":\"https:\/\/brasilnoticias.org\/site\/#\/schema\/logo\/image\/\",\"url\":\"https:\/\/brasilnoticias.org\/site\/wp-content\/uploads\/2022\/05\/cropped-brasilnoticias-mini.jpg\",\"contentUrl\":\"https:\/\/brasilnoticias.org\/site\/wp-content\/uploads\/2022\/05\/cropped-brasilnoticias-mini.jpg\",\"width\":314,\"height\":86,\"caption\":\"Brasil not\u00edcias\"},\"image\":{\"@id\":\"https:\/\/brasilnoticias.org\/site\/#\/schema\/logo\/image\/\"}},{\"@type\":\"Person\",\"@id\":\"https:\/\/brasilnoticias.org\/site\/#\/schema\/person\/a0e05b973ec4d15c658d51911e53507b\",\"name\":\"Reda\u00e7\u00e3o\",\"image\":{\"@type\":\"ImageObject\",\"inLanguage\":\"pt-PT\",\"@id\":\"https:\/\/brasilnoticias.org\/site\/#\/schema\/person\/image\/\",\"url\":\"https:\/\/secure.gravatar.com\/avatar\/75d8b050df2de108b08ae78dfb8e374892df24a383c67db9c46a9c604f6aee9c?s=96&d=mm&r=g\",\"contentUrl\":\"https:\/\/secure.gravatar.com\/avatar\/75d8b050df2de108b08ae78dfb8e374892df24a383c67db9c46a9c604f6aee9c?s=96&d=mm&r=g\",\"caption\":\"Reda\u00e7\u00e3o\"},\"sameAs\":[\"https:\/\/brasilnoticias.org\/site\"],\"url\":\"https:\/\/brasilnoticias.org\/site\/author\/fernandozsngmail-com\/\"}]}<\/script>\n<!-- \/ Yoast SEO plugin. -->","yoast_head_json":{"title":"V\u00cdDEO: Homens armados tocam o terror e executam rivais em posto de sa\u00fade em Salvador - Brasil not\u00edcias","robots":{"index":"index","follow":"follow","max-snippet":"max-snippet:-1","max-image-preview":"max-image-preview:large","max-video-preview":"max-video-preview:-1"},"canonical":"https:\/\/brasilnoticias.org\/site\/video-homens-armados-tocam-o-terror-e-executam-rivais-em-posto-de-saude-em-salvador\/","og_locale":"pt_PT","og_type":"article","og_title":"V\u00cdDEO: Homens armados tocam o terror e executam rivais em posto de sa\u00fade em Salvador - Brasil not\u00edcias","og_description":"Quem chegou do trabalho para ficar sossegado e descansar ou quem desejava sair durante a noite para os circuitos do","og_url":"https:\/\/brasilnoticias.org\/site\/video-homens-armados-tocam-o-terror-e-executam-rivais-em-posto-de-saude-em-salvador\/","og_site_name":"Brasil not\u00edcias","article_published_time":"2023-02-18T21:20:29+00:00","og_image":[{"width":710,"height":404,"url":"https:\/\/brasilnoticias.org\/site\/wp-content\/uploads\/2023\/02\/page_ncsqNJd_widelg.jpg","type":"image\/jpeg"}],"author":"Reda\u00e7\u00e3o","twitter_card":"summary_large_image","twitter_misc":{"Escrito por":"Reda\u00e7\u00e3o","Tempo estimado de leitura":"2 minutos"},"schema":{"@context":"https:\/\/schema.org","@graph":[{"@type":"Article","@id":"https:\/\/brasilnoticias.org\/site\/video-homens-armados-tocam-o-terror-e-executam-rivais-em-posto-de-saude-em-salvador\/#article","isPartOf":{"@id":"https:\/\/brasilnoticias.org\/site\/video-homens-armados-tocam-o-terror-e-executam-rivais-em-posto-de-saude-em-salvador\/"},"author":{"name":"Reda\u00e7\u00e3o","@id":"https:\/\/brasilnoticias.org\/site\/#\/schema\/person\/a0e05b973ec4d15c658d51911e53507b"},"headline":"V\u00cdDEO: Homens armados tocam o terror e executam rivais em posto de sa\u00fade em Salvador","datePublished":"2023-02-18T21:20:29+00:00","mainEntityOfPage":{"@id":"https:\/\/brasilnoticias.org\/site\/video-homens-armados-tocam-o-terror-e-executam-rivais-em-posto-de-saude-em-salvador\/"},"wordCount":391,"commentCount":0,"publisher":{"@id":"https:\/\/brasilnoticias.org\/site\/#organization"},"image":{"@id":"https:\/\/brasilnoticias.org\/site\/video-homens-armados-tocam-o-terror-e-executam-rivais-em-posto-de-saude-em-salvador\/#primaryimage"},"thumbnailUrl":"https:\/\/brasilnoticias.org\/site\/wp-content\/uploads\/2023\/02\/page_ncsqNJd_widelg.jpg","articleSection":["Pol\u00edcia","\u00daltimas"],"inLanguage":"pt-PT","potentialAction":[{"@type":"CommentAction","name":"Comment","target":["https:\/\/brasilnoticias.org\/site\/video-homens-armados-tocam-o-terror-e-executam-rivais-em-posto-de-saude-em-salvador\/#respond"]}]},{"@type":"WebPage","@id":"https:\/\/brasilnoticias.org\/site\/video-homens-armados-tocam-o-terror-e-executam-rivais-em-posto-de-saude-em-salvador\/","url":"https:\/\/brasilnoticias.org\/site\/video-homens-armados-tocam-o-terror-e-executam-rivais-em-posto-de-saude-em-salvador\/","name":"V\u00cdDEO: Homens armados tocam o terror e executam rivais em posto de sa\u00fade em Salvador - Brasil not\u00edcias","isPartOf":{"@id":"https:\/\/brasilnoticias.org\/site\/#website"},"primaryImageOfPage":{"@id":"https:\/\/brasilnoticias.org\/site\/video-homens-armados-tocam-o-terror-e-executam-rivais-em-posto-de-saude-em-salvador\/#primaryimage"},"image":{"@id":"https:\/\/brasilnoticias.org\/site\/video-homens-armados-tocam-o-terror-e-executam-rivais-em-posto-de-saude-em-salvador\/#primaryimage"},"thumbnailUrl":"https:\/\/brasilnoticias.org\/site\/wp-content\/uploads\/2023\/02\/page_ncsqNJd_widelg.jpg","datePublished":"2023-02-18T21:20:29+00:00","breadcrumb":{"@id":"https:\/\/brasilnoticias.org\/site\/video-homens-armados-tocam-o-terror-e-executam-rivais-em-posto-de-saude-em-salvador\/#breadcrumb"},"inLanguage":"pt-PT","potentialAction":[{"@type":"ReadAction","target":["https:\/\/brasilnoticias.org\/site\/video-homens-armados-tocam-o-terror-e-executam-rivais-em-posto-de-saude-em-salvador\/"]}]},{"@type":"ImageObject","inLanguage":"pt-PT","@id":"https:\/\/brasilnoticias.org\/site\/video-homens-armados-tocam-o-terror-e-executam-rivais-em-posto-de-saude-em-salvador\/#primaryimage","url":"https:\/\/brasilnoticias.org\/site\/wp-content\/uploads\/2023\/02\/page_ncsqNJd_widelg.jpg","contentUrl":"https:\/\/brasilnoticias.org\/site\/wp-content\/uploads\/2023\/02\/page_ncsqNJd_widelg.jpg","width":710,"height":404},{"@type":"BreadcrumbList","@id":"https:\/\/brasilnoticias.org\/site\/video-homens-armados-tocam-o-terror-e-executam-rivais-em-posto-de-saude-em-salvador\/#breadcrumb","itemListElement":[{"@type":"ListItem","position":1,"name":"In\u00edcio","item":"https:\/\/brasilnoticias.org\/site\/"},{"@type":"ListItem","position":2,"name":"V\u00cdDEO: Homens armados tocam o terror e executam rivais em posto de sa\u00fade em Salvador"}]},{"@type":"WebSite","@id":"https:\/\/brasilnoticias.org\/site\/#website","url":"https:\/\/brasilnoticias.org\/site\/","name":"Brasil not\u00edcias","description":"Brasil not\u00edcias","publisher":{"@id":"https:\/\/brasilnoticias.org\/site\/#organization"},"potentialAction":[{"@type":"SearchAction","target":{"@type":"EntryPoint","urlTemplate":"https:\/\/brasilnoticias.org\/site\/?s={search_term_string}"},"query-input":{"@type":"PropertyValueSpecification","valueRequired":true,"valueName":"search_term_string"}}],"inLanguage":"pt-PT"},{"@type":"Organization","@id":"https:\/\/brasilnoticias.org\/site\/#organization","name":"Brasil not\u00edcias","url":"https:\/\/brasilnoticias.org\/site\/","logo":{"@type":"ImageObject","inLanguage":"pt-PT","@id":"https:\/\/brasilnoticias.org\/site\/#\/schema\/logo\/image\/","url":"https:\/\/brasilnoticias.org\/site\/wp-content\/uploads\/2022\/05\/cropped-brasilnoticias-mini.jpg","contentUrl":"https:\/\/brasilnoticias.org\/site\/wp-content\/uploads\/2022\/05\/cropped-brasilnoticias-mini.jpg","width":314,"height":86,"caption":"Brasil not\u00edcias"},"image":{"@id":"https:\/\/brasilnoticias.org\/site\/#\/schema\/logo\/image\/"}},{"@type":"Person","@id":"https:\/\/brasilnoticias.org\/site\/#\/schema\/person\/a0e05b973ec4d15c658d51911e53507b","name":"Reda\u00e7\u00e3o","image":{"@type":"ImageObject","inLanguage":"pt-PT","@id":"https:\/\/brasilnoticias.org\/site\/#\/schema\/person\/image\/","url":"https:\/\/secure.gravatar.com\/avatar\/75d8b050df2de108b08ae78dfb8e374892df24a383c67db9c46a9c604f6aee9c?s=96&d=mm&r=g","contentUrl":"https:\/\/secure.gravatar.com\/avatar\/75d8b050df2de108b08ae78dfb8e374892df24a383c67db9c46a9c604f6aee9c?s=96&d=mm&r=g","caption":"Reda\u00e7\u00e3o"},"sameAs":["https:\/\/brasilnoticias.org\/site"],"url":"https:\/\/brasilnoticias.org\/site\/author\/fernandozsngmail-com\/"}]}},"_links":{"self":[{"href":"https:\/\/brasilnoticias.org\/site\/wp-json\/wp\/v2\/posts\/4097","targetHints":{"allow":["GET"]}}],"collection":[{"href":"https:\/\/brasilnoticias.org\/site\/wp-json\/wp\/v2\/posts"}],"about":[{"href":"https:\/\/brasilnoticias.org\/site\/wp-json\/wp\/v2\/types\/post"}],"author":[{"embeddable":true,"href":"https:\/\/brasilnoticias.org\/site\/wp-json\/wp\/v2\/users\/1"}],"replies":[{"embeddable":true,"href":"https:\/\/brasilnoticias.org\/site\/wp-json\/wp\/v2\/comments?post=4097"}],"version-history":[{"count":1,"href":"https:\/\/brasilnoticias.org\/site\/wp-json\/wp\/v2\/posts\/4097\/revisions"}],"predecessor-version":[{"id":4099,"href":"https:\/\/brasilnoticias.org\/site\/wp-json\/wp\/v2\/posts\/4097\/revisions\/4099"}],"wp:featuredmedia":[{"embeddable":true,"href":"https:\/\/brasilnoticias.org\/site\/wp-json\/wp\/v2\/media\/4098"}],"wp:attachment":[{"href":"https:\/\/brasilnoticias.org\/site\/wp-json\/wp\/v2\/media?parent=4097"}],"wp:term":[{"taxonomy":"category","embeddable":true,"href":"https:\/\/brasilnoticias.org\/site\/wp-json\/wp\/v2\/categories?post=4097"},{"taxonomy":"post_tag","embeddable":true,"href":"https:\/\/brasilnoticias.org\/site\/wp-json\/wp\/v2\/tags?post=4097"}],"curies":[{"name":"wp","href":"https:\/\/api.w.org\/{rel}","templated":true}]}}