{"id":4100,"date":"2023-02-18T18:30:31","date_gmt":"2023-02-18T21:30:31","guid":{"rendered":"https:\/\/brasilnoticias.org\/site\/?p=4100"},"modified":"2023-02-18T11:23:31","modified_gmt":"2023-02-18T14:23:31","slug":"secretario-de-seguranca-diz-que-morte-no-circuito-foi-um-fato-isolado","status":"publish","type":"post","link":"https:\/\/brasilnoticias.org\/site\/secretario-de-seguranca-diz-que-morte-no-circuito-foi-um-fato-isolado\/","title":{"rendered":"Secret\u00e1rio de Seguran\u00e7a diz que morte no circuito foi um \u201cfato isolado\u201d"},"content":{"rendered":"<p>O secret\u00e1rio de Seguran\u00e7a P\u00fablica da Bahia, Marcelo Werner, disse que\u00a0a morte de um foli\u00e3o, no circuito Osmar, ocorrida na noite desta quinta-feira (16),\u00a0primeiro dia do Carnaval de Salvador, se trata de um \u201cfato isolado\u201d e que tal situa\u00e7\u00e3o seria reflexo da briga entre traficantes. Na ocasi\u00e3o, outras duas pessoas foram baleadas.<\/p>\n<p>\u201cTudo indica que foi uma briga de fac\u00e7\u00e3o, tanto que voc\u00ea pode reparar ato isolado de um grupo contra outro, n\u00e3o houve reflexo em outros foli\u00f5es. Era inclusive um hor\u00e1rio que j\u00e1 estava um pouco mais vazio\u201d, justificou o secret\u00e1rio durante sua passagem no Camarote Har\u00e9m, onde o\u00a0BNews\u00a0tem transmitido diariamente o Carnaval de Salvador.<\/p>\n<p>Ainda segundo Werner, o fato da regi\u00e3o dos circuitos ficarem em \u00e1rea residenciais faz com que o trabalho das abordagens e tamb\u00e9m detectores de metais n\u00e3o 100%. \u201cOs portais de abordagem ajudam a prevenir, ajudam muito, mas n\u00e3o conseguem atingir 100%\u201d.<\/p>\n<p>At\u00e9 o momento, todo o trabalho de pol\u00edcia t\u00e9cnica e judici\u00e1ria tem sido feito para identifica\u00e7\u00e3o e pris\u00e3o do autor dos disparos, segundo contou Marcelo: \u201cEstamos tomando todas as medidas necess\u00e1rias para chegar a autoria\u201d.<\/p>\n<p>Bnews<br \/>\nFoto Reprodu\u00e7\u00e3o\/ V\u00eddeo<\/p>\n","protected":false},"excerpt":{"rendered":"<p>O secret\u00e1rio de Seguran\u00e7a P\u00fablica da Bahia, Marcelo Werner, disse que\u00a0a morte de um foli\u00e3o, no circuito Osmar, ocorrida na<\/p>\n","protected":false},"author":1,"featured_media":4101,"comment_status":"open","ping_status":"open","sticky":false,"template":"","format":"standard","meta":{"colormag_page_container_layout":"default_layout","colormag_page_sidebar_layout":"default_layout","_FSMCFIC_featured_image_caption":"","_FSMCFIC_featured_image_nocaption":"","_FSMCFIC_featured_image_hide":"","footnotes":""},"categories":[2,1],"tags":[],"class_list":["post-4100","post","type-post","status-publish","format-standard","has-post-thumbnail","hentry","category-noticias","category-ultimas"],"yoast_head":"<!-- This site is optimized with the Yoast SEO plugin v27.1.1 - https:\/\/yoast.com\/product\/yoast-seo-wordpress\/ -->\n<title>Secret\u00e1rio de Seguran\u00e7a diz que morte no circuito foi um \u201cfato isolado\u201d - Brasil not\u00edcias<\/title>\n<meta name=\"robots\" content=\"index, follow, max-snippet:-1, max-image-preview:large, max-video-preview:-1\" \/>\n<link rel=\"canonical\" href=\"https:\/\/brasilnoticias.org\/site\/secretario-de-seguranca-diz-que-morte-no-circuito-foi-um-fato-isolado\/\" \/>\n<meta property=\"og:locale\" content=\"pt_PT\" \/>\n<meta property=\"og:type\" content=\"article\" \/>\n<meta property=\"og:title\" content=\"Secret\u00e1rio de Seguran\u00e7a diz que morte no circuito foi um \u201cfato isolado\u201d - Brasil not\u00edcias\" \/>\n<meta property=\"og:description\" content=\"O secret\u00e1rio de Seguran\u00e7a P\u00fablica da Bahia, Marcelo Werner, disse que\u00a0a morte de um foli\u00e3o, no circuito Osmar, ocorrida na\" \/>\n<meta property=\"og:url\" content=\"https:\/\/brasilnoticias.org\/site\/secretario-de-seguranca-diz-que-morte-no-circuito-foi-um-fato-isolado\/\" \/>\n<meta property=\"og:site_name\" content=\"Brasil not\u00edcias\" \/>\n<meta property=\"article:published_time\" content=\"2023-02-18T21:30:31+00:00\" \/>\n<meta property=\"og:image\" content=\"https:\/\/brasilnoticias.org\/site\/wp-content\/uploads\/2023\/02\/whatsapp_image_2023-02-17_at_19.36.14_1_widelg.jpeg\" \/>\n\t<meta property=\"og:image:width\" content=\"800\" \/>\n\t<meta property=\"og:image:height\" content=\"450\" \/>\n\t<meta property=\"og:image:type\" content=\"image\/jpeg\" \/>\n<meta name=\"author\" content=\"Reda\u00e7\u00e3o\" \/>\n<meta name=\"twitter:card\" content=\"summary_large_image\" \/>\n<meta name=\"twitter:label1\" content=\"Escrito por\" \/>\n\t<meta name=\"twitter:data1\" content=\"Reda\u00e7\u00e3o\" \/>\n<script type=\"application\/ld+json\" class=\"yoast-schema-graph\">{\"@context\":\"https:\/\/schema.org\",\"@graph\":[{\"@type\":\"Article\",\"@id\":\"https:\/\/brasilnoticias.org\/site\/secretario-de-seguranca-diz-que-morte-no-circuito-foi-um-fato-isolado\/#article\",\"isPartOf\":{\"@id\":\"https:\/\/brasilnoticias.org\/site\/secretario-de-seguranca-diz-que-morte-no-circuito-foi-um-fato-isolado\/\"},\"author\":{\"name\":\"Reda\u00e7\u00e3o\",\"@id\":\"https:\/\/brasilnoticias.org\/site\/#\/schema\/person\/a0e05b973ec4d15c658d51911e53507b\"},\"headline\":\"Secret\u00e1rio de Seguran\u00e7a diz que morte no circuito foi um \u201cfato isolado\u201d\",\"datePublished\":\"2023-02-18T21:30:31+00:00\",\"mainEntityOfPage\":{\"@id\":\"https:\/\/brasilnoticias.org\/site\/secretario-de-seguranca-diz-que-morte-no-circuito-foi-um-fato-isolado\/\"},\"wordCount\":225,\"commentCount\":0,\"publisher\":{\"@id\":\"https:\/\/brasilnoticias.org\/site\/#organization\"},\"image\":{\"@id\":\"https:\/\/brasilnoticias.org\/site\/secretario-de-seguranca-diz-que-morte-no-circuito-foi-um-fato-isolado\/#primaryimage\"},\"thumbnailUrl\":\"https:\/\/brasilnoticias.org\/site\/wp-content\/uploads\/2023\/02\/whatsapp_image_2023-02-17_at_19.36.14_1_widelg.jpeg\",\"articleSection\":[\"Not\u00edcias\",\"\u00daltimas\"],\"inLanguage\":\"pt-PT\",\"potentialAction\":[{\"@type\":\"CommentAction\",\"name\":\"Comment\",\"target\":[\"https:\/\/brasilnoticias.org\/site\/secretario-de-seguranca-diz-que-morte-no-circuito-foi-um-fato-isolado\/#respond\"]}]},{\"@type\":\"WebPage\",\"@id\":\"https:\/\/brasilnoticias.org\/site\/secretario-de-seguranca-diz-que-morte-no-circuito-foi-um-fato-isolado\/\",\"url\":\"https:\/\/brasilnoticias.org\/site\/secretario-de-seguranca-diz-que-morte-no-circuito-foi-um-fato-isolado\/\",\"name\":\"Secret\u00e1rio de Seguran\u00e7a diz que morte no circuito foi um \u201cfato isolado\u201d - Brasil not\u00edcias\",\"isPartOf\":{\"@id\":\"https:\/\/brasilnoticias.org\/site\/#website\"},\"primaryImageOfPage\":{\"@id\":\"https:\/\/brasilnoticias.org\/site\/secretario-de-seguranca-diz-que-morte-no-circuito-foi-um-fato-isolado\/#primaryimage\"},\"image\":{\"@id\":\"https:\/\/brasilnoticias.org\/site\/secretario-de-seguranca-diz-que-morte-no-circuito-foi-um-fato-isolado\/#primaryimage\"},\"thumbnailUrl\":\"https:\/\/brasilnoticias.org\/site\/wp-content\/uploads\/2023\/02\/whatsapp_image_2023-02-17_at_19.36.14_1_widelg.jpeg\",\"datePublished\":\"2023-02-18T21:30:31+00:00\",\"breadcrumb\":{\"@id\":\"https:\/\/brasilnoticias.org\/site\/secretario-de-seguranca-diz-que-morte-no-circuito-foi-um-fato-isolado\/#breadcrumb\"},\"inLanguage\":\"pt-PT\",\"potentialAction\":[{\"@type\":\"ReadAction\",\"target\":[\"https:\/\/brasilnoticias.org\/site\/secretario-de-seguranca-diz-que-morte-no-circuito-foi-um-fato-isolado\/\"]}]},{\"@type\":\"ImageObject\",\"inLanguage\":\"pt-PT\",\"@id\":\"https:\/\/brasilnoticias.org\/site\/secretario-de-seguranca-diz-que-morte-no-circuito-foi-um-fato-isolado\/#primaryimage\",\"url\":\"https:\/\/brasilnoticias.org\/site\/wp-content\/uploads\/2023\/02\/whatsapp_image_2023-02-17_at_19.36.14_1_widelg.jpeg\",\"contentUrl\":\"https:\/\/brasilnoticias.org\/site\/wp-content\/uploads\/2023\/02\/whatsapp_image_2023-02-17_at_19.36.14_1_widelg.jpeg\",\"width\":800,\"height\":450},{\"@type\":\"BreadcrumbList\",\"@id\":\"https:\/\/brasilnoticias.org\/site\/secretario-de-seguranca-diz-que-morte-no-circuito-foi-um-fato-isolado\/#breadcrumb\",\"itemListElement\":[{\"@type\":\"ListItem\",\"position\":1,\"name\":\"In\u00edcio\",\"item\":\"https:\/\/brasilnoticias.org\/site\/\"},{\"@type\":\"ListItem\",\"position\":2,\"name\":\"Secret\u00e1rio de Seguran\u00e7a diz que morte no circuito foi um \u201cfato isolado\u201d\"}]},{\"@type\":\"WebSite\",\"@id\":\"https:\/\/brasilnoticias.org\/site\/#website\",\"url\":\"https:\/\/brasilnoticias.org\/site\/\",\"name\":\"Brasil not\u00edcias\",\"description\":\"Brasil not\u00edcias\",\"publisher\":{\"@id\":\"https:\/\/brasilnoticias.org\/site\/#organization\"},\"potentialAction\":[{\"@type\":\"SearchAction\",\"target\":{\"@type\":\"EntryPoint\",\"urlTemplate\":\"https:\/\/brasilnoticias.org\/site\/?s={search_term_string}\"},\"query-input\":{\"@type\":\"PropertyValueSpecification\",\"valueRequired\":true,\"valueName\":\"search_term_string\"}}],\"inLanguage\":\"pt-PT\"},{\"@type\":\"Organization\",\"@id\":\"https:\/\/brasilnoticias.org\/site\/#organization\",\"name\":\"Brasil not\u00edcias\",\"url\":\"https:\/\/brasilnoticias.org\/site\/\",\"logo\":{\"@type\":\"ImageObject\",\"inLanguage\":\"pt-PT\",\"@id\":\"https:\/\/brasilnoticias.org\/site\/#\/schema\/logo\/image\/\",\"url\":\"https:\/\/brasilnoticias.org\/site\/wp-content\/uploads\/2022\/05\/cropped-brasilnoticias-mini.jpg\",\"contentUrl\":\"https:\/\/brasilnoticias.org\/site\/wp-content\/uploads\/2022\/05\/cropped-brasilnoticias-mini.jpg\",\"width\":314,\"height\":86,\"caption\":\"Brasil not\u00edcias\"},\"image\":{\"@id\":\"https:\/\/brasilnoticias.org\/site\/#\/schema\/logo\/image\/\"}},{\"@type\":\"Person\",\"@id\":\"https:\/\/brasilnoticias.org\/site\/#\/schema\/person\/a0e05b973ec4d15c658d51911e53507b\",\"name\":\"Reda\u00e7\u00e3o\",\"image\":{\"@type\":\"ImageObject\",\"inLanguage\":\"pt-PT\",\"@id\":\"https:\/\/brasilnoticias.org\/site\/#\/schema\/person\/image\/\",\"url\":\"https:\/\/secure.gravatar.com\/avatar\/75d8b050df2de108b08ae78dfb8e374892df24a383c67db9c46a9c604f6aee9c?s=96&d=mm&r=g\",\"contentUrl\":\"https:\/\/secure.gravatar.com\/avatar\/75d8b050df2de108b08ae78dfb8e374892df24a383c67db9c46a9c604f6aee9c?s=96&d=mm&r=g\",\"caption\":\"Reda\u00e7\u00e3o\"},\"sameAs\":[\"https:\/\/brasilnoticias.org\/site\"],\"url\":\"https:\/\/brasilnoticias.org\/site\/author\/fernandozsngmail-com\/\"}]}<\/script>\n<!-- \/ Yoast SEO plugin. -->","yoast_head_json":{"title":"Secret\u00e1rio de Seguran\u00e7a diz que morte no circuito foi um \u201cfato isolado\u201d - Brasil not\u00edcias","robots":{"index":"index","follow":"follow","max-snippet":"max-snippet:-1","max-image-preview":"max-image-preview:large","max-video-preview":"max-video-preview:-1"},"canonical":"https:\/\/brasilnoticias.org\/site\/secretario-de-seguranca-diz-que-morte-no-circuito-foi-um-fato-isolado\/","og_locale":"pt_PT","og_type":"article","og_title":"Secret\u00e1rio de Seguran\u00e7a diz que morte no circuito foi um \u201cfato isolado\u201d - Brasil not\u00edcias","og_description":"O secret\u00e1rio de Seguran\u00e7a P\u00fablica da Bahia, Marcelo Werner, disse que\u00a0a morte de um foli\u00e3o, no circuito Osmar, ocorrida na","og_url":"https:\/\/brasilnoticias.org\/site\/secretario-de-seguranca-diz-que-morte-no-circuito-foi-um-fato-isolado\/","og_site_name":"Brasil not\u00edcias","article_published_time":"2023-02-18T21:30:31+00:00","og_image":[{"width":800,"height":450,"url":"https:\/\/brasilnoticias.org\/site\/wp-content\/uploads\/2023\/02\/whatsapp_image_2023-02-17_at_19.36.14_1_widelg.jpeg","type":"image\/jpeg"}],"author":"Reda\u00e7\u00e3o","twitter_card":"summary_large_image","twitter_misc":{"Escrito por":"Reda\u00e7\u00e3o"},"schema":{"@context":"https:\/\/schema.org","@graph":[{"@type":"Article","@id":"https:\/\/brasilnoticias.org\/site\/secretario-de-seguranca-diz-que-morte-no-circuito-foi-um-fato-isolado\/#article","isPartOf":{"@id":"https:\/\/brasilnoticias.org\/site\/secretario-de-seguranca-diz-que-morte-no-circuito-foi-um-fato-isolado\/"},"author":{"name":"Reda\u00e7\u00e3o","@id":"https:\/\/brasilnoticias.org\/site\/#\/schema\/person\/a0e05b973ec4d15c658d51911e53507b"},"headline":"Secret\u00e1rio de Seguran\u00e7a diz que morte no circuito foi um \u201cfato isolado\u201d","datePublished":"2023-02-18T21:30:31+00:00","mainEntityOfPage":{"@id":"https:\/\/brasilnoticias.org\/site\/secretario-de-seguranca-diz-que-morte-no-circuito-foi-um-fato-isolado\/"},"wordCount":225,"commentCount":0,"publisher":{"@id":"https:\/\/brasilnoticias.org\/site\/#organization"},"image":{"@id":"https:\/\/brasilnoticias.org\/site\/secretario-de-seguranca-diz-que-morte-no-circuito-foi-um-fato-isolado\/#primaryimage"},"thumbnailUrl":"https:\/\/brasilnoticias.org\/site\/wp-content\/uploads\/2023\/02\/whatsapp_image_2023-02-17_at_19.36.14_1_widelg.jpeg","articleSection":["Not\u00edcias","\u00daltimas"],"inLanguage":"pt-PT","potentialAction":[{"@type":"CommentAction","name":"Comment","target":["https:\/\/brasilnoticias.org\/site\/secretario-de-seguranca-diz-que-morte-no-circuito-foi-um-fato-isolado\/#respond"]}]},{"@type":"WebPage","@id":"https:\/\/brasilnoticias.org\/site\/secretario-de-seguranca-diz-que-morte-no-circuito-foi-um-fato-isolado\/","url":"https:\/\/brasilnoticias.org\/site\/secretario-de-seguranca-diz-que-morte-no-circuito-foi-um-fato-isolado\/","name":"Secret\u00e1rio de Seguran\u00e7a diz que morte no circuito foi um \u201cfato isolado\u201d - Brasil not\u00edcias","isPartOf":{"@id":"https:\/\/brasilnoticias.org\/site\/#website"},"primaryImageOfPage":{"@id":"https:\/\/brasilnoticias.org\/site\/secretario-de-seguranca-diz-que-morte-no-circuito-foi-um-fato-isolado\/#primaryimage"},"image":{"@id":"https:\/\/brasilnoticias.org\/site\/secretario-de-seguranca-diz-que-morte-no-circuito-foi-um-fato-isolado\/#primaryimage"},"thumbnailUrl":"https:\/\/brasilnoticias.org\/site\/wp-content\/uploads\/2023\/02\/whatsapp_image_2023-02-17_at_19.36.14_1_widelg.jpeg","datePublished":"2023-02-18T21:30:31+00:00","breadcrumb":{"@id":"https:\/\/brasilnoticias.org\/site\/secretario-de-seguranca-diz-que-morte-no-circuito-foi-um-fato-isolado\/#breadcrumb"},"inLanguage":"pt-PT","potentialAction":[{"@type":"ReadAction","target":["https:\/\/brasilnoticias.org\/site\/secretario-de-seguranca-diz-que-morte-no-circuito-foi-um-fato-isolado\/"]}]},{"@type":"ImageObject","inLanguage":"pt-PT","@id":"https:\/\/brasilnoticias.org\/site\/secretario-de-seguranca-diz-que-morte-no-circuito-foi-um-fato-isolado\/#primaryimage","url":"https:\/\/brasilnoticias.org\/site\/wp-content\/uploads\/2023\/02\/whatsapp_image_2023-02-17_at_19.36.14_1_widelg.jpeg","contentUrl":"https:\/\/brasilnoticias.org\/site\/wp-content\/uploads\/2023\/02\/whatsapp_image_2023-02-17_at_19.36.14_1_widelg.jpeg","width":800,"height":450},{"@type":"BreadcrumbList","@id":"https:\/\/brasilnoticias.org\/site\/secretario-de-seguranca-diz-que-morte-no-circuito-foi-um-fato-isolado\/#breadcrumb","itemListElement":[{"@type":"ListItem","position":1,"name":"In\u00edcio","item":"https:\/\/brasilnoticias.org\/site\/"},{"@type":"ListItem","position":2,"name":"Secret\u00e1rio de Seguran\u00e7a diz que morte no circuito foi um \u201cfato isolado\u201d"}]},{"@type":"WebSite","@id":"https:\/\/brasilnoticias.org\/site\/#website","url":"https:\/\/brasilnoticias.org\/site\/","name":"Brasil not\u00edcias","description":"Brasil not\u00edcias","publisher":{"@id":"https:\/\/brasilnoticias.org\/site\/#organization"},"potentialAction":[{"@type":"SearchAction","target":{"@type":"EntryPoint","urlTemplate":"https:\/\/brasilnoticias.org\/site\/?s={search_term_string}"},"query-input":{"@type":"PropertyValueSpecification","valueRequired":true,"valueName":"search_term_string"}}],"inLanguage":"pt-PT"},{"@type":"Organization","@id":"https:\/\/brasilnoticias.org\/site\/#organization","name":"Brasil not\u00edcias","url":"https:\/\/brasilnoticias.org\/site\/","logo":{"@type":"ImageObject","inLanguage":"pt-PT","@id":"https:\/\/brasilnoticias.org\/site\/#\/schema\/logo\/image\/","url":"https:\/\/brasilnoticias.org\/site\/wp-content\/uploads\/2022\/05\/cropped-brasilnoticias-mini.jpg","contentUrl":"https:\/\/brasilnoticias.org\/site\/wp-content\/uploads\/2022\/05\/cropped-brasilnoticias-mini.jpg","width":314,"height":86,"caption":"Brasil not\u00edcias"},"image":{"@id":"https:\/\/brasilnoticias.org\/site\/#\/schema\/logo\/image\/"}},{"@type":"Person","@id":"https:\/\/brasilnoticias.org\/site\/#\/schema\/person\/a0e05b973ec4d15c658d51911e53507b","name":"Reda\u00e7\u00e3o","image":{"@type":"ImageObject","inLanguage":"pt-PT","@id":"https:\/\/brasilnoticias.org\/site\/#\/schema\/person\/image\/","url":"https:\/\/secure.gravatar.com\/avatar\/75d8b050df2de108b08ae78dfb8e374892df24a383c67db9c46a9c604f6aee9c?s=96&d=mm&r=g","contentUrl":"https:\/\/secure.gravatar.com\/avatar\/75d8b050df2de108b08ae78dfb8e374892df24a383c67db9c46a9c604f6aee9c?s=96&d=mm&r=g","caption":"Reda\u00e7\u00e3o"},"sameAs":["https:\/\/brasilnoticias.org\/site"],"url":"https:\/\/brasilnoticias.org\/site\/author\/fernandozsngmail-com\/"}]}},"_links":{"self":[{"href":"https:\/\/brasilnoticias.org\/site\/wp-json\/wp\/v2\/posts\/4100","targetHints":{"allow":["GET"]}}],"collection":[{"href":"https:\/\/brasilnoticias.org\/site\/wp-json\/wp\/v2\/posts"}],"about":[{"href":"https:\/\/brasilnoticias.org\/site\/wp-json\/wp\/v2\/types\/post"}],"author":[{"embeddable":true,"href":"https:\/\/brasilnoticias.org\/site\/wp-json\/wp\/v2\/users\/1"}],"replies":[{"embeddable":true,"href":"https:\/\/brasilnoticias.org\/site\/wp-json\/wp\/v2\/comments?post=4100"}],"version-history":[{"count":1,"href":"https:\/\/brasilnoticias.org\/site\/wp-json\/wp\/v2\/posts\/4100\/revisions"}],"predecessor-version":[{"id":4102,"href":"https:\/\/brasilnoticias.org\/site\/wp-json\/wp\/v2\/posts\/4100\/revisions\/4102"}],"wp:featuredmedia":[{"embeddable":true,"href":"https:\/\/brasilnoticias.org\/site\/wp-json\/wp\/v2\/media\/4101"}],"wp:attachment":[{"href":"https:\/\/brasilnoticias.org\/site\/wp-json\/wp\/v2\/media?parent=4100"}],"wp:term":[{"taxonomy":"category","embeddable":true,"href":"https:\/\/brasilnoticias.org\/site\/wp-json\/wp\/v2\/categories?post=4100"},{"taxonomy":"post_tag","embeddable":true,"href":"https:\/\/brasilnoticias.org\/site\/wp-json\/wp\/v2\/tags?post=4100"}],"curies":[{"name":"wp","href":"https:\/\/api.w.org\/{rel}","templated":true}]}}