{"id":4129,"date":"2023-02-20T07:30:07","date_gmt":"2023-02-20T10:30:07","guid":{"rendered":"https:\/\/brasilnoticias.org\/site\/?p=4129"},"modified":"2023-02-19T20:03:11","modified_gmt":"2023-02-19T23:03:11","slug":"numero-de-alunos-matriculados-na-rede-estadual-passa-de-700-mil","status":"publish","type":"post","link":"https:\/\/brasilnoticias.org\/site\/numero-de-alunos-matriculados-na-rede-estadual-passa-de-700-mil\/","title":{"rendered":"N\u00famero de alunos matriculados na rede estadual passa de 700 mil"},"content":{"rendered":"<p>A secret\u00e1ria de Educa\u00e7\u00e3o do Estado da Bahia, Ad\u00e9lia Pinheiro, divulgou neste s\u00e1bado (19) o n\u00famero de alunos matriculados na rede estadual de ensino. Segundo a gestora, j\u00e1 s\u00e3o mais 700 mil alunos aptos para cumprir o ano letivo.<\/p>\n<p>\u201cQuero aproveitar a maior festa do planeta para refor\u00e7ar uma mensagem importante: as aulas da rede estadual j\u00e1 come\u00e7aram, mas quem perdeu o prazo da matr\u00edcula ainda pode estudar em uma das nossas escolas em 2023. Nossa meta \u00e9 garantir todo mundo na escola\u201d, disse. \u201cJ\u00e1 temos 703.083 estudantes, mas podemos ter mais de 1 milh\u00e3o e vamos trabalhar para ampliar o n\u00famero atual\u201d, acrescentou.<\/p>\n<p>Ap\u00f3s o per\u00edodo de matr\u00edculas on-line, o Governo iniciou a busca ativa de estudantes nos 417 munic\u00edpios do estado. \u201cEm parceria com a UNICEF, estamos fazendo a Busca Ativa, mas todos podem fazer parte desta grande mobiliza\u00e7\u00e3o, que \u00e9 permanente, ou seja o Carnaval tamb\u00e9m \u00e9 tempo de falar de educa\u00e7\u00e3o. A campanha continua\u201d, pontuou Pinheiro, durante participa\u00e7\u00e3o na Feijoada do Corpo de Bombeiros Militar da Bahia, na tarde deste s\u00e1bado (12), em Salvador.<\/p>\n<p>As aulas recome\u00e7am na pr\u00f3xima quinta-feira (23), e a matr\u00edcula poder\u00e1 ser feita em qualquer escola da rede estadual de ensino. \u201cN\u00e3o tem burocracia. Pais, m\u00e3es ou respons\u00e1veis pelos estudantes devem ir presencialmente \u00e0 escola de sua prefer\u00eancia e garantir a matr\u00edcula\u201d, pontuou Ad\u00e9lia, que projeta um ano de atividades escolares integradas com as fam\u00edlias. \u201cNo \u00faltimo s\u00e1bado, abrimos nossas unidades para o projeto \u2018Encontro da Fam\u00edlia com a Escola\u2019. Acolhemos, dialogamos e apresentamos nossa estrutura e nossos projetos a cerca de 20 mil pais, m\u00e3es e familiares em toda a Bahia. Em breve, lan\u00e7aremos outro projeto, que abrir\u00e1 as escolas aos s\u00e1bados para a comunidade escolar, proporcionando atividades culturais, esportivas e alimenta\u00e7\u00e3o. Teremos um ano especial, com a participa\u00e7\u00e3o de todos que acreditam no poder transformador da educa\u00e7\u00e3o\u201d, concluiu.<\/p>\n<p>Foto e fonte BNews<\/p>\n","protected":false},"excerpt":{"rendered":"<p>A secret\u00e1ria de Educa\u00e7\u00e3o do Estado da Bahia, Ad\u00e9lia Pinheiro, divulgou neste s\u00e1bado (19) o n\u00famero de alunos matriculados na<\/p>\n","protected":false},"author":1,"featured_media":4130,"comment_status":"open","ping_status":"open","sticky":false,"template":"","format":"standard","meta":{"colormag_page_container_layout":"default_layout","colormag_page_sidebar_layout":"default_layout","_FSMCFIC_featured_image_caption":"","_FSMCFIC_featured_image_nocaption":"","_FSMCFIC_featured_image_hide":"","footnotes":""},"categories":[2,1],"tags":[],"class_list":["post-4129","post","type-post","status-publish","format-standard","has-post-thumbnail","hentry","category-noticias","category-ultimas"],"yoast_head":"<!-- This site is optimized with the Yoast SEO plugin v27.1.1 - https:\/\/yoast.com\/product\/yoast-seo-wordpress\/ -->\n<title>N\u00famero de alunos matriculados na rede estadual passa de 700 mil - Brasil not\u00edcias<\/title>\n<meta name=\"robots\" content=\"index, follow, max-snippet:-1, max-image-preview:large, max-video-preview:-1\" \/>\n<link rel=\"canonical\" href=\"https:\/\/brasilnoticias.org\/site\/numero-de-alunos-matriculados-na-rede-estadual-passa-de-700-mil\/\" \/>\n<meta property=\"og:locale\" content=\"pt_PT\" \/>\n<meta property=\"og:type\" content=\"article\" \/>\n<meta property=\"og:title\" content=\"N\u00famero de alunos matriculados na rede estadual passa de 700 mil - Brasil not\u00edcias\" \/>\n<meta property=\"og:description\" content=\"A secret\u00e1ria de Educa\u00e7\u00e3o do Estado da Bahia, Ad\u00e9lia Pinheiro, divulgou neste s\u00e1bado (19) o n\u00famero de alunos matriculados na\" \/>\n<meta property=\"og:url\" content=\"https:\/\/brasilnoticias.org\/site\/numero-de-alunos-matriculados-na-rede-estadual-passa-de-700-mil\/\" \/>\n<meta property=\"og:site_name\" content=\"Brasil not\u00edcias\" \/>\n<meta property=\"article:published_time\" content=\"2023-02-20T10:30:07+00:00\" \/>\n<meta property=\"og:image\" content=\"https:\/\/brasilnoticias.org\/site\/wp-content\/uploads\/2023\/02\/whatsapp_image_2023-02-19_at_10.06.12_widelg.jpeg\" \/>\n\t<meta property=\"og:image:width\" content=\"800\" \/>\n\t<meta property=\"og:image:height\" content=\"450\" \/>\n\t<meta property=\"og:image:type\" content=\"image\/jpeg\" \/>\n<meta name=\"author\" content=\"Reda\u00e7\u00e3o\" \/>\n<meta name=\"twitter:card\" content=\"summary_large_image\" \/>\n<meta name=\"twitter:label1\" content=\"Escrito por\" \/>\n\t<meta name=\"twitter:data1\" content=\"Reda\u00e7\u00e3o\" \/>\n<script type=\"application\/ld+json\" class=\"yoast-schema-graph\">{\"@context\":\"https:\/\/schema.org\",\"@graph\":[{\"@type\":\"Article\",\"@id\":\"https:\/\/brasilnoticias.org\/site\/numero-de-alunos-matriculados-na-rede-estadual-passa-de-700-mil\/#article\",\"isPartOf\":{\"@id\":\"https:\/\/brasilnoticias.org\/site\/numero-de-alunos-matriculados-na-rede-estadual-passa-de-700-mil\/\"},\"author\":{\"name\":\"Reda\u00e7\u00e3o\",\"@id\":\"https:\/\/brasilnoticias.org\/site\/#\/schema\/person\/a0e05b973ec4d15c658d51911e53507b\"},\"headline\":\"N\u00famero de alunos matriculados na rede estadual passa de 700 mil\",\"datePublished\":\"2023-02-20T10:30:07+00:00\",\"mainEntityOfPage\":{\"@id\":\"https:\/\/brasilnoticias.org\/site\/numero-de-alunos-matriculados-na-rede-estadual-passa-de-700-mil\/\"},\"wordCount\":348,\"commentCount\":0,\"publisher\":{\"@id\":\"https:\/\/brasilnoticias.org\/site\/#organization\"},\"image\":{\"@id\":\"https:\/\/brasilnoticias.org\/site\/numero-de-alunos-matriculados-na-rede-estadual-passa-de-700-mil\/#primaryimage\"},\"thumbnailUrl\":\"https:\/\/brasilnoticias.org\/site\/wp-content\/uploads\/2023\/02\/whatsapp_image_2023-02-19_at_10.06.12_widelg.jpeg\",\"articleSection\":[\"Not\u00edcias\",\"\u00daltimas\"],\"inLanguage\":\"pt-PT\",\"potentialAction\":[{\"@type\":\"CommentAction\",\"name\":\"Comment\",\"target\":[\"https:\/\/brasilnoticias.org\/site\/numero-de-alunos-matriculados-na-rede-estadual-passa-de-700-mil\/#respond\"]}]},{\"@type\":\"WebPage\",\"@id\":\"https:\/\/brasilnoticias.org\/site\/numero-de-alunos-matriculados-na-rede-estadual-passa-de-700-mil\/\",\"url\":\"https:\/\/brasilnoticias.org\/site\/numero-de-alunos-matriculados-na-rede-estadual-passa-de-700-mil\/\",\"name\":\"N\u00famero de alunos matriculados na rede estadual passa de 700 mil - Brasil not\u00edcias\",\"isPartOf\":{\"@id\":\"https:\/\/brasilnoticias.org\/site\/#website\"},\"primaryImageOfPage\":{\"@id\":\"https:\/\/brasilnoticias.org\/site\/numero-de-alunos-matriculados-na-rede-estadual-passa-de-700-mil\/#primaryimage\"},\"image\":{\"@id\":\"https:\/\/brasilnoticias.org\/site\/numero-de-alunos-matriculados-na-rede-estadual-passa-de-700-mil\/#primaryimage\"},\"thumbnailUrl\":\"https:\/\/brasilnoticias.org\/site\/wp-content\/uploads\/2023\/02\/whatsapp_image_2023-02-19_at_10.06.12_widelg.jpeg\",\"datePublished\":\"2023-02-20T10:30:07+00:00\",\"breadcrumb\":{\"@id\":\"https:\/\/brasilnoticias.org\/site\/numero-de-alunos-matriculados-na-rede-estadual-passa-de-700-mil\/#breadcrumb\"},\"inLanguage\":\"pt-PT\",\"potentialAction\":[{\"@type\":\"ReadAction\",\"target\":[\"https:\/\/brasilnoticias.org\/site\/numero-de-alunos-matriculados-na-rede-estadual-passa-de-700-mil\/\"]}]},{\"@type\":\"ImageObject\",\"inLanguage\":\"pt-PT\",\"@id\":\"https:\/\/brasilnoticias.org\/site\/numero-de-alunos-matriculados-na-rede-estadual-passa-de-700-mil\/#primaryimage\",\"url\":\"https:\/\/brasilnoticias.org\/site\/wp-content\/uploads\/2023\/02\/whatsapp_image_2023-02-19_at_10.06.12_widelg.jpeg\",\"contentUrl\":\"https:\/\/brasilnoticias.org\/site\/wp-content\/uploads\/2023\/02\/whatsapp_image_2023-02-19_at_10.06.12_widelg.jpeg\",\"width\":800,\"height\":450},{\"@type\":\"BreadcrumbList\",\"@id\":\"https:\/\/brasilnoticias.org\/site\/numero-de-alunos-matriculados-na-rede-estadual-passa-de-700-mil\/#breadcrumb\",\"itemListElement\":[{\"@type\":\"ListItem\",\"position\":1,\"name\":\"In\u00edcio\",\"item\":\"https:\/\/brasilnoticias.org\/site\/\"},{\"@type\":\"ListItem\",\"position\":2,\"name\":\"N\u00famero de alunos matriculados na rede estadual passa de 700 mil\"}]},{\"@type\":\"WebSite\",\"@id\":\"https:\/\/brasilnoticias.org\/site\/#website\",\"url\":\"https:\/\/brasilnoticias.org\/site\/\",\"name\":\"Brasil not\u00edcias\",\"description\":\"Brasil not\u00edcias\",\"publisher\":{\"@id\":\"https:\/\/brasilnoticias.org\/site\/#organization\"},\"potentialAction\":[{\"@type\":\"SearchAction\",\"target\":{\"@type\":\"EntryPoint\",\"urlTemplate\":\"https:\/\/brasilnoticias.org\/site\/?s={search_term_string}\"},\"query-input\":{\"@type\":\"PropertyValueSpecification\",\"valueRequired\":true,\"valueName\":\"search_term_string\"}}],\"inLanguage\":\"pt-PT\"},{\"@type\":\"Organization\",\"@id\":\"https:\/\/brasilnoticias.org\/site\/#organization\",\"name\":\"Brasil not\u00edcias\",\"url\":\"https:\/\/brasilnoticias.org\/site\/\",\"logo\":{\"@type\":\"ImageObject\",\"inLanguage\":\"pt-PT\",\"@id\":\"https:\/\/brasilnoticias.org\/site\/#\/schema\/logo\/image\/\",\"url\":\"https:\/\/brasilnoticias.org\/site\/wp-content\/uploads\/2022\/05\/cropped-brasilnoticias-mini.jpg\",\"contentUrl\":\"https:\/\/brasilnoticias.org\/site\/wp-content\/uploads\/2022\/05\/cropped-brasilnoticias-mini.jpg\",\"width\":314,\"height\":86,\"caption\":\"Brasil not\u00edcias\"},\"image\":{\"@id\":\"https:\/\/brasilnoticias.org\/site\/#\/schema\/logo\/image\/\"}},{\"@type\":\"Person\",\"@id\":\"https:\/\/brasilnoticias.org\/site\/#\/schema\/person\/a0e05b973ec4d15c658d51911e53507b\",\"name\":\"Reda\u00e7\u00e3o\",\"image\":{\"@type\":\"ImageObject\",\"inLanguage\":\"pt-PT\",\"@id\":\"https:\/\/brasilnoticias.org\/site\/#\/schema\/person\/image\/\",\"url\":\"https:\/\/secure.gravatar.com\/avatar\/75d8b050df2de108b08ae78dfb8e374892df24a383c67db9c46a9c604f6aee9c?s=96&d=mm&r=g\",\"contentUrl\":\"https:\/\/secure.gravatar.com\/avatar\/75d8b050df2de108b08ae78dfb8e374892df24a383c67db9c46a9c604f6aee9c?s=96&d=mm&r=g\",\"caption\":\"Reda\u00e7\u00e3o\"},\"sameAs\":[\"https:\/\/brasilnoticias.org\/site\"],\"url\":\"https:\/\/brasilnoticias.org\/site\/author\/fernandozsngmail-com\/\"}]}<\/script>\n<!-- \/ Yoast SEO plugin. -->","yoast_head_json":{"title":"N\u00famero de alunos matriculados na rede estadual passa de 700 mil - Brasil not\u00edcias","robots":{"index":"index","follow":"follow","max-snippet":"max-snippet:-1","max-image-preview":"max-image-preview:large","max-video-preview":"max-video-preview:-1"},"canonical":"https:\/\/brasilnoticias.org\/site\/numero-de-alunos-matriculados-na-rede-estadual-passa-de-700-mil\/","og_locale":"pt_PT","og_type":"article","og_title":"N\u00famero de alunos matriculados na rede estadual passa de 700 mil - Brasil not\u00edcias","og_description":"A secret\u00e1ria de Educa\u00e7\u00e3o do Estado da Bahia, Ad\u00e9lia Pinheiro, divulgou neste s\u00e1bado (19) o n\u00famero de alunos matriculados na","og_url":"https:\/\/brasilnoticias.org\/site\/numero-de-alunos-matriculados-na-rede-estadual-passa-de-700-mil\/","og_site_name":"Brasil not\u00edcias","article_published_time":"2023-02-20T10:30:07+00:00","og_image":[{"width":800,"height":450,"url":"https:\/\/brasilnoticias.org\/site\/wp-content\/uploads\/2023\/02\/whatsapp_image_2023-02-19_at_10.06.12_widelg.jpeg","type":"image\/jpeg"}],"author":"Reda\u00e7\u00e3o","twitter_card":"summary_large_image","twitter_misc":{"Escrito por":"Reda\u00e7\u00e3o"},"schema":{"@context":"https:\/\/schema.org","@graph":[{"@type":"Article","@id":"https:\/\/brasilnoticias.org\/site\/numero-de-alunos-matriculados-na-rede-estadual-passa-de-700-mil\/#article","isPartOf":{"@id":"https:\/\/brasilnoticias.org\/site\/numero-de-alunos-matriculados-na-rede-estadual-passa-de-700-mil\/"},"author":{"name":"Reda\u00e7\u00e3o","@id":"https:\/\/brasilnoticias.org\/site\/#\/schema\/person\/a0e05b973ec4d15c658d51911e53507b"},"headline":"N\u00famero de alunos matriculados na rede estadual passa de 700 mil","datePublished":"2023-02-20T10:30:07+00:00","mainEntityOfPage":{"@id":"https:\/\/brasilnoticias.org\/site\/numero-de-alunos-matriculados-na-rede-estadual-passa-de-700-mil\/"},"wordCount":348,"commentCount":0,"publisher":{"@id":"https:\/\/brasilnoticias.org\/site\/#organization"},"image":{"@id":"https:\/\/brasilnoticias.org\/site\/numero-de-alunos-matriculados-na-rede-estadual-passa-de-700-mil\/#primaryimage"},"thumbnailUrl":"https:\/\/brasilnoticias.org\/site\/wp-content\/uploads\/2023\/02\/whatsapp_image_2023-02-19_at_10.06.12_widelg.jpeg","articleSection":["Not\u00edcias","\u00daltimas"],"inLanguage":"pt-PT","potentialAction":[{"@type":"CommentAction","name":"Comment","target":["https:\/\/brasilnoticias.org\/site\/numero-de-alunos-matriculados-na-rede-estadual-passa-de-700-mil\/#respond"]}]},{"@type":"WebPage","@id":"https:\/\/brasilnoticias.org\/site\/numero-de-alunos-matriculados-na-rede-estadual-passa-de-700-mil\/","url":"https:\/\/brasilnoticias.org\/site\/numero-de-alunos-matriculados-na-rede-estadual-passa-de-700-mil\/","name":"N\u00famero de alunos matriculados na rede estadual passa de 700 mil - Brasil not\u00edcias","isPartOf":{"@id":"https:\/\/brasilnoticias.org\/site\/#website"},"primaryImageOfPage":{"@id":"https:\/\/brasilnoticias.org\/site\/numero-de-alunos-matriculados-na-rede-estadual-passa-de-700-mil\/#primaryimage"},"image":{"@id":"https:\/\/brasilnoticias.org\/site\/numero-de-alunos-matriculados-na-rede-estadual-passa-de-700-mil\/#primaryimage"},"thumbnailUrl":"https:\/\/brasilnoticias.org\/site\/wp-content\/uploads\/2023\/02\/whatsapp_image_2023-02-19_at_10.06.12_widelg.jpeg","datePublished":"2023-02-20T10:30:07+00:00","breadcrumb":{"@id":"https:\/\/brasilnoticias.org\/site\/numero-de-alunos-matriculados-na-rede-estadual-passa-de-700-mil\/#breadcrumb"},"inLanguage":"pt-PT","potentialAction":[{"@type":"ReadAction","target":["https:\/\/brasilnoticias.org\/site\/numero-de-alunos-matriculados-na-rede-estadual-passa-de-700-mil\/"]}]},{"@type":"ImageObject","inLanguage":"pt-PT","@id":"https:\/\/brasilnoticias.org\/site\/numero-de-alunos-matriculados-na-rede-estadual-passa-de-700-mil\/#primaryimage","url":"https:\/\/brasilnoticias.org\/site\/wp-content\/uploads\/2023\/02\/whatsapp_image_2023-02-19_at_10.06.12_widelg.jpeg","contentUrl":"https:\/\/brasilnoticias.org\/site\/wp-content\/uploads\/2023\/02\/whatsapp_image_2023-02-19_at_10.06.12_widelg.jpeg","width":800,"height":450},{"@type":"BreadcrumbList","@id":"https:\/\/brasilnoticias.org\/site\/numero-de-alunos-matriculados-na-rede-estadual-passa-de-700-mil\/#breadcrumb","itemListElement":[{"@type":"ListItem","position":1,"name":"In\u00edcio","item":"https:\/\/brasilnoticias.org\/site\/"},{"@type":"ListItem","position":2,"name":"N\u00famero de alunos matriculados na rede estadual passa de 700 mil"}]},{"@type":"WebSite","@id":"https:\/\/brasilnoticias.org\/site\/#website","url":"https:\/\/brasilnoticias.org\/site\/","name":"Brasil not\u00edcias","description":"Brasil not\u00edcias","publisher":{"@id":"https:\/\/brasilnoticias.org\/site\/#organization"},"potentialAction":[{"@type":"SearchAction","target":{"@type":"EntryPoint","urlTemplate":"https:\/\/brasilnoticias.org\/site\/?s={search_term_string}"},"query-input":{"@type":"PropertyValueSpecification","valueRequired":true,"valueName":"search_term_string"}}],"inLanguage":"pt-PT"},{"@type":"Organization","@id":"https:\/\/brasilnoticias.org\/site\/#organization","name":"Brasil not\u00edcias","url":"https:\/\/brasilnoticias.org\/site\/","logo":{"@type":"ImageObject","inLanguage":"pt-PT","@id":"https:\/\/brasilnoticias.org\/site\/#\/schema\/logo\/image\/","url":"https:\/\/brasilnoticias.org\/site\/wp-content\/uploads\/2022\/05\/cropped-brasilnoticias-mini.jpg","contentUrl":"https:\/\/brasilnoticias.org\/site\/wp-content\/uploads\/2022\/05\/cropped-brasilnoticias-mini.jpg","width":314,"height":86,"caption":"Brasil not\u00edcias"},"image":{"@id":"https:\/\/brasilnoticias.org\/site\/#\/schema\/logo\/image\/"}},{"@type":"Person","@id":"https:\/\/brasilnoticias.org\/site\/#\/schema\/person\/a0e05b973ec4d15c658d51911e53507b","name":"Reda\u00e7\u00e3o","image":{"@type":"ImageObject","inLanguage":"pt-PT","@id":"https:\/\/brasilnoticias.org\/site\/#\/schema\/person\/image\/","url":"https:\/\/secure.gravatar.com\/avatar\/75d8b050df2de108b08ae78dfb8e374892df24a383c67db9c46a9c604f6aee9c?s=96&d=mm&r=g","contentUrl":"https:\/\/secure.gravatar.com\/avatar\/75d8b050df2de108b08ae78dfb8e374892df24a383c67db9c46a9c604f6aee9c?s=96&d=mm&r=g","caption":"Reda\u00e7\u00e3o"},"sameAs":["https:\/\/brasilnoticias.org\/site"],"url":"https:\/\/brasilnoticias.org\/site\/author\/fernandozsngmail-com\/"}]}},"_links":{"self":[{"href":"https:\/\/brasilnoticias.org\/site\/wp-json\/wp\/v2\/posts\/4129","targetHints":{"allow":["GET"]}}],"collection":[{"href":"https:\/\/brasilnoticias.org\/site\/wp-json\/wp\/v2\/posts"}],"about":[{"href":"https:\/\/brasilnoticias.org\/site\/wp-json\/wp\/v2\/types\/post"}],"author":[{"embeddable":true,"href":"https:\/\/brasilnoticias.org\/site\/wp-json\/wp\/v2\/users\/1"}],"replies":[{"embeddable":true,"href":"https:\/\/brasilnoticias.org\/site\/wp-json\/wp\/v2\/comments?post=4129"}],"version-history":[{"count":1,"href":"https:\/\/brasilnoticias.org\/site\/wp-json\/wp\/v2\/posts\/4129\/revisions"}],"predecessor-version":[{"id":4131,"href":"https:\/\/brasilnoticias.org\/site\/wp-json\/wp\/v2\/posts\/4129\/revisions\/4131"}],"wp:featuredmedia":[{"embeddable":true,"href":"https:\/\/brasilnoticias.org\/site\/wp-json\/wp\/v2\/media\/4130"}],"wp:attachment":[{"href":"https:\/\/brasilnoticias.org\/site\/wp-json\/wp\/v2\/media?parent=4129"}],"wp:term":[{"taxonomy":"category","embeddable":true,"href":"https:\/\/brasilnoticias.org\/site\/wp-json\/wp\/v2\/categories?post=4129"},{"taxonomy":"post_tag","embeddable":true,"href":"https:\/\/brasilnoticias.org\/site\/wp-json\/wp\/v2\/tags?post=4129"}],"curies":[{"name":"wp","href":"https:\/\/api.w.org\/{rel}","templated":true}]}}