{"id":4135,"date":"2023-02-19T20:09:42","date_gmt":"2023-02-19T23:09:42","guid":{"rendered":"https:\/\/brasilnoticias.org\/site\/?p=4135"},"modified":"2023-02-19T20:09:42","modified_gmt":"2023-02-19T23:09:42","slug":"vitao-aparece-em-cima-de-trio-de-claudia-leitte-neste-domingo-19-veja-video","status":"publish","type":"post","link":"https:\/\/brasilnoticias.org\/site\/vitao-aparece-em-cima-de-trio-de-claudia-leitte-neste-domingo-19-veja-video\/","title":{"rendered":"Vit\u00e3o aparece em cima de trio de Claudia Leitte neste domingo (19); veja v\u00eddeo"},"content":{"rendered":"<p>O cantor Vit\u00e3o, que ainda n\u00e3o tinha aparecido na folia baiana, foi visto em cima do trio da cantora Claudia Leitte, enquanto a artista puxava o bloco Largadinho, neste domingo (19), quarto dia de folia.<\/p>\n<p>No circuito Dod\u00f4, Vitao estava na frente do trio e, na ocasi\u00e3o, cumprimentou alguns f\u00e3s que estavam na pipoca e no bloco.<\/p>\n<p>O artista j\u00e1 namorou Lu\u00edsa Sonza, que puxou pipoca na sexta-feira (17), mas parece que ele preferiu n\u00e3o ver a loira na folia baiana.<\/p>\n<blockquote class=\"twitter-tweet\">\n<p lang=\"pt\" dir=\"ltr\">Cantor Vitao curte carnaval em cima do trio de Claudia Leitte <a href=\"https:\/\/t.co\/AkOSherNM2\">pic.twitter.com\/AkOSherNM2<\/a><\/p>\n<p>&mdash; bnewsvideos (@bnewsvideos) <a href=\"https:\/\/twitter.com\/bnewsvideos\/status\/1627409848391421952?ref_src=twsrc%5Etfw\">February 19, 2023<\/a><\/p><\/blockquote>\n<p> <script async src=\"https:\/\/platform.twitter.com\/widgets.js\" charset=\"utf-8\"><\/script><\/p>\n<p>Bnews<\/p>\n","protected":false},"excerpt":{"rendered":"<p>O cantor Vit\u00e3o, que ainda n\u00e3o tinha aparecido na folia baiana, foi visto em cima do trio da cantora Claudia<\/p>\n","protected":false},"author":1,"featured_media":4136,"comment_status":"open","ping_status":"open","sticky":false,"template":"","format":"standard","meta":{"colormag_page_container_layout":"default_layout","colormag_page_sidebar_layout":"default_layout","_FSMCFIC_featured_image_caption":"","_FSMCFIC_featured_image_nocaption":"","_FSMCFIC_featured_image_hide":"","footnotes":""},"categories":[2,1],"tags":[],"class_list":["post-4135","post","type-post","status-publish","format-standard","has-post-thumbnail","hentry","category-noticias","category-ultimas"],"yoast_head":"<!-- This site is optimized with the Yoast SEO plugin v27.1.1 - https:\/\/yoast.com\/product\/yoast-seo-wordpress\/ -->\n<title>Vit\u00e3o aparece em cima de trio de Claudia Leitte neste domingo (19); veja v\u00eddeo - Brasil not\u00edcias<\/title>\n<meta name=\"robots\" content=\"index, follow, max-snippet:-1, max-image-preview:large, max-video-preview:-1\" \/>\n<link rel=\"canonical\" href=\"https:\/\/brasilnoticias.org\/site\/vitao-aparece-em-cima-de-trio-de-claudia-leitte-neste-domingo-19-veja-video\/\" \/>\n<meta property=\"og:locale\" content=\"pt_PT\" \/>\n<meta property=\"og:type\" content=\"article\" \/>\n<meta property=\"og:title\" content=\"Vit\u00e3o aparece em cima de trio de Claudia Leitte neste domingo (19); veja v\u00eddeo - Brasil not\u00edcias\" \/>\n<meta property=\"og:description\" content=\"O cantor Vit\u00e3o, que ainda n\u00e3o tinha aparecido na folia baiana, foi visto em cima do trio da cantora Claudia\" \/>\n<meta property=\"og:url\" content=\"https:\/\/brasilnoticias.org\/site\/vitao-aparece-em-cima-de-trio-de-claudia-leitte-neste-domingo-19-veja-video\/\" \/>\n<meta property=\"og:site_name\" content=\"Brasil not\u00edcias\" \/>\n<meta property=\"article:published_time\" content=\"2023-02-19T23:09:42+00:00\" \/>\n<meta property=\"og:image\" content=\"https:\/\/brasilnoticias.org\/site\/wp-content\/uploads\/2023\/02\/captura_de_tela_115_widemd.webp\" \/>\n\t<meta property=\"og:image:width\" content=\"360\" \/>\n\t<meta property=\"og:image:height\" content=\"202\" \/>\n\t<meta property=\"og:image:type\" content=\"image\/webp\" \/>\n<meta name=\"author\" content=\"Reda\u00e7\u00e3o\" \/>\n<meta name=\"twitter:card\" content=\"summary_large_image\" \/>\n<meta name=\"twitter:label1\" content=\"Escrito por\" \/>\n\t<meta name=\"twitter:data1\" content=\"Reda\u00e7\u00e3o\" \/>\n<script type=\"application\/ld+json\" class=\"yoast-schema-graph\">{\"@context\":\"https:\/\/schema.org\",\"@graph\":[{\"@type\":\"Article\",\"@id\":\"https:\/\/brasilnoticias.org\/site\/vitao-aparece-em-cima-de-trio-de-claudia-leitte-neste-domingo-19-veja-video\/#article\",\"isPartOf\":{\"@id\":\"https:\/\/brasilnoticias.org\/site\/vitao-aparece-em-cima-de-trio-de-claudia-leitte-neste-domingo-19-veja-video\/\"},\"author\":{\"name\":\"Reda\u00e7\u00e3o\",\"@id\":\"https:\/\/brasilnoticias.org\/site\/#\/schema\/person\/a0e05b973ec4d15c658d51911e53507b\"},\"headline\":\"Vit\u00e3o aparece em cima de trio de Claudia Leitte neste domingo (19); veja v\u00eddeo\",\"datePublished\":\"2023-02-19T23:09:42+00:00\",\"mainEntityOfPage\":{\"@id\":\"https:\/\/brasilnoticias.org\/site\/vitao-aparece-em-cima-de-trio-de-claudia-leitte-neste-domingo-19-veja-video\/\"},\"wordCount\":120,\"commentCount\":0,\"publisher\":{\"@id\":\"https:\/\/brasilnoticias.org\/site\/#organization\"},\"image\":{\"@id\":\"https:\/\/brasilnoticias.org\/site\/vitao-aparece-em-cima-de-trio-de-claudia-leitte-neste-domingo-19-veja-video\/#primaryimage\"},\"thumbnailUrl\":\"https:\/\/brasilnoticias.org\/site\/wp-content\/uploads\/2023\/02\/captura_de_tela_115_widemd.webp\",\"articleSection\":[\"Not\u00edcias\",\"\u00daltimas\"],\"inLanguage\":\"pt-PT\",\"potentialAction\":[{\"@type\":\"CommentAction\",\"name\":\"Comment\",\"target\":[\"https:\/\/brasilnoticias.org\/site\/vitao-aparece-em-cima-de-trio-de-claudia-leitte-neste-domingo-19-veja-video\/#respond\"]}]},{\"@type\":\"WebPage\",\"@id\":\"https:\/\/brasilnoticias.org\/site\/vitao-aparece-em-cima-de-trio-de-claudia-leitte-neste-domingo-19-veja-video\/\",\"url\":\"https:\/\/brasilnoticias.org\/site\/vitao-aparece-em-cima-de-trio-de-claudia-leitte-neste-domingo-19-veja-video\/\",\"name\":\"Vit\u00e3o aparece em cima de trio de Claudia Leitte neste domingo (19); veja v\u00eddeo - Brasil not\u00edcias\",\"isPartOf\":{\"@id\":\"https:\/\/brasilnoticias.org\/site\/#website\"},\"primaryImageOfPage\":{\"@id\":\"https:\/\/brasilnoticias.org\/site\/vitao-aparece-em-cima-de-trio-de-claudia-leitte-neste-domingo-19-veja-video\/#primaryimage\"},\"image\":{\"@id\":\"https:\/\/brasilnoticias.org\/site\/vitao-aparece-em-cima-de-trio-de-claudia-leitte-neste-domingo-19-veja-video\/#primaryimage\"},\"thumbnailUrl\":\"https:\/\/brasilnoticias.org\/site\/wp-content\/uploads\/2023\/02\/captura_de_tela_115_widemd.webp\",\"datePublished\":\"2023-02-19T23:09:42+00:00\",\"breadcrumb\":{\"@id\":\"https:\/\/brasilnoticias.org\/site\/vitao-aparece-em-cima-de-trio-de-claudia-leitte-neste-domingo-19-veja-video\/#breadcrumb\"},\"inLanguage\":\"pt-PT\",\"potentialAction\":[{\"@type\":\"ReadAction\",\"target\":[\"https:\/\/brasilnoticias.org\/site\/vitao-aparece-em-cima-de-trio-de-claudia-leitte-neste-domingo-19-veja-video\/\"]}]},{\"@type\":\"ImageObject\",\"inLanguage\":\"pt-PT\",\"@id\":\"https:\/\/brasilnoticias.org\/site\/vitao-aparece-em-cima-de-trio-de-claudia-leitte-neste-domingo-19-veja-video\/#primaryimage\",\"url\":\"https:\/\/brasilnoticias.org\/site\/wp-content\/uploads\/2023\/02\/captura_de_tela_115_widemd.webp\",\"contentUrl\":\"https:\/\/brasilnoticias.org\/site\/wp-content\/uploads\/2023\/02\/captura_de_tela_115_widemd.webp\",\"width\":360,\"height\":202},{\"@type\":\"BreadcrumbList\",\"@id\":\"https:\/\/brasilnoticias.org\/site\/vitao-aparece-em-cima-de-trio-de-claudia-leitte-neste-domingo-19-veja-video\/#breadcrumb\",\"itemListElement\":[{\"@type\":\"ListItem\",\"position\":1,\"name\":\"In\u00edcio\",\"item\":\"https:\/\/brasilnoticias.org\/site\/\"},{\"@type\":\"ListItem\",\"position\":2,\"name\":\"Vit\u00e3o aparece em cima de trio de Claudia Leitte neste domingo (19); veja v\u00eddeo\"}]},{\"@type\":\"WebSite\",\"@id\":\"https:\/\/brasilnoticias.org\/site\/#website\",\"url\":\"https:\/\/brasilnoticias.org\/site\/\",\"name\":\"Brasil not\u00edcias\",\"description\":\"Brasil not\u00edcias\",\"publisher\":{\"@id\":\"https:\/\/brasilnoticias.org\/site\/#organization\"},\"potentialAction\":[{\"@type\":\"SearchAction\",\"target\":{\"@type\":\"EntryPoint\",\"urlTemplate\":\"https:\/\/brasilnoticias.org\/site\/?s={search_term_string}\"},\"query-input\":{\"@type\":\"PropertyValueSpecification\",\"valueRequired\":true,\"valueName\":\"search_term_string\"}}],\"inLanguage\":\"pt-PT\"},{\"@type\":\"Organization\",\"@id\":\"https:\/\/brasilnoticias.org\/site\/#organization\",\"name\":\"Brasil not\u00edcias\",\"url\":\"https:\/\/brasilnoticias.org\/site\/\",\"logo\":{\"@type\":\"ImageObject\",\"inLanguage\":\"pt-PT\",\"@id\":\"https:\/\/brasilnoticias.org\/site\/#\/schema\/logo\/image\/\",\"url\":\"https:\/\/brasilnoticias.org\/site\/wp-content\/uploads\/2022\/05\/cropped-brasilnoticias-mini.jpg\",\"contentUrl\":\"https:\/\/brasilnoticias.org\/site\/wp-content\/uploads\/2022\/05\/cropped-brasilnoticias-mini.jpg\",\"width\":314,\"height\":86,\"caption\":\"Brasil not\u00edcias\"},\"image\":{\"@id\":\"https:\/\/brasilnoticias.org\/site\/#\/schema\/logo\/image\/\"}},{\"@type\":\"Person\",\"@id\":\"https:\/\/brasilnoticias.org\/site\/#\/schema\/person\/a0e05b973ec4d15c658d51911e53507b\",\"name\":\"Reda\u00e7\u00e3o\",\"image\":{\"@type\":\"ImageObject\",\"inLanguage\":\"pt-PT\",\"@id\":\"https:\/\/brasilnoticias.org\/site\/#\/schema\/person\/image\/\",\"url\":\"https:\/\/secure.gravatar.com\/avatar\/75d8b050df2de108b08ae78dfb8e374892df24a383c67db9c46a9c604f6aee9c?s=96&d=mm&r=g\",\"contentUrl\":\"https:\/\/secure.gravatar.com\/avatar\/75d8b050df2de108b08ae78dfb8e374892df24a383c67db9c46a9c604f6aee9c?s=96&d=mm&r=g\",\"caption\":\"Reda\u00e7\u00e3o\"},\"sameAs\":[\"https:\/\/brasilnoticias.org\/site\"],\"url\":\"https:\/\/brasilnoticias.org\/site\/author\/fernandozsngmail-com\/\"}]}<\/script>\n<!-- \/ Yoast SEO plugin. -->","yoast_head_json":{"title":"Vit\u00e3o aparece em cima de trio de Claudia Leitte neste domingo (19); veja v\u00eddeo - Brasil not\u00edcias","robots":{"index":"index","follow":"follow","max-snippet":"max-snippet:-1","max-image-preview":"max-image-preview:large","max-video-preview":"max-video-preview:-1"},"canonical":"https:\/\/brasilnoticias.org\/site\/vitao-aparece-em-cima-de-trio-de-claudia-leitte-neste-domingo-19-veja-video\/","og_locale":"pt_PT","og_type":"article","og_title":"Vit\u00e3o aparece em cima de trio de Claudia Leitte neste domingo (19); veja v\u00eddeo - Brasil not\u00edcias","og_description":"O cantor Vit\u00e3o, que ainda n\u00e3o tinha aparecido na folia baiana, foi visto em cima do trio da cantora Claudia","og_url":"https:\/\/brasilnoticias.org\/site\/vitao-aparece-em-cima-de-trio-de-claudia-leitte-neste-domingo-19-veja-video\/","og_site_name":"Brasil not\u00edcias","article_published_time":"2023-02-19T23:09:42+00:00","og_image":[{"width":360,"height":202,"url":"https:\/\/brasilnoticias.org\/site\/wp-content\/uploads\/2023\/02\/captura_de_tela_115_widemd.webp","type":"image\/webp"}],"author":"Reda\u00e7\u00e3o","twitter_card":"summary_large_image","twitter_misc":{"Escrito por":"Reda\u00e7\u00e3o"},"schema":{"@context":"https:\/\/schema.org","@graph":[{"@type":"Article","@id":"https:\/\/brasilnoticias.org\/site\/vitao-aparece-em-cima-de-trio-de-claudia-leitte-neste-domingo-19-veja-video\/#article","isPartOf":{"@id":"https:\/\/brasilnoticias.org\/site\/vitao-aparece-em-cima-de-trio-de-claudia-leitte-neste-domingo-19-veja-video\/"},"author":{"name":"Reda\u00e7\u00e3o","@id":"https:\/\/brasilnoticias.org\/site\/#\/schema\/person\/a0e05b973ec4d15c658d51911e53507b"},"headline":"Vit\u00e3o aparece em cima de trio de Claudia Leitte neste domingo (19); veja v\u00eddeo","datePublished":"2023-02-19T23:09:42+00:00","mainEntityOfPage":{"@id":"https:\/\/brasilnoticias.org\/site\/vitao-aparece-em-cima-de-trio-de-claudia-leitte-neste-domingo-19-veja-video\/"},"wordCount":120,"commentCount":0,"publisher":{"@id":"https:\/\/brasilnoticias.org\/site\/#organization"},"image":{"@id":"https:\/\/brasilnoticias.org\/site\/vitao-aparece-em-cima-de-trio-de-claudia-leitte-neste-domingo-19-veja-video\/#primaryimage"},"thumbnailUrl":"https:\/\/brasilnoticias.org\/site\/wp-content\/uploads\/2023\/02\/captura_de_tela_115_widemd.webp","articleSection":["Not\u00edcias","\u00daltimas"],"inLanguage":"pt-PT","potentialAction":[{"@type":"CommentAction","name":"Comment","target":["https:\/\/brasilnoticias.org\/site\/vitao-aparece-em-cima-de-trio-de-claudia-leitte-neste-domingo-19-veja-video\/#respond"]}]},{"@type":"WebPage","@id":"https:\/\/brasilnoticias.org\/site\/vitao-aparece-em-cima-de-trio-de-claudia-leitte-neste-domingo-19-veja-video\/","url":"https:\/\/brasilnoticias.org\/site\/vitao-aparece-em-cima-de-trio-de-claudia-leitte-neste-domingo-19-veja-video\/","name":"Vit\u00e3o aparece em cima de trio de Claudia Leitte neste domingo (19); veja v\u00eddeo - Brasil not\u00edcias","isPartOf":{"@id":"https:\/\/brasilnoticias.org\/site\/#website"},"primaryImageOfPage":{"@id":"https:\/\/brasilnoticias.org\/site\/vitao-aparece-em-cima-de-trio-de-claudia-leitte-neste-domingo-19-veja-video\/#primaryimage"},"image":{"@id":"https:\/\/brasilnoticias.org\/site\/vitao-aparece-em-cima-de-trio-de-claudia-leitte-neste-domingo-19-veja-video\/#primaryimage"},"thumbnailUrl":"https:\/\/brasilnoticias.org\/site\/wp-content\/uploads\/2023\/02\/captura_de_tela_115_widemd.webp","datePublished":"2023-02-19T23:09:42+00:00","breadcrumb":{"@id":"https:\/\/brasilnoticias.org\/site\/vitao-aparece-em-cima-de-trio-de-claudia-leitte-neste-domingo-19-veja-video\/#breadcrumb"},"inLanguage":"pt-PT","potentialAction":[{"@type":"ReadAction","target":["https:\/\/brasilnoticias.org\/site\/vitao-aparece-em-cima-de-trio-de-claudia-leitte-neste-domingo-19-veja-video\/"]}]},{"@type":"ImageObject","inLanguage":"pt-PT","@id":"https:\/\/brasilnoticias.org\/site\/vitao-aparece-em-cima-de-trio-de-claudia-leitte-neste-domingo-19-veja-video\/#primaryimage","url":"https:\/\/brasilnoticias.org\/site\/wp-content\/uploads\/2023\/02\/captura_de_tela_115_widemd.webp","contentUrl":"https:\/\/brasilnoticias.org\/site\/wp-content\/uploads\/2023\/02\/captura_de_tela_115_widemd.webp","width":360,"height":202},{"@type":"BreadcrumbList","@id":"https:\/\/brasilnoticias.org\/site\/vitao-aparece-em-cima-de-trio-de-claudia-leitte-neste-domingo-19-veja-video\/#breadcrumb","itemListElement":[{"@type":"ListItem","position":1,"name":"In\u00edcio","item":"https:\/\/brasilnoticias.org\/site\/"},{"@type":"ListItem","position":2,"name":"Vit\u00e3o aparece em cima de trio de Claudia Leitte neste domingo (19); veja v\u00eddeo"}]},{"@type":"WebSite","@id":"https:\/\/brasilnoticias.org\/site\/#website","url":"https:\/\/brasilnoticias.org\/site\/","name":"Brasil not\u00edcias","description":"Brasil not\u00edcias","publisher":{"@id":"https:\/\/brasilnoticias.org\/site\/#organization"},"potentialAction":[{"@type":"SearchAction","target":{"@type":"EntryPoint","urlTemplate":"https:\/\/brasilnoticias.org\/site\/?s={search_term_string}"},"query-input":{"@type":"PropertyValueSpecification","valueRequired":true,"valueName":"search_term_string"}}],"inLanguage":"pt-PT"},{"@type":"Organization","@id":"https:\/\/brasilnoticias.org\/site\/#organization","name":"Brasil not\u00edcias","url":"https:\/\/brasilnoticias.org\/site\/","logo":{"@type":"ImageObject","inLanguage":"pt-PT","@id":"https:\/\/brasilnoticias.org\/site\/#\/schema\/logo\/image\/","url":"https:\/\/brasilnoticias.org\/site\/wp-content\/uploads\/2022\/05\/cropped-brasilnoticias-mini.jpg","contentUrl":"https:\/\/brasilnoticias.org\/site\/wp-content\/uploads\/2022\/05\/cropped-brasilnoticias-mini.jpg","width":314,"height":86,"caption":"Brasil not\u00edcias"},"image":{"@id":"https:\/\/brasilnoticias.org\/site\/#\/schema\/logo\/image\/"}},{"@type":"Person","@id":"https:\/\/brasilnoticias.org\/site\/#\/schema\/person\/a0e05b973ec4d15c658d51911e53507b","name":"Reda\u00e7\u00e3o","image":{"@type":"ImageObject","inLanguage":"pt-PT","@id":"https:\/\/brasilnoticias.org\/site\/#\/schema\/person\/image\/","url":"https:\/\/secure.gravatar.com\/avatar\/75d8b050df2de108b08ae78dfb8e374892df24a383c67db9c46a9c604f6aee9c?s=96&d=mm&r=g","contentUrl":"https:\/\/secure.gravatar.com\/avatar\/75d8b050df2de108b08ae78dfb8e374892df24a383c67db9c46a9c604f6aee9c?s=96&d=mm&r=g","caption":"Reda\u00e7\u00e3o"},"sameAs":["https:\/\/brasilnoticias.org\/site"],"url":"https:\/\/brasilnoticias.org\/site\/author\/fernandozsngmail-com\/"}]}},"_links":{"self":[{"href":"https:\/\/brasilnoticias.org\/site\/wp-json\/wp\/v2\/posts\/4135","targetHints":{"allow":["GET"]}}],"collection":[{"href":"https:\/\/brasilnoticias.org\/site\/wp-json\/wp\/v2\/posts"}],"about":[{"href":"https:\/\/brasilnoticias.org\/site\/wp-json\/wp\/v2\/types\/post"}],"author":[{"embeddable":true,"href":"https:\/\/brasilnoticias.org\/site\/wp-json\/wp\/v2\/users\/1"}],"replies":[{"embeddable":true,"href":"https:\/\/brasilnoticias.org\/site\/wp-json\/wp\/v2\/comments?post=4135"}],"version-history":[{"count":1,"href":"https:\/\/brasilnoticias.org\/site\/wp-json\/wp\/v2\/posts\/4135\/revisions"}],"predecessor-version":[{"id":4137,"href":"https:\/\/brasilnoticias.org\/site\/wp-json\/wp\/v2\/posts\/4135\/revisions\/4137"}],"wp:featuredmedia":[{"embeddable":true,"href":"https:\/\/brasilnoticias.org\/site\/wp-json\/wp\/v2\/media\/4136"}],"wp:attachment":[{"href":"https:\/\/brasilnoticias.org\/site\/wp-json\/wp\/v2\/media?parent=4135"}],"wp:term":[{"taxonomy":"category","embeddable":true,"href":"https:\/\/brasilnoticias.org\/site\/wp-json\/wp\/v2\/categories?post=4135"},{"taxonomy":"post_tag","embeddable":true,"href":"https:\/\/brasilnoticias.org\/site\/wp-json\/wp\/v2\/tags?post=4135"}],"curies":[{"name":"wp","href":"https:\/\/api.w.org\/{rel}","templated":true}]}}