{"id":4142,"date":"2023-02-20T18:00:16","date_gmt":"2023-02-20T21:00:16","guid":{"rendered":"https:\/\/brasilnoticias.org\/site\/?p=4142"},"modified":"2023-02-20T17:25:27","modified_gmt":"2023-02-20T20:25:27","slug":"autoridades-apreendem-facao-seis-peixeiras-e-uma-algema-no-carnaval-de-salvador","status":"publish","type":"post","link":"https:\/\/brasilnoticias.org\/site\/autoridades-apreendem-facao-seis-peixeiras-e-uma-algema-no-carnaval-de-salvador\/","title":{"rendered":"Autoridades apreendem fac\u00e3o, seis peixeiras e uma algema no Carnaval de Salvador"},"content":{"rendered":"<p>A pol\u00edcia apreendeu um fac\u00e3o, seis peixeiras, uma algema, diversas facas de serra e dezenas de outros itens que acabaram chegando aos circuitos do Carnaval de Salvador por meio dos foli\u00f5es, no domingo (19). Tamb\u00e9m foram achados garfos, facas menores, estiletes, tesouras, alicates de obra e de unha, chaves de fendas, canivete, abridores de latas, soca rolha, barras de ferro, palitos de churrasco e mais.<\/p>\n<p>Segundo o secret\u00e1rio da Seguran\u00e7a P\u00fablica, Marcelo Werner, estes objetos s\u00e3o armas e podem machucar os foli\u00f5es. &#8220;Pedimos a coopera\u00e7\u00e3o de todos, que n\u00e3o tragam estes itens \u00e0 folia. J\u00e1 apreendemos de tudo, mas infelizmente as pessoas continuam trazendo armas aos circuitos da festa&#8221;, salientou.<\/p>\n<p>O titular da SSP lembrou ainda que j\u00e1 foram apreendidos pistola, simulacros e at\u00e9 mesmo uma espada com bainha em alto relevo. Os 42 Portais foram instalados nos pontos de acesso ao evento e s\u00e3o equipados com c\u00e2meras do Sistema de Reconhecimento Facial.<\/p>\n<p>Foto Divulga\u00e7\u00e3o\/ SSP<br \/>\nBnews<\/p>\n","protected":false},"excerpt":{"rendered":"<p>A pol\u00edcia apreendeu um fac\u00e3o, seis peixeiras, uma algema, diversas facas de serra e dezenas de outros itens que acabaram<\/p>\n","protected":false},"author":1,"featured_media":4143,"comment_status":"open","ping_status":"open","sticky":false,"template":"","format":"standard","meta":{"colormag_page_container_layout":"default_layout","colormag_page_sidebar_layout":"default_layout","_FSMCFIC_featured_image_caption":"","_FSMCFIC_featured_image_nocaption":"","_FSMCFIC_featured_image_hide":"","footnotes":""},"categories":[3,1],"tags":[],"class_list":["post-4142","post","type-post","status-publish","format-standard","has-post-thumbnail","hentry","category-policia","category-ultimas"],"yoast_head":"<!-- This site is optimized with the Yoast SEO plugin v27.1.1 - https:\/\/yoast.com\/product\/yoast-seo-wordpress\/ -->\n<title>Autoridades apreendem fac\u00e3o, seis peixeiras e uma algema no Carnaval de Salvador - Brasil not\u00edcias<\/title>\n<meta name=\"robots\" content=\"index, follow, max-snippet:-1, max-image-preview:large, max-video-preview:-1\" \/>\n<link rel=\"canonical\" href=\"https:\/\/brasilnoticias.org\/site\/autoridades-apreendem-facao-seis-peixeiras-e-uma-algema-no-carnaval-de-salvador\/\" \/>\n<meta property=\"og:locale\" content=\"pt_PT\" \/>\n<meta property=\"og:type\" content=\"article\" \/>\n<meta property=\"og:title\" content=\"Autoridades apreendem fac\u00e3o, seis peixeiras e uma algema no Carnaval de Salvador - Brasil not\u00edcias\" \/>\n<meta property=\"og:description\" content=\"A pol\u00edcia apreendeu um fac\u00e3o, seis peixeiras, uma algema, diversas facas de serra e dezenas de outros itens que acabaram\" \/>\n<meta property=\"og:url\" content=\"https:\/\/brasilnoticias.org\/site\/autoridades-apreendem-facao-seis-peixeiras-e-uma-algema-no-carnaval-de-salvador\/\" \/>\n<meta property=\"og:site_name\" content=\"Brasil not\u00edcias\" \/>\n<meta property=\"article:published_time\" content=\"2023-02-20T21:00:16+00:00\" \/>\n<meta property=\"og:image\" content=\"https:\/\/brasilnoticias.org\/site\/wp-content\/uploads\/2023\/02\/whatsapp_image_2023-02-20_at_11.02.05_1_widelg.jpeg\" \/>\n\t<meta property=\"og:image:width\" content=\"800\" \/>\n\t<meta property=\"og:image:height\" content=\"450\" \/>\n\t<meta property=\"og:image:type\" content=\"image\/jpeg\" \/>\n<meta name=\"author\" content=\"Reda\u00e7\u00e3o\" \/>\n<meta name=\"twitter:card\" content=\"summary_large_image\" \/>\n<meta name=\"twitter:label1\" content=\"Escrito por\" \/>\n\t<meta name=\"twitter:data1\" content=\"Reda\u00e7\u00e3o\" \/>\n<script type=\"application\/ld+json\" class=\"yoast-schema-graph\">{\"@context\":\"https:\/\/schema.org\",\"@graph\":[{\"@type\":\"Article\",\"@id\":\"https:\/\/brasilnoticias.org\/site\/autoridades-apreendem-facao-seis-peixeiras-e-uma-algema-no-carnaval-de-salvador\/#article\",\"isPartOf\":{\"@id\":\"https:\/\/brasilnoticias.org\/site\/autoridades-apreendem-facao-seis-peixeiras-e-uma-algema-no-carnaval-de-salvador\/\"},\"author\":{\"name\":\"Reda\u00e7\u00e3o\",\"@id\":\"https:\/\/brasilnoticias.org\/site\/#\/schema\/person\/a0e05b973ec4d15c658d51911e53507b\"},\"headline\":\"Autoridades apreendem fac\u00e3o, seis peixeiras e uma algema no Carnaval de Salvador\",\"datePublished\":\"2023-02-20T21:00:16+00:00\",\"mainEntityOfPage\":{\"@id\":\"https:\/\/brasilnoticias.org\/site\/autoridades-apreendem-facao-seis-peixeiras-e-uma-algema-no-carnaval-de-salvador\/\"},\"wordCount\":181,\"commentCount\":0,\"publisher\":{\"@id\":\"https:\/\/brasilnoticias.org\/site\/#organization\"},\"image\":{\"@id\":\"https:\/\/brasilnoticias.org\/site\/autoridades-apreendem-facao-seis-peixeiras-e-uma-algema-no-carnaval-de-salvador\/#primaryimage\"},\"thumbnailUrl\":\"https:\/\/brasilnoticias.org\/site\/wp-content\/uploads\/2023\/02\/whatsapp_image_2023-02-20_at_11.02.05_1_widelg.jpeg\",\"articleSection\":[\"Pol\u00edcia\",\"\u00daltimas\"],\"inLanguage\":\"pt-PT\",\"potentialAction\":[{\"@type\":\"CommentAction\",\"name\":\"Comment\",\"target\":[\"https:\/\/brasilnoticias.org\/site\/autoridades-apreendem-facao-seis-peixeiras-e-uma-algema-no-carnaval-de-salvador\/#respond\"]}]},{\"@type\":\"WebPage\",\"@id\":\"https:\/\/brasilnoticias.org\/site\/autoridades-apreendem-facao-seis-peixeiras-e-uma-algema-no-carnaval-de-salvador\/\",\"url\":\"https:\/\/brasilnoticias.org\/site\/autoridades-apreendem-facao-seis-peixeiras-e-uma-algema-no-carnaval-de-salvador\/\",\"name\":\"Autoridades apreendem fac\u00e3o, seis peixeiras e uma algema no Carnaval de Salvador - Brasil not\u00edcias\",\"isPartOf\":{\"@id\":\"https:\/\/brasilnoticias.org\/site\/#website\"},\"primaryImageOfPage\":{\"@id\":\"https:\/\/brasilnoticias.org\/site\/autoridades-apreendem-facao-seis-peixeiras-e-uma-algema-no-carnaval-de-salvador\/#primaryimage\"},\"image\":{\"@id\":\"https:\/\/brasilnoticias.org\/site\/autoridades-apreendem-facao-seis-peixeiras-e-uma-algema-no-carnaval-de-salvador\/#primaryimage\"},\"thumbnailUrl\":\"https:\/\/brasilnoticias.org\/site\/wp-content\/uploads\/2023\/02\/whatsapp_image_2023-02-20_at_11.02.05_1_widelg.jpeg\",\"datePublished\":\"2023-02-20T21:00:16+00:00\",\"breadcrumb\":{\"@id\":\"https:\/\/brasilnoticias.org\/site\/autoridades-apreendem-facao-seis-peixeiras-e-uma-algema-no-carnaval-de-salvador\/#breadcrumb\"},\"inLanguage\":\"pt-PT\",\"potentialAction\":[{\"@type\":\"ReadAction\",\"target\":[\"https:\/\/brasilnoticias.org\/site\/autoridades-apreendem-facao-seis-peixeiras-e-uma-algema-no-carnaval-de-salvador\/\"]}]},{\"@type\":\"ImageObject\",\"inLanguage\":\"pt-PT\",\"@id\":\"https:\/\/brasilnoticias.org\/site\/autoridades-apreendem-facao-seis-peixeiras-e-uma-algema-no-carnaval-de-salvador\/#primaryimage\",\"url\":\"https:\/\/brasilnoticias.org\/site\/wp-content\/uploads\/2023\/02\/whatsapp_image_2023-02-20_at_11.02.05_1_widelg.jpeg\",\"contentUrl\":\"https:\/\/brasilnoticias.org\/site\/wp-content\/uploads\/2023\/02\/whatsapp_image_2023-02-20_at_11.02.05_1_widelg.jpeg\",\"width\":800,\"height\":450},{\"@type\":\"BreadcrumbList\",\"@id\":\"https:\/\/brasilnoticias.org\/site\/autoridades-apreendem-facao-seis-peixeiras-e-uma-algema-no-carnaval-de-salvador\/#breadcrumb\",\"itemListElement\":[{\"@type\":\"ListItem\",\"position\":1,\"name\":\"In\u00edcio\",\"item\":\"https:\/\/brasilnoticias.org\/site\/\"},{\"@type\":\"ListItem\",\"position\":2,\"name\":\"Autoridades apreendem fac\u00e3o, seis peixeiras e uma algema no Carnaval de Salvador\"}]},{\"@type\":\"WebSite\",\"@id\":\"https:\/\/brasilnoticias.org\/site\/#website\",\"url\":\"https:\/\/brasilnoticias.org\/site\/\",\"name\":\"Brasil not\u00edcias\",\"description\":\"Brasil not\u00edcias\",\"publisher\":{\"@id\":\"https:\/\/brasilnoticias.org\/site\/#organization\"},\"potentialAction\":[{\"@type\":\"SearchAction\",\"target\":{\"@type\":\"EntryPoint\",\"urlTemplate\":\"https:\/\/brasilnoticias.org\/site\/?s={search_term_string}\"},\"query-input\":{\"@type\":\"PropertyValueSpecification\",\"valueRequired\":true,\"valueName\":\"search_term_string\"}}],\"inLanguage\":\"pt-PT\"},{\"@type\":\"Organization\",\"@id\":\"https:\/\/brasilnoticias.org\/site\/#organization\",\"name\":\"Brasil not\u00edcias\",\"url\":\"https:\/\/brasilnoticias.org\/site\/\",\"logo\":{\"@type\":\"ImageObject\",\"inLanguage\":\"pt-PT\",\"@id\":\"https:\/\/brasilnoticias.org\/site\/#\/schema\/logo\/image\/\",\"url\":\"https:\/\/brasilnoticias.org\/site\/wp-content\/uploads\/2022\/05\/cropped-brasilnoticias-mini.jpg\",\"contentUrl\":\"https:\/\/brasilnoticias.org\/site\/wp-content\/uploads\/2022\/05\/cropped-brasilnoticias-mini.jpg\",\"width\":314,\"height\":86,\"caption\":\"Brasil not\u00edcias\"},\"image\":{\"@id\":\"https:\/\/brasilnoticias.org\/site\/#\/schema\/logo\/image\/\"}},{\"@type\":\"Person\",\"@id\":\"https:\/\/brasilnoticias.org\/site\/#\/schema\/person\/a0e05b973ec4d15c658d51911e53507b\",\"name\":\"Reda\u00e7\u00e3o\",\"image\":{\"@type\":\"ImageObject\",\"inLanguage\":\"pt-PT\",\"@id\":\"https:\/\/brasilnoticias.org\/site\/#\/schema\/person\/image\/\",\"url\":\"https:\/\/secure.gravatar.com\/avatar\/75d8b050df2de108b08ae78dfb8e374892df24a383c67db9c46a9c604f6aee9c?s=96&d=mm&r=g\",\"contentUrl\":\"https:\/\/secure.gravatar.com\/avatar\/75d8b050df2de108b08ae78dfb8e374892df24a383c67db9c46a9c604f6aee9c?s=96&d=mm&r=g\",\"caption\":\"Reda\u00e7\u00e3o\"},\"sameAs\":[\"https:\/\/brasilnoticias.org\/site\"],\"url\":\"https:\/\/brasilnoticias.org\/site\/author\/fernandozsngmail-com\/\"}]}<\/script>\n<!-- \/ Yoast SEO plugin. -->","yoast_head_json":{"title":"Autoridades apreendem fac\u00e3o, seis peixeiras e uma algema no Carnaval de Salvador - Brasil not\u00edcias","robots":{"index":"index","follow":"follow","max-snippet":"max-snippet:-1","max-image-preview":"max-image-preview:large","max-video-preview":"max-video-preview:-1"},"canonical":"https:\/\/brasilnoticias.org\/site\/autoridades-apreendem-facao-seis-peixeiras-e-uma-algema-no-carnaval-de-salvador\/","og_locale":"pt_PT","og_type":"article","og_title":"Autoridades apreendem fac\u00e3o, seis peixeiras e uma algema no Carnaval de Salvador - Brasil not\u00edcias","og_description":"A pol\u00edcia apreendeu um fac\u00e3o, seis peixeiras, uma algema, diversas facas de serra e dezenas de outros itens que acabaram","og_url":"https:\/\/brasilnoticias.org\/site\/autoridades-apreendem-facao-seis-peixeiras-e-uma-algema-no-carnaval-de-salvador\/","og_site_name":"Brasil not\u00edcias","article_published_time":"2023-02-20T21:00:16+00:00","og_image":[{"width":800,"height":450,"url":"https:\/\/brasilnoticias.org\/site\/wp-content\/uploads\/2023\/02\/whatsapp_image_2023-02-20_at_11.02.05_1_widelg.jpeg","type":"image\/jpeg"}],"author":"Reda\u00e7\u00e3o","twitter_card":"summary_large_image","twitter_misc":{"Escrito por":"Reda\u00e7\u00e3o"},"schema":{"@context":"https:\/\/schema.org","@graph":[{"@type":"Article","@id":"https:\/\/brasilnoticias.org\/site\/autoridades-apreendem-facao-seis-peixeiras-e-uma-algema-no-carnaval-de-salvador\/#article","isPartOf":{"@id":"https:\/\/brasilnoticias.org\/site\/autoridades-apreendem-facao-seis-peixeiras-e-uma-algema-no-carnaval-de-salvador\/"},"author":{"name":"Reda\u00e7\u00e3o","@id":"https:\/\/brasilnoticias.org\/site\/#\/schema\/person\/a0e05b973ec4d15c658d51911e53507b"},"headline":"Autoridades apreendem fac\u00e3o, seis peixeiras e uma algema no Carnaval de Salvador","datePublished":"2023-02-20T21:00:16+00:00","mainEntityOfPage":{"@id":"https:\/\/brasilnoticias.org\/site\/autoridades-apreendem-facao-seis-peixeiras-e-uma-algema-no-carnaval-de-salvador\/"},"wordCount":181,"commentCount":0,"publisher":{"@id":"https:\/\/brasilnoticias.org\/site\/#organization"},"image":{"@id":"https:\/\/brasilnoticias.org\/site\/autoridades-apreendem-facao-seis-peixeiras-e-uma-algema-no-carnaval-de-salvador\/#primaryimage"},"thumbnailUrl":"https:\/\/brasilnoticias.org\/site\/wp-content\/uploads\/2023\/02\/whatsapp_image_2023-02-20_at_11.02.05_1_widelg.jpeg","articleSection":["Pol\u00edcia","\u00daltimas"],"inLanguage":"pt-PT","potentialAction":[{"@type":"CommentAction","name":"Comment","target":["https:\/\/brasilnoticias.org\/site\/autoridades-apreendem-facao-seis-peixeiras-e-uma-algema-no-carnaval-de-salvador\/#respond"]}]},{"@type":"WebPage","@id":"https:\/\/brasilnoticias.org\/site\/autoridades-apreendem-facao-seis-peixeiras-e-uma-algema-no-carnaval-de-salvador\/","url":"https:\/\/brasilnoticias.org\/site\/autoridades-apreendem-facao-seis-peixeiras-e-uma-algema-no-carnaval-de-salvador\/","name":"Autoridades apreendem fac\u00e3o, seis peixeiras e uma algema no Carnaval de Salvador - Brasil not\u00edcias","isPartOf":{"@id":"https:\/\/brasilnoticias.org\/site\/#website"},"primaryImageOfPage":{"@id":"https:\/\/brasilnoticias.org\/site\/autoridades-apreendem-facao-seis-peixeiras-e-uma-algema-no-carnaval-de-salvador\/#primaryimage"},"image":{"@id":"https:\/\/brasilnoticias.org\/site\/autoridades-apreendem-facao-seis-peixeiras-e-uma-algema-no-carnaval-de-salvador\/#primaryimage"},"thumbnailUrl":"https:\/\/brasilnoticias.org\/site\/wp-content\/uploads\/2023\/02\/whatsapp_image_2023-02-20_at_11.02.05_1_widelg.jpeg","datePublished":"2023-02-20T21:00:16+00:00","breadcrumb":{"@id":"https:\/\/brasilnoticias.org\/site\/autoridades-apreendem-facao-seis-peixeiras-e-uma-algema-no-carnaval-de-salvador\/#breadcrumb"},"inLanguage":"pt-PT","potentialAction":[{"@type":"ReadAction","target":["https:\/\/brasilnoticias.org\/site\/autoridades-apreendem-facao-seis-peixeiras-e-uma-algema-no-carnaval-de-salvador\/"]}]},{"@type":"ImageObject","inLanguage":"pt-PT","@id":"https:\/\/brasilnoticias.org\/site\/autoridades-apreendem-facao-seis-peixeiras-e-uma-algema-no-carnaval-de-salvador\/#primaryimage","url":"https:\/\/brasilnoticias.org\/site\/wp-content\/uploads\/2023\/02\/whatsapp_image_2023-02-20_at_11.02.05_1_widelg.jpeg","contentUrl":"https:\/\/brasilnoticias.org\/site\/wp-content\/uploads\/2023\/02\/whatsapp_image_2023-02-20_at_11.02.05_1_widelg.jpeg","width":800,"height":450},{"@type":"BreadcrumbList","@id":"https:\/\/brasilnoticias.org\/site\/autoridades-apreendem-facao-seis-peixeiras-e-uma-algema-no-carnaval-de-salvador\/#breadcrumb","itemListElement":[{"@type":"ListItem","position":1,"name":"In\u00edcio","item":"https:\/\/brasilnoticias.org\/site\/"},{"@type":"ListItem","position":2,"name":"Autoridades apreendem fac\u00e3o, seis peixeiras e uma algema no Carnaval de Salvador"}]},{"@type":"WebSite","@id":"https:\/\/brasilnoticias.org\/site\/#website","url":"https:\/\/brasilnoticias.org\/site\/","name":"Brasil not\u00edcias","description":"Brasil not\u00edcias","publisher":{"@id":"https:\/\/brasilnoticias.org\/site\/#organization"},"potentialAction":[{"@type":"SearchAction","target":{"@type":"EntryPoint","urlTemplate":"https:\/\/brasilnoticias.org\/site\/?s={search_term_string}"},"query-input":{"@type":"PropertyValueSpecification","valueRequired":true,"valueName":"search_term_string"}}],"inLanguage":"pt-PT"},{"@type":"Organization","@id":"https:\/\/brasilnoticias.org\/site\/#organization","name":"Brasil not\u00edcias","url":"https:\/\/brasilnoticias.org\/site\/","logo":{"@type":"ImageObject","inLanguage":"pt-PT","@id":"https:\/\/brasilnoticias.org\/site\/#\/schema\/logo\/image\/","url":"https:\/\/brasilnoticias.org\/site\/wp-content\/uploads\/2022\/05\/cropped-brasilnoticias-mini.jpg","contentUrl":"https:\/\/brasilnoticias.org\/site\/wp-content\/uploads\/2022\/05\/cropped-brasilnoticias-mini.jpg","width":314,"height":86,"caption":"Brasil not\u00edcias"},"image":{"@id":"https:\/\/brasilnoticias.org\/site\/#\/schema\/logo\/image\/"}},{"@type":"Person","@id":"https:\/\/brasilnoticias.org\/site\/#\/schema\/person\/a0e05b973ec4d15c658d51911e53507b","name":"Reda\u00e7\u00e3o","image":{"@type":"ImageObject","inLanguage":"pt-PT","@id":"https:\/\/brasilnoticias.org\/site\/#\/schema\/person\/image\/","url":"https:\/\/secure.gravatar.com\/avatar\/75d8b050df2de108b08ae78dfb8e374892df24a383c67db9c46a9c604f6aee9c?s=96&d=mm&r=g","contentUrl":"https:\/\/secure.gravatar.com\/avatar\/75d8b050df2de108b08ae78dfb8e374892df24a383c67db9c46a9c604f6aee9c?s=96&d=mm&r=g","caption":"Reda\u00e7\u00e3o"},"sameAs":["https:\/\/brasilnoticias.org\/site"],"url":"https:\/\/brasilnoticias.org\/site\/author\/fernandozsngmail-com\/"}]}},"_links":{"self":[{"href":"https:\/\/brasilnoticias.org\/site\/wp-json\/wp\/v2\/posts\/4142","targetHints":{"allow":["GET"]}}],"collection":[{"href":"https:\/\/brasilnoticias.org\/site\/wp-json\/wp\/v2\/posts"}],"about":[{"href":"https:\/\/brasilnoticias.org\/site\/wp-json\/wp\/v2\/types\/post"}],"author":[{"embeddable":true,"href":"https:\/\/brasilnoticias.org\/site\/wp-json\/wp\/v2\/users\/1"}],"replies":[{"embeddable":true,"href":"https:\/\/brasilnoticias.org\/site\/wp-json\/wp\/v2\/comments?post=4142"}],"version-history":[{"count":1,"href":"https:\/\/brasilnoticias.org\/site\/wp-json\/wp\/v2\/posts\/4142\/revisions"}],"predecessor-version":[{"id":4144,"href":"https:\/\/brasilnoticias.org\/site\/wp-json\/wp\/v2\/posts\/4142\/revisions\/4144"}],"wp:featuredmedia":[{"embeddable":true,"href":"https:\/\/brasilnoticias.org\/site\/wp-json\/wp\/v2\/media\/4143"}],"wp:attachment":[{"href":"https:\/\/brasilnoticias.org\/site\/wp-json\/wp\/v2\/media?parent=4142"}],"wp:term":[{"taxonomy":"category","embeddable":true,"href":"https:\/\/brasilnoticias.org\/site\/wp-json\/wp\/v2\/categories?post=4142"},{"taxonomy":"post_tag","embeddable":true,"href":"https:\/\/brasilnoticias.org\/site\/wp-json\/wp\/v2\/tags?post=4142"}],"curies":[{"name":"wp","href":"https:\/\/api.w.org\/{rel}","templated":true}]}}