{"id":4149,"date":"2023-02-20T18:20:36","date_gmt":"2023-02-20T21:20:36","guid":{"rendered":"https:\/\/brasilnoticias.org\/site\/?p=4149"},"modified":"2023-02-20T17:38:55","modified_gmt":"2023-02-20T20:38:55","slug":"bahia-oficializa-saida-de-caio-vidal-atleta-acerta-com-clube-europeu","status":"publish","type":"post","link":"https:\/\/brasilnoticias.org\/site\/bahia-oficializa-saida-de-caio-vidal-atleta-acerta-com-clube-europeu\/","title":{"rendered":"Bahia oficializa sa\u00edda de Caio Vidal; atleta acerta com clube europeu"},"content":{"rendered":"<p>O Bahia anunciou nesta segunda-feira (20) a sa\u00edda do atacante Caio Vidal. O atleta chegou ao clube por empr\u00e9stimo do Internacional. O jogador havia sido emprestado ao Esquadr\u00e3o pelo Internacional, e em v\u00ednculo com a equipe baiana at\u00e9 junho deste ano<\/p>\n<p>No entanto, a equipe ga\u00facha vendeu o atleta ao Ludogorets, da Bulg\u00e1ria. A transfer\u00eancia rendeu ao Bahia uma taxa de vitrine, que n\u00e3o  foi divulgada pelo clibe.<\/p>\n<p>Caio Vidal chegou ao Bahia em agosto do ano passado. Ao todo, o atacante disputou 11 partidas pelo Tricolor e n\u00e3o marcou gols.<\/p>\n<p>Confira a nota oficial do Bahia:<\/p>\n<p>&#8220;O Esporte Clube Bahia comunica que o atacante Caio Vidal n\u00e3o faz mais parte do elenco azul, vermelho e branco. As partes acertaram a rescis\u00e3o do contrato de empr\u00e9stimo junto ao Internacional, que iria at\u00e9 junho deste ano, e o atleta se transferiu em definitivo para o Ludogorets, da B\u00falgaria.<\/p>\n<p>O Esquadr\u00e3o recebeu a chamada \u2018taxa de vitrine\u2019 referente ao neg\u00f3cio.<\/p>\n<p>Caio Vidal chegou ao Tricolor em agosto de 2022, disputou 11 jogos e n\u00e3o marcou gol.<\/p>\n<p>Agradecemos os servi\u00e7os prestados e desejamos boa sorte no prosseguimento de sua carreira&#8221;.<\/p>\n<p>Foto Felipe Oliveira \/ EC Bahia<br \/>\nBnews<\/p>\n","protected":false},"excerpt":{"rendered":"<p>O Bahia anunciou nesta segunda-feira (20) a sa\u00edda do atacante Caio Vidal. O atleta chegou ao clube por empr\u00e9stimo do<\/p>\n","protected":false},"author":1,"featured_media":4150,"comment_status":"open","ping_status":"open","sticky":false,"template":"","format":"standard","meta":{"colormag_page_container_layout":"default_layout","colormag_page_sidebar_layout":"default_layout","_FSMCFIC_featured_image_caption":"","_FSMCFIC_featured_image_nocaption":"","_FSMCFIC_featured_image_hide":"","footnotes":""},"categories":[4,1],"tags":[],"class_list":["post-4149","post","type-post","status-publish","format-standard","has-post-thumbnail","hentry","category-esporte","category-ultimas"],"yoast_head":"<!-- This site is optimized with the Yoast SEO plugin v27.1.1 - https:\/\/yoast.com\/product\/yoast-seo-wordpress\/ -->\n<title>Bahia oficializa sa\u00edda de Caio Vidal; atleta acerta com clube europeu - Brasil not\u00edcias<\/title>\n<meta name=\"robots\" content=\"index, follow, max-snippet:-1, max-image-preview:large, max-video-preview:-1\" \/>\n<link rel=\"canonical\" href=\"https:\/\/brasilnoticias.org\/site\/bahia-oficializa-saida-de-caio-vidal-atleta-acerta-com-clube-europeu\/\" \/>\n<meta property=\"og:locale\" content=\"pt_PT\" \/>\n<meta property=\"og:type\" content=\"article\" \/>\n<meta property=\"og:title\" content=\"Bahia oficializa sa\u00edda de Caio Vidal; atleta acerta com clube europeu - Brasil not\u00edcias\" \/>\n<meta property=\"og:description\" content=\"O Bahia anunciou nesta segunda-feira (20) a sa\u00edda do atacante Caio Vidal. O atleta chegou ao clube por empr\u00e9stimo do\" \/>\n<meta property=\"og:url\" content=\"https:\/\/brasilnoticias.org\/site\/bahia-oficializa-saida-de-caio-vidal-atleta-acerta-com-clube-europeu\/\" \/>\n<meta property=\"og:site_name\" content=\"Brasil not\u00edcias\" \/>\n<meta property=\"article:published_time\" content=\"2023-02-20T21:20:36+00:00\" \/>\n<meta property=\"og:image\" content=\"https:\/\/brasilnoticias.org\/site\/wp-content\/uploads\/2023\/02\/csm_caio_vidal_d7ff5c3714_widelg.jpg\" \/>\n\t<meta property=\"og:image:width\" content=\"800\" \/>\n\t<meta property=\"og:image:height\" content=\"450\" \/>\n\t<meta property=\"og:image:type\" content=\"image\/jpeg\" \/>\n<meta name=\"author\" content=\"Reda\u00e7\u00e3o\" \/>\n<meta name=\"twitter:card\" content=\"summary_large_image\" \/>\n<meta name=\"twitter:label1\" content=\"Escrito por\" \/>\n\t<meta name=\"twitter:data1\" content=\"Reda\u00e7\u00e3o\" \/>\n<script type=\"application\/ld+json\" class=\"yoast-schema-graph\">{\"@context\":\"https:\/\/schema.org\",\"@graph\":[{\"@type\":\"Article\",\"@id\":\"https:\/\/brasilnoticias.org\/site\/bahia-oficializa-saida-de-caio-vidal-atleta-acerta-com-clube-europeu\/#article\",\"isPartOf\":{\"@id\":\"https:\/\/brasilnoticias.org\/site\/bahia-oficializa-saida-de-caio-vidal-atleta-acerta-com-clube-europeu\/\"},\"author\":{\"name\":\"Reda\u00e7\u00e3o\",\"@id\":\"https:\/\/brasilnoticias.org\/site\/#\/schema\/person\/a0e05b973ec4d15c658d51911e53507b\"},\"headline\":\"Bahia oficializa sa\u00edda de Caio Vidal; atleta acerta com clube europeu\",\"datePublished\":\"2023-02-20T21:20:36+00:00\",\"mainEntityOfPage\":{\"@id\":\"https:\/\/brasilnoticias.org\/site\/bahia-oficializa-saida-de-caio-vidal-atleta-acerta-com-clube-europeu\/\"},\"wordCount\":218,\"commentCount\":0,\"publisher\":{\"@id\":\"https:\/\/brasilnoticias.org\/site\/#organization\"},\"image\":{\"@id\":\"https:\/\/brasilnoticias.org\/site\/bahia-oficializa-saida-de-caio-vidal-atleta-acerta-com-clube-europeu\/#primaryimage\"},\"thumbnailUrl\":\"https:\/\/brasilnoticias.org\/site\/wp-content\/uploads\/2023\/02\/csm_caio_vidal_d7ff5c3714_widelg.jpg\",\"articleSection\":[\"Esporte\",\"\u00daltimas\"],\"inLanguage\":\"pt-PT\",\"potentialAction\":[{\"@type\":\"CommentAction\",\"name\":\"Comment\",\"target\":[\"https:\/\/brasilnoticias.org\/site\/bahia-oficializa-saida-de-caio-vidal-atleta-acerta-com-clube-europeu\/#respond\"]}]},{\"@type\":\"WebPage\",\"@id\":\"https:\/\/brasilnoticias.org\/site\/bahia-oficializa-saida-de-caio-vidal-atleta-acerta-com-clube-europeu\/\",\"url\":\"https:\/\/brasilnoticias.org\/site\/bahia-oficializa-saida-de-caio-vidal-atleta-acerta-com-clube-europeu\/\",\"name\":\"Bahia oficializa sa\u00edda de Caio Vidal; atleta acerta com clube europeu - Brasil not\u00edcias\",\"isPartOf\":{\"@id\":\"https:\/\/brasilnoticias.org\/site\/#website\"},\"primaryImageOfPage\":{\"@id\":\"https:\/\/brasilnoticias.org\/site\/bahia-oficializa-saida-de-caio-vidal-atleta-acerta-com-clube-europeu\/#primaryimage\"},\"image\":{\"@id\":\"https:\/\/brasilnoticias.org\/site\/bahia-oficializa-saida-de-caio-vidal-atleta-acerta-com-clube-europeu\/#primaryimage\"},\"thumbnailUrl\":\"https:\/\/brasilnoticias.org\/site\/wp-content\/uploads\/2023\/02\/csm_caio_vidal_d7ff5c3714_widelg.jpg\",\"datePublished\":\"2023-02-20T21:20:36+00:00\",\"breadcrumb\":{\"@id\":\"https:\/\/brasilnoticias.org\/site\/bahia-oficializa-saida-de-caio-vidal-atleta-acerta-com-clube-europeu\/#breadcrumb\"},\"inLanguage\":\"pt-PT\",\"potentialAction\":[{\"@type\":\"ReadAction\",\"target\":[\"https:\/\/brasilnoticias.org\/site\/bahia-oficializa-saida-de-caio-vidal-atleta-acerta-com-clube-europeu\/\"]}]},{\"@type\":\"ImageObject\",\"inLanguage\":\"pt-PT\",\"@id\":\"https:\/\/brasilnoticias.org\/site\/bahia-oficializa-saida-de-caio-vidal-atleta-acerta-com-clube-europeu\/#primaryimage\",\"url\":\"https:\/\/brasilnoticias.org\/site\/wp-content\/uploads\/2023\/02\/csm_caio_vidal_d7ff5c3714_widelg.jpg\",\"contentUrl\":\"https:\/\/brasilnoticias.org\/site\/wp-content\/uploads\/2023\/02\/csm_caio_vidal_d7ff5c3714_widelg.jpg\",\"width\":800,\"height\":450},{\"@type\":\"BreadcrumbList\",\"@id\":\"https:\/\/brasilnoticias.org\/site\/bahia-oficializa-saida-de-caio-vidal-atleta-acerta-com-clube-europeu\/#breadcrumb\",\"itemListElement\":[{\"@type\":\"ListItem\",\"position\":1,\"name\":\"In\u00edcio\",\"item\":\"https:\/\/brasilnoticias.org\/site\/\"},{\"@type\":\"ListItem\",\"position\":2,\"name\":\"Bahia oficializa sa\u00edda de Caio Vidal; atleta acerta com clube europeu\"}]},{\"@type\":\"WebSite\",\"@id\":\"https:\/\/brasilnoticias.org\/site\/#website\",\"url\":\"https:\/\/brasilnoticias.org\/site\/\",\"name\":\"Brasil not\u00edcias\",\"description\":\"Brasil not\u00edcias\",\"publisher\":{\"@id\":\"https:\/\/brasilnoticias.org\/site\/#organization\"},\"potentialAction\":[{\"@type\":\"SearchAction\",\"target\":{\"@type\":\"EntryPoint\",\"urlTemplate\":\"https:\/\/brasilnoticias.org\/site\/?s={search_term_string}\"},\"query-input\":{\"@type\":\"PropertyValueSpecification\",\"valueRequired\":true,\"valueName\":\"search_term_string\"}}],\"inLanguage\":\"pt-PT\"},{\"@type\":\"Organization\",\"@id\":\"https:\/\/brasilnoticias.org\/site\/#organization\",\"name\":\"Brasil not\u00edcias\",\"url\":\"https:\/\/brasilnoticias.org\/site\/\",\"logo\":{\"@type\":\"ImageObject\",\"inLanguage\":\"pt-PT\",\"@id\":\"https:\/\/brasilnoticias.org\/site\/#\/schema\/logo\/image\/\",\"url\":\"https:\/\/brasilnoticias.org\/site\/wp-content\/uploads\/2022\/05\/cropped-brasilnoticias-mini.jpg\",\"contentUrl\":\"https:\/\/brasilnoticias.org\/site\/wp-content\/uploads\/2022\/05\/cropped-brasilnoticias-mini.jpg\",\"width\":314,\"height\":86,\"caption\":\"Brasil not\u00edcias\"},\"image\":{\"@id\":\"https:\/\/brasilnoticias.org\/site\/#\/schema\/logo\/image\/\"}},{\"@type\":\"Person\",\"@id\":\"https:\/\/brasilnoticias.org\/site\/#\/schema\/person\/a0e05b973ec4d15c658d51911e53507b\",\"name\":\"Reda\u00e7\u00e3o\",\"image\":{\"@type\":\"ImageObject\",\"inLanguage\":\"pt-PT\",\"@id\":\"https:\/\/brasilnoticias.org\/site\/#\/schema\/person\/image\/\",\"url\":\"https:\/\/secure.gravatar.com\/avatar\/75d8b050df2de108b08ae78dfb8e374892df24a383c67db9c46a9c604f6aee9c?s=96&d=mm&r=g\",\"contentUrl\":\"https:\/\/secure.gravatar.com\/avatar\/75d8b050df2de108b08ae78dfb8e374892df24a383c67db9c46a9c604f6aee9c?s=96&d=mm&r=g\",\"caption\":\"Reda\u00e7\u00e3o\"},\"sameAs\":[\"https:\/\/brasilnoticias.org\/site\"],\"url\":\"https:\/\/brasilnoticias.org\/site\/author\/fernandozsngmail-com\/\"}]}<\/script>\n<!-- \/ Yoast SEO plugin. -->","yoast_head_json":{"title":"Bahia oficializa sa\u00edda de Caio Vidal; atleta acerta com clube europeu - Brasil not\u00edcias","robots":{"index":"index","follow":"follow","max-snippet":"max-snippet:-1","max-image-preview":"max-image-preview:large","max-video-preview":"max-video-preview:-1"},"canonical":"https:\/\/brasilnoticias.org\/site\/bahia-oficializa-saida-de-caio-vidal-atleta-acerta-com-clube-europeu\/","og_locale":"pt_PT","og_type":"article","og_title":"Bahia oficializa sa\u00edda de Caio Vidal; atleta acerta com clube europeu - Brasil not\u00edcias","og_description":"O Bahia anunciou nesta segunda-feira (20) a sa\u00edda do atacante Caio Vidal. O atleta chegou ao clube por empr\u00e9stimo do","og_url":"https:\/\/brasilnoticias.org\/site\/bahia-oficializa-saida-de-caio-vidal-atleta-acerta-com-clube-europeu\/","og_site_name":"Brasil not\u00edcias","article_published_time":"2023-02-20T21:20:36+00:00","og_image":[{"width":800,"height":450,"url":"https:\/\/brasilnoticias.org\/site\/wp-content\/uploads\/2023\/02\/csm_caio_vidal_d7ff5c3714_widelg.jpg","type":"image\/jpeg"}],"author":"Reda\u00e7\u00e3o","twitter_card":"summary_large_image","twitter_misc":{"Escrito por":"Reda\u00e7\u00e3o"},"schema":{"@context":"https:\/\/schema.org","@graph":[{"@type":"Article","@id":"https:\/\/brasilnoticias.org\/site\/bahia-oficializa-saida-de-caio-vidal-atleta-acerta-com-clube-europeu\/#article","isPartOf":{"@id":"https:\/\/brasilnoticias.org\/site\/bahia-oficializa-saida-de-caio-vidal-atleta-acerta-com-clube-europeu\/"},"author":{"name":"Reda\u00e7\u00e3o","@id":"https:\/\/brasilnoticias.org\/site\/#\/schema\/person\/a0e05b973ec4d15c658d51911e53507b"},"headline":"Bahia oficializa sa\u00edda de Caio Vidal; atleta acerta com clube europeu","datePublished":"2023-02-20T21:20:36+00:00","mainEntityOfPage":{"@id":"https:\/\/brasilnoticias.org\/site\/bahia-oficializa-saida-de-caio-vidal-atleta-acerta-com-clube-europeu\/"},"wordCount":218,"commentCount":0,"publisher":{"@id":"https:\/\/brasilnoticias.org\/site\/#organization"},"image":{"@id":"https:\/\/brasilnoticias.org\/site\/bahia-oficializa-saida-de-caio-vidal-atleta-acerta-com-clube-europeu\/#primaryimage"},"thumbnailUrl":"https:\/\/brasilnoticias.org\/site\/wp-content\/uploads\/2023\/02\/csm_caio_vidal_d7ff5c3714_widelg.jpg","articleSection":["Esporte","\u00daltimas"],"inLanguage":"pt-PT","potentialAction":[{"@type":"CommentAction","name":"Comment","target":["https:\/\/brasilnoticias.org\/site\/bahia-oficializa-saida-de-caio-vidal-atleta-acerta-com-clube-europeu\/#respond"]}]},{"@type":"WebPage","@id":"https:\/\/brasilnoticias.org\/site\/bahia-oficializa-saida-de-caio-vidal-atleta-acerta-com-clube-europeu\/","url":"https:\/\/brasilnoticias.org\/site\/bahia-oficializa-saida-de-caio-vidal-atleta-acerta-com-clube-europeu\/","name":"Bahia oficializa sa\u00edda de Caio Vidal; atleta acerta com clube europeu - Brasil not\u00edcias","isPartOf":{"@id":"https:\/\/brasilnoticias.org\/site\/#website"},"primaryImageOfPage":{"@id":"https:\/\/brasilnoticias.org\/site\/bahia-oficializa-saida-de-caio-vidal-atleta-acerta-com-clube-europeu\/#primaryimage"},"image":{"@id":"https:\/\/brasilnoticias.org\/site\/bahia-oficializa-saida-de-caio-vidal-atleta-acerta-com-clube-europeu\/#primaryimage"},"thumbnailUrl":"https:\/\/brasilnoticias.org\/site\/wp-content\/uploads\/2023\/02\/csm_caio_vidal_d7ff5c3714_widelg.jpg","datePublished":"2023-02-20T21:20:36+00:00","breadcrumb":{"@id":"https:\/\/brasilnoticias.org\/site\/bahia-oficializa-saida-de-caio-vidal-atleta-acerta-com-clube-europeu\/#breadcrumb"},"inLanguage":"pt-PT","potentialAction":[{"@type":"ReadAction","target":["https:\/\/brasilnoticias.org\/site\/bahia-oficializa-saida-de-caio-vidal-atleta-acerta-com-clube-europeu\/"]}]},{"@type":"ImageObject","inLanguage":"pt-PT","@id":"https:\/\/brasilnoticias.org\/site\/bahia-oficializa-saida-de-caio-vidal-atleta-acerta-com-clube-europeu\/#primaryimage","url":"https:\/\/brasilnoticias.org\/site\/wp-content\/uploads\/2023\/02\/csm_caio_vidal_d7ff5c3714_widelg.jpg","contentUrl":"https:\/\/brasilnoticias.org\/site\/wp-content\/uploads\/2023\/02\/csm_caio_vidal_d7ff5c3714_widelg.jpg","width":800,"height":450},{"@type":"BreadcrumbList","@id":"https:\/\/brasilnoticias.org\/site\/bahia-oficializa-saida-de-caio-vidal-atleta-acerta-com-clube-europeu\/#breadcrumb","itemListElement":[{"@type":"ListItem","position":1,"name":"In\u00edcio","item":"https:\/\/brasilnoticias.org\/site\/"},{"@type":"ListItem","position":2,"name":"Bahia oficializa sa\u00edda de Caio Vidal; atleta acerta com clube europeu"}]},{"@type":"WebSite","@id":"https:\/\/brasilnoticias.org\/site\/#website","url":"https:\/\/brasilnoticias.org\/site\/","name":"Brasil not\u00edcias","description":"Brasil not\u00edcias","publisher":{"@id":"https:\/\/brasilnoticias.org\/site\/#organization"},"potentialAction":[{"@type":"SearchAction","target":{"@type":"EntryPoint","urlTemplate":"https:\/\/brasilnoticias.org\/site\/?s={search_term_string}"},"query-input":{"@type":"PropertyValueSpecification","valueRequired":true,"valueName":"search_term_string"}}],"inLanguage":"pt-PT"},{"@type":"Organization","@id":"https:\/\/brasilnoticias.org\/site\/#organization","name":"Brasil not\u00edcias","url":"https:\/\/brasilnoticias.org\/site\/","logo":{"@type":"ImageObject","inLanguage":"pt-PT","@id":"https:\/\/brasilnoticias.org\/site\/#\/schema\/logo\/image\/","url":"https:\/\/brasilnoticias.org\/site\/wp-content\/uploads\/2022\/05\/cropped-brasilnoticias-mini.jpg","contentUrl":"https:\/\/brasilnoticias.org\/site\/wp-content\/uploads\/2022\/05\/cropped-brasilnoticias-mini.jpg","width":314,"height":86,"caption":"Brasil not\u00edcias"},"image":{"@id":"https:\/\/brasilnoticias.org\/site\/#\/schema\/logo\/image\/"}},{"@type":"Person","@id":"https:\/\/brasilnoticias.org\/site\/#\/schema\/person\/a0e05b973ec4d15c658d51911e53507b","name":"Reda\u00e7\u00e3o","image":{"@type":"ImageObject","inLanguage":"pt-PT","@id":"https:\/\/brasilnoticias.org\/site\/#\/schema\/person\/image\/","url":"https:\/\/secure.gravatar.com\/avatar\/75d8b050df2de108b08ae78dfb8e374892df24a383c67db9c46a9c604f6aee9c?s=96&d=mm&r=g","contentUrl":"https:\/\/secure.gravatar.com\/avatar\/75d8b050df2de108b08ae78dfb8e374892df24a383c67db9c46a9c604f6aee9c?s=96&d=mm&r=g","caption":"Reda\u00e7\u00e3o"},"sameAs":["https:\/\/brasilnoticias.org\/site"],"url":"https:\/\/brasilnoticias.org\/site\/author\/fernandozsngmail-com\/"}]}},"_links":{"self":[{"href":"https:\/\/brasilnoticias.org\/site\/wp-json\/wp\/v2\/posts\/4149","targetHints":{"allow":["GET"]}}],"collection":[{"href":"https:\/\/brasilnoticias.org\/site\/wp-json\/wp\/v2\/posts"}],"about":[{"href":"https:\/\/brasilnoticias.org\/site\/wp-json\/wp\/v2\/types\/post"}],"author":[{"embeddable":true,"href":"https:\/\/brasilnoticias.org\/site\/wp-json\/wp\/v2\/users\/1"}],"replies":[{"embeddable":true,"href":"https:\/\/brasilnoticias.org\/site\/wp-json\/wp\/v2\/comments?post=4149"}],"version-history":[{"count":1,"href":"https:\/\/brasilnoticias.org\/site\/wp-json\/wp\/v2\/posts\/4149\/revisions"}],"predecessor-version":[{"id":4151,"href":"https:\/\/brasilnoticias.org\/site\/wp-json\/wp\/v2\/posts\/4149\/revisions\/4151"}],"wp:featuredmedia":[{"embeddable":true,"href":"https:\/\/brasilnoticias.org\/site\/wp-json\/wp\/v2\/media\/4150"}],"wp:attachment":[{"href":"https:\/\/brasilnoticias.org\/site\/wp-json\/wp\/v2\/media?parent=4149"}],"wp:term":[{"taxonomy":"category","embeddable":true,"href":"https:\/\/brasilnoticias.org\/site\/wp-json\/wp\/v2\/categories?post=4149"},{"taxonomy":"post_tag","embeddable":true,"href":"https:\/\/brasilnoticias.org\/site\/wp-json\/wp\/v2\/tags?post=4149"}],"curies":[{"name":"wp","href":"https:\/\/api.w.org\/{rel}","templated":true}]}}