{"id":4155,"date":"2023-02-21T07:00:05","date_gmt":"2023-02-21T10:00:05","guid":{"rendered":"https:\/\/brasilnoticias.org\/site\/?p=4155"},"modified":"2023-02-20T21:12:19","modified_gmt":"2023-02-21T00:12:19","slug":"dani-alves-apresenta-se-agora-como-vitima-so-queria-protege-la","status":"publish","type":"post","link":"https:\/\/brasilnoticias.org\/site\/dani-alves-apresenta-se-agora-como-vitima-so-queria-protege-la\/","title":{"rendered":"Dani Alves apresenta-se, agora, como v\u00edtima: &#8220;S\u00f3 queria proteg\u00ea-la&#8230;&#8221;"},"content":{"rendered":"<p>Completa nesta segunda-feira, um m\u00eas desde que Daniel Alves foi detido, ap\u00f3s ter sido acusado de violar sexualmente uma mulher de 23 anos, no banheiro de uma discoteca situada em Barcelona, na noite de 30 de dezembro de 2022.<\/p>\n<p>O jogador come\u00e7ou alegando que n\u00e3o conhecia a v\u00edtima. Pouco tempo depois, reconheceu que  haviam se cruzado, seguindo-se a vers\u00e3o de que apenas teria havido sexo oral, para, finalmente, assumir que existiu penetra\u00e7\u00e3o.<\/p>\n<p>No entanto, de acordo com o jornal espanhol Ara, o jogador de 39 anos teria apresentado, nos \u00faltimos dias, um novo relato daquilo que aconteceu no &#8216;fat\u00eddico&#8217; dia, para justificar as constantes altera\u00e7\u00f5es de depoimento, afirmando: &#8220;Na verdade, queria proteger esta senhorita&#8221;.<\/p>\n<p>Isto porque, acrescenta a publica\u00e7\u00e3o, ele diz que se encontrava sentado na casa de banho, quando a mulher em causa &#8220;entrou e lhe agarrou sem o seu consentimento&#8221;, pelo que teria sido, ele pr\u00f3prio, v\u00edtima de agress\u00e3o sexual.<\/p>\n<p>&#8220;Ela veio diretamente na minha dire\u00e7\u00e3o. Eu n\u00e3o toquei nessa mulher&#8221;, teria acrescentado o lateral-direito, num depoimento que, no entanto, vai contra as provas gen\u00e9ticas e de videovigil\u00e2ncia recolhidas pelas autoridades, no local.<\/p>\n<p>Foto  Getty Images<br \/>\nNot\u00edcias ao minuto<\/p>\n","protected":false},"excerpt":{"rendered":"<p>Completa nesta segunda-feira, um m\u00eas desde que Daniel Alves foi detido, ap\u00f3s ter sido acusado de violar sexualmente uma mulher<\/p>\n","protected":false},"author":1,"featured_media":4156,"comment_status":"open","ping_status":"open","sticky":false,"template":"","format":"standard","meta":{"colormag_page_container_layout":"default_layout","colormag_page_sidebar_layout":"default_layout","_FSMCFIC_featured_image_caption":"","_FSMCFIC_featured_image_nocaption":"","_FSMCFIC_featured_image_hide":"","footnotes":""},"categories":[2,1],"tags":[],"class_list":["post-4155","post","type-post","status-publish","format-standard","has-post-thumbnail","hentry","category-noticias","category-ultimas"],"yoast_head":"<!-- This site is optimized with the Yoast SEO plugin v27.1.1 - https:\/\/yoast.com\/product\/yoast-seo-wordpress\/ -->\n<title>Dani Alves apresenta-se, agora, como v\u00edtima: &quot;S\u00f3 queria proteg\u00ea-la...&quot; - Brasil not\u00edcias<\/title>\n<meta name=\"robots\" content=\"index, follow, max-snippet:-1, max-image-preview:large, max-video-preview:-1\" \/>\n<link rel=\"canonical\" href=\"https:\/\/brasilnoticias.org\/site\/dani-alves-apresenta-se-agora-como-vitima-so-queria-protege-la\/\" \/>\n<meta property=\"og:locale\" content=\"pt_PT\" \/>\n<meta property=\"og:type\" content=\"article\" \/>\n<meta property=\"og:title\" content=\"Dani Alves apresenta-se, agora, como v\u00edtima: &quot;S\u00f3 queria proteg\u00ea-la...&quot; - Brasil not\u00edcias\" \/>\n<meta property=\"og:description\" content=\"Completa nesta segunda-feira, um m\u00eas desde que Daniel Alves foi detido, ap\u00f3s ter sido acusado de violar sexualmente uma mulher\" \/>\n<meta property=\"og:url\" content=\"https:\/\/brasilnoticias.org\/site\/dani-alves-apresenta-se-agora-como-vitima-so-queria-protege-la\/\" \/>\n<meta property=\"og:site_name\" content=\"Brasil not\u00edcias\" \/>\n<meta property=\"article:published_time\" content=\"2023-02-21T10:00:05+00:00\" \/>\n<meta property=\"og:image\" content=\"https:\/\/brasilnoticias.org\/site\/wp-content\/uploads\/2023\/02\/whatsapp_image_2023-02-20_at_16.23.34_widelg-1.jpeg\" \/>\n\t<meta property=\"og:image:width\" content=\"800\" \/>\n\t<meta property=\"og:image:height\" content=\"450\" \/>\n\t<meta property=\"og:image:type\" content=\"image\/jpeg\" \/>\n<meta name=\"author\" content=\"Reda\u00e7\u00e3o\" \/>\n<meta name=\"twitter:card\" content=\"summary_large_image\" \/>\n<meta name=\"twitter:label1\" content=\"Escrito por\" \/>\n\t<meta name=\"twitter:data1\" content=\"Reda\u00e7\u00e3o\" \/>\n<script type=\"application\/ld+json\" class=\"yoast-schema-graph\">{\"@context\":\"https:\/\/schema.org\",\"@graph\":[{\"@type\":\"Article\",\"@id\":\"https:\/\/brasilnoticias.org\/site\/dani-alves-apresenta-se-agora-como-vitima-so-queria-protege-la\/#article\",\"isPartOf\":{\"@id\":\"https:\/\/brasilnoticias.org\/site\/dani-alves-apresenta-se-agora-como-vitima-so-queria-protege-la\/\"},\"author\":{\"name\":\"Reda\u00e7\u00e3o\",\"@id\":\"https:\/\/brasilnoticias.org\/site\/#\/schema\/person\/a0e05b973ec4d15c658d51911e53507b\"},\"headline\":\"Dani Alves apresenta-se, agora, como v\u00edtima: &#8220;S\u00f3 queria proteg\u00ea-la&#8230;&#8221;\",\"datePublished\":\"2023-02-21T10:00:05+00:00\",\"mainEntityOfPage\":{\"@id\":\"https:\/\/brasilnoticias.org\/site\/dani-alves-apresenta-se-agora-como-vitima-so-queria-protege-la\/\"},\"wordCount\":216,\"commentCount\":0,\"publisher\":{\"@id\":\"https:\/\/brasilnoticias.org\/site\/#organization\"},\"image\":{\"@id\":\"https:\/\/brasilnoticias.org\/site\/dani-alves-apresenta-se-agora-como-vitima-so-queria-protege-la\/#primaryimage\"},\"thumbnailUrl\":\"https:\/\/brasilnoticias.org\/site\/wp-content\/uploads\/2023\/02\/whatsapp_image_2023-02-20_at_16.23.34_widelg-1.jpeg\",\"articleSection\":[\"Not\u00edcias\",\"\u00daltimas\"],\"inLanguage\":\"pt-PT\",\"potentialAction\":[{\"@type\":\"CommentAction\",\"name\":\"Comment\",\"target\":[\"https:\/\/brasilnoticias.org\/site\/dani-alves-apresenta-se-agora-como-vitima-so-queria-protege-la\/#respond\"]}]},{\"@type\":\"WebPage\",\"@id\":\"https:\/\/brasilnoticias.org\/site\/dani-alves-apresenta-se-agora-como-vitima-so-queria-protege-la\/\",\"url\":\"https:\/\/brasilnoticias.org\/site\/dani-alves-apresenta-se-agora-como-vitima-so-queria-protege-la\/\",\"name\":\"Dani Alves apresenta-se, agora, como v\u00edtima: \\\"S\u00f3 queria proteg\u00ea-la...\\\" - Brasil not\u00edcias\",\"isPartOf\":{\"@id\":\"https:\/\/brasilnoticias.org\/site\/#website\"},\"primaryImageOfPage\":{\"@id\":\"https:\/\/brasilnoticias.org\/site\/dani-alves-apresenta-se-agora-como-vitima-so-queria-protege-la\/#primaryimage\"},\"image\":{\"@id\":\"https:\/\/brasilnoticias.org\/site\/dani-alves-apresenta-se-agora-como-vitima-so-queria-protege-la\/#primaryimage\"},\"thumbnailUrl\":\"https:\/\/brasilnoticias.org\/site\/wp-content\/uploads\/2023\/02\/whatsapp_image_2023-02-20_at_16.23.34_widelg-1.jpeg\",\"datePublished\":\"2023-02-21T10:00:05+00:00\",\"breadcrumb\":{\"@id\":\"https:\/\/brasilnoticias.org\/site\/dani-alves-apresenta-se-agora-como-vitima-so-queria-protege-la\/#breadcrumb\"},\"inLanguage\":\"pt-PT\",\"potentialAction\":[{\"@type\":\"ReadAction\",\"target\":[\"https:\/\/brasilnoticias.org\/site\/dani-alves-apresenta-se-agora-como-vitima-so-queria-protege-la\/\"]}]},{\"@type\":\"ImageObject\",\"inLanguage\":\"pt-PT\",\"@id\":\"https:\/\/brasilnoticias.org\/site\/dani-alves-apresenta-se-agora-como-vitima-so-queria-protege-la\/#primaryimage\",\"url\":\"https:\/\/brasilnoticias.org\/site\/wp-content\/uploads\/2023\/02\/whatsapp_image_2023-02-20_at_16.23.34_widelg-1.jpeg\",\"contentUrl\":\"https:\/\/brasilnoticias.org\/site\/wp-content\/uploads\/2023\/02\/whatsapp_image_2023-02-20_at_16.23.34_widelg-1.jpeg\",\"width\":800,\"height\":450},{\"@type\":\"BreadcrumbList\",\"@id\":\"https:\/\/brasilnoticias.org\/site\/dani-alves-apresenta-se-agora-como-vitima-so-queria-protege-la\/#breadcrumb\",\"itemListElement\":[{\"@type\":\"ListItem\",\"position\":1,\"name\":\"In\u00edcio\",\"item\":\"https:\/\/brasilnoticias.org\/site\/\"},{\"@type\":\"ListItem\",\"position\":2,\"name\":\"Dani Alves apresenta-se, agora, como v\u00edtima: &#8220;S\u00f3 queria proteg\u00ea-la&#8230;&#8221;\"}]},{\"@type\":\"WebSite\",\"@id\":\"https:\/\/brasilnoticias.org\/site\/#website\",\"url\":\"https:\/\/brasilnoticias.org\/site\/\",\"name\":\"Brasil not\u00edcias\",\"description\":\"Brasil not\u00edcias\",\"publisher\":{\"@id\":\"https:\/\/brasilnoticias.org\/site\/#organization\"},\"potentialAction\":[{\"@type\":\"SearchAction\",\"target\":{\"@type\":\"EntryPoint\",\"urlTemplate\":\"https:\/\/brasilnoticias.org\/site\/?s={search_term_string}\"},\"query-input\":{\"@type\":\"PropertyValueSpecification\",\"valueRequired\":true,\"valueName\":\"search_term_string\"}}],\"inLanguage\":\"pt-PT\"},{\"@type\":\"Organization\",\"@id\":\"https:\/\/brasilnoticias.org\/site\/#organization\",\"name\":\"Brasil not\u00edcias\",\"url\":\"https:\/\/brasilnoticias.org\/site\/\",\"logo\":{\"@type\":\"ImageObject\",\"inLanguage\":\"pt-PT\",\"@id\":\"https:\/\/brasilnoticias.org\/site\/#\/schema\/logo\/image\/\",\"url\":\"https:\/\/brasilnoticias.org\/site\/wp-content\/uploads\/2022\/05\/cropped-brasilnoticias-mini.jpg\",\"contentUrl\":\"https:\/\/brasilnoticias.org\/site\/wp-content\/uploads\/2022\/05\/cropped-brasilnoticias-mini.jpg\",\"width\":314,\"height\":86,\"caption\":\"Brasil not\u00edcias\"},\"image\":{\"@id\":\"https:\/\/brasilnoticias.org\/site\/#\/schema\/logo\/image\/\"}},{\"@type\":\"Person\",\"@id\":\"https:\/\/brasilnoticias.org\/site\/#\/schema\/person\/a0e05b973ec4d15c658d51911e53507b\",\"name\":\"Reda\u00e7\u00e3o\",\"image\":{\"@type\":\"ImageObject\",\"inLanguage\":\"pt-PT\",\"@id\":\"https:\/\/brasilnoticias.org\/site\/#\/schema\/person\/image\/\",\"url\":\"https:\/\/secure.gravatar.com\/avatar\/75d8b050df2de108b08ae78dfb8e374892df24a383c67db9c46a9c604f6aee9c?s=96&d=mm&r=g\",\"contentUrl\":\"https:\/\/secure.gravatar.com\/avatar\/75d8b050df2de108b08ae78dfb8e374892df24a383c67db9c46a9c604f6aee9c?s=96&d=mm&r=g\",\"caption\":\"Reda\u00e7\u00e3o\"},\"sameAs\":[\"https:\/\/brasilnoticias.org\/site\"],\"url\":\"https:\/\/brasilnoticias.org\/site\/author\/fernandozsngmail-com\/\"}]}<\/script>\n<!-- \/ Yoast SEO plugin. -->","yoast_head_json":{"title":"Dani Alves apresenta-se, agora, como v\u00edtima: \"S\u00f3 queria proteg\u00ea-la...\" - Brasil not\u00edcias","robots":{"index":"index","follow":"follow","max-snippet":"max-snippet:-1","max-image-preview":"max-image-preview:large","max-video-preview":"max-video-preview:-1"},"canonical":"https:\/\/brasilnoticias.org\/site\/dani-alves-apresenta-se-agora-como-vitima-so-queria-protege-la\/","og_locale":"pt_PT","og_type":"article","og_title":"Dani Alves apresenta-se, agora, como v\u00edtima: \"S\u00f3 queria proteg\u00ea-la...\" - Brasil not\u00edcias","og_description":"Completa nesta segunda-feira, um m\u00eas desde que Daniel Alves foi detido, ap\u00f3s ter sido acusado de violar sexualmente uma mulher","og_url":"https:\/\/brasilnoticias.org\/site\/dani-alves-apresenta-se-agora-como-vitima-so-queria-protege-la\/","og_site_name":"Brasil not\u00edcias","article_published_time":"2023-02-21T10:00:05+00:00","og_image":[{"width":800,"height":450,"url":"https:\/\/brasilnoticias.org\/site\/wp-content\/uploads\/2023\/02\/whatsapp_image_2023-02-20_at_16.23.34_widelg-1.jpeg","type":"image\/jpeg"}],"author":"Reda\u00e7\u00e3o","twitter_card":"summary_large_image","twitter_misc":{"Escrito por":"Reda\u00e7\u00e3o"},"schema":{"@context":"https:\/\/schema.org","@graph":[{"@type":"Article","@id":"https:\/\/brasilnoticias.org\/site\/dani-alves-apresenta-se-agora-como-vitima-so-queria-protege-la\/#article","isPartOf":{"@id":"https:\/\/brasilnoticias.org\/site\/dani-alves-apresenta-se-agora-como-vitima-so-queria-protege-la\/"},"author":{"name":"Reda\u00e7\u00e3o","@id":"https:\/\/brasilnoticias.org\/site\/#\/schema\/person\/a0e05b973ec4d15c658d51911e53507b"},"headline":"Dani Alves apresenta-se, agora, como v\u00edtima: &#8220;S\u00f3 queria proteg\u00ea-la&#8230;&#8221;","datePublished":"2023-02-21T10:00:05+00:00","mainEntityOfPage":{"@id":"https:\/\/brasilnoticias.org\/site\/dani-alves-apresenta-se-agora-como-vitima-so-queria-protege-la\/"},"wordCount":216,"commentCount":0,"publisher":{"@id":"https:\/\/brasilnoticias.org\/site\/#organization"},"image":{"@id":"https:\/\/brasilnoticias.org\/site\/dani-alves-apresenta-se-agora-como-vitima-so-queria-protege-la\/#primaryimage"},"thumbnailUrl":"https:\/\/brasilnoticias.org\/site\/wp-content\/uploads\/2023\/02\/whatsapp_image_2023-02-20_at_16.23.34_widelg-1.jpeg","articleSection":["Not\u00edcias","\u00daltimas"],"inLanguage":"pt-PT","potentialAction":[{"@type":"CommentAction","name":"Comment","target":["https:\/\/brasilnoticias.org\/site\/dani-alves-apresenta-se-agora-como-vitima-so-queria-protege-la\/#respond"]}]},{"@type":"WebPage","@id":"https:\/\/brasilnoticias.org\/site\/dani-alves-apresenta-se-agora-como-vitima-so-queria-protege-la\/","url":"https:\/\/brasilnoticias.org\/site\/dani-alves-apresenta-se-agora-como-vitima-so-queria-protege-la\/","name":"Dani Alves apresenta-se, agora, como v\u00edtima: \"S\u00f3 queria proteg\u00ea-la...\" - Brasil not\u00edcias","isPartOf":{"@id":"https:\/\/brasilnoticias.org\/site\/#website"},"primaryImageOfPage":{"@id":"https:\/\/brasilnoticias.org\/site\/dani-alves-apresenta-se-agora-como-vitima-so-queria-protege-la\/#primaryimage"},"image":{"@id":"https:\/\/brasilnoticias.org\/site\/dani-alves-apresenta-se-agora-como-vitima-so-queria-protege-la\/#primaryimage"},"thumbnailUrl":"https:\/\/brasilnoticias.org\/site\/wp-content\/uploads\/2023\/02\/whatsapp_image_2023-02-20_at_16.23.34_widelg-1.jpeg","datePublished":"2023-02-21T10:00:05+00:00","breadcrumb":{"@id":"https:\/\/brasilnoticias.org\/site\/dani-alves-apresenta-se-agora-como-vitima-so-queria-protege-la\/#breadcrumb"},"inLanguage":"pt-PT","potentialAction":[{"@type":"ReadAction","target":["https:\/\/brasilnoticias.org\/site\/dani-alves-apresenta-se-agora-como-vitima-so-queria-protege-la\/"]}]},{"@type":"ImageObject","inLanguage":"pt-PT","@id":"https:\/\/brasilnoticias.org\/site\/dani-alves-apresenta-se-agora-como-vitima-so-queria-protege-la\/#primaryimage","url":"https:\/\/brasilnoticias.org\/site\/wp-content\/uploads\/2023\/02\/whatsapp_image_2023-02-20_at_16.23.34_widelg-1.jpeg","contentUrl":"https:\/\/brasilnoticias.org\/site\/wp-content\/uploads\/2023\/02\/whatsapp_image_2023-02-20_at_16.23.34_widelg-1.jpeg","width":800,"height":450},{"@type":"BreadcrumbList","@id":"https:\/\/brasilnoticias.org\/site\/dani-alves-apresenta-se-agora-como-vitima-so-queria-protege-la\/#breadcrumb","itemListElement":[{"@type":"ListItem","position":1,"name":"In\u00edcio","item":"https:\/\/brasilnoticias.org\/site\/"},{"@type":"ListItem","position":2,"name":"Dani Alves apresenta-se, agora, como v\u00edtima: &#8220;S\u00f3 queria proteg\u00ea-la&#8230;&#8221;"}]},{"@type":"WebSite","@id":"https:\/\/brasilnoticias.org\/site\/#website","url":"https:\/\/brasilnoticias.org\/site\/","name":"Brasil not\u00edcias","description":"Brasil not\u00edcias","publisher":{"@id":"https:\/\/brasilnoticias.org\/site\/#organization"},"potentialAction":[{"@type":"SearchAction","target":{"@type":"EntryPoint","urlTemplate":"https:\/\/brasilnoticias.org\/site\/?s={search_term_string}"},"query-input":{"@type":"PropertyValueSpecification","valueRequired":true,"valueName":"search_term_string"}}],"inLanguage":"pt-PT"},{"@type":"Organization","@id":"https:\/\/brasilnoticias.org\/site\/#organization","name":"Brasil not\u00edcias","url":"https:\/\/brasilnoticias.org\/site\/","logo":{"@type":"ImageObject","inLanguage":"pt-PT","@id":"https:\/\/brasilnoticias.org\/site\/#\/schema\/logo\/image\/","url":"https:\/\/brasilnoticias.org\/site\/wp-content\/uploads\/2022\/05\/cropped-brasilnoticias-mini.jpg","contentUrl":"https:\/\/brasilnoticias.org\/site\/wp-content\/uploads\/2022\/05\/cropped-brasilnoticias-mini.jpg","width":314,"height":86,"caption":"Brasil not\u00edcias"},"image":{"@id":"https:\/\/brasilnoticias.org\/site\/#\/schema\/logo\/image\/"}},{"@type":"Person","@id":"https:\/\/brasilnoticias.org\/site\/#\/schema\/person\/a0e05b973ec4d15c658d51911e53507b","name":"Reda\u00e7\u00e3o","image":{"@type":"ImageObject","inLanguage":"pt-PT","@id":"https:\/\/brasilnoticias.org\/site\/#\/schema\/person\/image\/","url":"https:\/\/secure.gravatar.com\/avatar\/75d8b050df2de108b08ae78dfb8e374892df24a383c67db9c46a9c604f6aee9c?s=96&d=mm&r=g","contentUrl":"https:\/\/secure.gravatar.com\/avatar\/75d8b050df2de108b08ae78dfb8e374892df24a383c67db9c46a9c604f6aee9c?s=96&d=mm&r=g","caption":"Reda\u00e7\u00e3o"},"sameAs":["https:\/\/brasilnoticias.org\/site"],"url":"https:\/\/brasilnoticias.org\/site\/author\/fernandozsngmail-com\/"}]}},"_links":{"self":[{"href":"https:\/\/brasilnoticias.org\/site\/wp-json\/wp\/v2\/posts\/4155","targetHints":{"allow":["GET"]}}],"collection":[{"href":"https:\/\/brasilnoticias.org\/site\/wp-json\/wp\/v2\/posts"}],"about":[{"href":"https:\/\/brasilnoticias.org\/site\/wp-json\/wp\/v2\/types\/post"}],"author":[{"embeddable":true,"href":"https:\/\/brasilnoticias.org\/site\/wp-json\/wp\/v2\/users\/1"}],"replies":[{"embeddable":true,"href":"https:\/\/brasilnoticias.org\/site\/wp-json\/wp\/v2\/comments?post=4155"}],"version-history":[{"count":1,"href":"https:\/\/brasilnoticias.org\/site\/wp-json\/wp\/v2\/posts\/4155\/revisions"}],"predecessor-version":[{"id":4157,"href":"https:\/\/brasilnoticias.org\/site\/wp-json\/wp\/v2\/posts\/4155\/revisions\/4157"}],"wp:featuredmedia":[{"embeddable":true,"href":"https:\/\/brasilnoticias.org\/site\/wp-json\/wp\/v2\/media\/4156"}],"wp:attachment":[{"href":"https:\/\/brasilnoticias.org\/site\/wp-json\/wp\/v2\/media?parent=4155"}],"wp:term":[{"taxonomy":"category","embeddable":true,"href":"https:\/\/brasilnoticias.org\/site\/wp-json\/wp\/v2\/categories?post=4155"},{"taxonomy":"post_tag","embeddable":true,"href":"https:\/\/brasilnoticias.org\/site\/wp-json\/wp\/v2\/tags?post=4155"}],"curies":[{"name":"wp","href":"https:\/\/api.w.org\/{rel}","templated":true}]}}