{"id":4158,"date":"2023-02-21T07:10:27","date_gmt":"2023-02-21T10:10:27","guid":{"rendered":"https:\/\/brasilnoticias.org\/site\/?p=4158"},"modified":"2023-02-20T21:17:48","modified_gmt":"2023-02-21T00:17:48","slug":"telescopio-hubble-capta-imagem-de-colisao-entre-tres-galaxias","status":"publish","type":"post","link":"https:\/\/brasilnoticias.org\/site\/telescopio-hubble-capta-imagem-de-colisao-entre-tres-galaxias\/","title":{"rendered":"Telesc\u00f3pio Hubble capta imagem de colis\u00e3o entre tr\u00eas gal\u00e1xias"},"content":{"rendered":"<p>A NASA compartilhou uma imagem captada pelo Telesc\u00f3pio Espacial Hubble que mostra uma colis\u00e3o entre tr\u00eas gal\u00e1xias diferentes &#8211; localizadas na constela\u00e7\u00e3o Bo\u00f6tes.<\/p>\n<p>A ag\u00eancia espacial norte-americana refere que esta colis\u00e3o \u00e9 \u201cuma combina\u00e7\u00e3o relativamente rara\u201d entre gal\u00e1xias onde s\u00e3o formadas estrelas que, neste caso, est\u00e3o localizadas a apenas 50 mil anos-luz de dist\u00e2ncia entre si.<\/p>\n<p>\u201cPode parecer uma dist\u00e2ncia segura, mas para gal\u00e1xias isto faz delas vizinhas muito pr\u00f3ximas. As nossas gal\u00e1xias vizinhas est\u00e3o muito mais longe: a Andromeda, a gal\u00e1xia de maiores dimens\u00f5es e mais pr\u00f3xima da Via L\u00e1ctea, est\u00e1 a mais de 2,5 milh\u00f5es de anos-luz da Terra\u201d, explicam os cientistas encarregues do Hubble.<\/p>\n<p>Acredita-se que, eventualmente, estas tr\u00eas gal\u00e1xias ser\u00e3o combinadas numa s\u00f3 e que os buracos negros no n\u00facleo de cada uma far\u00e1 com que sejam espalhadas estrelas em todas as dire\u00e7\u00f5es do Universo.<\/p>\n<p>Foto NASA<br \/>\nNot\u00edcias ao minuto<\/p>\n","protected":false},"excerpt":{"rendered":"<p>A NASA compartilhou uma imagem captada pelo Telesc\u00f3pio Espacial Hubble que mostra uma colis\u00e3o entre tr\u00eas gal\u00e1xias diferentes &#8211; localizadas<\/p>\n","protected":false},"author":1,"featured_media":4159,"comment_status":"open","ping_status":"open","sticky":false,"template":"","format":"standard","meta":{"colormag_page_container_layout":"default_layout","colormag_page_sidebar_layout":"default_layout","_FSMCFIC_featured_image_caption":"","_FSMCFIC_featured_image_nocaption":"","_FSMCFIC_featured_image_hide":"","footnotes":""},"categories":[2,1],"tags":[],"class_list":["post-4158","post","type-post","status-publish","format-standard","has-post-thumbnail","hentry","category-noticias","category-ultimas"],"yoast_head":"<!-- This site is optimized with the Yoast SEO plugin v27.1.1 - https:\/\/yoast.com\/product\/yoast-seo-wordpress\/ -->\n<title>Telesc\u00f3pio Hubble capta imagem de colis\u00e3o entre tr\u00eas gal\u00e1xias - Brasil not\u00edcias<\/title>\n<meta name=\"robots\" content=\"index, follow, max-snippet:-1, max-image-preview:large, max-video-preview:-1\" \/>\n<link rel=\"canonical\" href=\"https:\/\/brasilnoticias.org\/site\/telescopio-hubble-capta-imagem-de-colisao-entre-tres-galaxias\/\" \/>\n<meta property=\"og:locale\" content=\"pt_PT\" \/>\n<meta property=\"og:type\" content=\"article\" \/>\n<meta property=\"og:title\" content=\"Telesc\u00f3pio Hubble capta imagem de colis\u00e3o entre tr\u00eas gal\u00e1xias - Brasil not\u00edcias\" \/>\n<meta property=\"og:description\" content=\"A NASA compartilhou uma imagem captada pelo Telesc\u00f3pio Espacial Hubble que mostra uma colis\u00e3o entre tr\u00eas gal\u00e1xias diferentes &#8211; localizadas\" \/>\n<meta property=\"og:url\" content=\"https:\/\/brasilnoticias.org\/site\/telescopio-hubble-capta-imagem-de-colisao-entre-tres-galaxias\/\" \/>\n<meta property=\"og:site_name\" content=\"Brasil not\u00edcias\" \/>\n<meta property=\"article:published_time\" content=\"2023-02-21T10:10:27+00:00\" \/>\n<meta property=\"og:image\" content=\"https:\/\/brasilnoticias.org\/site\/wp-content\/uploads\/2023\/02\/naom_63f36844e61e5.jpg\" \/>\n\t<meta property=\"og:image:width\" content=\"960\" \/>\n\t<meta property=\"og:image:height\" content=\"540\" \/>\n\t<meta property=\"og:image:type\" content=\"image\/jpeg\" \/>\n<meta name=\"author\" content=\"Reda\u00e7\u00e3o\" \/>\n<meta name=\"twitter:card\" content=\"summary_large_image\" \/>\n<meta name=\"twitter:label1\" content=\"Escrito por\" \/>\n\t<meta name=\"twitter:data1\" content=\"Reda\u00e7\u00e3o\" \/>\n<script type=\"application\/ld+json\" class=\"yoast-schema-graph\">{\"@context\":\"https:\/\/schema.org\",\"@graph\":[{\"@type\":\"Article\",\"@id\":\"https:\/\/brasilnoticias.org\/site\/telescopio-hubble-capta-imagem-de-colisao-entre-tres-galaxias\/#article\",\"isPartOf\":{\"@id\":\"https:\/\/brasilnoticias.org\/site\/telescopio-hubble-capta-imagem-de-colisao-entre-tres-galaxias\/\"},\"author\":{\"name\":\"Reda\u00e7\u00e3o\",\"@id\":\"https:\/\/brasilnoticias.org\/site\/#\/schema\/person\/a0e05b973ec4d15c658d51911e53507b\"},\"headline\":\"Telesc\u00f3pio Hubble capta imagem de colis\u00e3o entre tr\u00eas gal\u00e1xias\",\"datePublished\":\"2023-02-21T10:10:27+00:00\",\"mainEntityOfPage\":{\"@id\":\"https:\/\/brasilnoticias.org\/site\/telescopio-hubble-capta-imagem-de-colisao-entre-tres-galaxias\/\"},\"wordCount\":183,\"commentCount\":0,\"publisher\":{\"@id\":\"https:\/\/brasilnoticias.org\/site\/#organization\"},\"image\":{\"@id\":\"https:\/\/brasilnoticias.org\/site\/telescopio-hubble-capta-imagem-de-colisao-entre-tres-galaxias\/#primaryimage\"},\"thumbnailUrl\":\"https:\/\/brasilnoticias.org\/site\/wp-content\/uploads\/2023\/02\/naom_63f36844e61e5.jpg\",\"articleSection\":[\"Not\u00edcias\",\"\u00daltimas\"],\"inLanguage\":\"pt-PT\",\"potentialAction\":[{\"@type\":\"CommentAction\",\"name\":\"Comment\",\"target\":[\"https:\/\/brasilnoticias.org\/site\/telescopio-hubble-capta-imagem-de-colisao-entre-tres-galaxias\/#respond\"]}]},{\"@type\":\"WebPage\",\"@id\":\"https:\/\/brasilnoticias.org\/site\/telescopio-hubble-capta-imagem-de-colisao-entre-tres-galaxias\/\",\"url\":\"https:\/\/brasilnoticias.org\/site\/telescopio-hubble-capta-imagem-de-colisao-entre-tres-galaxias\/\",\"name\":\"Telesc\u00f3pio Hubble capta imagem de colis\u00e3o entre tr\u00eas gal\u00e1xias - Brasil not\u00edcias\",\"isPartOf\":{\"@id\":\"https:\/\/brasilnoticias.org\/site\/#website\"},\"primaryImageOfPage\":{\"@id\":\"https:\/\/brasilnoticias.org\/site\/telescopio-hubble-capta-imagem-de-colisao-entre-tres-galaxias\/#primaryimage\"},\"image\":{\"@id\":\"https:\/\/brasilnoticias.org\/site\/telescopio-hubble-capta-imagem-de-colisao-entre-tres-galaxias\/#primaryimage\"},\"thumbnailUrl\":\"https:\/\/brasilnoticias.org\/site\/wp-content\/uploads\/2023\/02\/naom_63f36844e61e5.jpg\",\"datePublished\":\"2023-02-21T10:10:27+00:00\",\"breadcrumb\":{\"@id\":\"https:\/\/brasilnoticias.org\/site\/telescopio-hubble-capta-imagem-de-colisao-entre-tres-galaxias\/#breadcrumb\"},\"inLanguage\":\"pt-PT\",\"potentialAction\":[{\"@type\":\"ReadAction\",\"target\":[\"https:\/\/brasilnoticias.org\/site\/telescopio-hubble-capta-imagem-de-colisao-entre-tres-galaxias\/\"]}]},{\"@type\":\"ImageObject\",\"inLanguage\":\"pt-PT\",\"@id\":\"https:\/\/brasilnoticias.org\/site\/telescopio-hubble-capta-imagem-de-colisao-entre-tres-galaxias\/#primaryimage\",\"url\":\"https:\/\/brasilnoticias.org\/site\/wp-content\/uploads\/2023\/02\/naom_63f36844e61e5.jpg\",\"contentUrl\":\"https:\/\/brasilnoticias.org\/site\/wp-content\/uploads\/2023\/02\/naom_63f36844e61e5.jpg\",\"width\":960,\"height\":540},{\"@type\":\"BreadcrumbList\",\"@id\":\"https:\/\/brasilnoticias.org\/site\/telescopio-hubble-capta-imagem-de-colisao-entre-tres-galaxias\/#breadcrumb\",\"itemListElement\":[{\"@type\":\"ListItem\",\"position\":1,\"name\":\"In\u00edcio\",\"item\":\"https:\/\/brasilnoticias.org\/site\/\"},{\"@type\":\"ListItem\",\"position\":2,\"name\":\"Telesc\u00f3pio Hubble capta imagem de colis\u00e3o entre tr\u00eas gal\u00e1xias\"}]},{\"@type\":\"WebSite\",\"@id\":\"https:\/\/brasilnoticias.org\/site\/#website\",\"url\":\"https:\/\/brasilnoticias.org\/site\/\",\"name\":\"Brasil not\u00edcias\",\"description\":\"Brasil not\u00edcias\",\"publisher\":{\"@id\":\"https:\/\/brasilnoticias.org\/site\/#organization\"},\"potentialAction\":[{\"@type\":\"SearchAction\",\"target\":{\"@type\":\"EntryPoint\",\"urlTemplate\":\"https:\/\/brasilnoticias.org\/site\/?s={search_term_string}\"},\"query-input\":{\"@type\":\"PropertyValueSpecification\",\"valueRequired\":true,\"valueName\":\"search_term_string\"}}],\"inLanguage\":\"pt-PT\"},{\"@type\":\"Organization\",\"@id\":\"https:\/\/brasilnoticias.org\/site\/#organization\",\"name\":\"Brasil not\u00edcias\",\"url\":\"https:\/\/brasilnoticias.org\/site\/\",\"logo\":{\"@type\":\"ImageObject\",\"inLanguage\":\"pt-PT\",\"@id\":\"https:\/\/brasilnoticias.org\/site\/#\/schema\/logo\/image\/\",\"url\":\"https:\/\/brasilnoticias.org\/site\/wp-content\/uploads\/2022\/05\/cropped-brasilnoticias-mini.jpg\",\"contentUrl\":\"https:\/\/brasilnoticias.org\/site\/wp-content\/uploads\/2022\/05\/cropped-brasilnoticias-mini.jpg\",\"width\":314,\"height\":86,\"caption\":\"Brasil not\u00edcias\"},\"image\":{\"@id\":\"https:\/\/brasilnoticias.org\/site\/#\/schema\/logo\/image\/\"}},{\"@type\":\"Person\",\"@id\":\"https:\/\/brasilnoticias.org\/site\/#\/schema\/person\/a0e05b973ec4d15c658d51911e53507b\",\"name\":\"Reda\u00e7\u00e3o\",\"image\":{\"@type\":\"ImageObject\",\"inLanguage\":\"pt-PT\",\"@id\":\"https:\/\/brasilnoticias.org\/site\/#\/schema\/person\/image\/\",\"url\":\"https:\/\/secure.gravatar.com\/avatar\/75d8b050df2de108b08ae78dfb8e374892df24a383c67db9c46a9c604f6aee9c?s=96&d=mm&r=g\",\"contentUrl\":\"https:\/\/secure.gravatar.com\/avatar\/75d8b050df2de108b08ae78dfb8e374892df24a383c67db9c46a9c604f6aee9c?s=96&d=mm&r=g\",\"caption\":\"Reda\u00e7\u00e3o\"},\"sameAs\":[\"https:\/\/brasilnoticias.org\/site\"],\"url\":\"https:\/\/brasilnoticias.org\/site\/author\/fernandozsngmail-com\/\"}]}<\/script>\n<!-- \/ Yoast SEO plugin. -->","yoast_head_json":{"title":"Telesc\u00f3pio Hubble capta imagem de colis\u00e3o entre tr\u00eas gal\u00e1xias - Brasil not\u00edcias","robots":{"index":"index","follow":"follow","max-snippet":"max-snippet:-1","max-image-preview":"max-image-preview:large","max-video-preview":"max-video-preview:-1"},"canonical":"https:\/\/brasilnoticias.org\/site\/telescopio-hubble-capta-imagem-de-colisao-entre-tres-galaxias\/","og_locale":"pt_PT","og_type":"article","og_title":"Telesc\u00f3pio Hubble capta imagem de colis\u00e3o entre tr\u00eas gal\u00e1xias - Brasil not\u00edcias","og_description":"A NASA compartilhou uma imagem captada pelo Telesc\u00f3pio Espacial Hubble que mostra uma colis\u00e3o entre tr\u00eas gal\u00e1xias diferentes &#8211; localizadas","og_url":"https:\/\/brasilnoticias.org\/site\/telescopio-hubble-capta-imagem-de-colisao-entre-tres-galaxias\/","og_site_name":"Brasil not\u00edcias","article_published_time":"2023-02-21T10:10:27+00:00","og_image":[{"width":960,"height":540,"url":"https:\/\/brasilnoticias.org\/site\/wp-content\/uploads\/2023\/02\/naom_63f36844e61e5.jpg","type":"image\/jpeg"}],"author":"Reda\u00e7\u00e3o","twitter_card":"summary_large_image","twitter_misc":{"Escrito por":"Reda\u00e7\u00e3o"},"schema":{"@context":"https:\/\/schema.org","@graph":[{"@type":"Article","@id":"https:\/\/brasilnoticias.org\/site\/telescopio-hubble-capta-imagem-de-colisao-entre-tres-galaxias\/#article","isPartOf":{"@id":"https:\/\/brasilnoticias.org\/site\/telescopio-hubble-capta-imagem-de-colisao-entre-tres-galaxias\/"},"author":{"name":"Reda\u00e7\u00e3o","@id":"https:\/\/brasilnoticias.org\/site\/#\/schema\/person\/a0e05b973ec4d15c658d51911e53507b"},"headline":"Telesc\u00f3pio Hubble capta imagem de colis\u00e3o entre tr\u00eas gal\u00e1xias","datePublished":"2023-02-21T10:10:27+00:00","mainEntityOfPage":{"@id":"https:\/\/brasilnoticias.org\/site\/telescopio-hubble-capta-imagem-de-colisao-entre-tres-galaxias\/"},"wordCount":183,"commentCount":0,"publisher":{"@id":"https:\/\/brasilnoticias.org\/site\/#organization"},"image":{"@id":"https:\/\/brasilnoticias.org\/site\/telescopio-hubble-capta-imagem-de-colisao-entre-tres-galaxias\/#primaryimage"},"thumbnailUrl":"https:\/\/brasilnoticias.org\/site\/wp-content\/uploads\/2023\/02\/naom_63f36844e61e5.jpg","articleSection":["Not\u00edcias","\u00daltimas"],"inLanguage":"pt-PT","potentialAction":[{"@type":"CommentAction","name":"Comment","target":["https:\/\/brasilnoticias.org\/site\/telescopio-hubble-capta-imagem-de-colisao-entre-tres-galaxias\/#respond"]}]},{"@type":"WebPage","@id":"https:\/\/brasilnoticias.org\/site\/telescopio-hubble-capta-imagem-de-colisao-entre-tres-galaxias\/","url":"https:\/\/brasilnoticias.org\/site\/telescopio-hubble-capta-imagem-de-colisao-entre-tres-galaxias\/","name":"Telesc\u00f3pio Hubble capta imagem de colis\u00e3o entre tr\u00eas gal\u00e1xias - Brasil not\u00edcias","isPartOf":{"@id":"https:\/\/brasilnoticias.org\/site\/#website"},"primaryImageOfPage":{"@id":"https:\/\/brasilnoticias.org\/site\/telescopio-hubble-capta-imagem-de-colisao-entre-tres-galaxias\/#primaryimage"},"image":{"@id":"https:\/\/brasilnoticias.org\/site\/telescopio-hubble-capta-imagem-de-colisao-entre-tres-galaxias\/#primaryimage"},"thumbnailUrl":"https:\/\/brasilnoticias.org\/site\/wp-content\/uploads\/2023\/02\/naom_63f36844e61e5.jpg","datePublished":"2023-02-21T10:10:27+00:00","breadcrumb":{"@id":"https:\/\/brasilnoticias.org\/site\/telescopio-hubble-capta-imagem-de-colisao-entre-tres-galaxias\/#breadcrumb"},"inLanguage":"pt-PT","potentialAction":[{"@type":"ReadAction","target":["https:\/\/brasilnoticias.org\/site\/telescopio-hubble-capta-imagem-de-colisao-entre-tres-galaxias\/"]}]},{"@type":"ImageObject","inLanguage":"pt-PT","@id":"https:\/\/brasilnoticias.org\/site\/telescopio-hubble-capta-imagem-de-colisao-entre-tres-galaxias\/#primaryimage","url":"https:\/\/brasilnoticias.org\/site\/wp-content\/uploads\/2023\/02\/naom_63f36844e61e5.jpg","contentUrl":"https:\/\/brasilnoticias.org\/site\/wp-content\/uploads\/2023\/02\/naom_63f36844e61e5.jpg","width":960,"height":540},{"@type":"BreadcrumbList","@id":"https:\/\/brasilnoticias.org\/site\/telescopio-hubble-capta-imagem-de-colisao-entre-tres-galaxias\/#breadcrumb","itemListElement":[{"@type":"ListItem","position":1,"name":"In\u00edcio","item":"https:\/\/brasilnoticias.org\/site\/"},{"@type":"ListItem","position":2,"name":"Telesc\u00f3pio Hubble capta imagem de colis\u00e3o entre tr\u00eas gal\u00e1xias"}]},{"@type":"WebSite","@id":"https:\/\/brasilnoticias.org\/site\/#website","url":"https:\/\/brasilnoticias.org\/site\/","name":"Brasil not\u00edcias","description":"Brasil not\u00edcias","publisher":{"@id":"https:\/\/brasilnoticias.org\/site\/#organization"},"potentialAction":[{"@type":"SearchAction","target":{"@type":"EntryPoint","urlTemplate":"https:\/\/brasilnoticias.org\/site\/?s={search_term_string}"},"query-input":{"@type":"PropertyValueSpecification","valueRequired":true,"valueName":"search_term_string"}}],"inLanguage":"pt-PT"},{"@type":"Organization","@id":"https:\/\/brasilnoticias.org\/site\/#organization","name":"Brasil not\u00edcias","url":"https:\/\/brasilnoticias.org\/site\/","logo":{"@type":"ImageObject","inLanguage":"pt-PT","@id":"https:\/\/brasilnoticias.org\/site\/#\/schema\/logo\/image\/","url":"https:\/\/brasilnoticias.org\/site\/wp-content\/uploads\/2022\/05\/cropped-brasilnoticias-mini.jpg","contentUrl":"https:\/\/brasilnoticias.org\/site\/wp-content\/uploads\/2022\/05\/cropped-brasilnoticias-mini.jpg","width":314,"height":86,"caption":"Brasil not\u00edcias"},"image":{"@id":"https:\/\/brasilnoticias.org\/site\/#\/schema\/logo\/image\/"}},{"@type":"Person","@id":"https:\/\/brasilnoticias.org\/site\/#\/schema\/person\/a0e05b973ec4d15c658d51911e53507b","name":"Reda\u00e7\u00e3o","image":{"@type":"ImageObject","inLanguage":"pt-PT","@id":"https:\/\/brasilnoticias.org\/site\/#\/schema\/person\/image\/","url":"https:\/\/secure.gravatar.com\/avatar\/75d8b050df2de108b08ae78dfb8e374892df24a383c67db9c46a9c604f6aee9c?s=96&d=mm&r=g","contentUrl":"https:\/\/secure.gravatar.com\/avatar\/75d8b050df2de108b08ae78dfb8e374892df24a383c67db9c46a9c604f6aee9c?s=96&d=mm&r=g","caption":"Reda\u00e7\u00e3o"},"sameAs":["https:\/\/brasilnoticias.org\/site"],"url":"https:\/\/brasilnoticias.org\/site\/author\/fernandozsngmail-com\/"}]}},"_links":{"self":[{"href":"https:\/\/brasilnoticias.org\/site\/wp-json\/wp\/v2\/posts\/4158","targetHints":{"allow":["GET"]}}],"collection":[{"href":"https:\/\/brasilnoticias.org\/site\/wp-json\/wp\/v2\/posts"}],"about":[{"href":"https:\/\/brasilnoticias.org\/site\/wp-json\/wp\/v2\/types\/post"}],"author":[{"embeddable":true,"href":"https:\/\/brasilnoticias.org\/site\/wp-json\/wp\/v2\/users\/1"}],"replies":[{"embeddable":true,"href":"https:\/\/brasilnoticias.org\/site\/wp-json\/wp\/v2\/comments?post=4158"}],"version-history":[{"count":1,"href":"https:\/\/brasilnoticias.org\/site\/wp-json\/wp\/v2\/posts\/4158\/revisions"}],"predecessor-version":[{"id":4160,"href":"https:\/\/brasilnoticias.org\/site\/wp-json\/wp\/v2\/posts\/4158\/revisions\/4160"}],"wp:featuredmedia":[{"embeddable":true,"href":"https:\/\/brasilnoticias.org\/site\/wp-json\/wp\/v2\/media\/4159"}],"wp:attachment":[{"href":"https:\/\/brasilnoticias.org\/site\/wp-json\/wp\/v2\/media?parent=4158"}],"wp:term":[{"taxonomy":"category","embeddable":true,"href":"https:\/\/brasilnoticias.org\/site\/wp-json\/wp\/v2\/categories?post=4158"},{"taxonomy":"post_tag","embeddable":true,"href":"https:\/\/brasilnoticias.org\/site\/wp-json\/wp\/v2\/tags?post=4158"}],"curies":[{"name":"wp","href":"https:\/\/api.w.org\/{rel}","templated":true}]}}