{"id":416,"date":"2022-05-21T09:53:25","date_gmt":"2022-05-21T12:53:25","guid":{"rendered":"https:\/\/brasilnoticias.org\/site\/?p=416"},"modified":"2022-05-21T09:53:25","modified_gmt":"2022-05-21T12:53:25","slug":"brasileiro-e-o-primeiro-infectado-pela-variola-dos-macacos-na-alemanha","status":"publish","type":"post","link":"https:\/\/brasilnoticias.org\/site\/brasileiro-e-o-primeiro-infectado-pela-variola-dos-macacos-na-alemanha\/","title":{"rendered":"Brasileiro \u00e9 o primeiro infectado pela var\u00edola dos macacos na Alemanha"},"content":{"rendered":"<p>O primeiro caso de var\u00edola dos macacos na Alemanha foi informado nesta sexta-feira (20), pelo Instituto de Microbiologia da Bundeswehr, as For\u00e7as Armadas alem\u00e3s. O v\u00edrus foi detectado num brasileiro de 26 anos, nesta quinta-feira (19).<\/p>\n<p>De acordo com o G1, o brasileiro estava em viagem por Portugal, Espanha at\u00e9 chegar em Munique, no sul da Alemanha desde a semana passada. Ele passou tamb\u00e9m por D\u00fcsseldorf e Frankfurt. Ele apresentou erup\u00e7\u00f5es cut\u00e2neas que \u00e9 um dos sintomas caracter\u00edsticos da doen\u00e7a e, por conta disso, est\u00e1 em isolamento em uma cl\u00ednica da cidade.<\/p>\n<p>Em nota, a institui\u00e7\u00e3o ressalta que\u00a0<a href=\"https:\/\/www.bnews.com.br\/noticias\/mundo\/europa-vive-maior-surto-de-variola-dos-macacos-da-historia.html\" target=\"_blank\" rel=\"noopener\">as autoridades sanit\u00e1rias da Europa e da Am\u00e9rica do Norte temem pelo alastramento da doen\u00e7a que \u00e9 origin\u00e1ria de algumas regi\u00f5es da \u00c1frica<\/a>, devido ao n\u00famero crescente de casos na Europa<\/p>\n<p><strong>Saiba como \u00e9 o cont\u00e1gio da doen\u00e7a<\/strong><\/p>\n<p>A OMS considera o risco end\u00eamico da var\u00edola dos macacos como extremamente baixo. A doen\u00e7a \u00e9 uma zoonose, que passa de animais para humanos. O v\u00edrus n\u00e3o \u00e9 de f\u00e1cil transmiss\u00e3o e precisa de contato direito com animais ou humanos infectados ou com roupas e objetos de infectados.<\/p>\n<p>O cont\u00e1gio pode ser tamb\u00e9m atrav\u00e9s da mordida de animais que carregam o v\u00edrus ou consumo destes. Outra forma de pegar a doen\u00e7a \u00e9 por got\u00edculas respirat\u00f3rias, por\u00e9m, neste caso \u00e9 necess\u00e1rio um contato pessoal prolongando.<\/p>\n<p>A var\u00edola de macaco foi registrada em humanos pela primeira vez em 1970 na Rep\u00fablica Democr\u00e1tica do Congo. Casos isolados surgiram em outros pa\u00edses africanos. Em 2003, uma infec\u00e7\u00e3o por esse v\u00edrus foi identificada nos Estados Unidos, e, em 2018, outras duas no\u00a0Reino Unido\u00a0e Israel. Desde ent\u00e3o, nenhum caso havia sido registrado fora do continente africano.<\/p>\n<p>O pat\u00f3geno que causa a doen\u00e7a circula entre roedores. Os macacos s\u00e3o considerados hospedeiros de transporte \u2013 ou seja, carregam o v\u00edrus sem que esse se desenvolva em seus corpos.<\/p>\n<p>&nbsp;<\/p>\n<p>&nbsp;<\/p>\n<p>&nbsp;<\/p>\n<p>Bnews<\/p>\n<p>&nbsp;<\/p>\n","protected":false},"excerpt":{"rendered":"<p>O primeiro caso de var\u00edola dos macacos na Alemanha foi informado nesta sexta-feira (20), pelo Instituto de Microbiologia da Bundeswehr,<\/p>\n","protected":false},"author":2,"featured_media":417,"comment_status":"open","ping_status":"open","sticky":false,"template":"","format":"standard","meta":{"colormag_page_container_layout":"default_layout","colormag_page_sidebar_layout":"default_layout","_FSMCFIC_featured_image_caption":"","_FSMCFIC_featured_image_nocaption":"","_FSMCFIC_featured_image_hide":"","footnotes":""},"categories":[6,1],"tags":[],"class_list":["post-416","post","type-post","status-publish","format-standard","has-post-thumbnail","hentry","category-mundo","category-ultimas"],"yoast_head":"<!-- This site is optimized with the Yoast SEO plugin v27.1.1 - https:\/\/yoast.com\/product\/yoast-seo-wordpress\/ -->\n<title>Brasileiro \u00e9 o primeiro infectado pela var\u00edola dos macacos na Alemanha - Brasil not\u00edcias<\/title>\n<meta name=\"robots\" content=\"index, follow, max-snippet:-1, max-image-preview:large, max-video-preview:-1\" \/>\n<link rel=\"canonical\" href=\"https:\/\/brasilnoticias.org\/site\/brasileiro-e-o-primeiro-infectado-pela-variola-dos-macacos-na-alemanha\/\" \/>\n<meta property=\"og:locale\" content=\"pt_PT\" \/>\n<meta property=\"og:type\" content=\"article\" \/>\n<meta property=\"og:title\" content=\"Brasileiro \u00e9 o primeiro infectado pela var\u00edola dos macacos na Alemanha - Brasil not\u00edcias\" \/>\n<meta property=\"og:description\" content=\"O primeiro caso de var\u00edola dos macacos na Alemanha foi informado nesta sexta-feira (20), pelo Instituto de Microbiologia da Bundeswehr,\" \/>\n<meta property=\"og:url\" content=\"https:\/\/brasilnoticias.org\/site\/brasileiro-e-o-primeiro-infectado-pela-variola-dos-macacos-na-alemanha\/\" \/>\n<meta property=\"og:site_name\" content=\"Brasil not\u00edcias\" \/>\n<meta property=\"article:published_time\" content=\"2022-05-21T12:53:25+00:00\" \/>\n<meta property=\"og:image\" content=\"https:\/\/brasilnoticias.org\/site\/wp-content\/uploads\/2022\/05\/variola-macacos-brasileiro-alemanha_widemd.jpg\" \/>\n\t<meta property=\"og:image:width\" content=\"275\" \/>\n\t<meta property=\"og:image:height\" content=\"183\" \/>\n\t<meta property=\"og:image:type\" content=\"image\/jpeg\" \/>\n<meta name=\"author\" content=\"Reda\u00e7\u00e3o\" \/>\n<meta name=\"twitter:card\" content=\"summary_large_image\" \/>\n<meta name=\"twitter:label1\" content=\"Escrito por\" \/>\n\t<meta name=\"twitter:data1\" content=\"Reda\u00e7\u00e3o\" \/>\n\t<meta name=\"twitter:label2\" content=\"Tempo estimado de leitura\" \/>\n\t<meta name=\"twitter:data2\" content=\"2 minutos\" \/>\n<script type=\"application\/ld+json\" class=\"yoast-schema-graph\">{\"@context\":\"https:\/\/schema.org\",\"@graph\":[{\"@type\":\"Article\",\"@id\":\"https:\/\/brasilnoticias.org\/site\/brasileiro-e-o-primeiro-infectado-pela-variola-dos-macacos-na-alemanha\/#article\",\"isPartOf\":{\"@id\":\"https:\/\/brasilnoticias.org\/site\/brasileiro-e-o-primeiro-infectado-pela-variola-dos-macacos-na-alemanha\/\"},\"author\":{\"name\":\"Reda\u00e7\u00e3o\",\"@id\":\"https:\/\/brasilnoticias.org\/site\/#\/schema\/person\/f609fa847b5314f1c8b983342f34c798\"},\"headline\":\"Brasileiro \u00e9 o primeiro infectado pela var\u00edola dos macacos na Alemanha\",\"datePublished\":\"2022-05-21T12:53:25+00:00\",\"mainEntityOfPage\":{\"@id\":\"https:\/\/brasilnoticias.org\/site\/brasileiro-e-o-primeiro-infectado-pela-variola-dos-macacos-na-alemanha\/\"},\"wordCount\":357,\"commentCount\":0,\"publisher\":{\"@id\":\"https:\/\/brasilnoticias.org\/site\/#organization\"},\"image\":{\"@id\":\"https:\/\/brasilnoticias.org\/site\/brasileiro-e-o-primeiro-infectado-pela-variola-dos-macacos-na-alemanha\/#primaryimage\"},\"thumbnailUrl\":\"https:\/\/brasilnoticias.org\/site\/wp-content\/uploads\/2022\/05\/variola-macacos-brasileiro-alemanha_widemd.jpg\",\"articleSection\":[\"Mundo\",\"\u00daltimas\"],\"inLanguage\":\"pt-PT\",\"potentialAction\":[{\"@type\":\"CommentAction\",\"name\":\"Comment\",\"target\":[\"https:\/\/brasilnoticias.org\/site\/brasileiro-e-o-primeiro-infectado-pela-variola-dos-macacos-na-alemanha\/#respond\"]}]},{\"@type\":\"WebPage\",\"@id\":\"https:\/\/brasilnoticias.org\/site\/brasileiro-e-o-primeiro-infectado-pela-variola-dos-macacos-na-alemanha\/\",\"url\":\"https:\/\/brasilnoticias.org\/site\/brasileiro-e-o-primeiro-infectado-pela-variola-dos-macacos-na-alemanha\/\",\"name\":\"Brasileiro \u00e9 o primeiro infectado pela var\u00edola dos macacos na Alemanha - Brasil not\u00edcias\",\"isPartOf\":{\"@id\":\"https:\/\/brasilnoticias.org\/site\/#website\"},\"primaryImageOfPage\":{\"@id\":\"https:\/\/brasilnoticias.org\/site\/brasileiro-e-o-primeiro-infectado-pela-variola-dos-macacos-na-alemanha\/#primaryimage\"},\"image\":{\"@id\":\"https:\/\/brasilnoticias.org\/site\/brasileiro-e-o-primeiro-infectado-pela-variola-dos-macacos-na-alemanha\/#primaryimage\"},\"thumbnailUrl\":\"https:\/\/brasilnoticias.org\/site\/wp-content\/uploads\/2022\/05\/variola-macacos-brasileiro-alemanha_widemd.jpg\",\"datePublished\":\"2022-05-21T12:53:25+00:00\",\"breadcrumb\":{\"@id\":\"https:\/\/brasilnoticias.org\/site\/brasileiro-e-o-primeiro-infectado-pela-variola-dos-macacos-na-alemanha\/#breadcrumb\"},\"inLanguage\":\"pt-PT\",\"potentialAction\":[{\"@type\":\"ReadAction\",\"target\":[\"https:\/\/brasilnoticias.org\/site\/brasileiro-e-o-primeiro-infectado-pela-variola-dos-macacos-na-alemanha\/\"]}]},{\"@type\":\"ImageObject\",\"inLanguage\":\"pt-PT\",\"@id\":\"https:\/\/brasilnoticias.org\/site\/brasileiro-e-o-primeiro-infectado-pela-variola-dos-macacos-na-alemanha\/#primaryimage\",\"url\":\"https:\/\/brasilnoticias.org\/site\/wp-content\/uploads\/2022\/05\/variola-macacos-brasileiro-alemanha_widemd.jpg\",\"contentUrl\":\"https:\/\/brasilnoticias.org\/site\/wp-content\/uploads\/2022\/05\/variola-macacos-brasileiro-alemanha_widemd.jpg\",\"width\":275,\"height\":183},{\"@type\":\"BreadcrumbList\",\"@id\":\"https:\/\/brasilnoticias.org\/site\/brasileiro-e-o-primeiro-infectado-pela-variola-dos-macacos-na-alemanha\/#breadcrumb\",\"itemListElement\":[{\"@type\":\"ListItem\",\"position\":1,\"name\":\"In\u00edcio\",\"item\":\"https:\/\/brasilnoticias.org\/site\/\"},{\"@type\":\"ListItem\",\"position\":2,\"name\":\"Brasileiro \u00e9 o primeiro infectado pela var\u00edola dos macacos na Alemanha\"}]},{\"@type\":\"WebSite\",\"@id\":\"https:\/\/brasilnoticias.org\/site\/#website\",\"url\":\"https:\/\/brasilnoticias.org\/site\/\",\"name\":\"Brasil not\u00edcias\",\"description\":\"Brasil not\u00edcias\",\"publisher\":{\"@id\":\"https:\/\/brasilnoticias.org\/site\/#organization\"},\"potentialAction\":[{\"@type\":\"SearchAction\",\"target\":{\"@type\":\"EntryPoint\",\"urlTemplate\":\"https:\/\/brasilnoticias.org\/site\/?s={search_term_string}\"},\"query-input\":{\"@type\":\"PropertyValueSpecification\",\"valueRequired\":true,\"valueName\":\"search_term_string\"}}],\"inLanguage\":\"pt-PT\"},{\"@type\":\"Organization\",\"@id\":\"https:\/\/brasilnoticias.org\/site\/#organization\",\"name\":\"Brasil not\u00edcias\",\"url\":\"https:\/\/brasilnoticias.org\/site\/\",\"logo\":{\"@type\":\"ImageObject\",\"inLanguage\":\"pt-PT\",\"@id\":\"https:\/\/brasilnoticias.org\/site\/#\/schema\/logo\/image\/\",\"url\":\"https:\/\/brasilnoticias.org\/site\/wp-content\/uploads\/2022\/05\/cropped-brasilnoticias-mini.jpg\",\"contentUrl\":\"https:\/\/brasilnoticias.org\/site\/wp-content\/uploads\/2022\/05\/cropped-brasilnoticias-mini.jpg\",\"width\":314,\"height\":86,\"caption\":\"Brasil not\u00edcias\"},\"image\":{\"@id\":\"https:\/\/brasilnoticias.org\/site\/#\/schema\/logo\/image\/\"}},{\"@type\":\"Person\",\"@id\":\"https:\/\/brasilnoticias.org\/site\/#\/schema\/person\/f609fa847b5314f1c8b983342f34c798\",\"name\":\"Reda\u00e7\u00e3o\",\"image\":{\"@type\":\"ImageObject\",\"inLanguage\":\"pt-PT\",\"@id\":\"https:\/\/brasilnoticias.org\/site\/#\/schema\/person\/image\/\",\"url\":\"https:\/\/secure.gravatar.com\/avatar\/447284c06c1ad8b46465a36de9cd0d8326b73387a22799b8b1ffb1fbcff2ed0c?s=96&d=mm&r=g\",\"contentUrl\":\"https:\/\/secure.gravatar.com\/avatar\/447284c06c1ad8b46465a36de9cd0d8326b73387a22799b8b1ffb1fbcff2ed0c?s=96&d=mm&r=g\",\"caption\":\"Reda\u00e7\u00e3o\"},\"url\":\"https:\/\/brasilnoticias.org\/site\/author\/redacao\/\"}]}<\/script>\n<!-- \/ Yoast SEO plugin. -->","yoast_head_json":{"title":"Brasileiro \u00e9 o primeiro infectado pela var\u00edola dos macacos na Alemanha - Brasil not\u00edcias","robots":{"index":"index","follow":"follow","max-snippet":"max-snippet:-1","max-image-preview":"max-image-preview:large","max-video-preview":"max-video-preview:-1"},"canonical":"https:\/\/brasilnoticias.org\/site\/brasileiro-e-o-primeiro-infectado-pela-variola-dos-macacos-na-alemanha\/","og_locale":"pt_PT","og_type":"article","og_title":"Brasileiro \u00e9 o primeiro infectado pela var\u00edola dos macacos na Alemanha - Brasil not\u00edcias","og_description":"O primeiro caso de var\u00edola dos macacos na Alemanha foi informado nesta sexta-feira (20), pelo Instituto de Microbiologia da Bundeswehr,","og_url":"https:\/\/brasilnoticias.org\/site\/brasileiro-e-o-primeiro-infectado-pela-variola-dos-macacos-na-alemanha\/","og_site_name":"Brasil not\u00edcias","article_published_time":"2022-05-21T12:53:25+00:00","og_image":[{"width":275,"height":183,"url":"https:\/\/brasilnoticias.org\/site\/wp-content\/uploads\/2022\/05\/variola-macacos-brasileiro-alemanha_widemd.jpg","type":"image\/jpeg"}],"author":"Reda\u00e7\u00e3o","twitter_card":"summary_large_image","twitter_misc":{"Escrito por":"Reda\u00e7\u00e3o","Tempo estimado de leitura":"2 minutos"},"schema":{"@context":"https:\/\/schema.org","@graph":[{"@type":"Article","@id":"https:\/\/brasilnoticias.org\/site\/brasileiro-e-o-primeiro-infectado-pela-variola-dos-macacos-na-alemanha\/#article","isPartOf":{"@id":"https:\/\/brasilnoticias.org\/site\/brasileiro-e-o-primeiro-infectado-pela-variola-dos-macacos-na-alemanha\/"},"author":{"name":"Reda\u00e7\u00e3o","@id":"https:\/\/brasilnoticias.org\/site\/#\/schema\/person\/f609fa847b5314f1c8b983342f34c798"},"headline":"Brasileiro \u00e9 o primeiro infectado pela var\u00edola dos macacos na Alemanha","datePublished":"2022-05-21T12:53:25+00:00","mainEntityOfPage":{"@id":"https:\/\/brasilnoticias.org\/site\/brasileiro-e-o-primeiro-infectado-pela-variola-dos-macacos-na-alemanha\/"},"wordCount":357,"commentCount":0,"publisher":{"@id":"https:\/\/brasilnoticias.org\/site\/#organization"},"image":{"@id":"https:\/\/brasilnoticias.org\/site\/brasileiro-e-o-primeiro-infectado-pela-variola-dos-macacos-na-alemanha\/#primaryimage"},"thumbnailUrl":"https:\/\/brasilnoticias.org\/site\/wp-content\/uploads\/2022\/05\/variola-macacos-brasileiro-alemanha_widemd.jpg","articleSection":["Mundo","\u00daltimas"],"inLanguage":"pt-PT","potentialAction":[{"@type":"CommentAction","name":"Comment","target":["https:\/\/brasilnoticias.org\/site\/brasileiro-e-o-primeiro-infectado-pela-variola-dos-macacos-na-alemanha\/#respond"]}]},{"@type":"WebPage","@id":"https:\/\/brasilnoticias.org\/site\/brasileiro-e-o-primeiro-infectado-pela-variola-dos-macacos-na-alemanha\/","url":"https:\/\/brasilnoticias.org\/site\/brasileiro-e-o-primeiro-infectado-pela-variola-dos-macacos-na-alemanha\/","name":"Brasileiro \u00e9 o primeiro infectado pela var\u00edola dos macacos na Alemanha - Brasil not\u00edcias","isPartOf":{"@id":"https:\/\/brasilnoticias.org\/site\/#website"},"primaryImageOfPage":{"@id":"https:\/\/brasilnoticias.org\/site\/brasileiro-e-o-primeiro-infectado-pela-variola-dos-macacos-na-alemanha\/#primaryimage"},"image":{"@id":"https:\/\/brasilnoticias.org\/site\/brasileiro-e-o-primeiro-infectado-pela-variola-dos-macacos-na-alemanha\/#primaryimage"},"thumbnailUrl":"https:\/\/brasilnoticias.org\/site\/wp-content\/uploads\/2022\/05\/variola-macacos-brasileiro-alemanha_widemd.jpg","datePublished":"2022-05-21T12:53:25+00:00","breadcrumb":{"@id":"https:\/\/brasilnoticias.org\/site\/brasileiro-e-o-primeiro-infectado-pela-variola-dos-macacos-na-alemanha\/#breadcrumb"},"inLanguage":"pt-PT","potentialAction":[{"@type":"ReadAction","target":["https:\/\/brasilnoticias.org\/site\/brasileiro-e-o-primeiro-infectado-pela-variola-dos-macacos-na-alemanha\/"]}]},{"@type":"ImageObject","inLanguage":"pt-PT","@id":"https:\/\/brasilnoticias.org\/site\/brasileiro-e-o-primeiro-infectado-pela-variola-dos-macacos-na-alemanha\/#primaryimage","url":"https:\/\/brasilnoticias.org\/site\/wp-content\/uploads\/2022\/05\/variola-macacos-brasileiro-alemanha_widemd.jpg","contentUrl":"https:\/\/brasilnoticias.org\/site\/wp-content\/uploads\/2022\/05\/variola-macacos-brasileiro-alemanha_widemd.jpg","width":275,"height":183},{"@type":"BreadcrumbList","@id":"https:\/\/brasilnoticias.org\/site\/brasileiro-e-o-primeiro-infectado-pela-variola-dos-macacos-na-alemanha\/#breadcrumb","itemListElement":[{"@type":"ListItem","position":1,"name":"In\u00edcio","item":"https:\/\/brasilnoticias.org\/site\/"},{"@type":"ListItem","position":2,"name":"Brasileiro \u00e9 o primeiro infectado pela var\u00edola dos macacos na Alemanha"}]},{"@type":"WebSite","@id":"https:\/\/brasilnoticias.org\/site\/#website","url":"https:\/\/brasilnoticias.org\/site\/","name":"Brasil not\u00edcias","description":"Brasil not\u00edcias","publisher":{"@id":"https:\/\/brasilnoticias.org\/site\/#organization"},"potentialAction":[{"@type":"SearchAction","target":{"@type":"EntryPoint","urlTemplate":"https:\/\/brasilnoticias.org\/site\/?s={search_term_string}"},"query-input":{"@type":"PropertyValueSpecification","valueRequired":true,"valueName":"search_term_string"}}],"inLanguage":"pt-PT"},{"@type":"Organization","@id":"https:\/\/brasilnoticias.org\/site\/#organization","name":"Brasil not\u00edcias","url":"https:\/\/brasilnoticias.org\/site\/","logo":{"@type":"ImageObject","inLanguage":"pt-PT","@id":"https:\/\/brasilnoticias.org\/site\/#\/schema\/logo\/image\/","url":"https:\/\/brasilnoticias.org\/site\/wp-content\/uploads\/2022\/05\/cropped-brasilnoticias-mini.jpg","contentUrl":"https:\/\/brasilnoticias.org\/site\/wp-content\/uploads\/2022\/05\/cropped-brasilnoticias-mini.jpg","width":314,"height":86,"caption":"Brasil not\u00edcias"},"image":{"@id":"https:\/\/brasilnoticias.org\/site\/#\/schema\/logo\/image\/"}},{"@type":"Person","@id":"https:\/\/brasilnoticias.org\/site\/#\/schema\/person\/f609fa847b5314f1c8b983342f34c798","name":"Reda\u00e7\u00e3o","image":{"@type":"ImageObject","inLanguage":"pt-PT","@id":"https:\/\/brasilnoticias.org\/site\/#\/schema\/person\/image\/","url":"https:\/\/secure.gravatar.com\/avatar\/447284c06c1ad8b46465a36de9cd0d8326b73387a22799b8b1ffb1fbcff2ed0c?s=96&d=mm&r=g","contentUrl":"https:\/\/secure.gravatar.com\/avatar\/447284c06c1ad8b46465a36de9cd0d8326b73387a22799b8b1ffb1fbcff2ed0c?s=96&d=mm&r=g","caption":"Reda\u00e7\u00e3o"},"url":"https:\/\/brasilnoticias.org\/site\/author\/redacao\/"}]}},"_links":{"self":[{"href":"https:\/\/brasilnoticias.org\/site\/wp-json\/wp\/v2\/posts\/416","targetHints":{"allow":["GET"]}}],"collection":[{"href":"https:\/\/brasilnoticias.org\/site\/wp-json\/wp\/v2\/posts"}],"about":[{"href":"https:\/\/brasilnoticias.org\/site\/wp-json\/wp\/v2\/types\/post"}],"author":[{"embeddable":true,"href":"https:\/\/brasilnoticias.org\/site\/wp-json\/wp\/v2\/users\/2"}],"replies":[{"embeddable":true,"href":"https:\/\/brasilnoticias.org\/site\/wp-json\/wp\/v2\/comments?post=416"}],"version-history":[{"count":1,"href":"https:\/\/brasilnoticias.org\/site\/wp-json\/wp\/v2\/posts\/416\/revisions"}],"predecessor-version":[{"id":418,"href":"https:\/\/brasilnoticias.org\/site\/wp-json\/wp\/v2\/posts\/416\/revisions\/418"}],"wp:featuredmedia":[{"embeddable":true,"href":"https:\/\/brasilnoticias.org\/site\/wp-json\/wp\/v2\/media\/417"}],"wp:attachment":[{"href":"https:\/\/brasilnoticias.org\/site\/wp-json\/wp\/v2\/media?parent=416"}],"wp:term":[{"taxonomy":"category","embeddable":true,"href":"https:\/\/brasilnoticias.org\/site\/wp-json\/wp\/v2\/categories?post=416"},{"taxonomy":"post_tag","embeddable":true,"href":"https:\/\/brasilnoticias.org\/site\/wp-json\/wp\/v2\/tags?post=416"}],"curies":[{"name":"wp","href":"https:\/\/api.w.org\/{rel}","templated":true}]}}