{"id":4161,"date":"2023-02-21T07:20:55","date_gmt":"2023-02-21T10:20:55","guid":{"rendered":"https:\/\/brasilnoticias.org\/site\/?p=4161"},"modified":"2023-02-20T21:26:07","modified_gmt":"2023-02-21T00:26:07","slug":"neymar-lamenta-lesao-no-tornozelo-de-novo-e-recebe-mensagem-de-mbappe","status":"publish","type":"post","link":"https:\/\/brasilnoticias.org\/site\/neymar-lamenta-lesao-no-tornozelo-de-novo-e-recebe-mensagem-de-mbappe\/","title":{"rendered":"Neymar lamenta les\u00e3o no tornozelo &#8216;de novo&#8217; e recebe mensagem de Mbapp\u00e9"},"content":{"rendered":"<p>Ap\u00f3s sair de campo lesionado no domingo, em jogo do Paris Saint-Germain contra o Lille, pelo Campeonato Franc\u00eas, Neymar se manifestou em suas redes sociais lamentando uma nova les\u00e3o no tornozelo direito.<br \/>\nEm seu perfil no Instagram, o camisa 10 do PSG publicou foto do seu p\u00e9 em processo de recupera\u00e7\u00e3o com os dizeres &#8220;Again and again&#8221;, ou &#8220;de novo e de novo&#8221;, em portugu\u00eas, seguido por um emoji de tristeza.<\/p>\n<p>No domingo, o clube confirmou que Neymar sofreu uma entorse no tornozelo direito. A resson\u00e2ncia magn\u00e9tica feita no brasileiro, no entanto, n\u00e3o revelou qualquer tipo de fratura.<\/p>\n<p>De acordo com a imprensa francesa, o jogador deve ficar longe dos campos por tr\u00eas semanas. Mais uma vez, o jogador brasileiro corre o risco de ficar de fora de uma partida decisiva da Liga dos Campe\u00f5es. O jogo de volta contra o Bayern de Munique, pelas oitavas de final, est\u00e1 marcado para o dia 8 de mar\u00e7o.<\/p>\n<p>Quem tamb\u00e9m se manifestou sobre a les\u00e3o do camisa 10 foi Kylian Mbapp\u00e9. O companheiro de equipe de Neymar publicou coment\u00e1rio com uma mensagem de apoio ao atacante brasileiro. &#8220;Mantenha-se forte, Neymar. Todo o time est\u00e1 esperando por voc\u00ea. Vamos, irm\u00e3o!&#8221;, disse Mbapp\u00e9. Neymar repostou a mensagem em sua conta e agradeceu o carinho do franc\u00eas.<\/p>\n<p>Foto Getty<br \/>\nNot\u00edcias ao minuto<\/p>\n","protected":false},"excerpt":{"rendered":"<p>Ap\u00f3s sair de campo lesionado no domingo, em jogo do Paris Saint-Germain contra o Lille, pelo Campeonato Franc\u00eas, Neymar se<\/p>\n","protected":false},"author":1,"featured_media":4162,"comment_status":"open","ping_status":"open","sticky":false,"template":"","format":"standard","meta":{"colormag_page_container_layout":"default_layout","colormag_page_sidebar_layout":"default_layout","_FSMCFIC_featured_image_caption":"","_FSMCFIC_featured_image_nocaption":"","_FSMCFIC_featured_image_hide":"","footnotes":""},"categories":[4,1],"tags":[],"class_list":["post-4161","post","type-post","status-publish","format-standard","has-post-thumbnail","hentry","category-esporte","category-ultimas"],"yoast_head":"<!-- This site is optimized with the Yoast SEO plugin v27.1.1 - https:\/\/yoast.com\/product\/yoast-seo-wordpress\/ -->\n<title>Neymar lamenta les\u00e3o no tornozelo &#039;de novo&#039; e recebe mensagem de Mbapp\u00e9 - Brasil not\u00edcias<\/title>\n<meta name=\"robots\" content=\"index, follow, max-snippet:-1, max-image-preview:large, max-video-preview:-1\" \/>\n<link rel=\"canonical\" href=\"https:\/\/brasilnoticias.org\/site\/neymar-lamenta-lesao-no-tornozelo-de-novo-e-recebe-mensagem-de-mbappe\/\" \/>\n<meta property=\"og:locale\" content=\"pt_PT\" \/>\n<meta property=\"og:type\" content=\"article\" \/>\n<meta property=\"og:title\" content=\"Neymar lamenta les\u00e3o no tornozelo &#039;de novo&#039; e recebe mensagem de Mbapp\u00e9 - Brasil not\u00edcias\" \/>\n<meta property=\"og:description\" content=\"Ap\u00f3s sair de campo lesionado no domingo, em jogo do Paris Saint-Germain contra o Lille, pelo Campeonato Franc\u00eas, Neymar se\" \/>\n<meta property=\"og:url\" content=\"https:\/\/brasilnoticias.org\/site\/neymar-lamenta-lesao-no-tornozelo-de-novo-e-recebe-mensagem-de-mbappe\/\" \/>\n<meta property=\"og:site_name\" content=\"Brasil not\u00edcias\" \/>\n<meta property=\"article:published_time\" content=\"2023-02-21T10:20:55+00:00\" \/>\n<meta property=\"og:image\" content=\"https:\/\/brasilnoticias.org\/site\/wp-content\/uploads\/2023\/02\/naom_63eb65212e7f2.jpg\" \/>\n\t<meta property=\"og:image:width\" content=\"960\" \/>\n\t<meta property=\"og:image:height\" content=\"540\" \/>\n\t<meta property=\"og:image:type\" content=\"image\/jpeg\" \/>\n<meta name=\"author\" content=\"Reda\u00e7\u00e3o\" \/>\n<meta name=\"twitter:card\" content=\"summary_large_image\" \/>\n<meta name=\"twitter:label1\" content=\"Escrito por\" \/>\n\t<meta name=\"twitter:data1\" content=\"Reda\u00e7\u00e3o\" \/>\n<script type=\"application\/ld+json\" class=\"yoast-schema-graph\">{\"@context\":\"https:\/\/schema.org\",\"@graph\":[{\"@type\":\"Article\",\"@id\":\"https:\/\/brasilnoticias.org\/site\/neymar-lamenta-lesao-no-tornozelo-de-novo-e-recebe-mensagem-de-mbappe\/#article\",\"isPartOf\":{\"@id\":\"https:\/\/brasilnoticias.org\/site\/neymar-lamenta-lesao-no-tornozelo-de-novo-e-recebe-mensagem-de-mbappe\/\"},\"author\":{\"name\":\"Reda\u00e7\u00e3o\",\"@id\":\"https:\/\/brasilnoticias.org\/site\/#\/schema\/person\/a0e05b973ec4d15c658d51911e53507b\"},\"headline\":\"Neymar lamenta les\u00e3o no tornozelo &#8216;de novo&#8217; e recebe mensagem de Mbapp\u00e9\",\"datePublished\":\"2023-02-21T10:20:55+00:00\",\"mainEntityOfPage\":{\"@id\":\"https:\/\/brasilnoticias.org\/site\/neymar-lamenta-lesao-no-tornozelo-de-novo-e-recebe-mensagem-de-mbappe\/\"},\"wordCount\":244,\"commentCount\":0,\"publisher\":{\"@id\":\"https:\/\/brasilnoticias.org\/site\/#organization\"},\"image\":{\"@id\":\"https:\/\/brasilnoticias.org\/site\/neymar-lamenta-lesao-no-tornozelo-de-novo-e-recebe-mensagem-de-mbappe\/#primaryimage\"},\"thumbnailUrl\":\"https:\/\/brasilnoticias.org\/site\/wp-content\/uploads\/2023\/02\/naom_63eb65212e7f2.jpg\",\"articleSection\":[\"Esporte\",\"\u00daltimas\"],\"inLanguage\":\"pt-PT\",\"potentialAction\":[{\"@type\":\"CommentAction\",\"name\":\"Comment\",\"target\":[\"https:\/\/brasilnoticias.org\/site\/neymar-lamenta-lesao-no-tornozelo-de-novo-e-recebe-mensagem-de-mbappe\/#respond\"]}]},{\"@type\":\"WebPage\",\"@id\":\"https:\/\/brasilnoticias.org\/site\/neymar-lamenta-lesao-no-tornozelo-de-novo-e-recebe-mensagem-de-mbappe\/\",\"url\":\"https:\/\/brasilnoticias.org\/site\/neymar-lamenta-lesao-no-tornozelo-de-novo-e-recebe-mensagem-de-mbappe\/\",\"name\":\"Neymar lamenta les\u00e3o no tornozelo 'de novo' e recebe mensagem de Mbapp\u00e9 - Brasil not\u00edcias\",\"isPartOf\":{\"@id\":\"https:\/\/brasilnoticias.org\/site\/#website\"},\"primaryImageOfPage\":{\"@id\":\"https:\/\/brasilnoticias.org\/site\/neymar-lamenta-lesao-no-tornozelo-de-novo-e-recebe-mensagem-de-mbappe\/#primaryimage\"},\"image\":{\"@id\":\"https:\/\/brasilnoticias.org\/site\/neymar-lamenta-lesao-no-tornozelo-de-novo-e-recebe-mensagem-de-mbappe\/#primaryimage\"},\"thumbnailUrl\":\"https:\/\/brasilnoticias.org\/site\/wp-content\/uploads\/2023\/02\/naom_63eb65212e7f2.jpg\",\"datePublished\":\"2023-02-21T10:20:55+00:00\",\"breadcrumb\":{\"@id\":\"https:\/\/brasilnoticias.org\/site\/neymar-lamenta-lesao-no-tornozelo-de-novo-e-recebe-mensagem-de-mbappe\/#breadcrumb\"},\"inLanguage\":\"pt-PT\",\"potentialAction\":[{\"@type\":\"ReadAction\",\"target\":[\"https:\/\/brasilnoticias.org\/site\/neymar-lamenta-lesao-no-tornozelo-de-novo-e-recebe-mensagem-de-mbappe\/\"]}]},{\"@type\":\"ImageObject\",\"inLanguage\":\"pt-PT\",\"@id\":\"https:\/\/brasilnoticias.org\/site\/neymar-lamenta-lesao-no-tornozelo-de-novo-e-recebe-mensagem-de-mbappe\/#primaryimage\",\"url\":\"https:\/\/brasilnoticias.org\/site\/wp-content\/uploads\/2023\/02\/naom_63eb65212e7f2.jpg\",\"contentUrl\":\"https:\/\/brasilnoticias.org\/site\/wp-content\/uploads\/2023\/02\/naom_63eb65212e7f2.jpg\",\"width\":960,\"height\":540},{\"@type\":\"BreadcrumbList\",\"@id\":\"https:\/\/brasilnoticias.org\/site\/neymar-lamenta-lesao-no-tornozelo-de-novo-e-recebe-mensagem-de-mbappe\/#breadcrumb\",\"itemListElement\":[{\"@type\":\"ListItem\",\"position\":1,\"name\":\"In\u00edcio\",\"item\":\"https:\/\/brasilnoticias.org\/site\/\"},{\"@type\":\"ListItem\",\"position\":2,\"name\":\"Neymar lamenta les\u00e3o no tornozelo &#8216;de novo&#8217; e recebe mensagem de Mbapp\u00e9\"}]},{\"@type\":\"WebSite\",\"@id\":\"https:\/\/brasilnoticias.org\/site\/#website\",\"url\":\"https:\/\/brasilnoticias.org\/site\/\",\"name\":\"Brasil not\u00edcias\",\"description\":\"Brasil not\u00edcias\",\"publisher\":{\"@id\":\"https:\/\/brasilnoticias.org\/site\/#organization\"},\"potentialAction\":[{\"@type\":\"SearchAction\",\"target\":{\"@type\":\"EntryPoint\",\"urlTemplate\":\"https:\/\/brasilnoticias.org\/site\/?s={search_term_string}\"},\"query-input\":{\"@type\":\"PropertyValueSpecification\",\"valueRequired\":true,\"valueName\":\"search_term_string\"}}],\"inLanguage\":\"pt-PT\"},{\"@type\":\"Organization\",\"@id\":\"https:\/\/brasilnoticias.org\/site\/#organization\",\"name\":\"Brasil not\u00edcias\",\"url\":\"https:\/\/brasilnoticias.org\/site\/\",\"logo\":{\"@type\":\"ImageObject\",\"inLanguage\":\"pt-PT\",\"@id\":\"https:\/\/brasilnoticias.org\/site\/#\/schema\/logo\/image\/\",\"url\":\"https:\/\/brasilnoticias.org\/site\/wp-content\/uploads\/2022\/05\/cropped-brasilnoticias-mini.jpg\",\"contentUrl\":\"https:\/\/brasilnoticias.org\/site\/wp-content\/uploads\/2022\/05\/cropped-brasilnoticias-mini.jpg\",\"width\":314,\"height\":86,\"caption\":\"Brasil not\u00edcias\"},\"image\":{\"@id\":\"https:\/\/brasilnoticias.org\/site\/#\/schema\/logo\/image\/\"}},{\"@type\":\"Person\",\"@id\":\"https:\/\/brasilnoticias.org\/site\/#\/schema\/person\/a0e05b973ec4d15c658d51911e53507b\",\"name\":\"Reda\u00e7\u00e3o\",\"image\":{\"@type\":\"ImageObject\",\"inLanguage\":\"pt-PT\",\"@id\":\"https:\/\/brasilnoticias.org\/site\/#\/schema\/person\/image\/\",\"url\":\"https:\/\/secure.gravatar.com\/avatar\/75d8b050df2de108b08ae78dfb8e374892df24a383c67db9c46a9c604f6aee9c?s=96&d=mm&r=g\",\"contentUrl\":\"https:\/\/secure.gravatar.com\/avatar\/75d8b050df2de108b08ae78dfb8e374892df24a383c67db9c46a9c604f6aee9c?s=96&d=mm&r=g\",\"caption\":\"Reda\u00e7\u00e3o\"},\"sameAs\":[\"https:\/\/brasilnoticias.org\/site\"],\"url\":\"https:\/\/brasilnoticias.org\/site\/author\/fernandozsngmail-com\/\"}]}<\/script>\n<!-- \/ Yoast SEO plugin. -->","yoast_head_json":{"title":"Neymar lamenta les\u00e3o no tornozelo 'de novo' e recebe mensagem de Mbapp\u00e9 - Brasil not\u00edcias","robots":{"index":"index","follow":"follow","max-snippet":"max-snippet:-1","max-image-preview":"max-image-preview:large","max-video-preview":"max-video-preview:-1"},"canonical":"https:\/\/brasilnoticias.org\/site\/neymar-lamenta-lesao-no-tornozelo-de-novo-e-recebe-mensagem-de-mbappe\/","og_locale":"pt_PT","og_type":"article","og_title":"Neymar lamenta les\u00e3o no tornozelo 'de novo' e recebe mensagem de Mbapp\u00e9 - Brasil not\u00edcias","og_description":"Ap\u00f3s sair de campo lesionado no domingo, em jogo do Paris Saint-Germain contra o Lille, pelo Campeonato Franc\u00eas, Neymar se","og_url":"https:\/\/brasilnoticias.org\/site\/neymar-lamenta-lesao-no-tornozelo-de-novo-e-recebe-mensagem-de-mbappe\/","og_site_name":"Brasil not\u00edcias","article_published_time":"2023-02-21T10:20:55+00:00","og_image":[{"width":960,"height":540,"url":"https:\/\/brasilnoticias.org\/site\/wp-content\/uploads\/2023\/02\/naom_63eb65212e7f2.jpg","type":"image\/jpeg"}],"author":"Reda\u00e7\u00e3o","twitter_card":"summary_large_image","twitter_misc":{"Escrito por":"Reda\u00e7\u00e3o"},"schema":{"@context":"https:\/\/schema.org","@graph":[{"@type":"Article","@id":"https:\/\/brasilnoticias.org\/site\/neymar-lamenta-lesao-no-tornozelo-de-novo-e-recebe-mensagem-de-mbappe\/#article","isPartOf":{"@id":"https:\/\/brasilnoticias.org\/site\/neymar-lamenta-lesao-no-tornozelo-de-novo-e-recebe-mensagem-de-mbappe\/"},"author":{"name":"Reda\u00e7\u00e3o","@id":"https:\/\/brasilnoticias.org\/site\/#\/schema\/person\/a0e05b973ec4d15c658d51911e53507b"},"headline":"Neymar lamenta les\u00e3o no tornozelo &#8216;de novo&#8217; e recebe mensagem de Mbapp\u00e9","datePublished":"2023-02-21T10:20:55+00:00","mainEntityOfPage":{"@id":"https:\/\/brasilnoticias.org\/site\/neymar-lamenta-lesao-no-tornozelo-de-novo-e-recebe-mensagem-de-mbappe\/"},"wordCount":244,"commentCount":0,"publisher":{"@id":"https:\/\/brasilnoticias.org\/site\/#organization"},"image":{"@id":"https:\/\/brasilnoticias.org\/site\/neymar-lamenta-lesao-no-tornozelo-de-novo-e-recebe-mensagem-de-mbappe\/#primaryimage"},"thumbnailUrl":"https:\/\/brasilnoticias.org\/site\/wp-content\/uploads\/2023\/02\/naom_63eb65212e7f2.jpg","articleSection":["Esporte","\u00daltimas"],"inLanguage":"pt-PT","potentialAction":[{"@type":"CommentAction","name":"Comment","target":["https:\/\/brasilnoticias.org\/site\/neymar-lamenta-lesao-no-tornozelo-de-novo-e-recebe-mensagem-de-mbappe\/#respond"]}]},{"@type":"WebPage","@id":"https:\/\/brasilnoticias.org\/site\/neymar-lamenta-lesao-no-tornozelo-de-novo-e-recebe-mensagem-de-mbappe\/","url":"https:\/\/brasilnoticias.org\/site\/neymar-lamenta-lesao-no-tornozelo-de-novo-e-recebe-mensagem-de-mbappe\/","name":"Neymar lamenta les\u00e3o no tornozelo 'de novo' e recebe mensagem de Mbapp\u00e9 - Brasil not\u00edcias","isPartOf":{"@id":"https:\/\/brasilnoticias.org\/site\/#website"},"primaryImageOfPage":{"@id":"https:\/\/brasilnoticias.org\/site\/neymar-lamenta-lesao-no-tornozelo-de-novo-e-recebe-mensagem-de-mbappe\/#primaryimage"},"image":{"@id":"https:\/\/brasilnoticias.org\/site\/neymar-lamenta-lesao-no-tornozelo-de-novo-e-recebe-mensagem-de-mbappe\/#primaryimage"},"thumbnailUrl":"https:\/\/brasilnoticias.org\/site\/wp-content\/uploads\/2023\/02\/naom_63eb65212e7f2.jpg","datePublished":"2023-02-21T10:20:55+00:00","breadcrumb":{"@id":"https:\/\/brasilnoticias.org\/site\/neymar-lamenta-lesao-no-tornozelo-de-novo-e-recebe-mensagem-de-mbappe\/#breadcrumb"},"inLanguage":"pt-PT","potentialAction":[{"@type":"ReadAction","target":["https:\/\/brasilnoticias.org\/site\/neymar-lamenta-lesao-no-tornozelo-de-novo-e-recebe-mensagem-de-mbappe\/"]}]},{"@type":"ImageObject","inLanguage":"pt-PT","@id":"https:\/\/brasilnoticias.org\/site\/neymar-lamenta-lesao-no-tornozelo-de-novo-e-recebe-mensagem-de-mbappe\/#primaryimage","url":"https:\/\/brasilnoticias.org\/site\/wp-content\/uploads\/2023\/02\/naom_63eb65212e7f2.jpg","contentUrl":"https:\/\/brasilnoticias.org\/site\/wp-content\/uploads\/2023\/02\/naom_63eb65212e7f2.jpg","width":960,"height":540},{"@type":"BreadcrumbList","@id":"https:\/\/brasilnoticias.org\/site\/neymar-lamenta-lesao-no-tornozelo-de-novo-e-recebe-mensagem-de-mbappe\/#breadcrumb","itemListElement":[{"@type":"ListItem","position":1,"name":"In\u00edcio","item":"https:\/\/brasilnoticias.org\/site\/"},{"@type":"ListItem","position":2,"name":"Neymar lamenta les\u00e3o no tornozelo &#8216;de novo&#8217; e recebe mensagem de Mbapp\u00e9"}]},{"@type":"WebSite","@id":"https:\/\/brasilnoticias.org\/site\/#website","url":"https:\/\/brasilnoticias.org\/site\/","name":"Brasil not\u00edcias","description":"Brasil not\u00edcias","publisher":{"@id":"https:\/\/brasilnoticias.org\/site\/#organization"},"potentialAction":[{"@type":"SearchAction","target":{"@type":"EntryPoint","urlTemplate":"https:\/\/brasilnoticias.org\/site\/?s={search_term_string}"},"query-input":{"@type":"PropertyValueSpecification","valueRequired":true,"valueName":"search_term_string"}}],"inLanguage":"pt-PT"},{"@type":"Organization","@id":"https:\/\/brasilnoticias.org\/site\/#organization","name":"Brasil not\u00edcias","url":"https:\/\/brasilnoticias.org\/site\/","logo":{"@type":"ImageObject","inLanguage":"pt-PT","@id":"https:\/\/brasilnoticias.org\/site\/#\/schema\/logo\/image\/","url":"https:\/\/brasilnoticias.org\/site\/wp-content\/uploads\/2022\/05\/cropped-brasilnoticias-mini.jpg","contentUrl":"https:\/\/brasilnoticias.org\/site\/wp-content\/uploads\/2022\/05\/cropped-brasilnoticias-mini.jpg","width":314,"height":86,"caption":"Brasil not\u00edcias"},"image":{"@id":"https:\/\/brasilnoticias.org\/site\/#\/schema\/logo\/image\/"}},{"@type":"Person","@id":"https:\/\/brasilnoticias.org\/site\/#\/schema\/person\/a0e05b973ec4d15c658d51911e53507b","name":"Reda\u00e7\u00e3o","image":{"@type":"ImageObject","inLanguage":"pt-PT","@id":"https:\/\/brasilnoticias.org\/site\/#\/schema\/person\/image\/","url":"https:\/\/secure.gravatar.com\/avatar\/75d8b050df2de108b08ae78dfb8e374892df24a383c67db9c46a9c604f6aee9c?s=96&d=mm&r=g","contentUrl":"https:\/\/secure.gravatar.com\/avatar\/75d8b050df2de108b08ae78dfb8e374892df24a383c67db9c46a9c604f6aee9c?s=96&d=mm&r=g","caption":"Reda\u00e7\u00e3o"},"sameAs":["https:\/\/brasilnoticias.org\/site"],"url":"https:\/\/brasilnoticias.org\/site\/author\/fernandozsngmail-com\/"}]}},"_links":{"self":[{"href":"https:\/\/brasilnoticias.org\/site\/wp-json\/wp\/v2\/posts\/4161","targetHints":{"allow":["GET"]}}],"collection":[{"href":"https:\/\/brasilnoticias.org\/site\/wp-json\/wp\/v2\/posts"}],"about":[{"href":"https:\/\/brasilnoticias.org\/site\/wp-json\/wp\/v2\/types\/post"}],"author":[{"embeddable":true,"href":"https:\/\/brasilnoticias.org\/site\/wp-json\/wp\/v2\/users\/1"}],"replies":[{"embeddable":true,"href":"https:\/\/brasilnoticias.org\/site\/wp-json\/wp\/v2\/comments?post=4161"}],"version-history":[{"count":1,"href":"https:\/\/brasilnoticias.org\/site\/wp-json\/wp\/v2\/posts\/4161\/revisions"}],"predecessor-version":[{"id":4163,"href":"https:\/\/brasilnoticias.org\/site\/wp-json\/wp\/v2\/posts\/4161\/revisions\/4163"}],"wp:featuredmedia":[{"embeddable":true,"href":"https:\/\/brasilnoticias.org\/site\/wp-json\/wp\/v2\/media\/4162"}],"wp:attachment":[{"href":"https:\/\/brasilnoticias.org\/site\/wp-json\/wp\/v2\/media?parent=4161"}],"wp:term":[{"taxonomy":"category","embeddable":true,"href":"https:\/\/brasilnoticias.org\/site\/wp-json\/wp\/v2\/categories?post=4161"},{"taxonomy":"post_tag","embeddable":true,"href":"https:\/\/brasilnoticias.org\/site\/wp-json\/wp\/v2\/tags?post=4161"}],"curies":[{"name":"wp","href":"https:\/\/api.w.org\/{rel}","templated":true}]}}