{"id":4164,"date":"2023-02-21T07:30:56","date_gmt":"2023-02-21T10:30:56","guid":{"rendered":"https:\/\/brasilnoticias.org\/site\/?p=4164"},"modified":"2023-02-20T21:30:44","modified_gmt":"2023-02-21T00:30:44","slug":"pfizer-e-coronavac-previnem-hospitalizacao-por-omicron-mesmo-6-meses-apos-2a-dose-diz-estudo","status":"publish","type":"post","link":"https:\/\/brasilnoticias.org\/site\/pfizer-e-coronavac-previnem-hospitalizacao-por-omicron-mesmo-6-meses-apos-2a-dose-diz-estudo\/","title":{"rendered":"Pfizer e Coronavac previnem hospitaliza\u00e7\u00e3o por \u00f4micron mesmo 6 meses ap\u00f3s 2\u00aa dose, diz estudo"},"content":{"rendered":"<p>Uma pesquisa feita em Hong Kong com mais de 164 mil participantes apontou que tanto a vacina da Pfizer como a Coronavac mant\u00eam alta prote\u00e7\u00e3o contra hospitaliza\u00e7\u00e3o causada pela \u00f4micron seis meses ap\u00f3s a aplica\u00e7\u00e3o.<\/p>\n<p>A prote\u00e7\u00e3o para evitar mortes no mesmo per\u00edodo tamb\u00e9m se manteve elevada, embora tenha apresentado uma queda na faixa et\u00e1ria acima de 50 anos. J\u00e1 a prote\u00e7\u00e3o contra interna\u00e7\u00e3o e para evitar mortes na popula\u00e7\u00e3o acima dos 80 anos sofreu uma redu\u00e7\u00e3o maior nos dois tipos de vacinas.<\/p>\n<p>O estudo foi conduzido por pesquisadores da Faculdade de Medicina e do Centro para Pesquisas em Pol\u00edtica de Sa\u00fade e Sistemas de Sa\u00fade, ambos da Universidade Chinesa de Hong Kong, e do Departamento de Epidemiologia da Escola Chan T. H. Harvard de Sa\u00fade P\u00fablica (Boston). Os resultados sa\u00edram no peri\u00f3dico cient\u00edfico Jama Network Open.<\/p>\n<p>Para avaliar a chamada efetividade (efic\u00e1cia em vida real) das vacinas, os cientistas analisaram dados de 32.832 casos de hospitaliza\u00e7\u00e3o ou morte causado pela \u00f4micron de 1\u00ba de janeiro a 5 de junho de 2022 e compararam com 131.328 que n\u00e3o tiveram a doen\u00e7a (funcionando assim como controle).<\/p>\n<p>Nos primeiros seis meses ap\u00f3s a vacina\u00e7\u00e3o, a efetividade do esquema de vacina\u00e7\u00e3o prim\u00e1rio com duas doses de Coronavac ou de Pfizer manteve n\u00edveis parecidos de prote\u00e7\u00e3o contra hospitaliza\u00e7\u00e3o (86,4% para Coronavac e 92,9% da Pfizer) e \u00f3bito (74% e 77,4%, respectivamente) depois da segunda dose.<\/p>\n<p>J\u00e1 ap\u00f3s os seis meses, per\u00edodo em que h\u00e1 uma queda natural dos anticorpos produzidos pela vacina nos dois casos, a perda da imunidade foi maior nos indiv\u00edduos mais velhos, com mais de 80 anos (61,4% para a prote\u00e7\u00e3o contra hospitaliza\u00e7\u00e3o pela Coronavac e 52,7%, pela Pfizer).<\/p>\n<p>Por fim, o estudo tamb\u00e9m avaliou a aplica\u00e7\u00e3o de uma dose de refor\u00e7o e constatou efetividades semelhantes usando s\u00f3 Coronavac ou s\u00f3 Pfizer, mas o refor\u00e7o heter\u00f3logo (isto \u00e9, quando h\u00e1 a mistura de imunizantes) foi melhor para proteger contra hospitaliza\u00e7\u00e3o e morte (85,1% e 87,3%, respectivamente).<\/p>\n<p>A conclus\u00e3o dos pesquisadores \u00e9 que uma dose de refor\u00e7o oferece alta prote\u00e7\u00e3o contra o desenvolvimento de Covid grave causada pela \u00f4micron ao longo do tempo, como j\u00e1 observado em outros estudos.<\/p>\n<p>A recomenda\u00e7\u00e3o, assim, \u00e9 que embora a prote\u00e7\u00e3o contra hospitaliza\u00e7\u00e3o e morte se mantenha elevada nos indiv\u00edduos com menos de 50 anos, aqueles mais velhos podem se beneficiar de uma terceira dose para se prevenir da \u00f4micron e suas sublinhagens.<\/p>\n<p>Outro dado interessante foi que o risco de hospitaliza\u00e7\u00e3o ou morte nos indiv\u00edduos n\u00e3o vacinados foi o dobro em compara\u00e7\u00e3o \u00e0queles vacinados, o que refor\u00e7a a import\u00e2ncia da vacina\u00e7\u00e3o contra Covid.<\/p>\n<p>A pesquisa tem algumas limita\u00e7\u00f5es, como o fato de que no momento de chegada da \u00f4micron a Hong Kong as medidas protetoras contra o coronav\u00edrus n\u00e3o estavam mais em vigor, dificultando o rastreamento de casos e o diagn\u00f3stico de pessoas assintom\u00e1ticas ou com sintomas leves. Outro problema foi a superlota\u00e7\u00e3o de unidades de atendimento de sa\u00fade, o que pode ter provocado uma distor\u00e7\u00e3o nos dados de hospitalizados por Covid.<\/p>\n<p>Os autores refor\u00e7am, por\u00e9m, que poucos estudos foram feitos com a Coronavac no contexto da \u00f4micron e, em geral, as pesquisas de refor\u00e7o consideraram um cen\u00e1rio de acompanhamento dos pacientes com menor intervalo entre as doses.<\/p>\n<p>No in\u00edcio da circula\u00e7\u00e3o da \u00f4micron, diversas pesquisas apontaram uma redu\u00e7\u00e3o na capacidade de neutraliza\u00e7\u00e3o das vacinas contra esta cepa. Esses estudos foram feitos em laborat\u00f3rio utilizando o soro de indiv\u00edduos vacinados, mas dados sobre a efic\u00e1cia em vida real n\u00e3o estavam dispon\u00edveis.<\/p>\n<p>&#8220;Em compara\u00e7\u00e3o com o n\u00edvel de anticorpos ap\u00f3s duas doses da Pfizer [que decaiu 4,7 vezes em 5 a 6 meses], os indiv\u00edduos vacinados com Coronavac tiveram sim uma redu\u00e7\u00e3o maior na taxa de anticorpos neutralizantes [de 6 a 10 vezes menor em seis meses], indicando, potencialmente, uma menor efic\u00e1cia. No entanto, os indiv\u00edduos vacinados mantiveram imunidade celular capaz de proteger contra a progress\u00e3o da Covid grave mesmo ap\u00f3s o decaimento natural dos anticorpos&#8221;, escreveram os autores no artigo.<\/p>\n<p>Foto iStock<br \/>\nNot\u00edcias ao minuto<\/p>\n","protected":false},"excerpt":{"rendered":"<p>Uma pesquisa feita em Hong Kong com mais de 164 mil participantes apontou que tanto a vacina da Pfizer como<\/p>\n","protected":false},"author":1,"featured_media":4165,"comment_status":"open","ping_status":"open","sticky":false,"template":"","format":"standard","meta":{"colormag_page_container_layout":"default_layout","colormag_page_sidebar_layout":"default_layout","_FSMCFIC_featured_image_caption":"","_FSMCFIC_featured_image_nocaption":"","_FSMCFIC_featured_image_hide":"","footnotes":""},"categories":[2,1],"tags":[],"class_list":["post-4164","post","type-post","status-publish","format-standard","has-post-thumbnail","hentry","category-noticias","category-ultimas"],"yoast_head":"<!-- This site is optimized with the Yoast SEO plugin v27.1.1 - https:\/\/yoast.com\/product\/yoast-seo-wordpress\/ -->\n<title>Pfizer e Coronavac previnem hospitaliza\u00e7\u00e3o por \u00f4micron mesmo 6 meses ap\u00f3s 2\u00aa dose, diz estudo - Brasil not\u00edcias<\/title>\n<meta name=\"robots\" content=\"index, follow, max-snippet:-1, max-image-preview:large, max-video-preview:-1\" \/>\n<link rel=\"canonical\" href=\"https:\/\/brasilnoticias.org\/site\/pfizer-e-coronavac-previnem-hospitalizacao-por-omicron-mesmo-6-meses-apos-2a-dose-diz-estudo\/\" \/>\n<meta property=\"og:locale\" content=\"pt_PT\" \/>\n<meta property=\"og:type\" content=\"article\" \/>\n<meta property=\"og:title\" content=\"Pfizer e Coronavac previnem hospitaliza\u00e7\u00e3o por \u00f4micron mesmo 6 meses ap\u00f3s 2\u00aa dose, diz estudo - Brasil not\u00edcias\" \/>\n<meta property=\"og:description\" content=\"Uma pesquisa feita em Hong Kong com mais de 164 mil participantes apontou que tanto a vacina da Pfizer como\" \/>\n<meta property=\"og:url\" content=\"https:\/\/brasilnoticias.org\/site\/pfizer-e-coronavac-previnem-hospitalizacao-por-omicron-mesmo-6-meses-apos-2a-dose-diz-estudo\/\" \/>\n<meta property=\"og:site_name\" content=\"Brasil not\u00edcias\" \/>\n<meta property=\"article:published_time\" content=\"2023-02-21T10:30:56+00:00\" \/>\n<meta property=\"og:image\" content=\"https:\/\/brasilnoticias.org\/site\/wp-content\/uploads\/2023\/02\/naom_5bee710a339e8.jpg\" \/>\n\t<meta property=\"og:image:width\" content=\"960\" \/>\n\t<meta property=\"og:image:height\" content=\"540\" \/>\n\t<meta property=\"og:image:type\" content=\"image\/jpeg\" \/>\n<meta name=\"author\" content=\"Reda\u00e7\u00e3o\" \/>\n<meta name=\"twitter:card\" content=\"summary_large_image\" \/>\n<meta name=\"twitter:label1\" content=\"Escrito por\" \/>\n\t<meta name=\"twitter:data1\" content=\"Reda\u00e7\u00e3o\" \/>\n<script type=\"application\/ld+json\" class=\"yoast-schema-graph\">{\"@context\":\"https:\/\/schema.org\",\"@graph\":[{\"@type\":\"Article\",\"@id\":\"https:\/\/brasilnoticias.org\/site\/pfizer-e-coronavac-previnem-hospitalizacao-por-omicron-mesmo-6-meses-apos-2a-dose-diz-estudo\/#article\",\"isPartOf\":{\"@id\":\"https:\/\/brasilnoticias.org\/site\/pfizer-e-coronavac-previnem-hospitalizacao-por-omicron-mesmo-6-meses-apos-2a-dose-diz-estudo\/\"},\"author\":{\"name\":\"Reda\u00e7\u00e3o\",\"@id\":\"https:\/\/brasilnoticias.org\/site\/#\/schema\/person\/a0e05b973ec4d15c658d51911e53507b\"},\"headline\":\"Pfizer e Coronavac previnem hospitaliza\u00e7\u00e3o por \u00f4micron mesmo 6 meses ap\u00f3s 2\u00aa dose, diz estudo\",\"datePublished\":\"2023-02-21T10:30:56+00:00\",\"mainEntityOfPage\":{\"@id\":\"https:\/\/brasilnoticias.org\/site\/pfizer-e-coronavac-previnem-hospitalizacao-por-omicron-mesmo-6-meses-apos-2a-dose-diz-estudo\/\"},\"wordCount\":737,\"commentCount\":0,\"publisher\":{\"@id\":\"https:\/\/brasilnoticias.org\/site\/#organization\"},\"image\":{\"@id\":\"https:\/\/brasilnoticias.org\/site\/pfizer-e-coronavac-previnem-hospitalizacao-por-omicron-mesmo-6-meses-apos-2a-dose-diz-estudo\/#primaryimage\"},\"thumbnailUrl\":\"https:\/\/brasilnoticias.org\/site\/wp-content\/uploads\/2023\/02\/naom_5bee710a339e8.jpg\",\"articleSection\":[\"Not\u00edcias\",\"\u00daltimas\"],\"inLanguage\":\"pt-PT\",\"potentialAction\":[{\"@type\":\"CommentAction\",\"name\":\"Comment\",\"target\":[\"https:\/\/brasilnoticias.org\/site\/pfizer-e-coronavac-previnem-hospitalizacao-por-omicron-mesmo-6-meses-apos-2a-dose-diz-estudo\/#respond\"]}]},{\"@type\":\"WebPage\",\"@id\":\"https:\/\/brasilnoticias.org\/site\/pfizer-e-coronavac-previnem-hospitalizacao-por-omicron-mesmo-6-meses-apos-2a-dose-diz-estudo\/\",\"url\":\"https:\/\/brasilnoticias.org\/site\/pfizer-e-coronavac-previnem-hospitalizacao-por-omicron-mesmo-6-meses-apos-2a-dose-diz-estudo\/\",\"name\":\"Pfizer e Coronavac previnem hospitaliza\u00e7\u00e3o por \u00f4micron mesmo 6 meses ap\u00f3s 2\u00aa dose, diz estudo - Brasil not\u00edcias\",\"isPartOf\":{\"@id\":\"https:\/\/brasilnoticias.org\/site\/#website\"},\"primaryImageOfPage\":{\"@id\":\"https:\/\/brasilnoticias.org\/site\/pfizer-e-coronavac-previnem-hospitalizacao-por-omicron-mesmo-6-meses-apos-2a-dose-diz-estudo\/#primaryimage\"},\"image\":{\"@id\":\"https:\/\/brasilnoticias.org\/site\/pfizer-e-coronavac-previnem-hospitalizacao-por-omicron-mesmo-6-meses-apos-2a-dose-diz-estudo\/#primaryimage\"},\"thumbnailUrl\":\"https:\/\/brasilnoticias.org\/site\/wp-content\/uploads\/2023\/02\/naom_5bee710a339e8.jpg\",\"datePublished\":\"2023-02-21T10:30:56+00:00\",\"breadcrumb\":{\"@id\":\"https:\/\/brasilnoticias.org\/site\/pfizer-e-coronavac-previnem-hospitalizacao-por-omicron-mesmo-6-meses-apos-2a-dose-diz-estudo\/#breadcrumb\"},\"inLanguage\":\"pt-PT\",\"potentialAction\":[{\"@type\":\"ReadAction\",\"target\":[\"https:\/\/brasilnoticias.org\/site\/pfizer-e-coronavac-previnem-hospitalizacao-por-omicron-mesmo-6-meses-apos-2a-dose-diz-estudo\/\"]}]},{\"@type\":\"ImageObject\",\"inLanguage\":\"pt-PT\",\"@id\":\"https:\/\/brasilnoticias.org\/site\/pfizer-e-coronavac-previnem-hospitalizacao-por-omicron-mesmo-6-meses-apos-2a-dose-diz-estudo\/#primaryimage\",\"url\":\"https:\/\/brasilnoticias.org\/site\/wp-content\/uploads\/2023\/02\/naom_5bee710a339e8.jpg\",\"contentUrl\":\"https:\/\/brasilnoticias.org\/site\/wp-content\/uploads\/2023\/02\/naom_5bee710a339e8.jpg\",\"width\":960,\"height\":540},{\"@type\":\"BreadcrumbList\",\"@id\":\"https:\/\/brasilnoticias.org\/site\/pfizer-e-coronavac-previnem-hospitalizacao-por-omicron-mesmo-6-meses-apos-2a-dose-diz-estudo\/#breadcrumb\",\"itemListElement\":[{\"@type\":\"ListItem\",\"position\":1,\"name\":\"In\u00edcio\",\"item\":\"https:\/\/brasilnoticias.org\/site\/\"},{\"@type\":\"ListItem\",\"position\":2,\"name\":\"Pfizer e Coronavac previnem hospitaliza\u00e7\u00e3o por \u00f4micron mesmo 6 meses ap\u00f3s 2\u00aa dose, diz estudo\"}]},{\"@type\":\"WebSite\",\"@id\":\"https:\/\/brasilnoticias.org\/site\/#website\",\"url\":\"https:\/\/brasilnoticias.org\/site\/\",\"name\":\"Brasil not\u00edcias\",\"description\":\"Brasil not\u00edcias\",\"publisher\":{\"@id\":\"https:\/\/brasilnoticias.org\/site\/#organization\"},\"potentialAction\":[{\"@type\":\"SearchAction\",\"target\":{\"@type\":\"EntryPoint\",\"urlTemplate\":\"https:\/\/brasilnoticias.org\/site\/?s={search_term_string}\"},\"query-input\":{\"@type\":\"PropertyValueSpecification\",\"valueRequired\":true,\"valueName\":\"search_term_string\"}}],\"inLanguage\":\"pt-PT\"},{\"@type\":\"Organization\",\"@id\":\"https:\/\/brasilnoticias.org\/site\/#organization\",\"name\":\"Brasil not\u00edcias\",\"url\":\"https:\/\/brasilnoticias.org\/site\/\",\"logo\":{\"@type\":\"ImageObject\",\"inLanguage\":\"pt-PT\",\"@id\":\"https:\/\/brasilnoticias.org\/site\/#\/schema\/logo\/image\/\",\"url\":\"https:\/\/brasilnoticias.org\/site\/wp-content\/uploads\/2022\/05\/cropped-brasilnoticias-mini.jpg\",\"contentUrl\":\"https:\/\/brasilnoticias.org\/site\/wp-content\/uploads\/2022\/05\/cropped-brasilnoticias-mini.jpg\",\"width\":314,\"height\":86,\"caption\":\"Brasil not\u00edcias\"},\"image\":{\"@id\":\"https:\/\/brasilnoticias.org\/site\/#\/schema\/logo\/image\/\"}},{\"@type\":\"Person\",\"@id\":\"https:\/\/brasilnoticias.org\/site\/#\/schema\/person\/a0e05b973ec4d15c658d51911e53507b\",\"name\":\"Reda\u00e7\u00e3o\",\"image\":{\"@type\":\"ImageObject\",\"inLanguage\":\"pt-PT\",\"@id\":\"https:\/\/brasilnoticias.org\/site\/#\/schema\/person\/image\/\",\"url\":\"https:\/\/secure.gravatar.com\/avatar\/75d8b050df2de108b08ae78dfb8e374892df24a383c67db9c46a9c604f6aee9c?s=96&d=mm&r=g\",\"contentUrl\":\"https:\/\/secure.gravatar.com\/avatar\/75d8b050df2de108b08ae78dfb8e374892df24a383c67db9c46a9c604f6aee9c?s=96&d=mm&r=g\",\"caption\":\"Reda\u00e7\u00e3o\"},\"sameAs\":[\"https:\/\/brasilnoticias.org\/site\"],\"url\":\"https:\/\/brasilnoticias.org\/site\/author\/fernandozsngmail-com\/\"}]}<\/script>\n<!-- \/ Yoast SEO plugin. -->","yoast_head_json":{"title":"Pfizer e Coronavac previnem hospitaliza\u00e7\u00e3o por \u00f4micron mesmo 6 meses ap\u00f3s 2\u00aa dose, diz estudo - Brasil not\u00edcias","robots":{"index":"index","follow":"follow","max-snippet":"max-snippet:-1","max-image-preview":"max-image-preview:large","max-video-preview":"max-video-preview:-1"},"canonical":"https:\/\/brasilnoticias.org\/site\/pfizer-e-coronavac-previnem-hospitalizacao-por-omicron-mesmo-6-meses-apos-2a-dose-diz-estudo\/","og_locale":"pt_PT","og_type":"article","og_title":"Pfizer e Coronavac previnem hospitaliza\u00e7\u00e3o por \u00f4micron mesmo 6 meses ap\u00f3s 2\u00aa dose, diz estudo - Brasil not\u00edcias","og_description":"Uma pesquisa feita em Hong Kong com mais de 164 mil participantes apontou que tanto a vacina da Pfizer como","og_url":"https:\/\/brasilnoticias.org\/site\/pfizer-e-coronavac-previnem-hospitalizacao-por-omicron-mesmo-6-meses-apos-2a-dose-diz-estudo\/","og_site_name":"Brasil not\u00edcias","article_published_time":"2023-02-21T10:30:56+00:00","og_image":[{"width":960,"height":540,"url":"https:\/\/brasilnoticias.org\/site\/wp-content\/uploads\/2023\/02\/naom_5bee710a339e8.jpg","type":"image\/jpeg"}],"author":"Reda\u00e7\u00e3o","twitter_card":"summary_large_image","twitter_misc":{"Escrito por":"Reda\u00e7\u00e3o"},"schema":{"@context":"https:\/\/schema.org","@graph":[{"@type":"Article","@id":"https:\/\/brasilnoticias.org\/site\/pfizer-e-coronavac-previnem-hospitalizacao-por-omicron-mesmo-6-meses-apos-2a-dose-diz-estudo\/#article","isPartOf":{"@id":"https:\/\/brasilnoticias.org\/site\/pfizer-e-coronavac-previnem-hospitalizacao-por-omicron-mesmo-6-meses-apos-2a-dose-diz-estudo\/"},"author":{"name":"Reda\u00e7\u00e3o","@id":"https:\/\/brasilnoticias.org\/site\/#\/schema\/person\/a0e05b973ec4d15c658d51911e53507b"},"headline":"Pfizer e Coronavac previnem hospitaliza\u00e7\u00e3o por \u00f4micron mesmo 6 meses ap\u00f3s 2\u00aa dose, diz estudo","datePublished":"2023-02-21T10:30:56+00:00","mainEntityOfPage":{"@id":"https:\/\/brasilnoticias.org\/site\/pfizer-e-coronavac-previnem-hospitalizacao-por-omicron-mesmo-6-meses-apos-2a-dose-diz-estudo\/"},"wordCount":737,"commentCount":0,"publisher":{"@id":"https:\/\/brasilnoticias.org\/site\/#organization"},"image":{"@id":"https:\/\/brasilnoticias.org\/site\/pfizer-e-coronavac-previnem-hospitalizacao-por-omicron-mesmo-6-meses-apos-2a-dose-diz-estudo\/#primaryimage"},"thumbnailUrl":"https:\/\/brasilnoticias.org\/site\/wp-content\/uploads\/2023\/02\/naom_5bee710a339e8.jpg","articleSection":["Not\u00edcias","\u00daltimas"],"inLanguage":"pt-PT","potentialAction":[{"@type":"CommentAction","name":"Comment","target":["https:\/\/brasilnoticias.org\/site\/pfizer-e-coronavac-previnem-hospitalizacao-por-omicron-mesmo-6-meses-apos-2a-dose-diz-estudo\/#respond"]}]},{"@type":"WebPage","@id":"https:\/\/brasilnoticias.org\/site\/pfizer-e-coronavac-previnem-hospitalizacao-por-omicron-mesmo-6-meses-apos-2a-dose-diz-estudo\/","url":"https:\/\/brasilnoticias.org\/site\/pfizer-e-coronavac-previnem-hospitalizacao-por-omicron-mesmo-6-meses-apos-2a-dose-diz-estudo\/","name":"Pfizer e Coronavac previnem hospitaliza\u00e7\u00e3o por \u00f4micron mesmo 6 meses ap\u00f3s 2\u00aa dose, diz estudo - Brasil not\u00edcias","isPartOf":{"@id":"https:\/\/brasilnoticias.org\/site\/#website"},"primaryImageOfPage":{"@id":"https:\/\/brasilnoticias.org\/site\/pfizer-e-coronavac-previnem-hospitalizacao-por-omicron-mesmo-6-meses-apos-2a-dose-diz-estudo\/#primaryimage"},"image":{"@id":"https:\/\/brasilnoticias.org\/site\/pfizer-e-coronavac-previnem-hospitalizacao-por-omicron-mesmo-6-meses-apos-2a-dose-diz-estudo\/#primaryimage"},"thumbnailUrl":"https:\/\/brasilnoticias.org\/site\/wp-content\/uploads\/2023\/02\/naom_5bee710a339e8.jpg","datePublished":"2023-02-21T10:30:56+00:00","breadcrumb":{"@id":"https:\/\/brasilnoticias.org\/site\/pfizer-e-coronavac-previnem-hospitalizacao-por-omicron-mesmo-6-meses-apos-2a-dose-diz-estudo\/#breadcrumb"},"inLanguage":"pt-PT","potentialAction":[{"@type":"ReadAction","target":["https:\/\/brasilnoticias.org\/site\/pfizer-e-coronavac-previnem-hospitalizacao-por-omicron-mesmo-6-meses-apos-2a-dose-diz-estudo\/"]}]},{"@type":"ImageObject","inLanguage":"pt-PT","@id":"https:\/\/brasilnoticias.org\/site\/pfizer-e-coronavac-previnem-hospitalizacao-por-omicron-mesmo-6-meses-apos-2a-dose-diz-estudo\/#primaryimage","url":"https:\/\/brasilnoticias.org\/site\/wp-content\/uploads\/2023\/02\/naom_5bee710a339e8.jpg","contentUrl":"https:\/\/brasilnoticias.org\/site\/wp-content\/uploads\/2023\/02\/naom_5bee710a339e8.jpg","width":960,"height":540},{"@type":"BreadcrumbList","@id":"https:\/\/brasilnoticias.org\/site\/pfizer-e-coronavac-previnem-hospitalizacao-por-omicron-mesmo-6-meses-apos-2a-dose-diz-estudo\/#breadcrumb","itemListElement":[{"@type":"ListItem","position":1,"name":"In\u00edcio","item":"https:\/\/brasilnoticias.org\/site\/"},{"@type":"ListItem","position":2,"name":"Pfizer e Coronavac previnem hospitaliza\u00e7\u00e3o por \u00f4micron mesmo 6 meses ap\u00f3s 2\u00aa dose, diz estudo"}]},{"@type":"WebSite","@id":"https:\/\/brasilnoticias.org\/site\/#website","url":"https:\/\/brasilnoticias.org\/site\/","name":"Brasil not\u00edcias","description":"Brasil not\u00edcias","publisher":{"@id":"https:\/\/brasilnoticias.org\/site\/#organization"},"potentialAction":[{"@type":"SearchAction","target":{"@type":"EntryPoint","urlTemplate":"https:\/\/brasilnoticias.org\/site\/?s={search_term_string}"},"query-input":{"@type":"PropertyValueSpecification","valueRequired":true,"valueName":"search_term_string"}}],"inLanguage":"pt-PT"},{"@type":"Organization","@id":"https:\/\/brasilnoticias.org\/site\/#organization","name":"Brasil not\u00edcias","url":"https:\/\/brasilnoticias.org\/site\/","logo":{"@type":"ImageObject","inLanguage":"pt-PT","@id":"https:\/\/brasilnoticias.org\/site\/#\/schema\/logo\/image\/","url":"https:\/\/brasilnoticias.org\/site\/wp-content\/uploads\/2022\/05\/cropped-brasilnoticias-mini.jpg","contentUrl":"https:\/\/brasilnoticias.org\/site\/wp-content\/uploads\/2022\/05\/cropped-brasilnoticias-mini.jpg","width":314,"height":86,"caption":"Brasil not\u00edcias"},"image":{"@id":"https:\/\/brasilnoticias.org\/site\/#\/schema\/logo\/image\/"}},{"@type":"Person","@id":"https:\/\/brasilnoticias.org\/site\/#\/schema\/person\/a0e05b973ec4d15c658d51911e53507b","name":"Reda\u00e7\u00e3o","image":{"@type":"ImageObject","inLanguage":"pt-PT","@id":"https:\/\/brasilnoticias.org\/site\/#\/schema\/person\/image\/","url":"https:\/\/secure.gravatar.com\/avatar\/75d8b050df2de108b08ae78dfb8e374892df24a383c67db9c46a9c604f6aee9c?s=96&d=mm&r=g","contentUrl":"https:\/\/secure.gravatar.com\/avatar\/75d8b050df2de108b08ae78dfb8e374892df24a383c67db9c46a9c604f6aee9c?s=96&d=mm&r=g","caption":"Reda\u00e7\u00e3o"},"sameAs":["https:\/\/brasilnoticias.org\/site"],"url":"https:\/\/brasilnoticias.org\/site\/author\/fernandozsngmail-com\/"}]}},"_links":{"self":[{"href":"https:\/\/brasilnoticias.org\/site\/wp-json\/wp\/v2\/posts\/4164","targetHints":{"allow":["GET"]}}],"collection":[{"href":"https:\/\/brasilnoticias.org\/site\/wp-json\/wp\/v2\/posts"}],"about":[{"href":"https:\/\/brasilnoticias.org\/site\/wp-json\/wp\/v2\/types\/post"}],"author":[{"embeddable":true,"href":"https:\/\/brasilnoticias.org\/site\/wp-json\/wp\/v2\/users\/1"}],"replies":[{"embeddable":true,"href":"https:\/\/brasilnoticias.org\/site\/wp-json\/wp\/v2\/comments?post=4164"}],"version-history":[{"count":1,"href":"https:\/\/brasilnoticias.org\/site\/wp-json\/wp\/v2\/posts\/4164\/revisions"}],"predecessor-version":[{"id":4166,"href":"https:\/\/brasilnoticias.org\/site\/wp-json\/wp\/v2\/posts\/4164\/revisions\/4166"}],"wp:featuredmedia":[{"embeddable":true,"href":"https:\/\/brasilnoticias.org\/site\/wp-json\/wp\/v2\/media\/4165"}],"wp:attachment":[{"href":"https:\/\/brasilnoticias.org\/site\/wp-json\/wp\/v2\/media?parent=4164"}],"wp:term":[{"taxonomy":"category","embeddable":true,"href":"https:\/\/brasilnoticias.org\/site\/wp-json\/wp\/v2\/categories?post=4164"},{"taxonomy":"post_tag","embeddable":true,"href":"https:\/\/brasilnoticias.org\/site\/wp-json\/wp\/v2\/tags?post=4164"}],"curies":[{"name":"wp","href":"https:\/\/api.w.org\/{rel}","templated":true}]}}