{"id":4173,"date":"2023-02-21T18:40:46","date_gmt":"2023-02-21T21:40:46","guid":{"rendered":"https:\/\/brasilnoticias.org\/site\/?p=4173"},"modified":"2023-02-21T18:40:46","modified_gmt":"2023-02-21T21:40:46","slug":"casa-caiu-preso-suspeito-de-chefiar-grupo-criminoso-e-ostentar-vida-de-luxo-nas-rede-sociais","status":"publish","type":"post","link":"https:\/\/brasilnoticias.org\/site\/casa-caiu-preso-suspeito-de-chefiar-grupo-criminoso-e-ostentar-vida-de-luxo-nas-rede-sociais\/","title":{"rendered":"Casa caiu: Preso suspeito de chefiar grupo criminoso e ostentar vida de luxo nas rede sociais"},"content":{"rendered":"<p>Um homem, de 32 anos, foi preso por suspeita de chefiar um grupo criminoso. Segundo a Pol\u00edcia Civil, ele ostentava uma vida de luxo nas redes sociais e est\u00e1 ligado a empresas e im\u00f3veis de alto padr\u00e3o. O caso aconteceu em Eus\u00e9bio, na Regi\u00e3o Metropolitana de Fortaleza (CE).<\/p>\n<p>O homem foi identificado como Fellype Abdoral Sales Oliveira, mais conhecido como \u201c\u00c1guia\u201d. A pris\u00e3o dele ocorreu no \u00faltimo s\u00e1bado (18), ap\u00f3s a\u00e7\u00e3o da Pol\u00edcia Civil em conjunto com a Coordenadoria de Intelig\u00eancia (Coin), da Secretaria da Seguran\u00e7a P\u00fablica e Defesa Social (SSPDS).<\/p>\n<p>De acordo com a SSPDS, Fellype \u00e9 apontado como chefe de um coletivo criminoso e respons\u00e1vel pela parte financeira da organiza\u00e7\u00e3o criminosa. Al\u00e9m do rancho, outros tr\u00eas im\u00f3veis de alto padr\u00e3o, uma loja de roupas femininas e um lava a jato foram vistoriados pela pol\u00edcia, nos munic\u00edpios de Eus\u00e9bio, Camocim e Iguatu.<\/p>\n<p>Em Iguatu, os policiais civis encontraram uma arma de fogo, que foi apreendida. Com isso, Fellype foi levado \u00e0 Delegacia Metropolitana de Aquiraz, onde todos os tr\u00e2mites para a pris\u00e3o foram realizados. As investiga\u00e7\u00f5es seguem, com foco em identificar outros participantes do esquema criminoso.<\/p>\n<p>O suspeito possui antecedentes criminais por tr\u00e1fico de drogas, e exercia um papel hier\u00e1rquico dentro do grupo criminoso. Com \u201c\u00c1guia\u201d, celulares, dinheiro, documentos e um autom\u00f3vel foram apreendidos. As informa\u00e7\u00f5es s\u00e3o do G1.<\/p>\n<p>Foto SSPDS\/Reprodu\u00e7\u00e3o<br \/>\nBnews<\/p>\n","protected":false},"excerpt":{"rendered":"<p>Um homem, de 32 anos, foi preso por suspeita de chefiar um grupo criminoso. Segundo a Pol\u00edcia Civil, ele ostentava<\/p>\n","protected":false},"author":1,"featured_media":4174,"comment_status":"open","ping_status":"open","sticky":false,"template":"","format":"standard","meta":{"colormag_page_container_layout":"default_layout","colormag_page_sidebar_layout":"default_layout","_FSMCFIC_featured_image_caption":"","_FSMCFIC_featured_image_nocaption":"","_FSMCFIC_featured_image_hide":"","footnotes":""},"categories":[2,1],"tags":[],"class_list":["post-4173","post","type-post","status-publish","format-standard","has-post-thumbnail","hentry","category-noticias","category-ultimas"],"yoast_head":"<!-- This site is optimized with the Yoast SEO plugin v27.1.1 - https:\/\/yoast.com\/product\/yoast-seo-wordpress\/ -->\n<title>Casa caiu: Preso suspeito de chefiar grupo criminoso e ostentar vida de luxo nas rede sociais - Brasil not\u00edcias<\/title>\n<meta name=\"robots\" content=\"index, follow, max-snippet:-1, max-image-preview:large, max-video-preview:-1\" \/>\n<link rel=\"canonical\" href=\"https:\/\/brasilnoticias.org\/site\/casa-caiu-preso-suspeito-de-chefiar-grupo-criminoso-e-ostentar-vida-de-luxo-nas-rede-sociais\/\" \/>\n<meta property=\"og:locale\" content=\"pt_PT\" \/>\n<meta property=\"og:type\" content=\"article\" \/>\n<meta property=\"og:title\" content=\"Casa caiu: Preso suspeito de chefiar grupo criminoso e ostentar vida de luxo nas rede sociais - Brasil not\u00edcias\" \/>\n<meta property=\"og:description\" content=\"Um homem, de 32 anos, foi preso por suspeita de chefiar um grupo criminoso. Segundo a Pol\u00edcia Civil, ele ostentava\" \/>\n<meta property=\"og:url\" content=\"https:\/\/brasilnoticias.org\/site\/casa-caiu-preso-suspeito-de-chefiar-grupo-criminoso-e-ostentar-vida-de-luxo-nas-rede-sociais\/\" \/>\n<meta property=\"og:site_name\" content=\"Brasil not\u00edcias\" \/>\n<meta property=\"article:published_time\" content=\"2023-02-21T21:40:46+00:00\" \/>\n<meta property=\"og:image\" content=\"https:\/\/brasilnoticias.org\/site\/wp-content\/uploads\/2023\/02\/ceara_keJmK4r_widelg.jpg\" \/>\n\t<meta property=\"og:image:width\" content=\"800\" \/>\n\t<meta property=\"og:image:height\" content=\"450\" \/>\n\t<meta property=\"og:image:type\" content=\"image\/jpeg\" \/>\n<meta name=\"author\" content=\"Reda\u00e7\u00e3o\" \/>\n<meta name=\"twitter:card\" content=\"summary_large_image\" \/>\n<meta name=\"twitter:label1\" content=\"Escrito por\" \/>\n\t<meta name=\"twitter:data1\" content=\"Reda\u00e7\u00e3o\" \/>\n<script type=\"application\/ld+json\" class=\"yoast-schema-graph\">{\"@context\":\"https:\/\/schema.org\",\"@graph\":[{\"@type\":\"Article\",\"@id\":\"https:\/\/brasilnoticias.org\/site\/casa-caiu-preso-suspeito-de-chefiar-grupo-criminoso-e-ostentar-vida-de-luxo-nas-rede-sociais\/#article\",\"isPartOf\":{\"@id\":\"https:\/\/brasilnoticias.org\/site\/casa-caiu-preso-suspeito-de-chefiar-grupo-criminoso-e-ostentar-vida-de-luxo-nas-rede-sociais\/\"},\"author\":{\"name\":\"Reda\u00e7\u00e3o\",\"@id\":\"https:\/\/brasilnoticias.org\/site\/#\/schema\/person\/a0e05b973ec4d15c658d51911e53507b\"},\"headline\":\"Casa caiu: Preso suspeito de chefiar grupo criminoso e ostentar vida de luxo nas rede sociais\",\"datePublished\":\"2023-02-21T21:40:46+00:00\",\"mainEntityOfPage\":{\"@id\":\"https:\/\/brasilnoticias.org\/site\/casa-caiu-preso-suspeito-de-chefiar-grupo-criminoso-e-ostentar-vida-de-luxo-nas-rede-sociais\/\"},\"wordCount\":267,\"commentCount\":0,\"publisher\":{\"@id\":\"https:\/\/brasilnoticias.org\/site\/#organization\"},\"image\":{\"@id\":\"https:\/\/brasilnoticias.org\/site\/casa-caiu-preso-suspeito-de-chefiar-grupo-criminoso-e-ostentar-vida-de-luxo-nas-rede-sociais\/#primaryimage\"},\"thumbnailUrl\":\"https:\/\/brasilnoticias.org\/site\/wp-content\/uploads\/2023\/02\/ceara_keJmK4r_widelg.jpg\",\"articleSection\":[\"Not\u00edcias\",\"\u00daltimas\"],\"inLanguage\":\"pt-PT\",\"potentialAction\":[{\"@type\":\"CommentAction\",\"name\":\"Comment\",\"target\":[\"https:\/\/brasilnoticias.org\/site\/casa-caiu-preso-suspeito-de-chefiar-grupo-criminoso-e-ostentar-vida-de-luxo-nas-rede-sociais\/#respond\"]}]},{\"@type\":\"WebPage\",\"@id\":\"https:\/\/brasilnoticias.org\/site\/casa-caiu-preso-suspeito-de-chefiar-grupo-criminoso-e-ostentar-vida-de-luxo-nas-rede-sociais\/\",\"url\":\"https:\/\/brasilnoticias.org\/site\/casa-caiu-preso-suspeito-de-chefiar-grupo-criminoso-e-ostentar-vida-de-luxo-nas-rede-sociais\/\",\"name\":\"Casa caiu: Preso suspeito de chefiar grupo criminoso e ostentar vida de luxo nas rede sociais - Brasil not\u00edcias\",\"isPartOf\":{\"@id\":\"https:\/\/brasilnoticias.org\/site\/#website\"},\"primaryImageOfPage\":{\"@id\":\"https:\/\/brasilnoticias.org\/site\/casa-caiu-preso-suspeito-de-chefiar-grupo-criminoso-e-ostentar-vida-de-luxo-nas-rede-sociais\/#primaryimage\"},\"image\":{\"@id\":\"https:\/\/brasilnoticias.org\/site\/casa-caiu-preso-suspeito-de-chefiar-grupo-criminoso-e-ostentar-vida-de-luxo-nas-rede-sociais\/#primaryimage\"},\"thumbnailUrl\":\"https:\/\/brasilnoticias.org\/site\/wp-content\/uploads\/2023\/02\/ceara_keJmK4r_widelg.jpg\",\"datePublished\":\"2023-02-21T21:40:46+00:00\",\"breadcrumb\":{\"@id\":\"https:\/\/brasilnoticias.org\/site\/casa-caiu-preso-suspeito-de-chefiar-grupo-criminoso-e-ostentar-vida-de-luxo-nas-rede-sociais\/#breadcrumb\"},\"inLanguage\":\"pt-PT\",\"potentialAction\":[{\"@type\":\"ReadAction\",\"target\":[\"https:\/\/brasilnoticias.org\/site\/casa-caiu-preso-suspeito-de-chefiar-grupo-criminoso-e-ostentar-vida-de-luxo-nas-rede-sociais\/\"]}]},{\"@type\":\"ImageObject\",\"inLanguage\":\"pt-PT\",\"@id\":\"https:\/\/brasilnoticias.org\/site\/casa-caiu-preso-suspeito-de-chefiar-grupo-criminoso-e-ostentar-vida-de-luxo-nas-rede-sociais\/#primaryimage\",\"url\":\"https:\/\/brasilnoticias.org\/site\/wp-content\/uploads\/2023\/02\/ceara_keJmK4r_widelg.jpg\",\"contentUrl\":\"https:\/\/brasilnoticias.org\/site\/wp-content\/uploads\/2023\/02\/ceara_keJmK4r_widelg.jpg\",\"width\":800,\"height\":450},{\"@type\":\"BreadcrumbList\",\"@id\":\"https:\/\/brasilnoticias.org\/site\/casa-caiu-preso-suspeito-de-chefiar-grupo-criminoso-e-ostentar-vida-de-luxo-nas-rede-sociais\/#breadcrumb\",\"itemListElement\":[{\"@type\":\"ListItem\",\"position\":1,\"name\":\"In\u00edcio\",\"item\":\"https:\/\/brasilnoticias.org\/site\/\"},{\"@type\":\"ListItem\",\"position\":2,\"name\":\"Casa caiu: Preso suspeito de chefiar grupo criminoso e ostentar vida de luxo nas rede sociais\"}]},{\"@type\":\"WebSite\",\"@id\":\"https:\/\/brasilnoticias.org\/site\/#website\",\"url\":\"https:\/\/brasilnoticias.org\/site\/\",\"name\":\"Brasil not\u00edcias\",\"description\":\"Brasil not\u00edcias\",\"publisher\":{\"@id\":\"https:\/\/brasilnoticias.org\/site\/#organization\"},\"potentialAction\":[{\"@type\":\"SearchAction\",\"target\":{\"@type\":\"EntryPoint\",\"urlTemplate\":\"https:\/\/brasilnoticias.org\/site\/?s={search_term_string}\"},\"query-input\":{\"@type\":\"PropertyValueSpecification\",\"valueRequired\":true,\"valueName\":\"search_term_string\"}}],\"inLanguage\":\"pt-PT\"},{\"@type\":\"Organization\",\"@id\":\"https:\/\/brasilnoticias.org\/site\/#organization\",\"name\":\"Brasil not\u00edcias\",\"url\":\"https:\/\/brasilnoticias.org\/site\/\",\"logo\":{\"@type\":\"ImageObject\",\"inLanguage\":\"pt-PT\",\"@id\":\"https:\/\/brasilnoticias.org\/site\/#\/schema\/logo\/image\/\",\"url\":\"https:\/\/brasilnoticias.org\/site\/wp-content\/uploads\/2022\/05\/cropped-brasilnoticias-mini.jpg\",\"contentUrl\":\"https:\/\/brasilnoticias.org\/site\/wp-content\/uploads\/2022\/05\/cropped-brasilnoticias-mini.jpg\",\"width\":314,\"height\":86,\"caption\":\"Brasil not\u00edcias\"},\"image\":{\"@id\":\"https:\/\/brasilnoticias.org\/site\/#\/schema\/logo\/image\/\"}},{\"@type\":\"Person\",\"@id\":\"https:\/\/brasilnoticias.org\/site\/#\/schema\/person\/a0e05b973ec4d15c658d51911e53507b\",\"name\":\"Reda\u00e7\u00e3o\",\"image\":{\"@type\":\"ImageObject\",\"inLanguage\":\"pt-PT\",\"@id\":\"https:\/\/brasilnoticias.org\/site\/#\/schema\/person\/image\/\",\"url\":\"https:\/\/secure.gravatar.com\/avatar\/75d8b050df2de108b08ae78dfb8e374892df24a383c67db9c46a9c604f6aee9c?s=96&d=mm&r=g\",\"contentUrl\":\"https:\/\/secure.gravatar.com\/avatar\/75d8b050df2de108b08ae78dfb8e374892df24a383c67db9c46a9c604f6aee9c?s=96&d=mm&r=g\",\"caption\":\"Reda\u00e7\u00e3o\"},\"sameAs\":[\"https:\/\/brasilnoticias.org\/site\"],\"url\":\"https:\/\/brasilnoticias.org\/site\/author\/fernandozsngmail-com\/\"}]}<\/script>\n<!-- \/ Yoast SEO plugin. -->","yoast_head_json":{"title":"Casa caiu: Preso suspeito de chefiar grupo criminoso e ostentar vida de luxo nas rede sociais - Brasil not\u00edcias","robots":{"index":"index","follow":"follow","max-snippet":"max-snippet:-1","max-image-preview":"max-image-preview:large","max-video-preview":"max-video-preview:-1"},"canonical":"https:\/\/brasilnoticias.org\/site\/casa-caiu-preso-suspeito-de-chefiar-grupo-criminoso-e-ostentar-vida-de-luxo-nas-rede-sociais\/","og_locale":"pt_PT","og_type":"article","og_title":"Casa caiu: Preso suspeito de chefiar grupo criminoso e ostentar vida de luxo nas rede sociais - Brasil not\u00edcias","og_description":"Um homem, de 32 anos, foi preso por suspeita de chefiar um grupo criminoso. Segundo a Pol\u00edcia Civil, ele ostentava","og_url":"https:\/\/brasilnoticias.org\/site\/casa-caiu-preso-suspeito-de-chefiar-grupo-criminoso-e-ostentar-vida-de-luxo-nas-rede-sociais\/","og_site_name":"Brasil not\u00edcias","article_published_time":"2023-02-21T21:40:46+00:00","og_image":[{"width":800,"height":450,"url":"https:\/\/brasilnoticias.org\/site\/wp-content\/uploads\/2023\/02\/ceara_keJmK4r_widelg.jpg","type":"image\/jpeg"}],"author":"Reda\u00e7\u00e3o","twitter_card":"summary_large_image","twitter_misc":{"Escrito por":"Reda\u00e7\u00e3o"},"schema":{"@context":"https:\/\/schema.org","@graph":[{"@type":"Article","@id":"https:\/\/brasilnoticias.org\/site\/casa-caiu-preso-suspeito-de-chefiar-grupo-criminoso-e-ostentar-vida-de-luxo-nas-rede-sociais\/#article","isPartOf":{"@id":"https:\/\/brasilnoticias.org\/site\/casa-caiu-preso-suspeito-de-chefiar-grupo-criminoso-e-ostentar-vida-de-luxo-nas-rede-sociais\/"},"author":{"name":"Reda\u00e7\u00e3o","@id":"https:\/\/brasilnoticias.org\/site\/#\/schema\/person\/a0e05b973ec4d15c658d51911e53507b"},"headline":"Casa caiu: Preso suspeito de chefiar grupo criminoso e ostentar vida de luxo nas rede sociais","datePublished":"2023-02-21T21:40:46+00:00","mainEntityOfPage":{"@id":"https:\/\/brasilnoticias.org\/site\/casa-caiu-preso-suspeito-de-chefiar-grupo-criminoso-e-ostentar-vida-de-luxo-nas-rede-sociais\/"},"wordCount":267,"commentCount":0,"publisher":{"@id":"https:\/\/brasilnoticias.org\/site\/#organization"},"image":{"@id":"https:\/\/brasilnoticias.org\/site\/casa-caiu-preso-suspeito-de-chefiar-grupo-criminoso-e-ostentar-vida-de-luxo-nas-rede-sociais\/#primaryimage"},"thumbnailUrl":"https:\/\/brasilnoticias.org\/site\/wp-content\/uploads\/2023\/02\/ceara_keJmK4r_widelg.jpg","articleSection":["Not\u00edcias","\u00daltimas"],"inLanguage":"pt-PT","potentialAction":[{"@type":"CommentAction","name":"Comment","target":["https:\/\/brasilnoticias.org\/site\/casa-caiu-preso-suspeito-de-chefiar-grupo-criminoso-e-ostentar-vida-de-luxo-nas-rede-sociais\/#respond"]}]},{"@type":"WebPage","@id":"https:\/\/brasilnoticias.org\/site\/casa-caiu-preso-suspeito-de-chefiar-grupo-criminoso-e-ostentar-vida-de-luxo-nas-rede-sociais\/","url":"https:\/\/brasilnoticias.org\/site\/casa-caiu-preso-suspeito-de-chefiar-grupo-criminoso-e-ostentar-vida-de-luxo-nas-rede-sociais\/","name":"Casa caiu: Preso suspeito de chefiar grupo criminoso e ostentar vida de luxo nas rede sociais - Brasil not\u00edcias","isPartOf":{"@id":"https:\/\/brasilnoticias.org\/site\/#website"},"primaryImageOfPage":{"@id":"https:\/\/brasilnoticias.org\/site\/casa-caiu-preso-suspeito-de-chefiar-grupo-criminoso-e-ostentar-vida-de-luxo-nas-rede-sociais\/#primaryimage"},"image":{"@id":"https:\/\/brasilnoticias.org\/site\/casa-caiu-preso-suspeito-de-chefiar-grupo-criminoso-e-ostentar-vida-de-luxo-nas-rede-sociais\/#primaryimage"},"thumbnailUrl":"https:\/\/brasilnoticias.org\/site\/wp-content\/uploads\/2023\/02\/ceara_keJmK4r_widelg.jpg","datePublished":"2023-02-21T21:40:46+00:00","breadcrumb":{"@id":"https:\/\/brasilnoticias.org\/site\/casa-caiu-preso-suspeito-de-chefiar-grupo-criminoso-e-ostentar-vida-de-luxo-nas-rede-sociais\/#breadcrumb"},"inLanguage":"pt-PT","potentialAction":[{"@type":"ReadAction","target":["https:\/\/brasilnoticias.org\/site\/casa-caiu-preso-suspeito-de-chefiar-grupo-criminoso-e-ostentar-vida-de-luxo-nas-rede-sociais\/"]}]},{"@type":"ImageObject","inLanguage":"pt-PT","@id":"https:\/\/brasilnoticias.org\/site\/casa-caiu-preso-suspeito-de-chefiar-grupo-criminoso-e-ostentar-vida-de-luxo-nas-rede-sociais\/#primaryimage","url":"https:\/\/brasilnoticias.org\/site\/wp-content\/uploads\/2023\/02\/ceara_keJmK4r_widelg.jpg","contentUrl":"https:\/\/brasilnoticias.org\/site\/wp-content\/uploads\/2023\/02\/ceara_keJmK4r_widelg.jpg","width":800,"height":450},{"@type":"BreadcrumbList","@id":"https:\/\/brasilnoticias.org\/site\/casa-caiu-preso-suspeito-de-chefiar-grupo-criminoso-e-ostentar-vida-de-luxo-nas-rede-sociais\/#breadcrumb","itemListElement":[{"@type":"ListItem","position":1,"name":"In\u00edcio","item":"https:\/\/brasilnoticias.org\/site\/"},{"@type":"ListItem","position":2,"name":"Casa caiu: Preso suspeito de chefiar grupo criminoso e ostentar vida de luxo nas rede sociais"}]},{"@type":"WebSite","@id":"https:\/\/brasilnoticias.org\/site\/#website","url":"https:\/\/brasilnoticias.org\/site\/","name":"Brasil not\u00edcias","description":"Brasil not\u00edcias","publisher":{"@id":"https:\/\/brasilnoticias.org\/site\/#organization"},"potentialAction":[{"@type":"SearchAction","target":{"@type":"EntryPoint","urlTemplate":"https:\/\/brasilnoticias.org\/site\/?s={search_term_string}"},"query-input":{"@type":"PropertyValueSpecification","valueRequired":true,"valueName":"search_term_string"}}],"inLanguage":"pt-PT"},{"@type":"Organization","@id":"https:\/\/brasilnoticias.org\/site\/#organization","name":"Brasil not\u00edcias","url":"https:\/\/brasilnoticias.org\/site\/","logo":{"@type":"ImageObject","inLanguage":"pt-PT","@id":"https:\/\/brasilnoticias.org\/site\/#\/schema\/logo\/image\/","url":"https:\/\/brasilnoticias.org\/site\/wp-content\/uploads\/2022\/05\/cropped-brasilnoticias-mini.jpg","contentUrl":"https:\/\/brasilnoticias.org\/site\/wp-content\/uploads\/2022\/05\/cropped-brasilnoticias-mini.jpg","width":314,"height":86,"caption":"Brasil not\u00edcias"},"image":{"@id":"https:\/\/brasilnoticias.org\/site\/#\/schema\/logo\/image\/"}},{"@type":"Person","@id":"https:\/\/brasilnoticias.org\/site\/#\/schema\/person\/a0e05b973ec4d15c658d51911e53507b","name":"Reda\u00e7\u00e3o","image":{"@type":"ImageObject","inLanguage":"pt-PT","@id":"https:\/\/brasilnoticias.org\/site\/#\/schema\/person\/image\/","url":"https:\/\/secure.gravatar.com\/avatar\/75d8b050df2de108b08ae78dfb8e374892df24a383c67db9c46a9c604f6aee9c?s=96&d=mm&r=g","contentUrl":"https:\/\/secure.gravatar.com\/avatar\/75d8b050df2de108b08ae78dfb8e374892df24a383c67db9c46a9c604f6aee9c?s=96&d=mm&r=g","caption":"Reda\u00e7\u00e3o"},"sameAs":["https:\/\/brasilnoticias.org\/site"],"url":"https:\/\/brasilnoticias.org\/site\/author\/fernandozsngmail-com\/"}]}},"_links":{"self":[{"href":"https:\/\/brasilnoticias.org\/site\/wp-json\/wp\/v2\/posts\/4173","targetHints":{"allow":["GET"]}}],"collection":[{"href":"https:\/\/brasilnoticias.org\/site\/wp-json\/wp\/v2\/posts"}],"about":[{"href":"https:\/\/brasilnoticias.org\/site\/wp-json\/wp\/v2\/types\/post"}],"author":[{"embeddable":true,"href":"https:\/\/brasilnoticias.org\/site\/wp-json\/wp\/v2\/users\/1"}],"replies":[{"embeddable":true,"href":"https:\/\/brasilnoticias.org\/site\/wp-json\/wp\/v2\/comments?post=4173"}],"version-history":[{"count":1,"href":"https:\/\/brasilnoticias.org\/site\/wp-json\/wp\/v2\/posts\/4173\/revisions"}],"predecessor-version":[{"id":4175,"href":"https:\/\/brasilnoticias.org\/site\/wp-json\/wp\/v2\/posts\/4173\/revisions\/4175"}],"wp:featuredmedia":[{"embeddable":true,"href":"https:\/\/brasilnoticias.org\/site\/wp-json\/wp\/v2\/media\/4174"}],"wp:attachment":[{"href":"https:\/\/brasilnoticias.org\/site\/wp-json\/wp\/v2\/media?parent=4173"}],"wp:term":[{"taxonomy":"category","embeddable":true,"href":"https:\/\/brasilnoticias.org\/site\/wp-json\/wp\/v2\/categories?post=4173"},{"taxonomy":"post_tag","embeddable":true,"href":"https:\/\/brasilnoticias.org\/site\/wp-json\/wp\/v2\/tags?post=4173"}],"curies":[{"name":"wp","href":"https:\/\/api.w.org\/{rel}","templated":true}]}}