{"id":419,"date":"2022-05-21T09:57:59","date_gmt":"2022-05-21T12:57:59","guid":{"rendered":"https:\/\/brasilnoticias.org\/site\/?p=419"},"modified":"2022-05-21T09:57:59","modified_gmt":"2022-05-21T12:57:59","slug":"justica-nega-pedido-de-defesa-e-mantem-julgamento-de-flordelis","status":"publish","type":"post","link":"https:\/\/brasilnoticias.org\/site\/justica-nega-pedido-de-defesa-e-mantem-julgamento-de-flordelis\/","title":{"rendered":"Justi\u00e7a nega pedido de defesa e mant\u00e9m julgamento de Flordelis"},"content":{"rendered":"<div class=\"topo\">\n<div class=\"bar-logo\">\n<div class=\"container\">\n<div class=\"logo pull-left\">\n<p>A Justi\u00e7a carioca negou nesta sexta-feira (20) o pedido da defesa da ex-deputada federal Flordelis dos Santos de Souza para que o julgamento fosse transferido da 3\u00aa\u00a0Vara Criminal de Niter\u00f3i para o Rio de Janeiro. A decis\u00e3o liminar \u00e9 do desembargador Celso Ferreira Filho, relator do caso na 2\u00aa\u00a0C\u00e2mara Criminal do Tribunal de Justi\u00e7a.<\/p>\n<div id=\"div-gpt-ad-bn_principal_conteudo\"><\/div>\n<p>&nbsp;<\/p>\n<p>De acordo com informa\u00e7\u00f5es da Ag\u00eancia Brasil, a defesa de Flordelis alegou, no dia 3 deste m\u00eas, que a ju\u00edza do caso, Nearis dos Santos Carvalho Arce, titular da 3\u00aa Vara Criminal de Niter\u00f3i, tinha falado com os jurados que devem atuar no processo sobre o julgamento da r\u00e9. Eles alegaram que, ao comentar sobre o caso em uma reuni\u00e3o, a magistrada teria comprometido a parcialidade dos jurados.<\/p>\n<p>&nbsp;<\/p>\n<p>Na decis\u00e3o, o magistrado escreveu \u201cn\u00e3o ter havido qualquer quebra de imparcialidade dos jurados quando reunidos com a ju\u00edza titular da 3\u00aa Vara Criminal da Comarca de Niter\u00f3i, confirmando tratar-se de reuni\u00e3o rotineira entre a magistrada e eventuais componentes do corpo de jurados, na qual Minist\u00e9rio P\u00fablico, assistente de acusa\u00e7\u00e3o ou defesa t\u00eam acesso. Finalizo reiterando o indeferimento.\u201d<\/p>\n<p>&nbsp;<\/p>\n<p><strong>Condena\u00e7\u00f5es<\/strong><\/p>\n<p>&nbsp;<\/p>\n<p>Em novembro de 2021, o Tribunal do J\u00fari de Niter\u00f3i condenou dois filhos da ex-deputada federal Flordelis pelo assassinato do pastor Anderson do Carmo. Fl\u00e1vio dos Santos Rodrigues, filho leg\u00edtimo de Flordelis, acusado de ter efetuado os disparos contra a v\u00edtima, foi sentenciado a 33 anos, dois meses e 20 dias de pris\u00e3o em regime inicialmente fechado.<\/p>\n<p>&nbsp;<\/p>\n<p>Ele foi condenado pelos crimes de homic\u00eddio triplamente qualificado, porte ilegal de arma de fogo, uso de documento falso e associa\u00e7\u00e3o criminosa armada.<\/p>\n<p>J\u00e1 Lucas Cezar dos Santos de Souza, filho adotivo, acusado de ter sido o respons\u00e1vel por adquirir a arma do assassinato, foi condenado a sete anos e seis meses de pris\u00e3o em regime inicialmente fechado, por homic\u00eddio triplamente qualificado.<\/p>\n<\/div>\n<\/div>\n<\/div>\n<\/div>\n<p>&nbsp;<\/p>\n<p>&nbsp;<\/p>\n<p>&nbsp;<\/p>\n<div class=\"topo\">\n<p>Bahia Not\u00edcias<\/p>\n<\/div>\n","protected":false},"excerpt":{"rendered":"<p>A Justi\u00e7a carioca negou nesta sexta-feira (20) o pedido da defesa da ex-deputada federal Flordelis dos Santos de Souza para<\/p>\n","protected":false},"author":2,"featured_media":420,"comment_status":"open","ping_status":"open","sticky":false,"template":"","format":"standard","meta":{"colormag_page_container_layout":"default_layout","colormag_page_sidebar_layout":"default_layout","_FSMCFIC_featured_image_caption":"","_FSMCFIC_featured_image_nocaption":"","_FSMCFIC_featured_image_hide":"","footnotes":""},"categories":[7,1],"tags":[],"class_list":["post-419","post","type-post","status-publish","format-standard","has-post-thumbnail","hentry","category-justica","category-ultimas"],"yoast_head":"<!-- This site is optimized with the Yoast SEO plugin v27.1.1 - https:\/\/yoast.com\/product\/yoast-seo-wordpress\/ -->\n<title>Justi\u00e7a nega pedido de defesa e mant\u00e9m julgamento de Flordelis - Brasil not\u00edcias<\/title>\n<meta name=\"robots\" content=\"index, follow, max-snippet:-1, max-image-preview:large, max-video-preview:-1\" \/>\n<link rel=\"canonical\" href=\"https:\/\/brasilnoticias.org\/site\/justica-nega-pedido-de-defesa-e-mantem-julgamento-de-flordelis\/\" \/>\n<meta property=\"og:locale\" content=\"pt_PT\" \/>\n<meta property=\"og:type\" content=\"article\" \/>\n<meta property=\"og:title\" content=\"Justi\u00e7a nega pedido de defesa e mant\u00e9m julgamento de Flordelis - Brasil not\u00edcias\" \/>\n<meta property=\"og:description\" content=\"A Justi\u00e7a carioca negou nesta sexta-feira (20) o pedido da defesa da ex-deputada federal Flordelis dos Santos de Souza para\" \/>\n<meta property=\"og:url\" content=\"https:\/\/brasilnoticias.org\/site\/justica-nega-pedido-de-defesa-e-mantem-julgamento-de-flordelis\/\" \/>\n<meta property=\"og:site_name\" content=\"Brasil not\u00edcias\" \/>\n<meta property=\"article:published_time\" content=\"2022-05-21T12:57:59+00:00\" \/>\n<meta property=\"og:image\" content=\"https:\/\/brasilnoticias.org\/site\/wp-content\/uploads\/2022\/05\/IMAGEM_NOTICIA_5-1-1.jpg\" \/>\n\t<meta property=\"og:image:width\" content=\"380\" \/>\n\t<meta property=\"og:image:height\" content=\"280\" \/>\n\t<meta property=\"og:image:type\" content=\"image\/jpeg\" \/>\n<meta name=\"author\" content=\"Reda\u00e7\u00e3o\" \/>\n<meta name=\"twitter:card\" content=\"summary_large_image\" \/>\n<meta name=\"twitter:label1\" content=\"Escrito por\" \/>\n\t<meta name=\"twitter:data1\" content=\"Reda\u00e7\u00e3o\" \/>\n\t<meta name=\"twitter:label2\" content=\"Tempo estimado de leitura\" \/>\n\t<meta name=\"twitter:data2\" content=\"2 minutos\" \/>\n<script type=\"application\/ld+json\" class=\"yoast-schema-graph\">{\"@context\":\"https:\/\/schema.org\",\"@graph\":[{\"@type\":\"Article\",\"@id\":\"https:\/\/brasilnoticias.org\/site\/justica-nega-pedido-de-defesa-e-mantem-julgamento-de-flordelis\/#article\",\"isPartOf\":{\"@id\":\"https:\/\/brasilnoticias.org\/site\/justica-nega-pedido-de-defesa-e-mantem-julgamento-de-flordelis\/\"},\"author\":{\"name\":\"Reda\u00e7\u00e3o\",\"@id\":\"https:\/\/brasilnoticias.org\/site\/#\/schema\/person\/f609fa847b5314f1c8b983342f34c798\"},\"headline\":\"Justi\u00e7a nega pedido de defesa e mant\u00e9m julgamento de Flordelis\",\"datePublished\":\"2022-05-21T12:57:59+00:00\",\"mainEntityOfPage\":{\"@id\":\"https:\/\/brasilnoticias.org\/site\/justica-nega-pedido-de-defesa-e-mantem-julgamento-de-flordelis\/\"},\"wordCount\":347,\"commentCount\":0,\"publisher\":{\"@id\":\"https:\/\/brasilnoticias.org\/site\/#organization\"},\"image\":{\"@id\":\"https:\/\/brasilnoticias.org\/site\/justica-nega-pedido-de-defesa-e-mantem-julgamento-de-flordelis\/#primaryimage\"},\"thumbnailUrl\":\"https:\/\/brasilnoticias.org\/site\/wp-content\/uploads\/2022\/05\/IMAGEM_NOTICIA_5-1-1.jpg\",\"articleSection\":[\"Justi\u00e7a\",\"\u00daltimas\"],\"inLanguage\":\"pt-PT\",\"potentialAction\":[{\"@type\":\"CommentAction\",\"name\":\"Comment\",\"target\":[\"https:\/\/brasilnoticias.org\/site\/justica-nega-pedido-de-defesa-e-mantem-julgamento-de-flordelis\/#respond\"]}]},{\"@type\":\"WebPage\",\"@id\":\"https:\/\/brasilnoticias.org\/site\/justica-nega-pedido-de-defesa-e-mantem-julgamento-de-flordelis\/\",\"url\":\"https:\/\/brasilnoticias.org\/site\/justica-nega-pedido-de-defesa-e-mantem-julgamento-de-flordelis\/\",\"name\":\"Justi\u00e7a nega pedido de defesa e mant\u00e9m julgamento de Flordelis - Brasil not\u00edcias\",\"isPartOf\":{\"@id\":\"https:\/\/brasilnoticias.org\/site\/#website\"},\"primaryImageOfPage\":{\"@id\":\"https:\/\/brasilnoticias.org\/site\/justica-nega-pedido-de-defesa-e-mantem-julgamento-de-flordelis\/#primaryimage\"},\"image\":{\"@id\":\"https:\/\/brasilnoticias.org\/site\/justica-nega-pedido-de-defesa-e-mantem-julgamento-de-flordelis\/#primaryimage\"},\"thumbnailUrl\":\"https:\/\/brasilnoticias.org\/site\/wp-content\/uploads\/2022\/05\/IMAGEM_NOTICIA_5-1-1.jpg\",\"datePublished\":\"2022-05-21T12:57:59+00:00\",\"breadcrumb\":{\"@id\":\"https:\/\/brasilnoticias.org\/site\/justica-nega-pedido-de-defesa-e-mantem-julgamento-de-flordelis\/#breadcrumb\"},\"inLanguage\":\"pt-PT\",\"potentialAction\":[{\"@type\":\"ReadAction\",\"target\":[\"https:\/\/brasilnoticias.org\/site\/justica-nega-pedido-de-defesa-e-mantem-julgamento-de-flordelis\/\"]}]},{\"@type\":\"ImageObject\",\"inLanguage\":\"pt-PT\",\"@id\":\"https:\/\/brasilnoticias.org\/site\/justica-nega-pedido-de-defesa-e-mantem-julgamento-de-flordelis\/#primaryimage\",\"url\":\"https:\/\/brasilnoticias.org\/site\/wp-content\/uploads\/2022\/05\/IMAGEM_NOTICIA_5-1-1.jpg\",\"contentUrl\":\"https:\/\/brasilnoticias.org\/site\/wp-content\/uploads\/2022\/05\/IMAGEM_NOTICIA_5-1-1.jpg\",\"width\":380,\"height\":280},{\"@type\":\"BreadcrumbList\",\"@id\":\"https:\/\/brasilnoticias.org\/site\/justica-nega-pedido-de-defesa-e-mantem-julgamento-de-flordelis\/#breadcrumb\",\"itemListElement\":[{\"@type\":\"ListItem\",\"position\":1,\"name\":\"In\u00edcio\",\"item\":\"https:\/\/brasilnoticias.org\/site\/\"},{\"@type\":\"ListItem\",\"position\":2,\"name\":\"Justi\u00e7a nega pedido de defesa e mant\u00e9m julgamento de Flordelis\"}]},{\"@type\":\"WebSite\",\"@id\":\"https:\/\/brasilnoticias.org\/site\/#website\",\"url\":\"https:\/\/brasilnoticias.org\/site\/\",\"name\":\"Brasil not\u00edcias\",\"description\":\"Brasil not\u00edcias\",\"publisher\":{\"@id\":\"https:\/\/brasilnoticias.org\/site\/#organization\"},\"potentialAction\":[{\"@type\":\"SearchAction\",\"target\":{\"@type\":\"EntryPoint\",\"urlTemplate\":\"https:\/\/brasilnoticias.org\/site\/?s={search_term_string}\"},\"query-input\":{\"@type\":\"PropertyValueSpecification\",\"valueRequired\":true,\"valueName\":\"search_term_string\"}}],\"inLanguage\":\"pt-PT\"},{\"@type\":\"Organization\",\"@id\":\"https:\/\/brasilnoticias.org\/site\/#organization\",\"name\":\"Brasil not\u00edcias\",\"url\":\"https:\/\/brasilnoticias.org\/site\/\",\"logo\":{\"@type\":\"ImageObject\",\"inLanguage\":\"pt-PT\",\"@id\":\"https:\/\/brasilnoticias.org\/site\/#\/schema\/logo\/image\/\",\"url\":\"https:\/\/brasilnoticias.org\/site\/wp-content\/uploads\/2022\/05\/cropped-brasilnoticias-mini.jpg\",\"contentUrl\":\"https:\/\/brasilnoticias.org\/site\/wp-content\/uploads\/2022\/05\/cropped-brasilnoticias-mini.jpg\",\"width\":314,\"height\":86,\"caption\":\"Brasil not\u00edcias\"},\"image\":{\"@id\":\"https:\/\/brasilnoticias.org\/site\/#\/schema\/logo\/image\/\"}},{\"@type\":\"Person\",\"@id\":\"https:\/\/brasilnoticias.org\/site\/#\/schema\/person\/f609fa847b5314f1c8b983342f34c798\",\"name\":\"Reda\u00e7\u00e3o\",\"image\":{\"@type\":\"ImageObject\",\"inLanguage\":\"pt-PT\",\"@id\":\"https:\/\/brasilnoticias.org\/site\/#\/schema\/person\/image\/\",\"url\":\"https:\/\/secure.gravatar.com\/avatar\/447284c06c1ad8b46465a36de9cd0d8326b73387a22799b8b1ffb1fbcff2ed0c?s=96&d=mm&r=g\",\"contentUrl\":\"https:\/\/secure.gravatar.com\/avatar\/447284c06c1ad8b46465a36de9cd0d8326b73387a22799b8b1ffb1fbcff2ed0c?s=96&d=mm&r=g\",\"caption\":\"Reda\u00e7\u00e3o\"},\"url\":\"https:\/\/brasilnoticias.org\/site\/author\/redacao\/\"}]}<\/script>\n<!-- \/ Yoast SEO plugin. -->","yoast_head_json":{"title":"Justi\u00e7a nega pedido de defesa e mant\u00e9m julgamento de Flordelis - Brasil not\u00edcias","robots":{"index":"index","follow":"follow","max-snippet":"max-snippet:-1","max-image-preview":"max-image-preview:large","max-video-preview":"max-video-preview:-1"},"canonical":"https:\/\/brasilnoticias.org\/site\/justica-nega-pedido-de-defesa-e-mantem-julgamento-de-flordelis\/","og_locale":"pt_PT","og_type":"article","og_title":"Justi\u00e7a nega pedido de defesa e mant\u00e9m julgamento de Flordelis - Brasil not\u00edcias","og_description":"A Justi\u00e7a carioca negou nesta sexta-feira (20) o pedido da defesa da ex-deputada federal Flordelis dos Santos de Souza para","og_url":"https:\/\/brasilnoticias.org\/site\/justica-nega-pedido-de-defesa-e-mantem-julgamento-de-flordelis\/","og_site_name":"Brasil not\u00edcias","article_published_time":"2022-05-21T12:57:59+00:00","og_image":[{"width":380,"height":280,"url":"https:\/\/brasilnoticias.org\/site\/wp-content\/uploads\/2022\/05\/IMAGEM_NOTICIA_5-1-1.jpg","type":"image\/jpeg"}],"author":"Reda\u00e7\u00e3o","twitter_card":"summary_large_image","twitter_misc":{"Escrito por":"Reda\u00e7\u00e3o","Tempo estimado de leitura":"2 minutos"},"schema":{"@context":"https:\/\/schema.org","@graph":[{"@type":"Article","@id":"https:\/\/brasilnoticias.org\/site\/justica-nega-pedido-de-defesa-e-mantem-julgamento-de-flordelis\/#article","isPartOf":{"@id":"https:\/\/brasilnoticias.org\/site\/justica-nega-pedido-de-defesa-e-mantem-julgamento-de-flordelis\/"},"author":{"name":"Reda\u00e7\u00e3o","@id":"https:\/\/brasilnoticias.org\/site\/#\/schema\/person\/f609fa847b5314f1c8b983342f34c798"},"headline":"Justi\u00e7a nega pedido de defesa e mant\u00e9m julgamento de Flordelis","datePublished":"2022-05-21T12:57:59+00:00","mainEntityOfPage":{"@id":"https:\/\/brasilnoticias.org\/site\/justica-nega-pedido-de-defesa-e-mantem-julgamento-de-flordelis\/"},"wordCount":347,"commentCount":0,"publisher":{"@id":"https:\/\/brasilnoticias.org\/site\/#organization"},"image":{"@id":"https:\/\/brasilnoticias.org\/site\/justica-nega-pedido-de-defesa-e-mantem-julgamento-de-flordelis\/#primaryimage"},"thumbnailUrl":"https:\/\/brasilnoticias.org\/site\/wp-content\/uploads\/2022\/05\/IMAGEM_NOTICIA_5-1-1.jpg","articleSection":["Justi\u00e7a","\u00daltimas"],"inLanguage":"pt-PT","potentialAction":[{"@type":"CommentAction","name":"Comment","target":["https:\/\/brasilnoticias.org\/site\/justica-nega-pedido-de-defesa-e-mantem-julgamento-de-flordelis\/#respond"]}]},{"@type":"WebPage","@id":"https:\/\/brasilnoticias.org\/site\/justica-nega-pedido-de-defesa-e-mantem-julgamento-de-flordelis\/","url":"https:\/\/brasilnoticias.org\/site\/justica-nega-pedido-de-defesa-e-mantem-julgamento-de-flordelis\/","name":"Justi\u00e7a nega pedido de defesa e mant\u00e9m julgamento de Flordelis - Brasil not\u00edcias","isPartOf":{"@id":"https:\/\/brasilnoticias.org\/site\/#website"},"primaryImageOfPage":{"@id":"https:\/\/brasilnoticias.org\/site\/justica-nega-pedido-de-defesa-e-mantem-julgamento-de-flordelis\/#primaryimage"},"image":{"@id":"https:\/\/brasilnoticias.org\/site\/justica-nega-pedido-de-defesa-e-mantem-julgamento-de-flordelis\/#primaryimage"},"thumbnailUrl":"https:\/\/brasilnoticias.org\/site\/wp-content\/uploads\/2022\/05\/IMAGEM_NOTICIA_5-1-1.jpg","datePublished":"2022-05-21T12:57:59+00:00","breadcrumb":{"@id":"https:\/\/brasilnoticias.org\/site\/justica-nega-pedido-de-defesa-e-mantem-julgamento-de-flordelis\/#breadcrumb"},"inLanguage":"pt-PT","potentialAction":[{"@type":"ReadAction","target":["https:\/\/brasilnoticias.org\/site\/justica-nega-pedido-de-defesa-e-mantem-julgamento-de-flordelis\/"]}]},{"@type":"ImageObject","inLanguage":"pt-PT","@id":"https:\/\/brasilnoticias.org\/site\/justica-nega-pedido-de-defesa-e-mantem-julgamento-de-flordelis\/#primaryimage","url":"https:\/\/brasilnoticias.org\/site\/wp-content\/uploads\/2022\/05\/IMAGEM_NOTICIA_5-1-1.jpg","contentUrl":"https:\/\/brasilnoticias.org\/site\/wp-content\/uploads\/2022\/05\/IMAGEM_NOTICIA_5-1-1.jpg","width":380,"height":280},{"@type":"BreadcrumbList","@id":"https:\/\/brasilnoticias.org\/site\/justica-nega-pedido-de-defesa-e-mantem-julgamento-de-flordelis\/#breadcrumb","itemListElement":[{"@type":"ListItem","position":1,"name":"In\u00edcio","item":"https:\/\/brasilnoticias.org\/site\/"},{"@type":"ListItem","position":2,"name":"Justi\u00e7a nega pedido de defesa e mant\u00e9m julgamento de Flordelis"}]},{"@type":"WebSite","@id":"https:\/\/brasilnoticias.org\/site\/#website","url":"https:\/\/brasilnoticias.org\/site\/","name":"Brasil not\u00edcias","description":"Brasil not\u00edcias","publisher":{"@id":"https:\/\/brasilnoticias.org\/site\/#organization"},"potentialAction":[{"@type":"SearchAction","target":{"@type":"EntryPoint","urlTemplate":"https:\/\/brasilnoticias.org\/site\/?s={search_term_string}"},"query-input":{"@type":"PropertyValueSpecification","valueRequired":true,"valueName":"search_term_string"}}],"inLanguage":"pt-PT"},{"@type":"Organization","@id":"https:\/\/brasilnoticias.org\/site\/#organization","name":"Brasil not\u00edcias","url":"https:\/\/brasilnoticias.org\/site\/","logo":{"@type":"ImageObject","inLanguage":"pt-PT","@id":"https:\/\/brasilnoticias.org\/site\/#\/schema\/logo\/image\/","url":"https:\/\/brasilnoticias.org\/site\/wp-content\/uploads\/2022\/05\/cropped-brasilnoticias-mini.jpg","contentUrl":"https:\/\/brasilnoticias.org\/site\/wp-content\/uploads\/2022\/05\/cropped-brasilnoticias-mini.jpg","width":314,"height":86,"caption":"Brasil not\u00edcias"},"image":{"@id":"https:\/\/brasilnoticias.org\/site\/#\/schema\/logo\/image\/"}},{"@type":"Person","@id":"https:\/\/brasilnoticias.org\/site\/#\/schema\/person\/f609fa847b5314f1c8b983342f34c798","name":"Reda\u00e7\u00e3o","image":{"@type":"ImageObject","inLanguage":"pt-PT","@id":"https:\/\/brasilnoticias.org\/site\/#\/schema\/person\/image\/","url":"https:\/\/secure.gravatar.com\/avatar\/447284c06c1ad8b46465a36de9cd0d8326b73387a22799b8b1ffb1fbcff2ed0c?s=96&d=mm&r=g","contentUrl":"https:\/\/secure.gravatar.com\/avatar\/447284c06c1ad8b46465a36de9cd0d8326b73387a22799b8b1ffb1fbcff2ed0c?s=96&d=mm&r=g","caption":"Reda\u00e7\u00e3o"},"url":"https:\/\/brasilnoticias.org\/site\/author\/redacao\/"}]}},"_links":{"self":[{"href":"https:\/\/brasilnoticias.org\/site\/wp-json\/wp\/v2\/posts\/419","targetHints":{"allow":["GET"]}}],"collection":[{"href":"https:\/\/brasilnoticias.org\/site\/wp-json\/wp\/v2\/posts"}],"about":[{"href":"https:\/\/brasilnoticias.org\/site\/wp-json\/wp\/v2\/types\/post"}],"author":[{"embeddable":true,"href":"https:\/\/brasilnoticias.org\/site\/wp-json\/wp\/v2\/users\/2"}],"replies":[{"embeddable":true,"href":"https:\/\/brasilnoticias.org\/site\/wp-json\/wp\/v2\/comments?post=419"}],"version-history":[{"count":1,"href":"https:\/\/brasilnoticias.org\/site\/wp-json\/wp\/v2\/posts\/419\/revisions"}],"predecessor-version":[{"id":421,"href":"https:\/\/brasilnoticias.org\/site\/wp-json\/wp\/v2\/posts\/419\/revisions\/421"}],"wp:featuredmedia":[{"embeddable":true,"href":"https:\/\/brasilnoticias.org\/site\/wp-json\/wp\/v2\/media\/420"}],"wp:attachment":[{"href":"https:\/\/brasilnoticias.org\/site\/wp-json\/wp\/v2\/media?parent=419"}],"wp:term":[{"taxonomy":"category","embeddable":true,"href":"https:\/\/brasilnoticias.org\/site\/wp-json\/wp\/v2\/categories?post=419"},{"taxonomy":"post_tag","embeddable":true,"href":"https:\/\/brasilnoticias.org\/site\/wp-json\/wp\/v2\/tags?post=419"}],"curies":[{"name":"wp","href":"https:\/\/api.w.org\/{rel}","templated":true}]}}