{"id":4190,"date":"2023-02-22T07:30:08","date_gmt":"2023-02-22T10:30:08","guid":{"rendered":"https:\/\/brasilnoticias.org\/site\/?p=4190"},"modified":"2023-02-22T06:41:47","modified_gmt":"2023-02-22T09:41:47","slug":"flamengo-perde-do-del-valle-e-decidira-a-recopa-sul-americana-sob-pressao-no-rio","status":"publish","type":"post","link":"https:\/\/brasilnoticias.org\/site\/flamengo-perde-do-del-valle-e-decidira-a-recopa-sul-americana-sob-pressao-no-rio\/","title":{"rendered":"Flamengo perde do Del Valle e decidir\u00e1 a Recopa Sul-Americana sob press\u00e3o no Rio"},"content":{"rendered":"<p>O Flamengo continua mal em suas decis\u00f5es no ano. Depois de perder a final da Supercopa do Brasil para o Palmeiras (4 a 3) e cair na semifinal do Mundial de Clubes diante do Al-Hilal (3 a 2), a equipe saiu em desvantagem na disputa pela ta\u00e7a da Recopa Sul-Americana ao ser derrotada por 1 a 0 do Independiente Del Valle, em Quito, no Equador. Sob press\u00e3o e devendo futebol no ano, ter\u00e1 de reverter o resultado na pr\u00f3xima ter\u00e7a-feira, no Maracan\u00e3.<br \/>\nAs equipes tamb\u00e9m disputaram a Recopa em 2019. No Equador, um bom 2 a 2, e vit\u00f3ria tranquila no Rio para os cariocas, por 3 a 0, o que deixa a torcida esperan\u00e7osa por uma reviravolta do resultado. Resta saber se o artilheiro Pedro, que deixou o campo machucado, ter\u00e1 tempo suficiente para se recuperar da les\u00e3o muscular.<\/p>\n<p>Sem G\u00e9rson, com dores no tornozelo, Vidal ganhou nova oportunidade no meio-campo, com Everton Ribeiro voltando ao time titular ap\u00f3s ficar no banco contra o Volta Redonda e ser poupado diante do Resende. O experiente jogador retornou com a tarja de capit\u00e3o.<\/p>\n<p>Al\u00e9m do bom time do Independiente Del Valle, o Flamengo ainda tinha pela frente a altitude de 2.850 metros e a forte chuva para superar no est\u00e1dio Banco Guayaquil. Como vem sendo tradi\u00e7\u00e3o, antes de a bola rolar foi prestado um minuto de sil\u00eancio em homenagem a Pel\u00e9.<\/p>\n<p>Acusado de agress\u00e3o domiciliar por sua mulher, o chileno Piero Maza foi confirmado pelo Conmebol para apitar a partida e mostrou-se um tanto confuso em partes do primeiro tempo. Trocou um lateral por falta ap\u00f3s reclama\u00e7\u00e3o dos flamenguistas, e n\u00e3o viu lance que David Luiz pediu p\u00eanalti.<\/p>\n<p>A primeira etapa ficou marcada pelas tantas finaliza\u00e7\u00f5es fora do alvo do time da casa, que queria levar uma vantagem, mesmo que m\u00ednima, ao Maracan\u00e3, nas emana que vem, e por chance clara desperdi\u00e7ada por Gabigol.<\/p>\n<p>A grande chance do Flamengo surgiu aos 41 minutos. Lan\u00e7amento longo para o camisa 10, que saiu na cara do goleiro. O atacante tentou dar uma cavadinha e parou em defesa de Ram\u00edrez. Pouco depois, ap\u00f3s cruzamento para a \u00e1rea, os cariocas reclamaram de um poss\u00edvel p\u00eanalti por agarr\u00e3o em David Luiz. O VAR nada deu.<\/p>\n<p>O Flamengo voltou bastante passivo na etapa final. Parecia sentir o desgaste da altitude e j\u00e1 n\u00e3o conseguiu equilibrar as a\u00e7\u00f5es. A press\u00e3o do Del Valle era grande. Para piorar, Pedro precisou sair, machucado.<\/p>\n<p>Retrancado, com a entrada de mais um volante, o Flamengo atraiu demais os equatorianos para seu campo. Santos j\u00e1 havia salvado em cobran\u00e7a forte de falta de Sornoza e levado um susto em cabe\u00e7ada de Carabajal. Na segunda oportunidade, o zagueiro abriu o marcador, ganhando pelo alto entre Fabr\u00edcio Bruno e David Luiz. A situa\u00e7\u00e3o poderia ser pior se ap\u00f3s uma falha de Santos, a bola n\u00e3o tivesse batido na m\u00e3o de Garc\u00eda Basso antes de ele mandar \u00e0s redes.<\/p>\n<p>O time equatoriano criou bastante chances para ampliar, mas n\u00e3o teve capricho. E ainda quase levou a igualdade nos minutos finais. Ram\u00edrez espalmou a bomba de Everton Cebolinha. No fim, a equipe da casa perdeu Ortiz, expulso. Com um a mais e cinco minutos no rel\u00f3gio, o Flamengo n\u00e3o conseguiu buscar o empate.<\/p>\n<p>FICHA T\u00c9CNICA<\/p>\n<p>INDEPENDIENTE DEL VALLE 1 X 0 FLAMENGO<\/p>\n<p>INDEPENDIENTE DEL VALLE &#8211; Ram\u00edrez; Fern\u00e1ndez, Carabajal, Schunke, Garc\u00eda Basso e Caicedo (Minda); Faravelli, Pellerano (Ortiz) e Sornoza (Previtali); D\u00edaz (Hoyos) e Rodr\u00edguez (Alc\u00edvar). T\u00e9cnico: Martin Anselmi.<\/p>\n<p>FLAMENGO &#8211; Santos; Varella, Fabr\u00edcio Bruno, David Luiz e Ayrton Lucas; Thiago Maia (Matheus Gon\u00e7alves), Vidal, Everton Ribeiro (Everton Cebolinha) e Arrascaeta; Gabigol e Pedro (Pulgar). T\u00e9cnico: V\u00edtor Pereira.<\/p>\n<p>GOLS &#8211; Carabajal, aos 23 minutos do segundo tempo.<\/p>\n<p>\u00c1RBITRO &#8211; Piero Maza (Chile).<\/p>\n<p>CART\u00d5ES AMARELOS &#8211; Fabr\u00edcio Bruno, David Luiz, Vidal e Pedro (Flamengo); Carabajal, Rodr\u00edguez, Ram\u00edrez e Faravelli (Independiente Del Valle).<\/p>\n<p>CART\u00c3O VERMELHO &#8211; Ortiz (Del Valle).<\/p>\n<p>RENDA E P\u00daBLICO &#8211; N\u00e3o dispon\u00edveis.<\/p>\n<p>LOCAL &#8211; Est\u00e1dio Banco Guayaquil, em Quito.<\/p>\n<p>Foto Getty<br \/>\nNot\u00edcias ao minuto<\/p>\n","protected":false},"excerpt":{"rendered":"<p>O Flamengo continua mal em suas decis\u00f5es no ano. Depois de perder a final da Supercopa do Brasil para o<\/p>\n","protected":false},"author":1,"featured_media":4191,"comment_status":"open","ping_status":"open","sticky":false,"template":"","format":"standard","meta":{"colormag_page_container_layout":"default_layout","colormag_page_sidebar_layout":"default_layout","_FSMCFIC_featured_image_caption":"","_FSMCFIC_featured_image_nocaption":"","_FSMCFIC_featured_image_hide":"","footnotes":""},"categories":[2,1],"tags":[],"class_list":["post-4190","post","type-post","status-publish","format-standard","has-post-thumbnail","hentry","category-noticias","category-ultimas"],"yoast_head":"<!-- This site is optimized with the Yoast SEO plugin v27.1.1 - https:\/\/yoast.com\/product\/yoast-seo-wordpress\/ -->\n<title>Flamengo perde do Del Valle e decidir\u00e1 a Recopa Sul-Americana sob press\u00e3o no Rio - Brasil not\u00edcias<\/title>\n<meta name=\"robots\" content=\"index, follow, max-snippet:-1, max-image-preview:large, max-video-preview:-1\" \/>\n<link rel=\"canonical\" href=\"https:\/\/brasilnoticias.org\/site\/flamengo-perde-do-del-valle-e-decidira-a-recopa-sul-americana-sob-pressao-no-rio\/\" \/>\n<meta property=\"og:locale\" content=\"pt_PT\" \/>\n<meta property=\"og:type\" content=\"article\" \/>\n<meta property=\"og:title\" content=\"Flamengo perde do Del Valle e decidir\u00e1 a Recopa Sul-Americana sob press\u00e3o no Rio - Brasil not\u00edcias\" \/>\n<meta property=\"og:description\" content=\"O Flamengo continua mal em suas decis\u00f5es no ano. Depois de perder a final da Supercopa do Brasil para o\" \/>\n<meta property=\"og:url\" content=\"https:\/\/brasilnoticias.org\/site\/flamengo-perde-do-del-valle-e-decidira-a-recopa-sul-americana-sob-pressao-no-rio\/\" \/>\n<meta property=\"og:site_name\" content=\"Brasil not\u00edcias\" \/>\n<meta property=\"article:published_time\" content=\"2023-02-22T10:30:08+00:00\" \/>\n<meta property=\"og:image\" content=\"https:\/\/brasilnoticias.org\/site\/wp-content\/uploads\/2023\/02\/naom_63f5d490c0451.jpg\" \/>\n\t<meta property=\"og:image:width\" content=\"960\" \/>\n\t<meta property=\"og:image:height\" content=\"540\" \/>\n\t<meta property=\"og:image:type\" content=\"image\/jpeg\" \/>\n<meta name=\"author\" content=\"Reda\u00e7\u00e3o\" \/>\n<meta name=\"twitter:card\" content=\"summary_large_image\" \/>\n<meta name=\"twitter:label1\" content=\"Escrito por\" \/>\n\t<meta name=\"twitter:data1\" content=\"Reda\u00e7\u00e3o\" \/>\n<script type=\"application\/ld+json\" class=\"yoast-schema-graph\">{\"@context\":\"https:\/\/schema.org\",\"@graph\":[{\"@type\":\"Article\",\"@id\":\"https:\/\/brasilnoticias.org\/site\/flamengo-perde-do-del-valle-e-decidira-a-recopa-sul-americana-sob-pressao-no-rio\/#article\",\"isPartOf\":{\"@id\":\"https:\/\/brasilnoticias.org\/site\/flamengo-perde-do-del-valle-e-decidira-a-recopa-sul-americana-sob-pressao-no-rio\/\"},\"author\":{\"name\":\"Reda\u00e7\u00e3o\",\"@id\":\"https:\/\/brasilnoticias.org\/site\/#\/schema\/person\/a0e05b973ec4d15c658d51911e53507b\"},\"headline\":\"Flamengo perde do Del Valle e decidir\u00e1 a Recopa Sul-Americana sob press\u00e3o no Rio\",\"datePublished\":\"2023-02-22T10:30:08+00:00\",\"mainEntityOfPage\":{\"@id\":\"https:\/\/brasilnoticias.org\/site\/flamengo-perde-do-del-valle-e-decidira-a-recopa-sul-americana-sob-pressao-no-rio\/\"},\"wordCount\":723,\"commentCount\":0,\"publisher\":{\"@id\":\"https:\/\/brasilnoticias.org\/site\/#organization\"},\"image\":{\"@id\":\"https:\/\/brasilnoticias.org\/site\/flamengo-perde-do-del-valle-e-decidira-a-recopa-sul-americana-sob-pressao-no-rio\/#primaryimage\"},\"thumbnailUrl\":\"https:\/\/brasilnoticias.org\/site\/wp-content\/uploads\/2023\/02\/naom_63f5d490c0451.jpg\",\"articleSection\":[\"Not\u00edcias\",\"\u00daltimas\"],\"inLanguage\":\"pt-PT\",\"potentialAction\":[{\"@type\":\"CommentAction\",\"name\":\"Comment\",\"target\":[\"https:\/\/brasilnoticias.org\/site\/flamengo-perde-do-del-valle-e-decidira-a-recopa-sul-americana-sob-pressao-no-rio\/#respond\"]}]},{\"@type\":\"WebPage\",\"@id\":\"https:\/\/brasilnoticias.org\/site\/flamengo-perde-do-del-valle-e-decidira-a-recopa-sul-americana-sob-pressao-no-rio\/\",\"url\":\"https:\/\/brasilnoticias.org\/site\/flamengo-perde-do-del-valle-e-decidira-a-recopa-sul-americana-sob-pressao-no-rio\/\",\"name\":\"Flamengo perde do Del Valle e decidir\u00e1 a Recopa Sul-Americana sob press\u00e3o no Rio - Brasil not\u00edcias\",\"isPartOf\":{\"@id\":\"https:\/\/brasilnoticias.org\/site\/#website\"},\"primaryImageOfPage\":{\"@id\":\"https:\/\/brasilnoticias.org\/site\/flamengo-perde-do-del-valle-e-decidira-a-recopa-sul-americana-sob-pressao-no-rio\/#primaryimage\"},\"image\":{\"@id\":\"https:\/\/brasilnoticias.org\/site\/flamengo-perde-do-del-valle-e-decidira-a-recopa-sul-americana-sob-pressao-no-rio\/#primaryimage\"},\"thumbnailUrl\":\"https:\/\/brasilnoticias.org\/site\/wp-content\/uploads\/2023\/02\/naom_63f5d490c0451.jpg\",\"datePublished\":\"2023-02-22T10:30:08+00:00\",\"breadcrumb\":{\"@id\":\"https:\/\/brasilnoticias.org\/site\/flamengo-perde-do-del-valle-e-decidira-a-recopa-sul-americana-sob-pressao-no-rio\/#breadcrumb\"},\"inLanguage\":\"pt-PT\",\"potentialAction\":[{\"@type\":\"ReadAction\",\"target\":[\"https:\/\/brasilnoticias.org\/site\/flamengo-perde-do-del-valle-e-decidira-a-recopa-sul-americana-sob-pressao-no-rio\/\"]}]},{\"@type\":\"ImageObject\",\"inLanguage\":\"pt-PT\",\"@id\":\"https:\/\/brasilnoticias.org\/site\/flamengo-perde-do-del-valle-e-decidira-a-recopa-sul-americana-sob-pressao-no-rio\/#primaryimage\",\"url\":\"https:\/\/brasilnoticias.org\/site\/wp-content\/uploads\/2023\/02\/naom_63f5d490c0451.jpg\",\"contentUrl\":\"https:\/\/brasilnoticias.org\/site\/wp-content\/uploads\/2023\/02\/naom_63f5d490c0451.jpg\",\"width\":960,\"height\":540},{\"@type\":\"BreadcrumbList\",\"@id\":\"https:\/\/brasilnoticias.org\/site\/flamengo-perde-do-del-valle-e-decidira-a-recopa-sul-americana-sob-pressao-no-rio\/#breadcrumb\",\"itemListElement\":[{\"@type\":\"ListItem\",\"position\":1,\"name\":\"In\u00edcio\",\"item\":\"https:\/\/brasilnoticias.org\/site\/\"},{\"@type\":\"ListItem\",\"position\":2,\"name\":\"Flamengo perde do Del Valle e decidir\u00e1 a Recopa Sul-Americana sob press\u00e3o no Rio\"}]},{\"@type\":\"WebSite\",\"@id\":\"https:\/\/brasilnoticias.org\/site\/#website\",\"url\":\"https:\/\/brasilnoticias.org\/site\/\",\"name\":\"Brasil not\u00edcias\",\"description\":\"Brasil not\u00edcias\",\"publisher\":{\"@id\":\"https:\/\/brasilnoticias.org\/site\/#organization\"},\"potentialAction\":[{\"@type\":\"SearchAction\",\"target\":{\"@type\":\"EntryPoint\",\"urlTemplate\":\"https:\/\/brasilnoticias.org\/site\/?s={search_term_string}\"},\"query-input\":{\"@type\":\"PropertyValueSpecification\",\"valueRequired\":true,\"valueName\":\"search_term_string\"}}],\"inLanguage\":\"pt-PT\"},{\"@type\":\"Organization\",\"@id\":\"https:\/\/brasilnoticias.org\/site\/#organization\",\"name\":\"Brasil not\u00edcias\",\"url\":\"https:\/\/brasilnoticias.org\/site\/\",\"logo\":{\"@type\":\"ImageObject\",\"inLanguage\":\"pt-PT\",\"@id\":\"https:\/\/brasilnoticias.org\/site\/#\/schema\/logo\/image\/\",\"url\":\"https:\/\/brasilnoticias.org\/site\/wp-content\/uploads\/2022\/05\/cropped-brasilnoticias-mini.jpg\",\"contentUrl\":\"https:\/\/brasilnoticias.org\/site\/wp-content\/uploads\/2022\/05\/cropped-brasilnoticias-mini.jpg\",\"width\":314,\"height\":86,\"caption\":\"Brasil not\u00edcias\"},\"image\":{\"@id\":\"https:\/\/brasilnoticias.org\/site\/#\/schema\/logo\/image\/\"}},{\"@type\":\"Person\",\"@id\":\"https:\/\/brasilnoticias.org\/site\/#\/schema\/person\/a0e05b973ec4d15c658d51911e53507b\",\"name\":\"Reda\u00e7\u00e3o\",\"image\":{\"@type\":\"ImageObject\",\"inLanguage\":\"pt-PT\",\"@id\":\"https:\/\/brasilnoticias.org\/site\/#\/schema\/person\/image\/\",\"url\":\"https:\/\/secure.gravatar.com\/avatar\/75d8b050df2de108b08ae78dfb8e374892df24a383c67db9c46a9c604f6aee9c?s=96&d=mm&r=g\",\"contentUrl\":\"https:\/\/secure.gravatar.com\/avatar\/75d8b050df2de108b08ae78dfb8e374892df24a383c67db9c46a9c604f6aee9c?s=96&d=mm&r=g\",\"caption\":\"Reda\u00e7\u00e3o\"},\"sameAs\":[\"https:\/\/brasilnoticias.org\/site\"],\"url\":\"https:\/\/brasilnoticias.org\/site\/author\/fernandozsngmail-com\/\"}]}<\/script>\n<!-- \/ Yoast SEO plugin. -->","yoast_head_json":{"title":"Flamengo perde do Del Valle e decidir\u00e1 a Recopa Sul-Americana sob press\u00e3o no Rio - Brasil not\u00edcias","robots":{"index":"index","follow":"follow","max-snippet":"max-snippet:-1","max-image-preview":"max-image-preview:large","max-video-preview":"max-video-preview:-1"},"canonical":"https:\/\/brasilnoticias.org\/site\/flamengo-perde-do-del-valle-e-decidira-a-recopa-sul-americana-sob-pressao-no-rio\/","og_locale":"pt_PT","og_type":"article","og_title":"Flamengo perde do Del Valle e decidir\u00e1 a Recopa Sul-Americana sob press\u00e3o no Rio - Brasil not\u00edcias","og_description":"O Flamengo continua mal em suas decis\u00f5es no ano. Depois de perder a final da Supercopa do Brasil para o","og_url":"https:\/\/brasilnoticias.org\/site\/flamengo-perde-do-del-valle-e-decidira-a-recopa-sul-americana-sob-pressao-no-rio\/","og_site_name":"Brasil not\u00edcias","article_published_time":"2023-02-22T10:30:08+00:00","og_image":[{"width":960,"height":540,"url":"https:\/\/brasilnoticias.org\/site\/wp-content\/uploads\/2023\/02\/naom_63f5d490c0451.jpg","type":"image\/jpeg"}],"author":"Reda\u00e7\u00e3o","twitter_card":"summary_large_image","twitter_misc":{"Escrito por":"Reda\u00e7\u00e3o"},"schema":{"@context":"https:\/\/schema.org","@graph":[{"@type":"Article","@id":"https:\/\/brasilnoticias.org\/site\/flamengo-perde-do-del-valle-e-decidira-a-recopa-sul-americana-sob-pressao-no-rio\/#article","isPartOf":{"@id":"https:\/\/brasilnoticias.org\/site\/flamengo-perde-do-del-valle-e-decidira-a-recopa-sul-americana-sob-pressao-no-rio\/"},"author":{"name":"Reda\u00e7\u00e3o","@id":"https:\/\/brasilnoticias.org\/site\/#\/schema\/person\/a0e05b973ec4d15c658d51911e53507b"},"headline":"Flamengo perde do Del Valle e decidir\u00e1 a Recopa Sul-Americana sob press\u00e3o no Rio","datePublished":"2023-02-22T10:30:08+00:00","mainEntityOfPage":{"@id":"https:\/\/brasilnoticias.org\/site\/flamengo-perde-do-del-valle-e-decidira-a-recopa-sul-americana-sob-pressao-no-rio\/"},"wordCount":723,"commentCount":0,"publisher":{"@id":"https:\/\/brasilnoticias.org\/site\/#organization"},"image":{"@id":"https:\/\/brasilnoticias.org\/site\/flamengo-perde-do-del-valle-e-decidira-a-recopa-sul-americana-sob-pressao-no-rio\/#primaryimage"},"thumbnailUrl":"https:\/\/brasilnoticias.org\/site\/wp-content\/uploads\/2023\/02\/naom_63f5d490c0451.jpg","articleSection":["Not\u00edcias","\u00daltimas"],"inLanguage":"pt-PT","potentialAction":[{"@type":"CommentAction","name":"Comment","target":["https:\/\/brasilnoticias.org\/site\/flamengo-perde-do-del-valle-e-decidira-a-recopa-sul-americana-sob-pressao-no-rio\/#respond"]}]},{"@type":"WebPage","@id":"https:\/\/brasilnoticias.org\/site\/flamengo-perde-do-del-valle-e-decidira-a-recopa-sul-americana-sob-pressao-no-rio\/","url":"https:\/\/brasilnoticias.org\/site\/flamengo-perde-do-del-valle-e-decidira-a-recopa-sul-americana-sob-pressao-no-rio\/","name":"Flamengo perde do Del Valle e decidir\u00e1 a Recopa Sul-Americana sob press\u00e3o no Rio - Brasil not\u00edcias","isPartOf":{"@id":"https:\/\/brasilnoticias.org\/site\/#website"},"primaryImageOfPage":{"@id":"https:\/\/brasilnoticias.org\/site\/flamengo-perde-do-del-valle-e-decidira-a-recopa-sul-americana-sob-pressao-no-rio\/#primaryimage"},"image":{"@id":"https:\/\/brasilnoticias.org\/site\/flamengo-perde-do-del-valle-e-decidira-a-recopa-sul-americana-sob-pressao-no-rio\/#primaryimage"},"thumbnailUrl":"https:\/\/brasilnoticias.org\/site\/wp-content\/uploads\/2023\/02\/naom_63f5d490c0451.jpg","datePublished":"2023-02-22T10:30:08+00:00","breadcrumb":{"@id":"https:\/\/brasilnoticias.org\/site\/flamengo-perde-do-del-valle-e-decidira-a-recopa-sul-americana-sob-pressao-no-rio\/#breadcrumb"},"inLanguage":"pt-PT","potentialAction":[{"@type":"ReadAction","target":["https:\/\/brasilnoticias.org\/site\/flamengo-perde-do-del-valle-e-decidira-a-recopa-sul-americana-sob-pressao-no-rio\/"]}]},{"@type":"ImageObject","inLanguage":"pt-PT","@id":"https:\/\/brasilnoticias.org\/site\/flamengo-perde-do-del-valle-e-decidira-a-recopa-sul-americana-sob-pressao-no-rio\/#primaryimage","url":"https:\/\/brasilnoticias.org\/site\/wp-content\/uploads\/2023\/02\/naom_63f5d490c0451.jpg","contentUrl":"https:\/\/brasilnoticias.org\/site\/wp-content\/uploads\/2023\/02\/naom_63f5d490c0451.jpg","width":960,"height":540},{"@type":"BreadcrumbList","@id":"https:\/\/brasilnoticias.org\/site\/flamengo-perde-do-del-valle-e-decidira-a-recopa-sul-americana-sob-pressao-no-rio\/#breadcrumb","itemListElement":[{"@type":"ListItem","position":1,"name":"In\u00edcio","item":"https:\/\/brasilnoticias.org\/site\/"},{"@type":"ListItem","position":2,"name":"Flamengo perde do Del Valle e decidir\u00e1 a Recopa Sul-Americana sob press\u00e3o no Rio"}]},{"@type":"WebSite","@id":"https:\/\/brasilnoticias.org\/site\/#website","url":"https:\/\/brasilnoticias.org\/site\/","name":"Brasil not\u00edcias","description":"Brasil not\u00edcias","publisher":{"@id":"https:\/\/brasilnoticias.org\/site\/#organization"},"potentialAction":[{"@type":"SearchAction","target":{"@type":"EntryPoint","urlTemplate":"https:\/\/brasilnoticias.org\/site\/?s={search_term_string}"},"query-input":{"@type":"PropertyValueSpecification","valueRequired":true,"valueName":"search_term_string"}}],"inLanguage":"pt-PT"},{"@type":"Organization","@id":"https:\/\/brasilnoticias.org\/site\/#organization","name":"Brasil not\u00edcias","url":"https:\/\/brasilnoticias.org\/site\/","logo":{"@type":"ImageObject","inLanguage":"pt-PT","@id":"https:\/\/brasilnoticias.org\/site\/#\/schema\/logo\/image\/","url":"https:\/\/brasilnoticias.org\/site\/wp-content\/uploads\/2022\/05\/cropped-brasilnoticias-mini.jpg","contentUrl":"https:\/\/brasilnoticias.org\/site\/wp-content\/uploads\/2022\/05\/cropped-brasilnoticias-mini.jpg","width":314,"height":86,"caption":"Brasil not\u00edcias"},"image":{"@id":"https:\/\/brasilnoticias.org\/site\/#\/schema\/logo\/image\/"}},{"@type":"Person","@id":"https:\/\/brasilnoticias.org\/site\/#\/schema\/person\/a0e05b973ec4d15c658d51911e53507b","name":"Reda\u00e7\u00e3o","image":{"@type":"ImageObject","inLanguage":"pt-PT","@id":"https:\/\/brasilnoticias.org\/site\/#\/schema\/person\/image\/","url":"https:\/\/secure.gravatar.com\/avatar\/75d8b050df2de108b08ae78dfb8e374892df24a383c67db9c46a9c604f6aee9c?s=96&d=mm&r=g","contentUrl":"https:\/\/secure.gravatar.com\/avatar\/75d8b050df2de108b08ae78dfb8e374892df24a383c67db9c46a9c604f6aee9c?s=96&d=mm&r=g","caption":"Reda\u00e7\u00e3o"},"sameAs":["https:\/\/brasilnoticias.org\/site"],"url":"https:\/\/brasilnoticias.org\/site\/author\/fernandozsngmail-com\/"}]}},"_links":{"self":[{"href":"https:\/\/brasilnoticias.org\/site\/wp-json\/wp\/v2\/posts\/4190","targetHints":{"allow":["GET"]}}],"collection":[{"href":"https:\/\/brasilnoticias.org\/site\/wp-json\/wp\/v2\/posts"}],"about":[{"href":"https:\/\/brasilnoticias.org\/site\/wp-json\/wp\/v2\/types\/post"}],"author":[{"embeddable":true,"href":"https:\/\/brasilnoticias.org\/site\/wp-json\/wp\/v2\/users\/1"}],"replies":[{"embeddable":true,"href":"https:\/\/brasilnoticias.org\/site\/wp-json\/wp\/v2\/comments?post=4190"}],"version-history":[{"count":1,"href":"https:\/\/brasilnoticias.org\/site\/wp-json\/wp\/v2\/posts\/4190\/revisions"}],"predecessor-version":[{"id":4192,"href":"https:\/\/brasilnoticias.org\/site\/wp-json\/wp\/v2\/posts\/4190\/revisions\/4192"}],"wp:featuredmedia":[{"embeddable":true,"href":"https:\/\/brasilnoticias.org\/site\/wp-json\/wp\/v2\/media\/4191"}],"wp:attachment":[{"href":"https:\/\/brasilnoticias.org\/site\/wp-json\/wp\/v2\/media?parent=4190"}],"wp:term":[{"taxonomy":"category","embeddable":true,"href":"https:\/\/brasilnoticias.org\/site\/wp-json\/wp\/v2\/categories?post=4190"},{"taxonomy":"post_tag","embeddable":true,"href":"https:\/\/brasilnoticias.org\/site\/wp-json\/wp\/v2\/tags?post=4190"}],"curies":[{"name":"wp","href":"https:\/\/api.w.org\/{rel}","templated":true}]}}