{"id":423,"date":"2022-05-21T16:58:50","date_gmt":"2022-05-21T19:58:50","guid":{"rendered":"https:\/\/brasilnoticias.org\/site\/?p=423"},"modified":"2022-05-21T17:28:53","modified_gmt":"2022-05-21T20:28:53","slug":"prefeitura-sanciona-plano-de-carreira-da-guarda-municipal-e-aumentara-efetivo","status":"publish","type":"post","link":"https:\/\/brasilnoticias.org\/site\/prefeitura-sanciona-plano-de-carreira-da-guarda-municipal-e-aumentara-efetivo\/","title":{"rendered":"Prefeitura sanciona plano de carreira da Guarda Municipal e aumentar\u00e1 efetivo"},"content":{"rendered":"<p>&nbsp;<\/p>\n<p>A lei que institui o Plano de Cargos e Vencimentos da Guarda Municipal de Salvador foi sancionada pelo prefeito Bruno Reis nesta sexta-feira (20), durante ato realizado no Pal\u00e1cio Thom\u00e9 de Souza, no Centro. A iniciativa ocorre tr\u00eas dias ap\u00f3s o Executivo municipal receber a mat\u00e9ria aprovada da C\u00e2mara de Vereadores, e \u00e9 considerada o maior avan\u00e7o na pol\u00edtica de valoriza\u00e7\u00e3o dos agentes do \u00f3rg\u00e3o.<img loading=\"lazy\" decoding=\"async\" class=\"alignnone size-medium wp-image-424\" src=\"https:\/\/brasilnoticias.org\/site\/wp-content\/uploads\/2022\/05\/IMG-20220521-WA0027-300x225.jpg\" alt=\"\" width=\"300\" height=\"225\" srcset=\"https:\/\/brasilnoticias.org\/site\/wp-content\/uploads\/2022\/05\/IMG-20220521-WA0027-300x225.jpg 300w, https:\/\/brasilnoticias.org\/site\/wp-content\/uploads\/2022\/05\/IMG-20220521-WA0027-1024x768.jpg 1024w, https:\/\/brasilnoticias.org\/site\/wp-content\/uploads\/2022\/05\/IMG-20220521-WA0027-768x576.jpg 768w, https:\/\/brasilnoticias.org\/site\/wp-content\/uploads\/2022\/05\/IMG-20220521-WA0027-1536x1152.jpg 1536w, https:\/\/brasilnoticias.org\/site\/wp-content\/uploads\/2022\/05\/IMG-20220521-WA0027.jpg 1600w\" sizes=\"auto, (max-width: 300px) 100vw, 300px\" \/><\/p>\n<p>Na ocasi\u00e3o, o prefeito anunciou ainda a convoca\u00e7\u00e3o de mais 57 profissionais concursados. Tamb\u00e9m foi garantida a inser\u00e7\u00e3o de emenda que garante a participa\u00e7\u00e3o feminina em um m\u00ednimo de 20% dos cargos da corpora\u00e7\u00e3o.<\/p>\n<p>O plano era uma demanda antiga da categoria e \u00e9 um instrumento fundamental para a progress\u00e3o de carreira dos agentes. &#8220;\u00c9 uma conquista hist\u00f3rica da GCM, pois se trata de um desejo que existe desde sua cria\u00e7\u00e3o. O plano reestrutura a carreira com garantia de ascens\u00e3o, reserva de vagas para mulheres, cria\u00e7\u00e3o de classes e um reajuste de 11% para todos em atividade. Al\u00e9m disso, j\u00e1 convocamos 157 novos guardas, dos quais 93 est\u00e3o em atividade, e pretendemos chegar a 150 novos profissionais ativos&#8221;, declarou Bruno Reis.<\/p>\n<p><img loading=\"lazy\" decoding=\"async\" class=\"alignnone size-medium wp-image-425\" src=\"https:\/\/brasilnoticias.org\/site\/wp-content\/uploads\/2022\/05\/IMG-20220521-WA0022-225x300.jpg\" alt=\"\" width=\"225\" height=\"300\" srcset=\"https:\/\/brasilnoticias.org\/site\/wp-content\/uploads\/2022\/05\/IMG-20220521-WA0022-225x300.jpg 225w, https:\/\/brasilnoticias.org\/site\/wp-content\/uploads\/2022\/05\/IMG-20220521-WA0022-768x1024.jpg 768w, https:\/\/brasilnoticias.org\/site\/wp-content\/uploads\/2022\/05\/IMG-20220521-WA0022-1152x1536.jpg 1152w, https:\/\/brasilnoticias.org\/site\/wp-content\/uploads\/2022\/05\/IMG-20220521-WA0022.jpg 1200w\" sizes=\"auto, (max-width: 225px) 100vw, 225px\" \/><\/p>\n<p>A ocasi\u00e3o, que contou com a presen\u00e7a de v\u00e1rias autoridades pol\u00edticas e administrativas, tamb\u00e9m esteve presente o diretor da R\u00e1dio Massa FM e pr\u00e9-candidato a deputado federal, Andr\u00e9 Sp\u00ednola. Tamb\u00e9m, dentre os presentes estiveram a vice-prefeita Ana Paula Matos, vereadores, secret\u00e1rios e diretores. \u201cEsse foi um evento \u00fanico. Uniu a todos pelo nosso bem comum: Seguran\u00e7a. Esse \u00e9 um momento muito significativo e de reconhecimento a esses profissionais que atuam em nossa cidade para preservar e salvaguardar os nossos patrim\u00f4nios p\u00fablicos e sobretudo a nossa sociedade baiana. O prefeito Bruno foi muito perspicaz e sens\u00edvel ao apoiar e dar mais dignidade a esses trabalhadores\u2019, declarou Sp\u00ednola.<\/p>\n<p><strong>Vantagens \u2013<\/strong>\u00a0Entre as vantagens institu\u00eddas atrav\u00e9s da nova lei est\u00e1 a Gratifica\u00e7\u00e3o por Regime Especial de Trabalho na Guarda Civil Municipal (RETGCM), que vai substituir a Gratifica\u00e7\u00e3o de Risco, e conceder\u00e1 um percentual de 50% do valor de vencimento. Al\u00e9m disso, a proposta mant\u00e9m a Gratifica\u00e7\u00e3o por Avan\u00e7o de Compet\u00eancia, com percentual variando entre 40% e 45% do vencimento b\u00e1sico, levando em considera\u00e7\u00e3o o n\u00edvel em que o servidor se encontra, dentre outras iniciativas.<\/p>\n<p><strong>Estrutura e investimentos \u2013<\/strong>\u00a0Criada h\u00e1 13 anos, a GCM tem o objetivo de preservar a ordem p\u00fablica, proteger o cidad\u00e3o, al\u00e9m de zelar pelos bens, servi\u00e7os e instala\u00e7\u00f5es da cidade, respeitadas as compet\u00eancias dos \u00f3rg\u00e3os federais e estaduais. Nos \u00faltimos anos, a Prefeitura empregou uma s\u00e9rie de a\u00e7\u00f5es para qualifica\u00e7\u00e3o das atividades di\u00e1rias da institui\u00e7\u00e3o.<\/p>\n<p><img loading=\"lazy\" decoding=\"async\" class=\"alignnone size-medium wp-image-426\" src=\"https:\/\/brasilnoticias.org\/site\/wp-content\/uploads\/2022\/05\/IMG-20220521-WA0026-300x225.jpg\" alt=\"\" width=\"300\" height=\"225\" srcset=\"https:\/\/brasilnoticias.org\/site\/wp-content\/uploads\/2022\/05\/IMG-20220521-WA0026-300x225.jpg 300w, https:\/\/brasilnoticias.org\/site\/wp-content\/uploads\/2022\/05\/IMG-20220521-WA0026-1024x768.jpg 1024w, https:\/\/brasilnoticias.org\/site\/wp-content\/uploads\/2022\/05\/IMG-20220521-WA0026-768x576.jpg 768w, https:\/\/brasilnoticias.org\/site\/wp-content\/uploads\/2022\/05\/IMG-20220521-WA0026-1536x1152.jpg 1536w, https:\/\/brasilnoticias.org\/site\/wp-content\/uploads\/2022\/05\/IMG-20220521-WA0026.jpg 1600w\" sizes=\"auto, (max-width: 300px) 100vw, 300px\" \/><\/p>\n<p>No final de 2020, o \u00f3rg\u00e3o teve a sede, situada na Avenida San Martin, completamente requalificada. Al\u00e9m disso, houve investimento na aquisi\u00e7\u00e3o de viaturas, armamentos, coletes, capacita\u00e7\u00f5es e opera\u00e7\u00f5es especiais remuneradas.<\/p>\n<p>Atualmente, a GCM possui cerca de 1,3 mil servidores e seis grupamentos: Grupo de Opera\u00e7\u00f5es com C\u00e3es (GOC), Grupo de Opera\u00e7\u00f5es Especiais (GOE), Grupo de Rondas da Capital (Rondac), Grupamento Especial de Motociclista (GEM), Grupo de Apoio ao Turista (GAT) e Grupo Especial de Prote\u00e7\u00e3o Ambiental (Gepa).<\/p>\n<p><strong>Destaques \u2013<\/strong>\u00a0Como destaques, o plano de cargos e sal\u00e1rios da GCM traz o estabelecimento da hierarquia, aperfei\u00e7oando o funcionamento estrutural da corpora\u00e7\u00e3o; torna clara as regras de avalia\u00e7\u00e3o de desempenho; fixa a avalia\u00e7\u00e3o de desempenho relacionada ao cumprimento de metas institucionais e individuais; e cria uma reserva de vagas para mulheres.<\/p>\n<p><img loading=\"lazy\" decoding=\"async\" class=\"alignnone size-medium wp-image-428\" src=\"https:\/\/brasilnoticias.org\/site\/wp-content\/uploads\/2022\/05\/IMG-20220521-WA0024-300x169.jpg\" alt=\"\" width=\"300\" height=\"169\" srcset=\"https:\/\/brasilnoticias.org\/site\/wp-content\/uploads\/2022\/05\/IMG-20220521-WA0024-300x169.jpg 300w, https:\/\/brasilnoticias.org\/site\/wp-content\/uploads\/2022\/05\/IMG-20220521-WA0024-1024x576.jpg 1024w, https:\/\/brasilnoticias.org\/site\/wp-content\/uploads\/2022\/05\/IMG-20220521-WA0024-768x432.jpg 768w, https:\/\/brasilnoticias.org\/site\/wp-content\/uploads\/2022\/05\/IMG-20220521-WA0024-1536x864.jpg 1536w, https:\/\/brasilnoticias.org\/site\/wp-content\/uploads\/2022\/05\/IMG-20220521-WA0024.jpg 1600w\" sizes=\"auto, (max-width: 300px) 100vw, 300px\" \/><\/p>\n<p>Al\u00e9m disso, consolida a jornada de trabalho; assegura um aumento salarial na ordem de 11%; cria seis classes que ser\u00e3o conquistadas com avan\u00e7os verticais no momento da promo\u00e7\u00e3o; institui crit\u00e9rios de desempenho para o avan\u00e7o vertical e objetivos, como prova de esfor\u00e7o f\u00edsico peri\u00f3dico e realiza\u00e7\u00e3o de cursos de extens\u00e3o na \u00e1rea com cargas hor\u00e1rias progressivas; garante cotas femininas para ingresso no concurso (20%) e cotas femininas para promo\u00e7\u00e3o nas classes (15%), al\u00e9m das cotas em cargos em comiss\u00e3o.<\/p>\n<p><em>Fotos: Divulga\u00e7\u00e3o<\/em><\/p>\n","protected":false},"excerpt":{"rendered":"<p>&nbsp; A lei que institui o Plano de Cargos e Vencimentos da Guarda Municipal de Salvador foi sancionada pelo prefeito<\/p>\n","protected":false},"author":2,"featured_media":439,"comment_status":"open","ping_status":"open","sticky":false,"template":"","format":"standard","meta":{"colormag_page_container_layout":"default_layout","colormag_page_sidebar_layout":"default_layout","_FSMCFIC_featured_image_caption":"","_FSMCFIC_featured_image_nocaption":"","_FSMCFIC_featured_image_hide":"","footnotes":""},"categories":[5,1],"tags":[],"class_list":["post-423","post","type-post","status-publish","format-standard","has-post-thumbnail","hentry","category-politica","category-ultimas"],"yoast_head":"<!-- This site is optimized with the Yoast SEO plugin v27.1.1 - https:\/\/yoast.com\/product\/yoast-seo-wordpress\/ -->\n<title>Prefeitura sanciona plano de carreira da Guarda Municipal e aumentar\u00e1 efetivo - Brasil not\u00edcias<\/title>\n<meta name=\"robots\" content=\"index, follow, max-snippet:-1, max-image-preview:large, max-video-preview:-1\" \/>\n<link rel=\"canonical\" href=\"https:\/\/brasilnoticias.org\/site\/prefeitura-sanciona-plano-de-carreira-da-guarda-municipal-e-aumentara-efetivo\/\" \/>\n<meta property=\"og:locale\" content=\"pt_PT\" \/>\n<meta property=\"og:type\" content=\"article\" \/>\n<meta property=\"og:title\" content=\"Prefeitura sanciona plano de carreira da Guarda Municipal e aumentar\u00e1 efetivo - Brasil not\u00edcias\" \/>\n<meta property=\"og:description\" content=\"&nbsp; A lei que institui o Plano de Cargos e Vencimentos da Guarda Municipal de Salvador foi sancionada pelo prefeito\" \/>\n<meta property=\"og:url\" content=\"https:\/\/brasilnoticias.org\/site\/prefeitura-sanciona-plano-de-carreira-da-guarda-municipal-e-aumentara-efetivo\/\" \/>\n<meta property=\"og:site_name\" content=\"Brasil not\u00edcias\" \/>\n<meta property=\"article:published_time\" content=\"2022-05-21T19:58:50+00:00\" \/>\n<meta property=\"article:modified_time\" content=\"2022-05-21T20:28:53+00:00\" \/>\n<meta property=\"og:image\" content=\"https:\/\/brasilnoticias.org\/site\/wp-content\/uploads\/2022\/05\/Screenshot_20220521-172139.png\" \/>\n\t<meta property=\"og:image:width\" content=\"720\" \/>\n\t<meta property=\"og:image:height\" content=\"1600\" \/>\n\t<meta property=\"og:image:type\" content=\"image\/png\" \/>\n<meta name=\"author\" content=\"Reda\u00e7\u00e3o\" \/>\n<meta name=\"twitter:card\" content=\"summary_large_image\" \/>\n<meta name=\"twitter:label1\" content=\"Escrito por\" \/>\n\t<meta name=\"twitter:data1\" content=\"Reda\u00e7\u00e3o\" \/>\n\t<meta name=\"twitter:label2\" content=\"Tempo estimado de leitura\" \/>\n\t<meta name=\"twitter:data2\" content=\"4 minutos\" \/>\n<script type=\"application\/ld+json\" class=\"yoast-schema-graph\">{\"@context\":\"https:\/\/schema.org\",\"@graph\":[{\"@type\":\"Article\",\"@id\":\"https:\/\/brasilnoticias.org\/site\/prefeitura-sanciona-plano-de-carreira-da-guarda-municipal-e-aumentara-efetivo\/#article\",\"isPartOf\":{\"@id\":\"https:\/\/brasilnoticias.org\/site\/prefeitura-sanciona-plano-de-carreira-da-guarda-municipal-e-aumentara-efetivo\/\"},\"author\":{\"name\":\"Reda\u00e7\u00e3o\",\"@id\":\"https:\/\/brasilnoticias.org\/site\/#\/schema\/person\/f609fa847b5314f1c8b983342f34c798\"},\"headline\":\"Prefeitura sanciona plano de carreira da Guarda Municipal e aumentar\u00e1 efetivo\",\"datePublished\":\"2022-05-21T19:58:50+00:00\",\"dateModified\":\"2022-05-21T20:28:53+00:00\",\"mainEntityOfPage\":{\"@id\":\"https:\/\/brasilnoticias.org\/site\/prefeitura-sanciona-plano-de-carreira-da-guarda-municipal-e-aumentara-efetivo\/\"},\"wordCount\":715,\"commentCount\":0,\"publisher\":{\"@id\":\"https:\/\/brasilnoticias.org\/site\/#organization\"},\"image\":{\"@id\":\"https:\/\/brasilnoticias.org\/site\/prefeitura-sanciona-plano-de-carreira-da-guarda-municipal-e-aumentara-efetivo\/#primaryimage\"},\"thumbnailUrl\":\"https:\/\/brasilnoticias.org\/site\/wp-content\/uploads\/2022\/05\/Screenshot_20220521-172139.png\",\"articleSection\":[\"Pol\u00edtica\",\"\u00daltimas\"],\"inLanguage\":\"pt-PT\",\"potentialAction\":[{\"@type\":\"CommentAction\",\"name\":\"Comment\",\"target\":[\"https:\/\/brasilnoticias.org\/site\/prefeitura-sanciona-plano-de-carreira-da-guarda-municipal-e-aumentara-efetivo\/#respond\"]}]},{\"@type\":\"WebPage\",\"@id\":\"https:\/\/brasilnoticias.org\/site\/prefeitura-sanciona-plano-de-carreira-da-guarda-municipal-e-aumentara-efetivo\/\",\"url\":\"https:\/\/brasilnoticias.org\/site\/prefeitura-sanciona-plano-de-carreira-da-guarda-municipal-e-aumentara-efetivo\/\",\"name\":\"Prefeitura sanciona plano de carreira da Guarda Municipal e aumentar\u00e1 efetivo - Brasil not\u00edcias\",\"isPartOf\":{\"@id\":\"https:\/\/brasilnoticias.org\/site\/#website\"},\"primaryImageOfPage\":{\"@id\":\"https:\/\/brasilnoticias.org\/site\/prefeitura-sanciona-plano-de-carreira-da-guarda-municipal-e-aumentara-efetivo\/#primaryimage\"},\"image\":{\"@id\":\"https:\/\/brasilnoticias.org\/site\/prefeitura-sanciona-plano-de-carreira-da-guarda-municipal-e-aumentara-efetivo\/#primaryimage\"},\"thumbnailUrl\":\"https:\/\/brasilnoticias.org\/site\/wp-content\/uploads\/2022\/05\/Screenshot_20220521-172139.png\",\"datePublished\":\"2022-05-21T19:58:50+00:00\",\"dateModified\":\"2022-05-21T20:28:53+00:00\",\"breadcrumb\":{\"@id\":\"https:\/\/brasilnoticias.org\/site\/prefeitura-sanciona-plano-de-carreira-da-guarda-municipal-e-aumentara-efetivo\/#breadcrumb\"},\"inLanguage\":\"pt-PT\",\"potentialAction\":[{\"@type\":\"ReadAction\",\"target\":[\"https:\/\/brasilnoticias.org\/site\/prefeitura-sanciona-plano-de-carreira-da-guarda-municipal-e-aumentara-efetivo\/\"]}]},{\"@type\":\"ImageObject\",\"inLanguage\":\"pt-PT\",\"@id\":\"https:\/\/brasilnoticias.org\/site\/prefeitura-sanciona-plano-de-carreira-da-guarda-municipal-e-aumentara-efetivo\/#primaryimage\",\"url\":\"https:\/\/brasilnoticias.org\/site\/wp-content\/uploads\/2022\/05\/Screenshot_20220521-172139.png\",\"contentUrl\":\"https:\/\/brasilnoticias.org\/site\/wp-content\/uploads\/2022\/05\/Screenshot_20220521-172139.png\",\"width\":720,\"height\":1600},{\"@type\":\"BreadcrumbList\",\"@id\":\"https:\/\/brasilnoticias.org\/site\/prefeitura-sanciona-plano-de-carreira-da-guarda-municipal-e-aumentara-efetivo\/#breadcrumb\",\"itemListElement\":[{\"@type\":\"ListItem\",\"position\":1,\"name\":\"In\u00edcio\",\"item\":\"https:\/\/brasilnoticias.org\/site\/\"},{\"@type\":\"ListItem\",\"position\":2,\"name\":\"Prefeitura sanciona plano de carreira da Guarda Municipal e aumentar\u00e1 efetivo\"}]},{\"@type\":\"WebSite\",\"@id\":\"https:\/\/brasilnoticias.org\/site\/#website\",\"url\":\"https:\/\/brasilnoticias.org\/site\/\",\"name\":\"Brasil not\u00edcias\",\"description\":\"Brasil not\u00edcias\",\"publisher\":{\"@id\":\"https:\/\/brasilnoticias.org\/site\/#organization\"},\"potentialAction\":[{\"@type\":\"SearchAction\",\"target\":{\"@type\":\"EntryPoint\",\"urlTemplate\":\"https:\/\/brasilnoticias.org\/site\/?s={search_term_string}\"},\"query-input\":{\"@type\":\"PropertyValueSpecification\",\"valueRequired\":true,\"valueName\":\"search_term_string\"}}],\"inLanguage\":\"pt-PT\"},{\"@type\":\"Organization\",\"@id\":\"https:\/\/brasilnoticias.org\/site\/#organization\",\"name\":\"Brasil not\u00edcias\",\"url\":\"https:\/\/brasilnoticias.org\/site\/\",\"logo\":{\"@type\":\"ImageObject\",\"inLanguage\":\"pt-PT\",\"@id\":\"https:\/\/brasilnoticias.org\/site\/#\/schema\/logo\/image\/\",\"url\":\"https:\/\/brasilnoticias.org\/site\/wp-content\/uploads\/2022\/05\/cropped-brasilnoticias-mini.jpg\",\"contentUrl\":\"https:\/\/brasilnoticias.org\/site\/wp-content\/uploads\/2022\/05\/cropped-brasilnoticias-mini.jpg\",\"width\":314,\"height\":86,\"caption\":\"Brasil not\u00edcias\"},\"image\":{\"@id\":\"https:\/\/brasilnoticias.org\/site\/#\/schema\/logo\/image\/\"}},{\"@type\":\"Person\",\"@id\":\"https:\/\/brasilnoticias.org\/site\/#\/schema\/person\/f609fa847b5314f1c8b983342f34c798\",\"name\":\"Reda\u00e7\u00e3o\",\"image\":{\"@type\":\"ImageObject\",\"inLanguage\":\"pt-PT\",\"@id\":\"https:\/\/brasilnoticias.org\/site\/#\/schema\/person\/image\/\",\"url\":\"https:\/\/secure.gravatar.com\/avatar\/447284c06c1ad8b46465a36de9cd0d8326b73387a22799b8b1ffb1fbcff2ed0c?s=96&d=mm&r=g\",\"contentUrl\":\"https:\/\/secure.gravatar.com\/avatar\/447284c06c1ad8b46465a36de9cd0d8326b73387a22799b8b1ffb1fbcff2ed0c?s=96&d=mm&r=g\",\"caption\":\"Reda\u00e7\u00e3o\"},\"url\":\"https:\/\/brasilnoticias.org\/site\/author\/redacao\/\"}]}<\/script>\n<!-- \/ Yoast SEO plugin. -->","yoast_head_json":{"title":"Prefeitura sanciona plano de carreira da Guarda Municipal e aumentar\u00e1 efetivo - Brasil not\u00edcias","robots":{"index":"index","follow":"follow","max-snippet":"max-snippet:-1","max-image-preview":"max-image-preview:large","max-video-preview":"max-video-preview:-1"},"canonical":"https:\/\/brasilnoticias.org\/site\/prefeitura-sanciona-plano-de-carreira-da-guarda-municipal-e-aumentara-efetivo\/","og_locale":"pt_PT","og_type":"article","og_title":"Prefeitura sanciona plano de carreira da Guarda Municipal e aumentar\u00e1 efetivo - Brasil not\u00edcias","og_description":"&nbsp; A lei que institui o Plano de Cargos e Vencimentos da Guarda Municipal de Salvador foi sancionada pelo prefeito","og_url":"https:\/\/brasilnoticias.org\/site\/prefeitura-sanciona-plano-de-carreira-da-guarda-municipal-e-aumentara-efetivo\/","og_site_name":"Brasil not\u00edcias","article_published_time":"2022-05-21T19:58:50+00:00","article_modified_time":"2022-05-21T20:28:53+00:00","og_image":[{"width":720,"height":1600,"url":"https:\/\/brasilnoticias.org\/site\/wp-content\/uploads\/2022\/05\/Screenshot_20220521-172139.png","type":"image\/png"}],"author":"Reda\u00e7\u00e3o","twitter_card":"summary_large_image","twitter_misc":{"Escrito por":"Reda\u00e7\u00e3o","Tempo estimado de leitura":"4 minutos"},"schema":{"@context":"https:\/\/schema.org","@graph":[{"@type":"Article","@id":"https:\/\/brasilnoticias.org\/site\/prefeitura-sanciona-plano-de-carreira-da-guarda-municipal-e-aumentara-efetivo\/#article","isPartOf":{"@id":"https:\/\/brasilnoticias.org\/site\/prefeitura-sanciona-plano-de-carreira-da-guarda-municipal-e-aumentara-efetivo\/"},"author":{"name":"Reda\u00e7\u00e3o","@id":"https:\/\/brasilnoticias.org\/site\/#\/schema\/person\/f609fa847b5314f1c8b983342f34c798"},"headline":"Prefeitura sanciona plano de carreira da Guarda Municipal e aumentar\u00e1 efetivo","datePublished":"2022-05-21T19:58:50+00:00","dateModified":"2022-05-21T20:28:53+00:00","mainEntityOfPage":{"@id":"https:\/\/brasilnoticias.org\/site\/prefeitura-sanciona-plano-de-carreira-da-guarda-municipal-e-aumentara-efetivo\/"},"wordCount":715,"commentCount":0,"publisher":{"@id":"https:\/\/brasilnoticias.org\/site\/#organization"},"image":{"@id":"https:\/\/brasilnoticias.org\/site\/prefeitura-sanciona-plano-de-carreira-da-guarda-municipal-e-aumentara-efetivo\/#primaryimage"},"thumbnailUrl":"https:\/\/brasilnoticias.org\/site\/wp-content\/uploads\/2022\/05\/Screenshot_20220521-172139.png","articleSection":["Pol\u00edtica","\u00daltimas"],"inLanguage":"pt-PT","potentialAction":[{"@type":"CommentAction","name":"Comment","target":["https:\/\/brasilnoticias.org\/site\/prefeitura-sanciona-plano-de-carreira-da-guarda-municipal-e-aumentara-efetivo\/#respond"]}]},{"@type":"WebPage","@id":"https:\/\/brasilnoticias.org\/site\/prefeitura-sanciona-plano-de-carreira-da-guarda-municipal-e-aumentara-efetivo\/","url":"https:\/\/brasilnoticias.org\/site\/prefeitura-sanciona-plano-de-carreira-da-guarda-municipal-e-aumentara-efetivo\/","name":"Prefeitura sanciona plano de carreira da Guarda Municipal e aumentar\u00e1 efetivo - Brasil not\u00edcias","isPartOf":{"@id":"https:\/\/brasilnoticias.org\/site\/#website"},"primaryImageOfPage":{"@id":"https:\/\/brasilnoticias.org\/site\/prefeitura-sanciona-plano-de-carreira-da-guarda-municipal-e-aumentara-efetivo\/#primaryimage"},"image":{"@id":"https:\/\/brasilnoticias.org\/site\/prefeitura-sanciona-plano-de-carreira-da-guarda-municipal-e-aumentara-efetivo\/#primaryimage"},"thumbnailUrl":"https:\/\/brasilnoticias.org\/site\/wp-content\/uploads\/2022\/05\/Screenshot_20220521-172139.png","datePublished":"2022-05-21T19:58:50+00:00","dateModified":"2022-05-21T20:28:53+00:00","breadcrumb":{"@id":"https:\/\/brasilnoticias.org\/site\/prefeitura-sanciona-plano-de-carreira-da-guarda-municipal-e-aumentara-efetivo\/#breadcrumb"},"inLanguage":"pt-PT","potentialAction":[{"@type":"ReadAction","target":["https:\/\/brasilnoticias.org\/site\/prefeitura-sanciona-plano-de-carreira-da-guarda-municipal-e-aumentara-efetivo\/"]}]},{"@type":"ImageObject","inLanguage":"pt-PT","@id":"https:\/\/brasilnoticias.org\/site\/prefeitura-sanciona-plano-de-carreira-da-guarda-municipal-e-aumentara-efetivo\/#primaryimage","url":"https:\/\/brasilnoticias.org\/site\/wp-content\/uploads\/2022\/05\/Screenshot_20220521-172139.png","contentUrl":"https:\/\/brasilnoticias.org\/site\/wp-content\/uploads\/2022\/05\/Screenshot_20220521-172139.png","width":720,"height":1600},{"@type":"BreadcrumbList","@id":"https:\/\/brasilnoticias.org\/site\/prefeitura-sanciona-plano-de-carreira-da-guarda-municipal-e-aumentara-efetivo\/#breadcrumb","itemListElement":[{"@type":"ListItem","position":1,"name":"In\u00edcio","item":"https:\/\/brasilnoticias.org\/site\/"},{"@type":"ListItem","position":2,"name":"Prefeitura sanciona plano de carreira da Guarda Municipal e aumentar\u00e1 efetivo"}]},{"@type":"WebSite","@id":"https:\/\/brasilnoticias.org\/site\/#website","url":"https:\/\/brasilnoticias.org\/site\/","name":"Brasil not\u00edcias","description":"Brasil not\u00edcias","publisher":{"@id":"https:\/\/brasilnoticias.org\/site\/#organization"},"potentialAction":[{"@type":"SearchAction","target":{"@type":"EntryPoint","urlTemplate":"https:\/\/brasilnoticias.org\/site\/?s={search_term_string}"},"query-input":{"@type":"PropertyValueSpecification","valueRequired":true,"valueName":"search_term_string"}}],"inLanguage":"pt-PT"},{"@type":"Organization","@id":"https:\/\/brasilnoticias.org\/site\/#organization","name":"Brasil not\u00edcias","url":"https:\/\/brasilnoticias.org\/site\/","logo":{"@type":"ImageObject","inLanguage":"pt-PT","@id":"https:\/\/brasilnoticias.org\/site\/#\/schema\/logo\/image\/","url":"https:\/\/brasilnoticias.org\/site\/wp-content\/uploads\/2022\/05\/cropped-brasilnoticias-mini.jpg","contentUrl":"https:\/\/brasilnoticias.org\/site\/wp-content\/uploads\/2022\/05\/cropped-brasilnoticias-mini.jpg","width":314,"height":86,"caption":"Brasil not\u00edcias"},"image":{"@id":"https:\/\/brasilnoticias.org\/site\/#\/schema\/logo\/image\/"}},{"@type":"Person","@id":"https:\/\/brasilnoticias.org\/site\/#\/schema\/person\/f609fa847b5314f1c8b983342f34c798","name":"Reda\u00e7\u00e3o","image":{"@type":"ImageObject","inLanguage":"pt-PT","@id":"https:\/\/brasilnoticias.org\/site\/#\/schema\/person\/image\/","url":"https:\/\/secure.gravatar.com\/avatar\/447284c06c1ad8b46465a36de9cd0d8326b73387a22799b8b1ffb1fbcff2ed0c?s=96&d=mm&r=g","contentUrl":"https:\/\/secure.gravatar.com\/avatar\/447284c06c1ad8b46465a36de9cd0d8326b73387a22799b8b1ffb1fbcff2ed0c?s=96&d=mm&r=g","caption":"Reda\u00e7\u00e3o"},"url":"https:\/\/brasilnoticias.org\/site\/author\/redacao\/"}]}},"_links":{"self":[{"href":"https:\/\/brasilnoticias.org\/site\/wp-json\/wp\/v2\/posts\/423","targetHints":{"allow":["GET"]}}],"collection":[{"href":"https:\/\/brasilnoticias.org\/site\/wp-json\/wp\/v2\/posts"}],"about":[{"href":"https:\/\/brasilnoticias.org\/site\/wp-json\/wp\/v2\/types\/post"}],"author":[{"embeddable":true,"href":"https:\/\/brasilnoticias.org\/site\/wp-json\/wp\/v2\/users\/2"}],"replies":[{"embeddable":true,"href":"https:\/\/brasilnoticias.org\/site\/wp-json\/wp\/v2\/comments?post=423"}],"version-history":[{"count":2,"href":"https:\/\/brasilnoticias.org\/site\/wp-json\/wp\/v2\/posts\/423\/revisions"}],"predecessor-version":[{"id":437,"href":"https:\/\/brasilnoticias.org\/site\/wp-json\/wp\/v2\/posts\/423\/revisions\/437"}],"wp:featuredmedia":[{"embeddable":true,"href":"https:\/\/brasilnoticias.org\/site\/wp-json\/wp\/v2\/media\/439"}],"wp:attachment":[{"href":"https:\/\/brasilnoticias.org\/site\/wp-json\/wp\/v2\/media?parent=423"}],"wp:term":[{"taxonomy":"category","embeddable":true,"href":"https:\/\/brasilnoticias.org\/site\/wp-json\/wp\/v2\/categories?post=423"},{"taxonomy":"post_tag","embeddable":true,"href":"https:\/\/brasilnoticias.org\/site\/wp-json\/wp\/v2\/tags?post=423"}],"curies":[{"name":"wp","href":"https:\/\/api.w.org\/{rel}","templated":true}]}}