{"id":4242,"date":"2023-02-24T07:00:18","date_gmt":"2023-02-24T10:00:18","guid":{"rendered":"https:\/\/brasilnoticias.org\/site\/?p=4242"},"modified":"2023-02-23T19:26:20","modified_gmt":"2023-02-23T22:26:20","slug":"perdi-mae-irma-padrasto-e-sobrinha-conta-morador-de-sao-sebastiao","status":"publish","type":"post","link":"https:\/\/brasilnoticias.org\/site\/perdi-mae-irma-padrasto-e-sobrinha-conta-morador-de-sao-sebastiao\/","title":{"rendered":"Perdi m\u00e3e, irm\u00e3, padrasto e sobrinha, conta morador de S\u00e3o Sebasti\u00e3o"},"content":{"rendered":"<p>&#8220;Aqui na casa estavam meu padrasto, minha m\u00e3e, minha irm\u00e3 e sobrinha, que um dia antes fez 9 anos&#8221;, relata o mec\u00e2nico Allan Bruno Ben\u00edcio de Siqueira, 31. Ele segura um telefone celular e uma carteira de documentos enlameados. Os objetos foram encontrados na viela \u00edngreme no sop\u00e9 da encosta que desabou sobre a vila do Sahy, em S\u00e3o Sebasti\u00e3o, no \u00faltimo domingo (19). &#8220;\u00c9 ela sim&#8221;, disse, ao reconhecer a foto que estava na carteira da m\u00e3e.<\/p>\n<p>Da casa mencionada pelo mec\u00e2nico, sobraram as colunas de concreto que sustentavam o port\u00e3o por onde dezenas de pessoas entravam para retirar lama e entulho em busca de v\u00edtimas. Moradores afirmam haver cerca 30 soterrados somente naquele local, incluindo a fam\u00edlia de Siqueira, que n\u00e3o havia sido encontrada at\u00e9 a tarde desta quarta-feira (22). &#8220;Perdi quatro entes meus aqui.&#8221;<\/p>\n<p>Siqueira mora no mesmo bairro. Deixou a casa da m\u00e3e h\u00e1 pouco tempo, pois cedeu o quarto onde dormia para a irm\u00e3. Na noite de s\u00e1bado (18), v\u00e9spera da trag\u00e9dia que provocou dezenas de mortes no litoral norte de SP, ele pretendia ir \u00e0 resid\u00eancia para alimentar os c\u00e3es da fam\u00edlia.<\/p>\n<p>Queria oferecer alguma ajuda \u00e0 m\u00e3e em um momento dif\u00edcil. A av\u00f3 havia sofrido um AVC (acidente vascular cerebral) dias antes e estava internada em um hospital na regi\u00e3o central da cidade.<\/p>\n<p>&#8220;Eles moravam aqui&#8230;&#8221;, disse Siqueira, em voz baixa, fazendo uma pausa antes de prosseguir com o relato.<\/p>\n<p>&#8220;H\u00e1 tr\u00eas dias minha av\u00f3 sofreu um AVC e socorreram ela para o hospital em S\u00e3o Sebasti\u00e3o. Neste s\u00e1bado, minha m\u00e3e estava vindo de l\u00e1, com minha irm\u00e3. Minha tia foi para ficar no lugar delas. Era perto das 20h. J\u00e1 estava chovendo. Eu estava na casa de uns amigos&#8221;, disse.<\/p>\n<p>&#8220;Liguei para minha m\u00e3e e falei: estou indo a\u00ed para fazer a comida dos bichos. Ela falou que n\u00e3o precisava. A\u00ed eu fiquei em paz&#8221;, contou. &#8220;Como nunca deu problema, a gente n\u00e3o imaginou isso. Nem eles. Acho que nem tentaram sair.&#8221;<\/p>\n<p>Na manh\u00e3 seguinte, o mec\u00e2nico acordou cedo para ver a m\u00e3e antes que ela partisse para passar o dia com a av\u00f3 no hospital. Estranhou mensagens de conhecidos perguntando sobre a fam\u00edlia. &#8220;Respondi que n\u00e3o sabia de nada.&#8221;<\/p>\n<p>&#8220;Quando cheguei aqui fiquei sabendo que tinha perdido os quatro da minha fam\u00edlia. Era para eu estar aqui tamb\u00e9m. Mudei h\u00e1 pouco tempo. Minha irm\u00e3 veio ficar no meu lugar, no meu quarto, foi onde eu perdi ela tamb\u00e9m. \u00c9 isso.&#8221;<\/p>\n<p>A trag\u00e9dia em S\u00e3o Sebasti\u00e3o j\u00e1 deixou mais de 40 mortos, a maioria em S\u00e3o Sebasti\u00e3o. A prefeitura montou uma estrutura no centro hist\u00f3rico do munic\u00edpio para a realiza\u00e7\u00e3o de vel\u00f3rios coletivos.<\/p>\n<p>Foto Getty- imagem ilustrativa<br \/>\nNot\u00edcias ao minuto<\/p>\n","protected":false},"excerpt":{"rendered":"<p>&#8220;Aqui na casa estavam meu padrasto, minha m\u00e3e, minha irm\u00e3 e sobrinha, que um dia antes fez 9 anos&#8221;, relata<\/p>\n","protected":false},"author":1,"featured_media":4243,"comment_status":"open","ping_status":"open","sticky":false,"template":"","format":"standard","meta":{"colormag_page_container_layout":"default_layout","colormag_page_sidebar_layout":"default_layout","_FSMCFIC_featured_image_caption":"","_FSMCFIC_featured_image_nocaption":"","_FSMCFIC_featured_image_hide":"","footnotes":""},"categories":[2,1],"tags":[],"class_list":["post-4242","post","type-post","status-publish","format-standard","has-post-thumbnail","hentry","category-noticias","category-ultimas"],"yoast_head":"<!-- This site is optimized with the Yoast SEO plugin v27.1.1 - https:\/\/yoast.com\/product\/yoast-seo-wordpress\/ -->\n<title>Perdi m\u00e3e, irm\u00e3, padrasto e sobrinha, conta morador de S\u00e3o Sebasti\u00e3o - Brasil not\u00edcias<\/title>\n<meta name=\"robots\" content=\"index, follow, max-snippet:-1, max-image-preview:large, max-video-preview:-1\" \/>\n<link rel=\"canonical\" href=\"https:\/\/brasilnoticias.org\/site\/perdi-mae-irma-padrasto-e-sobrinha-conta-morador-de-sao-sebastiao\/\" \/>\n<meta property=\"og:locale\" content=\"pt_PT\" \/>\n<meta property=\"og:type\" content=\"article\" \/>\n<meta property=\"og:title\" content=\"Perdi m\u00e3e, irm\u00e3, padrasto e sobrinha, conta morador de S\u00e3o Sebasti\u00e3o - Brasil not\u00edcias\" \/>\n<meta property=\"og:description\" content=\"&#8220;Aqui na casa estavam meu padrasto, minha m\u00e3e, minha irm\u00e3 e sobrinha, que um dia antes fez 9 anos&#8221;, relata\" \/>\n<meta property=\"og:url\" content=\"https:\/\/brasilnoticias.org\/site\/perdi-mae-irma-padrasto-e-sobrinha-conta-morador-de-sao-sebastiao\/\" \/>\n<meta property=\"og:site_name\" content=\"Brasil not\u00edcias\" \/>\n<meta property=\"article:published_time\" content=\"2023-02-24T10:00:18+00:00\" \/>\n<meta property=\"og:image\" content=\"https:\/\/brasilnoticias.org\/site\/wp-content\/uploads\/2023\/02\/naom_63f4d91ba38ee.jpg\" \/>\n\t<meta property=\"og:image:width\" content=\"1920\" \/>\n\t<meta property=\"og:image:height\" content=\"1080\" \/>\n\t<meta property=\"og:image:type\" content=\"image\/jpeg\" \/>\n<meta name=\"author\" content=\"Reda\u00e7\u00e3o\" \/>\n<meta name=\"twitter:card\" content=\"summary_large_image\" \/>\n<meta name=\"twitter:label1\" content=\"Escrito por\" \/>\n\t<meta name=\"twitter:data1\" content=\"Reda\u00e7\u00e3o\" \/>\n<script type=\"application\/ld+json\" class=\"yoast-schema-graph\">{\"@context\":\"https:\/\/schema.org\",\"@graph\":[{\"@type\":\"Article\",\"@id\":\"https:\/\/brasilnoticias.org\/site\/perdi-mae-irma-padrasto-e-sobrinha-conta-morador-de-sao-sebastiao\/#article\",\"isPartOf\":{\"@id\":\"https:\/\/brasilnoticias.org\/site\/perdi-mae-irma-padrasto-e-sobrinha-conta-morador-de-sao-sebastiao\/\"},\"author\":{\"name\":\"Reda\u00e7\u00e3o\",\"@id\":\"https:\/\/brasilnoticias.org\/site\/#\/schema\/person\/a0e05b973ec4d15c658d51911e53507b\"},\"headline\":\"Perdi m\u00e3e, irm\u00e3, padrasto e sobrinha, conta morador de S\u00e3o Sebasti\u00e3o\",\"datePublished\":\"2023-02-24T10:00:18+00:00\",\"mainEntityOfPage\":{\"@id\":\"https:\/\/brasilnoticias.org\/site\/perdi-mae-irma-padrasto-e-sobrinha-conta-morador-de-sao-sebastiao\/\"},\"wordCount\":497,\"commentCount\":0,\"publisher\":{\"@id\":\"https:\/\/brasilnoticias.org\/site\/#organization\"},\"image\":{\"@id\":\"https:\/\/brasilnoticias.org\/site\/perdi-mae-irma-padrasto-e-sobrinha-conta-morador-de-sao-sebastiao\/#primaryimage\"},\"thumbnailUrl\":\"https:\/\/brasilnoticias.org\/site\/wp-content\/uploads\/2023\/02\/naom_63f4d91ba38ee.jpg\",\"articleSection\":[\"Not\u00edcias\",\"\u00daltimas\"],\"inLanguage\":\"pt-PT\",\"potentialAction\":[{\"@type\":\"CommentAction\",\"name\":\"Comment\",\"target\":[\"https:\/\/brasilnoticias.org\/site\/perdi-mae-irma-padrasto-e-sobrinha-conta-morador-de-sao-sebastiao\/#respond\"]}]},{\"@type\":\"WebPage\",\"@id\":\"https:\/\/brasilnoticias.org\/site\/perdi-mae-irma-padrasto-e-sobrinha-conta-morador-de-sao-sebastiao\/\",\"url\":\"https:\/\/brasilnoticias.org\/site\/perdi-mae-irma-padrasto-e-sobrinha-conta-morador-de-sao-sebastiao\/\",\"name\":\"Perdi m\u00e3e, irm\u00e3, padrasto e sobrinha, conta morador de S\u00e3o Sebasti\u00e3o - Brasil not\u00edcias\",\"isPartOf\":{\"@id\":\"https:\/\/brasilnoticias.org\/site\/#website\"},\"primaryImageOfPage\":{\"@id\":\"https:\/\/brasilnoticias.org\/site\/perdi-mae-irma-padrasto-e-sobrinha-conta-morador-de-sao-sebastiao\/#primaryimage\"},\"image\":{\"@id\":\"https:\/\/brasilnoticias.org\/site\/perdi-mae-irma-padrasto-e-sobrinha-conta-morador-de-sao-sebastiao\/#primaryimage\"},\"thumbnailUrl\":\"https:\/\/brasilnoticias.org\/site\/wp-content\/uploads\/2023\/02\/naom_63f4d91ba38ee.jpg\",\"datePublished\":\"2023-02-24T10:00:18+00:00\",\"breadcrumb\":{\"@id\":\"https:\/\/brasilnoticias.org\/site\/perdi-mae-irma-padrasto-e-sobrinha-conta-morador-de-sao-sebastiao\/#breadcrumb\"},\"inLanguage\":\"pt-PT\",\"potentialAction\":[{\"@type\":\"ReadAction\",\"target\":[\"https:\/\/brasilnoticias.org\/site\/perdi-mae-irma-padrasto-e-sobrinha-conta-morador-de-sao-sebastiao\/\"]}]},{\"@type\":\"ImageObject\",\"inLanguage\":\"pt-PT\",\"@id\":\"https:\/\/brasilnoticias.org\/site\/perdi-mae-irma-padrasto-e-sobrinha-conta-morador-de-sao-sebastiao\/#primaryimage\",\"url\":\"https:\/\/brasilnoticias.org\/site\/wp-content\/uploads\/2023\/02\/naom_63f4d91ba38ee.jpg\",\"contentUrl\":\"https:\/\/brasilnoticias.org\/site\/wp-content\/uploads\/2023\/02\/naom_63f4d91ba38ee.jpg\",\"width\":1920,\"height\":1080},{\"@type\":\"BreadcrumbList\",\"@id\":\"https:\/\/brasilnoticias.org\/site\/perdi-mae-irma-padrasto-e-sobrinha-conta-morador-de-sao-sebastiao\/#breadcrumb\",\"itemListElement\":[{\"@type\":\"ListItem\",\"position\":1,\"name\":\"In\u00edcio\",\"item\":\"https:\/\/brasilnoticias.org\/site\/\"},{\"@type\":\"ListItem\",\"position\":2,\"name\":\"Perdi m\u00e3e, irm\u00e3, padrasto e sobrinha, conta morador de S\u00e3o Sebasti\u00e3o\"}]},{\"@type\":\"WebSite\",\"@id\":\"https:\/\/brasilnoticias.org\/site\/#website\",\"url\":\"https:\/\/brasilnoticias.org\/site\/\",\"name\":\"Brasil not\u00edcias\",\"description\":\"Brasil not\u00edcias\",\"publisher\":{\"@id\":\"https:\/\/brasilnoticias.org\/site\/#organization\"},\"potentialAction\":[{\"@type\":\"SearchAction\",\"target\":{\"@type\":\"EntryPoint\",\"urlTemplate\":\"https:\/\/brasilnoticias.org\/site\/?s={search_term_string}\"},\"query-input\":{\"@type\":\"PropertyValueSpecification\",\"valueRequired\":true,\"valueName\":\"search_term_string\"}}],\"inLanguage\":\"pt-PT\"},{\"@type\":\"Organization\",\"@id\":\"https:\/\/brasilnoticias.org\/site\/#organization\",\"name\":\"Brasil not\u00edcias\",\"url\":\"https:\/\/brasilnoticias.org\/site\/\",\"logo\":{\"@type\":\"ImageObject\",\"inLanguage\":\"pt-PT\",\"@id\":\"https:\/\/brasilnoticias.org\/site\/#\/schema\/logo\/image\/\",\"url\":\"https:\/\/brasilnoticias.org\/site\/wp-content\/uploads\/2022\/05\/cropped-brasilnoticias-mini.jpg\",\"contentUrl\":\"https:\/\/brasilnoticias.org\/site\/wp-content\/uploads\/2022\/05\/cropped-brasilnoticias-mini.jpg\",\"width\":314,\"height\":86,\"caption\":\"Brasil not\u00edcias\"},\"image\":{\"@id\":\"https:\/\/brasilnoticias.org\/site\/#\/schema\/logo\/image\/\"}},{\"@type\":\"Person\",\"@id\":\"https:\/\/brasilnoticias.org\/site\/#\/schema\/person\/a0e05b973ec4d15c658d51911e53507b\",\"name\":\"Reda\u00e7\u00e3o\",\"image\":{\"@type\":\"ImageObject\",\"inLanguage\":\"pt-PT\",\"@id\":\"https:\/\/brasilnoticias.org\/site\/#\/schema\/person\/image\/\",\"url\":\"https:\/\/secure.gravatar.com\/avatar\/75d8b050df2de108b08ae78dfb8e374892df24a383c67db9c46a9c604f6aee9c?s=96&d=mm&r=g\",\"contentUrl\":\"https:\/\/secure.gravatar.com\/avatar\/75d8b050df2de108b08ae78dfb8e374892df24a383c67db9c46a9c604f6aee9c?s=96&d=mm&r=g\",\"caption\":\"Reda\u00e7\u00e3o\"},\"sameAs\":[\"https:\/\/brasilnoticias.org\/site\"],\"url\":\"https:\/\/brasilnoticias.org\/site\/author\/fernandozsngmail-com\/\"}]}<\/script>\n<!-- \/ Yoast SEO plugin. -->","yoast_head_json":{"title":"Perdi m\u00e3e, irm\u00e3, padrasto e sobrinha, conta morador de S\u00e3o Sebasti\u00e3o - Brasil not\u00edcias","robots":{"index":"index","follow":"follow","max-snippet":"max-snippet:-1","max-image-preview":"max-image-preview:large","max-video-preview":"max-video-preview:-1"},"canonical":"https:\/\/brasilnoticias.org\/site\/perdi-mae-irma-padrasto-e-sobrinha-conta-morador-de-sao-sebastiao\/","og_locale":"pt_PT","og_type":"article","og_title":"Perdi m\u00e3e, irm\u00e3, padrasto e sobrinha, conta morador de S\u00e3o Sebasti\u00e3o - Brasil not\u00edcias","og_description":"&#8220;Aqui na casa estavam meu padrasto, minha m\u00e3e, minha irm\u00e3 e sobrinha, que um dia antes fez 9 anos&#8221;, relata","og_url":"https:\/\/brasilnoticias.org\/site\/perdi-mae-irma-padrasto-e-sobrinha-conta-morador-de-sao-sebastiao\/","og_site_name":"Brasil not\u00edcias","article_published_time":"2023-02-24T10:00:18+00:00","og_image":[{"width":1920,"height":1080,"url":"https:\/\/brasilnoticias.org\/site\/wp-content\/uploads\/2023\/02\/naom_63f4d91ba38ee.jpg","type":"image\/jpeg"}],"author":"Reda\u00e7\u00e3o","twitter_card":"summary_large_image","twitter_misc":{"Escrito por":"Reda\u00e7\u00e3o"},"schema":{"@context":"https:\/\/schema.org","@graph":[{"@type":"Article","@id":"https:\/\/brasilnoticias.org\/site\/perdi-mae-irma-padrasto-e-sobrinha-conta-morador-de-sao-sebastiao\/#article","isPartOf":{"@id":"https:\/\/brasilnoticias.org\/site\/perdi-mae-irma-padrasto-e-sobrinha-conta-morador-de-sao-sebastiao\/"},"author":{"name":"Reda\u00e7\u00e3o","@id":"https:\/\/brasilnoticias.org\/site\/#\/schema\/person\/a0e05b973ec4d15c658d51911e53507b"},"headline":"Perdi m\u00e3e, irm\u00e3, padrasto e sobrinha, conta morador de S\u00e3o Sebasti\u00e3o","datePublished":"2023-02-24T10:00:18+00:00","mainEntityOfPage":{"@id":"https:\/\/brasilnoticias.org\/site\/perdi-mae-irma-padrasto-e-sobrinha-conta-morador-de-sao-sebastiao\/"},"wordCount":497,"commentCount":0,"publisher":{"@id":"https:\/\/brasilnoticias.org\/site\/#organization"},"image":{"@id":"https:\/\/brasilnoticias.org\/site\/perdi-mae-irma-padrasto-e-sobrinha-conta-morador-de-sao-sebastiao\/#primaryimage"},"thumbnailUrl":"https:\/\/brasilnoticias.org\/site\/wp-content\/uploads\/2023\/02\/naom_63f4d91ba38ee.jpg","articleSection":["Not\u00edcias","\u00daltimas"],"inLanguage":"pt-PT","potentialAction":[{"@type":"CommentAction","name":"Comment","target":["https:\/\/brasilnoticias.org\/site\/perdi-mae-irma-padrasto-e-sobrinha-conta-morador-de-sao-sebastiao\/#respond"]}]},{"@type":"WebPage","@id":"https:\/\/brasilnoticias.org\/site\/perdi-mae-irma-padrasto-e-sobrinha-conta-morador-de-sao-sebastiao\/","url":"https:\/\/brasilnoticias.org\/site\/perdi-mae-irma-padrasto-e-sobrinha-conta-morador-de-sao-sebastiao\/","name":"Perdi m\u00e3e, irm\u00e3, padrasto e sobrinha, conta morador de S\u00e3o Sebasti\u00e3o - Brasil not\u00edcias","isPartOf":{"@id":"https:\/\/brasilnoticias.org\/site\/#website"},"primaryImageOfPage":{"@id":"https:\/\/brasilnoticias.org\/site\/perdi-mae-irma-padrasto-e-sobrinha-conta-morador-de-sao-sebastiao\/#primaryimage"},"image":{"@id":"https:\/\/brasilnoticias.org\/site\/perdi-mae-irma-padrasto-e-sobrinha-conta-morador-de-sao-sebastiao\/#primaryimage"},"thumbnailUrl":"https:\/\/brasilnoticias.org\/site\/wp-content\/uploads\/2023\/02\/naom_63f4d91ba38ee.jpg","datePublished":"2023-02-24T10:00:18+00:00","breadcrumb":{"@id":"https:\/\/brasilnoticias.org\/site\/perdi-mae-irma-padrasto-e-sobrinha-conta-morador-de-sao-sebastiao\/#breadcrumb"},"inLanguage":"pt-PT","potentialAction":[{"@type":"ReadAction","target":["https:\/\/brasilnoticias.org\/site\/perdi-mae-irma-padrasto-e-sobrinha-conta-morador-de-sao-sebastiao\/"]}]},{"@type":"ImageObject","inLanguage":"pt-PT","@id":"https:\/\/brasilnoticias.org\/site\/perdi-mae-irma-padrasto-e-sobrinha-conta-morador-de-sao-sebastiao\/#primaryimage","url":"https:\/\/brasilnoticias.org\/site\/wp-content\/uploads\/2023\/02\/naom_63f4d91ba38ee.jpg","contentUrl":"https:\/\/brasilnoticias.org\/site\/wp-content\/uploads\/2023\/02\/naom_63f4d91ba38ee.jpg","width":1920,"height":1080},{"@type":"BreadcrumbList","@id":"https:\/\/brasilnoticias.org\/site\/perdi-mae-irma-padrasto-e-sobrinha-conta-morador-de-sao-sebastiao\/#breadcrumb","itemListElement":[{"@type":"ListItem","position":1,"name":"In\u00edcio","item":"https:\/\/brasilnoticias.org\/site\/"},{"@type":"ListItem","position":2,"name":"Perdi m\u00e3e, irm\u00e3, padrasto e sobrinha, conta morador de S\u00e3o Sebasti\u00e3o"}]},{"@type":"WebSite","@id":"https:\/\/brasilnoticias.org\/site\/#website","url":"https:\/\/brasilnoticias.org\/site\/","name":"Brasil not\u00edcias","description":"Brasil not\u00edcias","publisher":{"@id":"https:\/\/brasilnoticias.org\/site\/#organization"},"potentialAction":[{"@type":"SearchAction","target":{"@type":"EntryPoint","urlTemplate":"https:\/\/brasilnoticias.org\/site\/?s={search_term_string}"},"query-input":{"@type":"PropertyValueSpecification","valueRequired":true,"valueName":"search_term_string"}}],"inLanguage":"pt-PT"},{"@type":"Organization","@id":"https:\/\/brasilnoticias.org\/site\/#organization","name":"Brasil not\u00edcias","url":"https:\/\/brasilnoticias.org\/site\/","logo":{"@type":"ImageObject","inLanguage":"pt-PT","@id":"https:\/\/brasilnoticias.org\/site\/#\/schema\/logo\/image\/","url":"https:\/\/brasilnoticias.org\/site\/wp-content\/uploads\/2022\/05\/cropped-brasilnoticias-mini.jpg","contentUrl":"https:\/\/brasilnoticias.org\/site\/wp-content\/uploads\/2022\/05\/cropped-brasilnoticias-mini.jpg","width":314,"height":86,"caption":"Brasil not\u00edcias"},"image":{"@id":"https:\/\/brasilnoticias.org\/site\/#\/schema\/logo\/image\/"}},{"@type":"Person","@id":"https:\/\/brasilnoticias.org\/site\/#\/schema\/person\/a0e05b973ec4d15c658d51911e53507b","name":"Reda\u00e7\u00e3o","image":{"@type":"ImageObject","inLanguage":"pt-PT","@id":"https:\/\/brasilnoticias.org\/site\/#\/schema\/person\/image\/","url":"https:\/\/secure.gravatar.com\/avatar\/75d8b050df2de108b08ae78dfb8e374892df24a383c67db9c46a9c604f6aee9c?s=96&d=mm&r=g","contentUrl":"https:\/\/secure.gravatar.com\/avatar\/75d8b050df2de108b08ae78dfb8e374892df24a383c67db9c46a9c604f6aee9c?s=96&d=mm&r=g","caption":"Reda\u00e7\u00e3o"},"sameAs":["https:\/\/brasilnoticias.org\/site"],"url":"https:\/\/brasilnoticias.org\/site\/author\/fernandozsngmail-com\/"}]}},"_links":{"self":[{"href":"https:\/\/brasilnoticias.org\/site\/wp-json\/wp\/v2\/posts\/4242","targetHints":{"allow":["GET"]}}],"collection":[{"href":"https:\/\/brasilnoticias.org\/site\/wp-json\/wp\/v2\/posts"}],"about":[{"href":"https:\/\/brasilnoticias.org\/site\/wp-json\/wp\/v2\/types\/post"}],"author":[{"embeddable":true,"href":"https:\/\/brasilnoticias.org\/site\/wp-json\/wp\/v2\/users\/1"}],"replies":[{"embeddable":true,"href":"https:\/\/brasilnoticias.org\/site\/wp-json\/wp\/v2\/comments?post=4242"}],"version-history":[{"count":1,"href":"https:\/\/brasilnoticias.org\/site\/wp-json\/wp\/v2\/posts\/4242\/revisions"}],"predecessor-version":[{"id":4244,"href":"https:\/\/brasilnoticias.org\/site\/wp-json\/wp\/v2\/posts\/4242\/revisions\/4244"}],"wp:featuredmedia":[{"embeddable":true,"href":"https:\/\/brasilnoticias.org\/site\/wp-json\/wp\/v2\/media\/4243"}],"wp:attachment":[{"href":"https:\/\/brasilnoticias.org\/site\/wp-json\/wp\/v2\/media?parent=4242"}],"wp:term":[{"taxonomy":"category","embeddable":true,"href":"https:\/\/brasilnoticias.org\/site\/wp-json\/wp\/v2\/categories?post=4242"},{"taxonomy":"post_tag","embeddable":true,"href":"https:\/\/brasilnoticias.org\/site\/wp-json\/wp\/v2\/tags?post=4242"}],"curies":[{"name":"wp","href":"https:\/\/api.w.org\/{rel}","templated":true}]}}