{"id":4284,"date":"2023-02-26T07:10:01","date_gmt":"2023-02-26T10:10:01","guid":{"rendered":"https:\/\/brasilnoticias.org\/site\/?p=4284"},"modified":"2023-02-25T22:31:24","modified_gmt":"2023-02-26T01:31:24","slug":"campinas-investiga-morte-de-3-bebes-apos-surto-de-diarreia-em-maternidade","status":"publish","type":"post","link":"https:\/\/brasilnoticias.org\/site\/campinas-investiga-morte-de-3-bebes-apos-surto-de-diarreia-em-maternidade\/","title":{"rendered":"Campinas investiga morte de 3 beb\u00eas ap\u00f3s surto de diarreia em maternidade"},"content":{"rendered":"<p>A Secretaria de Sa\u00fade de Campinas (SP) investiga a morte de tr\u00eas beb\u00eas que estavam internados na UTI neonatal do Hospital Maternidade, uma institui\u00e7\u00e3o filantr\u00f3pica respons\u00e1vel por 40% dos nascimentos do munic\u00edpio, com 60% dos atendimentos feitos pelo SUS.<\/p>\n<p>A causa das mortes est\u00e1 sendo investigada, mas, segundo nota da secretaria, pode ter rela\u00e7\u00e3o com um surto de diarreia ocorrido na maternidade entre os dias 6 e 9 de fevereiro, mas que j\u00e1 foi controlado. O estado de S\u00e3o Paulo tem registrado surtos de doen\u00e7as diarreicas desde o in\u00edcio do ano.<\/p>\n<p>Naquele per\u00edodo, 17 rec\u00e9m-nascidos internados na UCI (Unidade de Cuidados Intermedi\u00e1rios (UCI) foram contaminados, e dez precisaram de ir para a UTI neonatal. Desses, tr\u00eas morreram, oito tiveram alta, e o restante permanecia internado.<\/p>\n<p>Em nota \u00e0 imprensa, a maternidade refutou a informa\u00e7\u00e3o da secretaria de que as mortes estejam relacionadas ao surto de diarreia, diz que os casos est\u00e3o sendo investigados e que n\u00e3o pode dar informa\u00e7\u00f5es sobre os pacientes por uma quest\u00e3o de sigilo profissional.<\/p>\n<p>&#8220;Vale lembrar, no entanto, que a UTI Neonatal atende rec\u00e9m-nascidos a partir de 390 gramas, com malforma\u00e7\u00f5es e outras comorbidades, sendo refer\u00eancia para prematuridade extrema&#8221;, diz trecho do comunicado.<\/p>\n<p>No dia 16 de fevereiro, metade dos leitos de UTI neonatal da maternidade foi interditada pelo Departamento de Vigil\u00e2ncia em Sa\u00fade do munic\u00edpio devido ao n\u00famero insuficiente de profissionais para atendimento dos beb\u00eas.<\/p>\n<p>Segundo a secretaria, essa escassez gerou autos de infra\u00e7\u00e3o para a entidade desde o final de 2022. A maternidade est\u00e1 autorizada a funcionar com 20 leitos, mas, na \u00faltima quinta (23), havia 31 beb\u00eas na UTI neonatal, o que gerou mais uma autua\u00e7\u00e3o.<br \/>\nEm nota, a maternidade manifestou surpresa pela autua\u00e7\u00e3o, alegando que h\u00e1 superlota\u00e7\u00e3o de leitos porque o servi\u00e7o p\u00fablico (estado e munic\u00edpio) n\u00e3o teve a capacidade de transferir os rec\u00e9m-nascidos para outras unidades conveniadas ao SUS.<\/p>\n<p>&#8220;Sem a designa\u00e7\u00e3o do local pela Central de Regula\u00e7\u00e3o [do governo do estado, operacionalizada pela prefeitura de Campinas] para onde transferi-los, a maternidade n\u00e3o pode, simplesmente, remover os beb\u00eas de sua UTI ou dar alta para aqueles que seguem necessitando de tratamentos intensivos&#8221;, diz o comunicado.<\/p>\n<p>Diz tamb\u00e9m que entre 23 e 24 de fevereiro ocorreram duas altas, o que reduziria, em princ\u00edpio, o n\u00famero de beb\u00eas internados, mas que, ao mesmo tempo, atendeu duas emerg\u00eancias, cujos beb\u00eas necessitaram de vagas na UTI.<\/p>\n<p>&#8220;Por princ\u00edpio \u00e9tico, moral e legal, as gestantes e os beb\u00eas receberam todo o atendimento m\u00e9dico adequado e necess\u00e1rio aos rec\u00e9m-nascidos, prematuros, que precisaram ser internados na UTI, mesmo com o n\u00famero de leitos ocupados sendo superior ao determinado pela Vigil\u00e2ncia Sanit\u00e1ria.&#8221;<\/p>\n<p>A maternidade reconhece o n\u00famero reduzido de profissionais m\u00e9dicos horizontalistas (que fazem as visitas di\u00e1rias) e de profissionais fisioterapeutas para atender os 36 leitos da UTI. A institui\u00e7\u00e3o conta com cerca de 30 profissionais para uma escala de 240 plant\u00f5es mensais.<\/p>\n<p>A necessidade atual seria de mais dois m\u00e9dicos com especializa\u00e7\u00e3o em neonatologia para os plant\u00f5es di\u00e1rios na escala de horizontalistas \u2013hoje h\u00e1 dois m\u00e9dicos nessa fun\u00e7\u00e3o, com perman\u00eancia de apenas quatro horas.<\/p>\n<p>A dire\u00e7\u00e3o do hospital diz que &#8220;n\u00e3o h\u00e1 profissionais dispon\u00edveis no mercado e que a contrata\u00e7\u00e3o j\u00e1 estava e continua aberta aos interessados&#8221;. A institui\u00e7\u00e3o tamb\u00e9m enfrenta uma crise financeira grave e ingressou com pedido de recupera\u00e7\u00e3o judicial, que tramita na 10\u00aa Vara C\u00edvel de Campinas.<\/p>\n<p>Em comunicado nesta sexta (24), a Secretaria da Sa\u00fade diz que est\u00e1 em negocia\u00e7\u00e3o com a maternidade para manter o quantitativo de leitos necess\u00e1rios para garantir o acesso a todas as gestantes e seus beb\u00eas, ao mesmo tempo que monitora e avalia diariamente a situa\u00e7\u00e3o de assist\u00eancia das pacientes e das condi\u00e7\u00f5es sanit\u00e1rias<\/p>\n<p>Informa ainda que est\u00e1 transferindo para Caism (Centro de Aten\u00e7\u00e3o Integral \u00e0 Sa\u00fade da Mulher), da Unicamp, e para o hospital da PUC de Campinas as gestantes com risco de parto prematuro. Ao nascerem, os beb\u00eas j\u00e1 ficar\u00e3o internados nas UTIs desses hospitais.<\/p>\n<p>Ao todo, Campinas tem 35 leitos de UTI neonatal na Maternidade e no Hospital da PUC. Em 2022, pelo SUS Campinas, nasceram 7.458 crian\u00e7as.<\/p>\n<p>Segundo a secretaria, o n\u00famero de leitos \u00e9 suficiente para atender \u00e0s necessidades da popula\u00e7\u00e3o do munic\u00edpio, de acordo com a portaria ministerial que estabelece 2 leitos para cada 1.000 nascidos vivos e com a Sociedade Brasileira de Pediatria, que estabelece 4 leitos para cada 1.000 nascidos vivos.<\/p>\n<p>No entanto, a reforma nos leitos neonatais do Caism da Unicamp, iniciada desde o segundo semestre de 2021, tem sobrecarregado os leitos municipais, segundo a pasta.<br \/>\n&#8220;A Secretaria de Sa\u00fade de Campinas est\u00e1 em contato com a Secretaria de Estado [de Sa\u00fade] em busca de uma solu\u00e7\u00e3o, at\u00e9 o momento sem \u00eaxito&#8221; diz a nota.<\/p>\n<p>Not\u00edcias ao minuto<br \/>\nFoto iStock<\/p>\n","protected":false},"excerpt":{"rendered":"<p>A Secretaria de Sa\u00fade de Campinas (SP) investiga a morte de tr\u00eas beb\u00eas que estavam internados na UTI neonatal do<\/p>\n","protected":false},"author":1,"featured_media":4285,"comment_status":"open","ping_status":"open","sticky":false,"template":"","format":"standard","meta":{"colormag_page_container_layout":"default_layout","colormag_page_sidebar_layout":"default_layout","_FSMCFIC_featured_image_caption":"","_FSMCFIC_featured_image_nocaption":"","_FSMCFIC_featured_image_hide":"","footnotes":""},"categories":[2,1],"tags":[],"class_list":["post-4284","post","type-post","status-publish","format-standard","has-post-thumbnail","hentry","category-noticias","category-ultimas"],"yoast_head":"<!-- This site is optimized with the Yoast SEO plugin v27.1.1 - https:\/\/yoast.com\/product\/yoast-seo-wordpress\/ -->\n<title>Campinas investiga morte de 3 beb\u00eas ap\u00f3s surto de diarreia em maternidade - Brasil not\u00edcias<\/title>\n<meta name=\"robots\" content=\"index, follow, max-snippet:-1, max-image-preview:large, max-video-preview:-1\" \/>\n<link rel=\"canonical\" href=\"https:\/\/brasilnoticias.org\/site\/campinas-investiga-morte-de-3-bebes-apos-surto-de-diarreia-em-maternidade\/\" \/>\n<meta property=\"og:locale\" content=\"pt_PT\" \/>\n<meta property=\"og:type\" content=\"article\" \/>\n<meta property=\"og:title\" content=\"Campinas investiga morte de 3 beb\u00eas ap\u00f3s surto de diarreia em maternidade - Brasil not\u00edcias\" \/>\n<meta property=\"og:description\" content=\"A Secretaria de Sa\u00fade de Campinas (SP) investiga a morte de tr\u00eas beb\u00eas que estavam internados na UTI neonatal do\" \/>\n<meta property=\"og:url\" content=\"https:\/\/brasilnoticias.org\/site\/campinas-investiga-morte-de-3-bebes-apos-surto-de-diarreia-em-maternidade\/\" \/>\n<meta property=\"og:site_name\" content=\"Brasil not\u00edcias\" \/>\n<meta property=\"article:published_time\" content=\"2023-02-26T10:10:01+00:00\" \/>\n<meta property=\"og:image\" content=\"https:\/\/brasilnoticias.org\/site\/wp-content\/uploads\/2023\/02\/naom_5c2334c47d504.jpg\" \/>\n\t<meta property=\"og:image:width\" content=\"960\" \/>\n\t<meta property=\"og:image:height\" content=\"540\" \/>\n\t<meta property=\"og:image:type\" content=\"image\/jpeg\" \/>\n<meta name=\"author\" content=\"Reda\u00e7\u00e3o\" \/>\n<meta name=\"twitter:card\" content=\"summary_large_image\" \/>\n<meta name=\"twitter:label1\" content=\"Escrito por\" \/>\n\t<meta name=\"twitter:data1\" content=\"Reda\u00e7\u00e3o\" \/>\n<script type=\"application\/ld+json\" class=\"yoast-schema-graph\">{\"@context\":\"https:\/\/schema.org\",\"@graph\":[{\"@type\":\"Article\",\"@id\":\"https:\/\/brasilnoticias.org\/site\/campinas-investiga-morte-de-3-bebes-apos-surto-de-diarreia-em-maternidade\/#article\",\"isPartOf\":{\"@id\":\"https:\/\/brasilnoticias.org\/site\/campinas-investiga-morte-de-3-bebes-apos-surto-de-diarreia-em-maternidade\/\"},\"author\":{\"name\":\"Reda\u00e7\u00e3o\",\"@id\":\"https:\/\/brasilnoticias.org\/site\/#\/schema\/person\/a0e05b973ec4d15c658d51911e53507b\"},\"headline\":\"Campinas investiga morte de 3 beb\u00eas ap\u00f3s surto de diarreia em maternidade\",\"datePublished\":\"2023-02-26T10:10:01+00:00\",\"mainEntityOfPage\":{\"@id\":\"https:\/\/brasilnoticias.org\/site\/campinas-investiga-morte-de-3-bebes-apos-surto-de-diarreia-em-maternidade\/\"},\"wordCount\":860,\"commentCount\":0,\"publisher\":{\"@id\":\"https:\/\/brasilnoticias.org\/site\/#organization\"},\"image\":{\"@id\":\"https:\/\/brasilnoticias.org\/site\/campinas-investiga-morte-de-3-bebes-apos-surto-de-diarreia-em-maternidade\/#primaryimage\"},\"thumbnailUrl\":\"https:\/\/brasilnoticias.org\/site\/wp-content\/uploads\/2023\/02\/naom_5c2334c47d504.jpg\",\"articleSection\":[\"Not\u00edcias\",\"\u00daltimas\"],\"inLanguage\":\"pt-PT\",\"potentialAction\":[{\"@type\":\"CommentAction\",\"name\":\"Comment\",\"target\":[\"https:\/\/brasilnoticias.org\/site\/campinas-investiga-morte-de-3-bebes-apos-surto-de-diarreia-em-maternidade\/#respond\"]}]},{\"@type\":\"WebPage\",\"@id\":\"https:\/\/brasilnoticias.org\/site\/campinas-investiga-morte-de-3-bebes-apos-surto-de-diarreia-em-maternidade\/\",\"url\":\"https:\/\/brasilnoticias.org\/site\/campinas-investiga-morte-de-3-bebes-apos-surto-de-diarreia-em-maternidade\/\",\"name\":\"Campinas investiga morte de 3 beb\u00eas ap\u00f3s surto de diarreia em maternidade - Brasil not\u00edcias\",\"isPartOf\":{\"@id\":\"https:\/\/brasilnoticias.org\/site\/#website\"},\"primaryImageOfPage\":{\"@id\":\"https:\/\/brasilnoticias.org\/site\/campinas-investiga-morte-de-3-bebes-apos-surto-de-diarreia-em-maternidade\/#primaryimage\"},\"image\":{\"@id\":\"https:\/\/brasilnoticias.org\/site\/campinas-investiga-morte-de-3-bebes-apos-surto-de-diarreia-em-maternidade\/#primaryimage\"},\"thumbnailUrl\":\"https:\/\/brasilnoticias.org\/site\/wp-content\/uploads\/2023\/02\/naom_5c2334c47d504.jpg\",\"datePublished\":\"2023-02-26T10:10:01+00:00\",\"breadcrumb\":{\"@id\":\"https:\/\/brasilnoticias.org\/site\/campinas-investiga-morte-de-3-bebes-apos-surto-de-diarreia-em-maternidade\/#breadcrumb\"},\"inLanguage\":\"pt-PT\",\"potentialAction\":[{\"@type\":\"ReadAction\",\"target\":[\"https:\/\/brasilnoticias.org\/site\/campinas-investiga-morte-de-3-bebes-apos-surto-de-diarreia-em-maternidade\/\"]}]},{\"@type\":\"ImageObject\",\"inLanguage\":\"pt-PT\",\"@id\":\"https:\/\/brasilnoticias.org\/site\/campinas-investiga-morte-de-3-bebes-apos-surto-de-diarreia-em-maternidade\/#primaryimage\",\"url\":\"https:\/\/brasilnoticias.org\/site\/wp-content\/uploads\/2023\/02\/naom_5c2334c47d504.jpg\",\"contentUrl\":\"https:\/\/brasilnoticias.org\/site\/wp-content\/uploads\/2023\/02\/naom_5c2334c47d504.jpg\",\"width\":960,\"height\":540},{\"@type\":\"BreadcrumbList\",\"@id\":\"https:\/\/brasilnoticias.org\/site\/campinas-investiga-morte-de-3-bebes-apos-surto-de-diarreia-em-maternidade\/#breadcrumb\",\"itemListElement\":[{\"@type\":\"ListItem\",\"position\":1,\"name\":\"In\u00edcio\",\"item\":\"https:\/\/brasilnoticias.org\/site\/\"},{\"@type\":\"ListItem\",\"position\":2,\"name\":\"Campinas investiga morte de 3 beb\u00eas ap\u00f3s surto de diarreia em maternidade\"}]},{\"@type\":\"WebSite\",\"@id\":\"https:\/\/brasilnoticias.org\/site\/#website\",\"url\":\"https:\/\/brasilnoticias.org\/site\/\",\"name\":\"Brasil not\u00edcias\",\"description\":\"Brasil not\u00edcias\",\"publisher\":{\"@id\":\"https:\/\/brasilnoticias.org\/site\/#organization\"},\"potentialAction\":[{\"@type\":\"SearchAction\",\"target\":{\"@type\":\"EntryPoint\",\"urlTemplate\":\"https:\/\/brasilnoticias.org\/site\/?s={search_term_string}\"},\"query-input\":{\"@type\":\"PropertyValueSpecification\",\"valueRequired\":true,\"valueName\":\"search_term_string\"}}],\"inLanguage\":\"pt-PT\"},{\"@type\":\"Organization\",\"@id\":\"https:\/\/brasilnoticias.org\/site\/#organization\",\"name\":\"Brasil not\u00edcias\",\"url\":\"https:\/\/brasilnoticias.org\/site\/\",\"logo\":{\"@type\":\"ImageObject\",\"inLanguage\":\"pt-PT\",\"@id\":\"https:\/\/brasilnoticias.org\/site\/#\/schema\/logo\/image\/\",\"url\":\"https:\/\/brasilnoticias.org\/site\/wp-content\/uploads\/2022\/05\/cropped-brasilnoticias-mini.jpg\",\"contentUrl\":\"https:\/\/brasilnoticias.org\/site\/wp-content\/uploads\/2022\/05\/cropped-brasilnoticias-mini.jpg\",\"width\":314,\"height\":86,\"caption\":\"Brasil not\u00edcias\"},\"image\":{\"@id\":\"https:\/\/brasilnoticias.org\/site\/#\/schema\/logo\/image\/\"}},{\"@type\":\"Person\",\"@id\":\"https:\/\/brasilnoticias.org\/site\/#\/schema\/person\/a0e05b973ec4d15c658d51911e53507b\",\"name\":\"Reda\u00e7\u00e3o\",\"image\":{\"@type\":\"ImageObject\",\"inLanguage\":\"pt-PT\",\"@id\":\"https:\/\/brasilnoticias.org\/site\/#\/schema\/person\/image\/\",\"url\":\"https:\/\/secure.gravatar.com\/avatar\/75d8b050df2de108b08ae78dfb8e374892df24a383c67db9c46a9c604f6aee9c?s=96&d=mm&r=g\",\"contentUrl\":\"https:\/\/secure.gravatar.com\/avatar\/75d8b050df2de108b08ae78dfb8e374892df24a383c67db9c46a9c604f6aee9c?s=96&d=mm&r=g\",\"caption\":\"Reda\u00e7\u00e3o\"},\"sameAs\":[\"https:\/\/brasilnoticias.org\/site\"],\"url\":\"https:\/\/brasilnoticias.org\/site\/author\/fernandozsngmail-com\/\"}]}<\/script>\n<!-- \/ Yoast SEO plugin. -->","yoast_head_json":{"title":"Campinas investiga morte de 3 beb\u00eas ap\u00f3s surto de diarreia em maternidade - Brasil not\u00edcias","robots":{"index":"index","follow":"follow","max-snippet":"max-snippet:-1","max-image-preview":"max-image-preview:large","max-video-preview":"max-video-preview:-1"},"canonical":"https:\/\/brasilnoticias.org\/site\/campinas-investiga-morte-de-3-bebes-apos-surto-de-diarreia-em-maternidade\/","og_locale":"pt_PT","og_type":"article","og_title":"Campinas investiga morte de 3 beb\u00eas ap\u00f3s surto de diarreia em maternidade - Brasil not\u00edcias","og_description":"A Secretaria de Sa\u00fade de Campinas (SP) investiga a morte de tr\u00eas beb\u00eas que estavam internados na UTI neonatal do","og_url":"https:\/\/brasilnoticias.org\/site\/campinas-investiga-morte-de-3-bebes-apos-surto-de-diarreia-em-maternidade\/","og_site_name":"Brasil not\u00edcias","article_published_time":"2023-02-26T10:10:01+00:00","og_image":[{"width":960,"height":540,"url":"https:\/\/brasilnoticias.org\/site\/wp-content\/uploads\/2023\/02\/naom_5c2334c47d504.jpg","type":"image\/jpeg"}],"author":"Reda\u00e7\u00e3o","twitter_card":"summary_large_image","twitter_misc":{"Escrito por":"Reda\u00e7\u00e3o"},"schema":{"@context":"https:\/\/schema.org","@graph":[{"@type":"Article","@id":"https:\/\/brasilnoticias.org\/site\/campinas-investiga-morte-de-3-bebes-apos-surto-de-diarreia-em-maternidade\/#article","isPartOf":{"@id":"https:\/\/brasilnoticias.org\/site\/campinas-investiga-morte-de-3-bebes-apos-surto-de-diarreia-em-maternidade\/"},"author":{"name":"Reda\u00e7\u00e3o","@id":"https:\/\/brasilnoticias.org\/site\/#\/schema\/person\/a0e05b973ec4d15c658d51911e53507b"},"headline":"Campinas investiga morte de 3 beb\u00eas ap\u00f3s surto de diarreia em maternidade","datePublished":"2023-02-26T10:10:01+00:00","mainEntityOfPage":{"@id":"https:\/\/brasilnoticias.org\/site\/campinas-investiga-morte-de-3-bebes-apos-surto-de-diarreia-em-maternidade\/"},"wordCount":860,"commentCount":0,"publisher":{"@id":"https:\/\/brasilnoticias.org\/site\/#organization"},"image":{"@id":"https:\/\/brasilnoticias.org\/site\/campinas-investiga-morte-de-3-bebes-apos-surto-de-diarreia-em-maternidade\/#primaryimage"},"thumbnailUrl":"https:\/\/brasilnoticias.org\/site\/wp-content\/uploads\/2023\/02\/naom_5c2334c47d504.jpg","articleSection":["Not\u00edcias","\u00daltimas"],"inLanguage":"pt-PT","potentialAction":[{"@type":"CommentAction","name":"Comment","target":["https:\/\/brasilnoticias.org\/site\/campinas-investiga-morte-de-3-bebes-apos-surto-de-diarreia-em-maternidade\/#respond"]}]},{"@type":"WebPage","@id":"https:\/\/brasilnoticias.org\/site\/campinas-investiga-morte-de-3-bebes-apos-surto-de-diarreia-em-maternidade\/","url":"https:\/\/brasilnoticias.org\/site\/campinas-investiga-morte-de-3-bebes-apos-surto-de-diarreia-em-maternidade\/","name":"Campinas investiga morte de 3 beb\u00eas ap\u00f3s surto de diarreia em maternidade - Brasil not\u00edcias","isPartOf":{"@id":"https:\/\/brasilnoticias.org\/site\/#website"},"primaryImageOfPage":{"@id":"https:\/\/brasilnoticias.org\/site\/campinas-investiga-morte-de-3-bebes-apos-surto-de-diarreia-em-maternidade\/#primaryimage"},"image":{"@id":"https:\/\/brasilnoticias.org\/site\/campinas-investiga-morte-de-3-bebes-apos-surto-de-diarreia-em-maternidade\/#primaryimage"},"thumbnailUrl":"https:\/\/brasilnoticias.org\/site\/wp-content\/uploads\/2023\/02\/naom_5c2334c47d504.jpg","datePublished":"2023-02-26T10:10:01+00:00","breadcrumb":{"@id":"https:\/\/brasilnoticias.org\/site\/campinas-investiga-morte-de-3-bebes-apos-surto-de-diarreia-em-maternidade\/#breadcrumb"},"inLanguage":"pt-PT","potentialAction":[{"@type":"ReadAction","target":["https:\/\/brasilnoticias.org\/site\/campinas-investiga-morte-de-3-bebes-apos-surto-de-diarreia-em-maternidade\/"]}]},{"@type":"ImageObject","inLanguage":"pt-PT","@id":"https:\/\/brasilnoticias.org\/site\/campinas-investiga-morte-de-3-bebes-apos-surto-de-diarreia-em-maternidade\/#primaryimage","url":"https:\/\/brasilnoticias.org\/site\/wp-content\/uploads\/2023\/02\/naom_5c2334c47d504.jpg","contentUrl":"https:\/\/brasilnoticias.org\/site\/wp-content\/uploads\/2023\/02\/naom_5c2334c47d504.jpg","width":960,"height":540},{"@type":"BreadcrumbList","@id":"https:\/\/brasilnoticias.org\/site\/campinas-investiga-morte-de-3-bebes-apos-surto-de-diarreia-em-maternidade\/#breadcrumb","itemListElement":[{"@type":"ListItem","position":1,"name":"In\u00edcio","item":"https:\/\/brasilnoticias.org\/site\/"},{"@type":"ListItem","position":2,"name":"Campinas investiga morte de 3 beb\u00eas ap\u00f3s surto de diarreia em maternidade"}]},{"@type":"WebSite","@id":"https:\/\/brasilnoticias.org\/site\/#website","url":"https:\/\/brasilnoticias.org\/site\/","name":"Brasil not\u00edcias","description":"Brasil not\u00edcias","publisher":{"@id":"https:\/\/brasilnoticias.org\/site\/#organization"},"potentialAction":[{"@type":"SearchAction","target":{"@type":"EntryPoint","urlTemplate":"https:\/\/brasilnoticias.org\/site\/?s={search_term_string}"},"query-input":{"@type":"PropertyValueSpecification","valueRequired":true,"valueName":"search_term_string"}}],"inLanguage":"pt-PT"},{"@type":"Organization","@id":"https:\/\/brasilnoticias.org\/site\/#organization","name":"Brasil not\u00edcias","url":"https:\/\/brasilnoticias.org\/site\/","logo":{"@type":"ImageObject","inLanguage":"pt-PT","@id":"https:\/\/brasilnoticias.org\/site\/#\/schema\/logo\/image\/","url":"https:\/\/brasilnoticias.org\/site\/wp-content\/uploads\/2022\/05\/cropped-brasilnoticias-mini.jpg","contentUrl":"https:\/\/brasilnoticias.org\/site\/wp-content\/uploads\/2022\/05\/cropped-brasilnoticias-mini.jpg","width":314,"height":86,"caption":"Brasil not\u00edcias"},"image":{"@id":"https:\/\/brasilnoticias.org\/site\/#\/schema\/logo\/image\/"}},{"@type":"Person","@id":"https:\/\/brasilnoticias.org\/site\/#\/schema\/person\/a0e05b973ec4d15c658d51911e53507b","name":"Reda\u00e7\u00e3o","image":{"@type":"ImageObject","inLanguage":"pt-PT","@id":"https:\/\/brasilnoticias.org\/site\/#\/schema\/person\/image\/","url":"https:\/\/secure.gravatar.com\/avatar\/75d8b050df2de108b08ae78dfb8e374892df24a383c67db9c46a9c604f6aee9c?s=96&d=mm&r=g","contentUrl":"https:\/\/secure.gravatar.com\/avatar\/75d8b050df2de108b08ae78dfb8e374892df24a383c67db9c46a9c604f6aee9c?s=96&d=mm&r=g","caption":"Reda\u00e7\u00e3o"},"sameAs":["https:\/\/brasilnoticias.org\/site"],"url":"https:\/\/brasilnoticias.org\/site\/author\/fernandozsngmail-com\/"}]}},"_links":{"self":[{"href":"https:\/\/brasilnoticias.org\/site\/wp-json\/wp\/v2\/posts\/4284","targetHints":{"allow":["GET"]}}],"collection":[{"href":"https:\/\/brasilnoticias.org\/site\/wp-json\/wp\/v2\/posts"}],"about":[{"href":"https:\/\/brasilnoticias.org\/site\/wp-json\/wp\/v2\/types\/post"}],"author":[{"embeddable":true,"href":"https:\/\/brasilnoticias.org\/site\/wp-json\/wp\/v2\/users\/1"}],"replies":[{"embeddable":true,"href":"https:\/\/brasilnoticias.org\/site\/wp-json\/wp\/v2\/comments?post=4284"}],"version-history":[{"count":1,"href":"https:\/\/brasilnoticias.org\/site\/wp-json\/wp\/v2\/posts\/4284\/revisions"}],"predecessor-version":[{"id":4286,"href":"https:\/\/brasilnoticias.org\/site\/wp-json\/wp\/v2\/posts\/4284\/revisions\/4286"}],"wp:featuredmedia":[{"embeddable":true,"href":"https:\/\/brasilnoticias.org\/site\/wp-json\/wp\/v2\/media\/4285"}],"wp:attachment":[{"href":"https:\/\/brasilnoticias.org\/site\/wp-json\/wp\/v2\/media?parent=4284"}],"wp:term":[{"taxonomy":"category","embeddable":true,"href":"https:\/\/brasilnoticias.org\/site\/wp-json\/wp\/v2\/categories?post=4284"},{"taxonomy":"post_tag","embeddable":true,"href":"https:\/\/brasilnoticias.org\/site\/wp-json\/wp\/v2\/tags?post=4284"}],"curies":[{"name":"wp","href":"https:\/\/api.w.org\/{rel}","templated":true}]}}